{"id":196722,"date":"2021-06-14T20:41:14","date_gmt":"2021-06-14T18:41:14","guid":{"rendered":"https:\/\/highxtar.com\/?p=196722"},"modified":"2021-06-14T20:43:04","modified_gmt":"2021-06-14T18:43:04","slug":"ferrari-unveils-its-first-fashion-collection","status":"publish","type":"post","link":"https:\/\/highxtar.com\/en\/ferrari-unveils-its-first-fashion-collection\/","title":{"rendered":"Ferrari unveils its first fashion collection"},"content":{"rendered":"<p><strong>Ferrari has once again demonstrated how the link between fashion and the luxury automotive sector is in full swing. On Sunday, it staged a fashion show to present its first fashion collection designed by the brand&#8217;s creative director of diversification, Rocco Iannone.<\/strong><\/p>\n<p><img decoding=\"async\" class=\"aligncenter wp-image-196705 size-full\" src=\"https:\/\/highxtar.com\/wp-content\/uploads\/2021\/06\/highxtar-ferrari-primera-coleccion-moda-14.jpg\" alt=\"Ferrari\" width=\"1920\" height=\"1080\" srcset=\"https:\/\/highxtar.com\/wp-content\/uploads\/2021\/06\/highxtar-ferrari-primera-coleccion-moda-14.jpg 1920w, https:\/\/highxtar.com\/wp-content\/uploads\/2021\/06\/highxtar-ferrari-primera-coleccion-moda-14-300x169.jpg 300w, https:\/\/highxtar.com\/wp-content\/uploads\/2021\/06\/highxtar-ferrari-primera-coleccion-moda-14-1024x576.jpg 1024w, https:\/\/highxtar.com\/wp-content\/uploads\/2021\/06\/highxtar-ferrari-primera-coleccion-moda-14-768x432.jpg 768w, https:\/\/highxtar.com\/wp-content\/uploads\/2021\/06\/highxtar-ferrari-primera-coleccion-moda-14-1536x864.jpg 1536w, https:\/\/highxtar.com\/wp-content\/uploads\/2021\/06\/highxtar-ferrari-primera-coleccion-moda-14-973x547.jpg 973w, https:\/\/highxtar.com\/wp-content\/uploads\/2021\/06\/highxtar-ferrari-primera-coleccion-moda-14-508x286.jpg 508w\" sizes=\"(max-width: 1920px) 100vw, 1920px\" \/><\/p>\n<p>Among the objectives of this immersion in fashion were to offer alternatives to the <a href=\"https:\/\/highxtar.com\/shaquille-oneals-ferrari-f355-at-auction\/?lang=en\" target=\"_blank\" rel=\"noopener\"><strong>car company<\/strong><\/a>&#8216;s fandom, as well as to create a new potential group of customers among new generations.<\/p>\n<p>The <strong>Ferrari identity and aesthetics<\/strong> envelop the pieces of this futuristic proposal that is close to <strong>haute couture<\/strong>, with its <strong>technical materials<\/strong> and <strong>manual craftsmanship<\/strong>.<\/p>\n<p><img decoding=\"async\" class=\"aligncenter wp-image-196695 size-full\" src=\"https:\/\/highxtar.com\/wp-content\/uploads\/2021\/06\/highxtar-ferrari-primera-coleccion-moda-9.jpg\" alt=\"Ferrari\" width=\"1280\" height=\"853\" srcset=\"https:\/\/highxtar.com\/wp-content\/uploads\/2021\/06\/highxtar-ferrari-primera-coleccion-moda-9.jpg 1280w, https:\/\/highxtar.com\/wp-content\/uploads\/2021\/06\/highxtar-ferrari-primera-coleccion-moda-9-300x200.jpg 300w, https:\/\/highxtar.com\/wp-content\/uploads\/2021\/06\/highxtar-ferrari-primera-coleccion-moda-9-1024x682.jpg 1024w, https:\/\/highxtar.com\/wp-content\/uploads\/2021\/06\/highxtar-ferrari-primera-coleccion-moda-9-768x512.jpg 768w, https:\/\/highxtar.com\/wp-content\/uploads\/2021\/06\/highxtar-ferrari-primera-coleccion-moda-9-973x648.jpg 973w, https:\/\/highxtar.com\/wp-content\/uploads\/2021\/06\/highxtar-ferrari-primera-coleccion-moda-9-508x339.jpg 508w\" sizes=\"(max-width: 1280px) 100vw, 1280px\" \/><\/p>\n<p>The catwalk was staged on the<strong> Ferrari assembly line<\/strong> at its skiing headquarters, amidst a sculptural backdrop and impressive show. In the background, the soundtrack conceived by <strong>Fr\u00e9d\u00e9ric S\u00e1nchez<\/strong> played and special lighting effects were projected to convey the<strong> idea of speed<\/strong>.<\/p>\n<h5><strong>INSIDE THE COLLECTION<\/strong><\/h5>\n<p>The <strong>timeless collection<\/strong> could be worn by any gender and body through a concept of silhouettes inspired by the <strong>anatomy<\/strong>, and a work with proportions, geometries and volumes.<\/p>\n<p>In the textile series, we find <strong>outerwear<\/strong> such as anoraks with hoods and openings or red parkas made from<strong> recycled plastic bottles<\/strong>. In fact, <strong>sustainability<\/strong> is a key concept in this collection. Silk twill blouses and bermuda shorts also coexist with patchworks of <strong>Ferrari archive images<\/strong> and magazine covers from the 40s and 60s.<\/p>\n<div id='gallery-1' class='gallery galleryid-196722 gallery-columns-2 gallery-size-full'><figure class='gallery-item'>\n\t\t\t<div class='gallery-icon portrait'>\n\t\t\t\t<img decoding=\"async\" width=\"780\" height=\"1170\" src=\"https:\/\/highxtar.com\/wp-content\/uploads\/2021\/06\/highxtar-ferrari-primera-coleccion-moda-3.jpg\" class=\"attachment-full size-full\" alt=\"Ferrari\" srcset=\"https:\/\/highxtar.com\/wp-content\/uploads\/2021\/06\/highxtar-ferrari-primera-coleccion-moda-3.jpg 780w, https:\/\/highxtar.com\/wp-content\/uploads\/2021\/06\/highxtar-ferrari-primera-coleccion-moda-3-200x300.jpg 200w, https:\/\/highxtar.com\/wp-content\/uploads\/2021\/06\/highxtar-ferrari-primera-coleccion-moda-3-683x1024.jpg 683w, https:\/\/highxtar.com\/wp-content\/uploads\/2021\/06\/highxtar-ferrari-primera-coleccion-moda-3-768x1152.jpg 768w, https:\/\/highxtar.com\/wp-content\/uploads\/2021\/06\/highxtar-ferrari-primera-coleccion-moda-3-508x762.jpg 508w\" sizes=\"(max-width: 780px) 100vw, 780px\" \/>\n\t\t\t<\/div><\/figure><figure class='gallery-item'>\n\t\t\t<div class='gallery-icon portrait'>\n\t\t\t\t<img decoding=\"async\" width=\"785\" height=\"1178\" src=\"https:\/\/highxtar.com\/wp-content\/uploads\/2021\/06\/highxtar-ferrari-primera-coleccion-moda-13.jpg\" class=\"attachment-full size-full\" alt=\"Ferrari colecci\u00f3n moda\" srcset=\"https:\/\/highxtar.com\/wp-content\/uploads\/2021\/06\/highxtar-ferrari-primera-coleccion-moda-13.jpg 785w, https:\/\/highxtar.com\/wp-content\/uploads\/2021\/06\/highxtar-ferrari-primera-coleccion-moda-13-200x300.jpg 200w, https:\/\/highxtar.com\/wp-content\/uploads\/2021\/06\/highxtar-ferrari-primera-coleccion-moda-13-682x1024.jpg 682w, https:\/\/highxtar.com\/wp-content\/uploads\/2021\/06\/highxtar-ferrari-primera-coleccion-moda-13-768x1152.jpg 768w, https:\/\/highxtar.com\/wp-content\/uploads\/2021\/06\/highxtar-ferrari-primera-coleccion-moda-13-508x762.jpg 508w\" sizes=\"(max-width: 785px) 100vw, 785px\" \/>\n\t\t\t<\/div><\/figure><figure class='gallery-item'>\n\t\t\t<div class='gallery-icon portrait'>\n\t\t\t\t<img decoding=\"async\" width=\"757\" height=\"1136\" src=\"https:\/\/highxtar.com\/wp-content\/uploads\/2021\/06\/highxtar-ferrari-primera-coleccion-moda-12.jpg\" class=\"attachment-full size-full\" alt=\"Ferrari colecci\u00f3n moda\" srcset=\"https:\/\/highxtar.com\/wp-content\/uploads\/2021\/06\/highxtar-ferrari-primera-coleccion-moda-12.jpg 757w, https:\/\/highxtar.com\/wp-content\/uploads\/2021\/06\/highxtar-ferrari-primera-coleccion-moda-12-200x300.jpg 200w, https:\/\/highxtar.com\/wp-content\/uploads\/2021\/06\/highxtar-ferrari-primera-coleccion-moda-12-682x1024.jpg 682w, https:\/\/highxtar.com\/wp-content\/uploads\/2021\/06\/highxtar-ferrari-primera-coleccion-moda-12-508x762.jpg 508w\" sizes=\"(max-width: 757px) 100vw, 757px\" \/>\n\t\t\t<\/div><\/figure><figure class='gallery-item'>\n\t\t\t<div class='gallery-icon portrait'>\n\t\t\t\t<img decoding=\"async\" width=\"769\" height=\"1154\" src=\"https:\/\/highxtar.com\/wp-content\/uploads\/2021\/06\/highxtar-ferrari-primera-coleccion-moda-11.jpg\" class=\"attachment-full size-full\" alt=\"Ferrari colecci\u00f3n moda\" srcset=\"https:\/\/highxtar.com\/wp-content\/uploads\/2021\/06\/highxtar-ferrari-primera-coleccion-moda-11.jpg 769w, https:\/\/highxtar.com\/wp-content\/uploads\/2021\/06\/highxtar-ferrari-primera-coleccion-moda-11-200x300.jpg 200w, https:\/\/highxtar.com\/wp-content\/uploads\/2021\/06\/highxtar-ferrari-primera-coleccion-moda-11-682x1024.jpg 682w, https:\/\/highxtar.com\/wp-content\/uploads\/2021\/06\/highxtar-ferrari-primera-coleccion-moda-11-768x1152.jpg 768w, https:\/\/highxtar.com\/wp-content\/uploads\/2021\/06\/highxtar-ferrari-primera-coleccion-moda-11-508x762.jpg 508w\" sizes=\"(max-width: 769px) 100vw, 769px\" \/>\n\t\t\t<\/div><\/figure><figure class='gallery-item'>\n\t\t\t<div class='gallery-icon portrait'>\n\t\t\t\t<img decoding=\"async\" width=\"679\" height=\"1019\" src=\"https:\/\/highxtar.com\/wp-content\/uploads\/2021\/06\/highxtar-ferrari-primera-coleccion-moda-10.jpg\" class=\"attachment-full size-full\" alt=\"Ferrari\" srcset=\"https:\/\/highxtar.com\/wp-content\/uploads\/2021\/06\/highxtar-ferrari-primera-coleccion-moda-10.jpg 679w, https:\/\/highxtar.com\/wp-content\/uploads\/2021\/06\/highxtar-ferrari-primera-coleccion-moda-10-200x300.jpg 200w, https:\/\/highxtar.com\/wp-content\/uploads\/2021\/06\/highxtar-ferrari-primera-coleccion-moda-10-508x762.jpg 508w\" sizes=\"(max-width: 679px) 100vw, 679px\" \/>\n\t\t\t<\/div><\/figure><figure class='gallery-item'>\n\t\t\t<div class='gallery-icon portrait'>\n\t\t\t\t<img decoding=\"async\" width=\"854\" height=\"1281\" src=\"https:\/\/highxtar.com\/wp-content\/uploads\/2021\/06\/highxtar-ferrari-primera-coleccion-moda-8.jpg\" class=\"attachment-full size-full\" alt=\"Ferrari\" srcset=\"https:\/\/highxtar.com\/wp-content\/uploads\/2021\/06\/highxtar-ferrari-primera-coleccion-moda-8.jpg 854w, https:\/\/highxtar.com\/wp-content\/uploads\/2021\/06\/highxtar-ferrari-primera-coleccion-moda-8-200x300.jpg 200w, https:\/\/highxtar.com\/wp-content\/uploads\/2021\/06\/highxtar-ferrari-primera-coleccion-moda-8-683x1024.jpg 683w, https:\/\/highxtar.com\/wp-content\/uploads\/2021\/06\/highxtar-ferrari-primera-coleccion-moda-8-768x1152.jpg 768w, https:\/\/highxtar.com\/wp-content\/uploads\/2021\/06\/highxtar-ferrari-primera-coleccion-moda-8-508x762.jpg 508w\" sizes=\"(max-width: 854px) 100vw, 854px\" \/>\n\t\t\t<\/div><\/figure><figure class='gallery-item'>\n\t\t\t<div class='gallery-icon portrait'>\n\t\t\t\t<img decoding=\"async\" width=\"839\" height=\"1258\" src=\"https:\/\/highxtar.com\/wp-content\/uploads\/2021\/06\/highxtar-ferrari-primera-coleccion-moda-7.jpg\" class=\"attachment-full size-full\" alt=\"Ferrari\" srcset=\"https:\/\/highxtar.com\/wp-content\/uploads\/2021\/06\/highxtar-ferrari-primera-coleccion-moda-7.jpg 839w, https:\/\/highxtar.com\/wp-content\/uploads\/2021\/06\/highxtar-ferrari-primera-coleccion-moda-7-200x300.jpg 200w, https:\/\/highxtar.com\/wp-content\/uploads\/2021\/06\/highxtar-ferrari-primera-coleccion-moda-7-683x1024.jpg 683w, https:\/\/highxtar.com\/wp-content\/uploads\/2021\/06\/highxtar-ferrari-primera-coleccion-moda-7-768x1152.jpg 768w, https:\/\/highxtar.com\/wp-content\/uploads\/2021\/06\/highxtar-ferrari-primera-coleccion-moda-7-508x762.jpg 508w\" sizes=\"(max-width: 839px) 100vw, 839px\" \/>\n\t\t\t<\/div><\/figure><figure class='gallery-item'>\n\t\t\t<div class='gallery-icon portrait'>\n\t\t\t\t<img decoding=\"async\" width=\"785\" height=\"1178\" src=\"https:\/\/highxtar.com\/wp-content\/uploads\/2021\/06\/highxtar-ferrari-primera-coleccion-moda-6.jpg\" class=\"attachment-full size-full\" alt=\"Ferrari\" srcset=\"https:\/\/highxtar.com\/wp-content\/uploads\/2021\/06\/highxtar-ferrari-primera-coleccion-moda-6.jpg 785w, https:\/\/highxtar.com\/wp-content\/uploads\/2021\/06\/highxtar-ferrari-primera-coleccion-moda-6-200x300.jpg 200w, https:\/\/highxtar.com\/wp-content\/uploads\/2021\/06\/highxtar-ferrari-primera-coleccion-moda-6-682x1024.jpg 682w, https:\/\/highxtar.com\/wp-content\/uploads\/2021\/06\/highxtar-ferrari-primera-coleccion-moda-6-768x1152.jpg 768w, https:\/\/highxtar.com\/wp-content\/uploads\/2021\/06\/highxtar-ferrari-primera-coleccion-moda-6-508x762.jpg 508w\" sizes=\"(max-width: 785px) 100vw, 785px\" \/>\n\t\t\t<\/div><\/figure><figure class='gallery-item'>\n\t\t\t<div class='gallery-icon portrait'>\n\t\t\t\t<img decoding=\"async\" width=\"710\" height=\"1064\" src=\"https:\/\/highxtar.com\/wp-content\/uploads\/2021\/06\/highxtar-ferrari-primera-coleccion-moda-5.jpg\" class=\"attachment-full size-full\" alt=\"Ferrari\" srcset=\"https:\/\/highxtar.com\/wp-content\/uploads\/2021\/06\/highxtar-ferrari-primera-coleccion-moda-5.jpg 710w, https:\/\/highxtar.com\/wp-content\/uploads\/2021\/06\/highxtar-ferrari-primera-coleccion-moda-5-200x300.jpg 200w, https:\/\/highxtar.com\/wp-content\/uploads\/2021\/06\/highxtar-ferrari-primera-coleccion-moda-5-683x1024.jpg 683w, https:\/\/highxtar.com\/wp-content\/uploads\/2021\/06\/highxtar-ferrari-primera-coleccion-moda-5-508x761.jpg 508w\" sizes=\"(max-width: 710px) 100vw, 710px\" \/>\n\t\t\t<\/div><\/figure><figure class='gallery-item'>\n\t\t\t<div class='gallery-icon portrait'>\n\t\t\t\t<img decoding=\"async\" width=\"960\" height=\"1440\" src=\"https:\/\/highxtar.com\/wp-content\/uploads\/2021\/06\/highxtar-ferrari-primera-coleccion-moda-1.jpg\" class=\"attachment-full size-full\" alt=\"Ferrari\" srcset=\"https:\/\/highxtar.com\/wp-content\/uploads\/2021\/06\/highxtar-ferrari-primera-coleccion-moda-1.jpg 960w, https:\/\/highxtar.com\/wp-content\/uploads\/2021\/06\/highxtar-ferrari-primera-coleccion-moda-1-200x300.jpg 200w, https:\/\/highxtar.com\/wp-content\/uploads\/2021\/06\/highxtar-ferrari-primera-coleccion-moda-1-683x1024.jpg 683w, https:\/\/highxtar.com\/wp-content\/uploads\/2021\/06\/highxtar-ferrari-primera-coleccion-moda-1-768x1152.jpg 768w, https:\/\/highxtar.com\/wp-content\/uploads\/2021\/06\/highxtar-ferrari-primera-coleccion-moda-1-508x762.jpg 508w\" sizes=\"(max-width: 960px) 100vw, 960px\" \/>\n\t\t\t<\/div><\/figure><figure class='gallery-item'>\n\t\t\t<div class='gallery-icon portrait'>\n\t\t\t\t<img decoding=\"async\" width=\"742\" height=\"1113\" src=\"https:\/\/highxtar.com\/wp-content\/uploads\/2021\/06\/highxtar-ferrari-primera-coleccion-moda-4.jpg\" class=\"attachment-full size-full\" alt=\"Ferrari\" srcset=\"https:\/\/highxtar.com\/wp-content\/uploads\/2021\/06\/highxtar-ferrari-primera-coleccion-moda-4.jpg 742w, https:\/\/highxtar.com\/wp-content\/uploads\/2021\/06\/highxtar-ferrari-primera-coleccion-moda-4-200x300.jpg 200w, https:\/\/highxtar.com\/wp-content\/uploads\/2021\/06\/highxtar-ferrari-primera-coleccion-moda-4-683x1024.jpg 683w, https:\/\/highxtar.com\/wp-content\/uploads\/2021\/06\/highxtar-ferrari-primera-coleccion-moda-4-508x762.jpg 508w\" sizes=\"(max-width: 742px) 100vw, 742px\" \/>\n\t\t\t<\/div><\/figure><figure class='gallery-item'>\n\t\t\t<div class='gallery-icon portrait'>\n\t\t\t\t<img decoding=\"async\" width=\"960\" height=\"1440\" src=\"https:\/\/highxtar.com\/wp-content\/uploads\/2021\/06\/highxtar-ferrari-primera-coleccion-moda-2.jpg\" class=\"attachment-full size-full\" alt=\"Ferrari\" srcset=\"https:\/\/highxtar.com\/wp-content\/uploads\/2021\/06\/highxtar-ferrari-primera-coleccion-moda-2.jpg 960w, https:\/\/highxtar.com\/wp-content\/uploads\/2021\/06\/highxtar-ferrari-primera-coleccion-moda-2-200x300.jpg 200w, https:\/\/highxtar.com\/wp-content\/uploads\/2021\/06\/highxtar-ferrari-primera-coleccion-moda-2-683x1024.jpg 683w, https:\/\/highxtar.com\/wp-content\/uploads\/2021\/06\/highxtar-ferrari-primera-coleccion-moda-2-768x1152.jpg 768w, https:\/\/highxtar.com\/wp-content\/uploads\/2021\/06\/highxtar-ferrari-primera-coleccion-moda-2-508x762.jpg 508w\" sizes=\"(max-width: 960px) 100vw, 960px\" \/>\n\t\t\t<\/div><\/figure>\n\t\t<\/div>\n\n<p><strong>Iannone<\/strong> also played with <strong>reflective and iridescent elements<\/strong>, all bathed in Ferrari&#8217;s color palette. The new exclusive trainers as part of the firm&#8217;s license with <strong>Puma<\/strong> and the new <strong>Ray-Ban<\/strong> models were unveiled and closed the show.<\/p>\n<p><strong>Formula 1<\/strong> was thus mixed with &#8220;high fashion&#8221; in this debut <a href=\"https:\/\/www.ferrari.com\/es-ES\" target=\"_blank\" rel=\"noopener\"><strong>Ferrari<\/strong><\/a> collection, now in its most experimental version.<\/p>\n","protected":false},"excerpt":{"rendered":"<p>Ferrari presents its first fashion collection designed by the brand&#8217;s creative director of diversification, Rocco Iannone.<\/p>\n","protected":false},"author":2,"featured_media":196719,"comment_status":"closed","ping_status":"closed","sticky":false,"template":"","format":"standard","meta":{"_acf_changed":false,"footnotes":""},"categories":[603],"tags":[616],"class_list":["post-196722","post","type-post","status-publish","format-standard","has-post-thumbnail","hentry","category-fashion-en","tag-laura-perez-en"],"acf":[],"yoast_head":"<!-- This site is optimized with the Yoast SEO Premium plugin  - https:\/\/yoast.com\/product\/yoast-seo-premium-wordpress\/ -->\n<title>Ferrari unveils its first fashion collection - HIGHXTAR.<\/title>\n<meta name=\"description\" content=\"Ferrari presents its first fashion collection designed by the brand&#039;s creative director of diversification, Rocco Iannone.\" \/>\n<meta name=\"robots\" content=\"index, follow, max-snippet:-1, max-image-preview:large, max-video-preview:-1\" \/>\n<link rel=\"canonical\" href=\"https:\/\/highxtar.com\/en\/ferrari-unveils-its-first-fashion-collection\/\" \/>\n<meta property=\"og:locale\" content=\"en_US\" \/>\n<meta property=\"og:type\" content=\"article\" \/>\n<meta property=\"og:title\" content=\"Ferrari unveils its first fashion collection\" \/>\n<meta property=\"og:description\" content=\"Ferrari presents its first fashion collection designed by the brand&#039;s creative director of diversification, Rocco Iannone.\" \/>\n<meta property=\"og:url\" content=\"https:\/\/highxtar.com\/en\/ferrari-unveils-its-first-fashion-collection\/\" \/>\n<meta property=\"og:site_name\" content=\"HIGHXTAR.\" \/>\n<meta property=\"article:publisher\" content=\"https:\/\/www.facebook.com\/highxtar\" \/>\n<meta property=\"article:published_time\" content=\"2021-06-14T18:41:14+00:00\" \/>\n<meta property=\"article:modified_time\" content=\"2021-06-14T18:43:04+00:00\" \/>\n<meta property=\"og:image\" content=\"https:\/\/highxtar.com\/wp-content\/uploads\/2021\/06\/thumb-ferrari-primera-coleccion-moda.jpg\" \/>\n\t<meta property=\"og:image:width\" content=\"800\" \/>\n\t<meta property=\"og:image:height\" content=\"600\" \/>\n\t<meta property=\"og:image:type\" content=\"image\/jpeg\" \/>\n<meta name=\"author\" content=\"Laura P\u00e9rez\" \/>\n<meta name=\"twitter:card\" content=\"summary_large_image\" \/>\n<meta name=\"twitter:creator\" content=\"@highxtar_\" \/>\n<meta name=\"twitter:site\" content=\"@highxtar_\" \/>\n<meta name=\"twitter:label1\" content=\"Written by\" \/>\n\t<meta name=\"twitter:data1\" content=\"Laura P\u00e9rez\" \/>\n\t<meta name=\"twitter:label2\" content=\"Est. reading time\" \/>\n\t<meta name=\"twitter:data2\" content=\"2 minutes\" \/>\n<script type=\"application\/ld+json\" class=\"yoast-schema-graph\">{\"@context\":\"https:\\\/\\\/schema.org\",\"@graph\":[{\"@type\":\"Article\",\"@id\":\"https:\\\/\\\/highxtar.com\\\/en\\\/ferrari-unveils-its-first-fashion-collection\\\/#article\",\"isPartOf\":{\"@id\":\"https:\\\/\\\/highxtar.com\\\/en\\\/ferrari-unveils-its-first-fashion-collection\\\/\"},\"author\":{\"name\":\"Laura P\u00e9rez\",\"@id\":\"https:\\\/\\\/highxtar.com\\\/#\\\/schema\\\/person\\\/a62803322cc288dffbdf6539d02d8c51\"},\"headline\":\"Ferrari unveils its first fashion collection\",\"datePublished\":\"2021-06-14T18:41:14+00:00\",\"dateModified\":\"2021-06-14T18:43:04+00:00\",\"mainEntityOfPage\":{\"@id\":\"https:\\\/\\\/highxtar.com\\\/en\\\/ferrari-unveils-its-first-fashion-collection\\\/\"},\"wordCount\":315,\"publisher\":{\"@id\":\"https:\\\/\\\/highxtar.com\\\/#organization\"},\"image\":{\"@id\":\"https:\\\/\\\/highxtar.com\\\/en\\\/ferrari-unveils-its-first-fashion-collection\\\/#primaryimage\"},\"thumbnailUrl\":\"https:\\\/\\\/highxtar.com\\\/wp-content\\\/uploads\\\/2021\\\/06\\\/thumb-ferrari-primera-coleccion-moda.jpg\",\"keywords\":[\"Laura P\u00e9rez\"],\"articleSection\":[\"Fashion\"],\"inLanguage\":\"en-US\",\"copyrightYear\":\"2021\",\"copyrightHolder\":{\"@id\":\"https:\\\/\\\/highxtar.com\\\/#organization\"}},{\"@type\":\"WebPage\",\"@id\":\"https:\\\/\\\/highxtar.com\\\/en\\\/ferrari-unveils-its-first-fashion-collection\\\/\",\"url\":\"https:\\\/\\\/highxtar.com\\\/en\\\/ferrari-unveils-its-first-fashion-collection\\\/\",\"name\":\"Ferrari unveils its first fashion collection - HIGHXTAR.\",\"isPartOf\":{\"@id\":\"https:\\\/\\\/highxtar.com\\\/#website\"},\"primaryImageOfPage\":{\"@id\":\"https:\\\/\\\/highxtar.com\\\/en\\\/ferrari-unveils-its-first-fashion-collection\\\/#primaryimage\"},\"image\":{\"@id\":\"https:\\\/\\\/highxtar.com\\\/en\\\/ferrari-unveils-its-first-fashion-collection\\\/#primaryimage\"},\"thumbnailUrl\":\"https:\\\/\\\/highxtar.com\\\/wp-content\\\/uploads\\\/2021\\\/06\\\/thumb-ferrari-primera-coleccion-moda.jpg\",\"datePublished\":\"2021-06-14T18:41:14+00:00\",\"dateModified\":\"2021-06-14T18:43:04+00:00\",\"description\":\"Ferrari presents its first fashion collection designed by the brand's creative director of diversification, Rocco Iannone.\",\"breadcrumb\":{\"@id\":\"https:\\\/\\\/highxtar.com\\\/en\\\/ferrari-unveils-its-first-fashion-collection\\\/#breadcrumb\"},\"inLanguage\":\"en-US\",\"potentialAction\":[{\"@type\":\"ReadAction\",\"target\":[\"https:\\\/\\\/highxtar.com\\\/en\\\/ferrari-unveils-its-first-fashion-collection\\\/\"]}]},{\"@type\":\"ImageObject\",\"inLanguage\":\"en-US\",\"@id\":\"https:\\\/\\\/highxtar.com\\\/en\\\/ferrari-unveils-its-first-fashion-collection\\\/#primaryimage\",\"url\":\"https:\\\/\\\/highxtar.com\\\/wp-content\\\/uploads\\\/2021\\\/06\\\/thumb-ferrari-primera-coleccion-moda.jpg\",\"contentUrl\":\"https:\\\/\\\/highxtar.com\\\/wp-content\\\/uploads\\\/2021\\\/06\\\/thumb-ferrari-primera-coleccion-moda.jpg\",\"width\":800,\"height\":600,\"caption\":\"Ferrari\"},{\"@type\":\"BreadcrumbList\",\"@id\":\"https:\\\/\\\/highxtar.com\\\/en\\\/ferrari-unveils-its-first-fashion-collection\\\/#breadcrumb\",\"itemListElement\":[{\"@type\":\"ListItem\",\"position\":1,\"name\":\"Home\",\"item\":\"https:\\\/\\\/highxtar.com\\\/en\\\/\"},{\"@type\":\"ListItem\",\"position\":2,\"name\":\"Ferrari unveils its first fashion collection\"}]},{\"@type\":\"WebSite\",\"@id\":\"https:\\\/\\\/highxtar.com\\\/#website\",\"url\":\"https:\\\/\\\/highxtar.com\\\/\",\"name\":\"HIGHXTAR.\",\"description\":\"HIGHXTAR. es la voz latina de la moda y el streetwear. Devotos de las cosas que hacen la vida urbana excitante: Moda, M\u00fasica, Lifestyle, Arte &amp; Dise\u00f1o.\",\"publisher\":{\"@id\":\"https:\\\/\\\/highxtar.com\\\/#organization\"},\"potentialAction\":[{\"@type\":\"SearchAction\",\"target\":{\"@type\":\"EntryPoint\",\"urlTemplate\":\"https:\\\/\\\/highxtar.com\\\/?s={search_term_string}\"},\"query-input\":{\"@type\":\"PropertyValueSpecification\",\"valueRequired\":true,\"valueName\":\"search_term_string\"}}],\"inLanguage\":\"en-US\"},{\"@type\":\"Organization\",\"@id\":\"https:\\\/\\\/highxtar.com\\\/#organization\",\"name\":\"HIGHXTAR.\",\"url\":\"https:\\\/\\\/highxtar.com\\\/\",\"logo\":{\"@type\":\"ImageObject\",\"inLanguage\":\"en-US\",\"@id\":\"https:\\\/\\\/highxtar.com\\\/#\\\/schema\\\/logo\\\/image\\\/\",\"url\":\"https:\\\/\\\/highxtar.com\\\/wp-content\\\/uploads\\\/2016\\\/03\\\/HIGHXTAR_com_Favicon_2019.jpg\",\"contentUrl\":\"https:\\\/\\\/highxtar.com\\\/wp-content\\\/uploads\\\/2016\\\/03\\\/HIGHXTAR_com_Favicon_2019.jpg\",\"width\":1200,\"height\":1200,\"caption\":\"HIGHXTAR.\"},\"image\":{\"@id\":\"https:\\\/\\\/highxtar.com\\\/#\\\/schema\\\/logo\\\/image\\\/\"},\"sameAs\":[\"https:\\\/\\\/www.facebook.com\\\/highxtar\",\"https:\\\/\\\/x.com\\\/highxtar_\",\"https:\\\/\\\/www.instagram.com\\\/highxtar\",\"https:\\\/\\\/www.tiktok.com\\\/@highxtar\",\"https:\\\/\\\/www.youtube.com\\\/c\\\/highxtarofficial\",\"https:\\\/\\\/open.spotify.com\\\/user\\\/highxtar\"]},{\"@type\":\"Person\",\"@id\":\"https:\\\/\\\/highxtar.com\\\/#\\\/schema\\\/person\\\/a62803322cc288dffbdf6539d02d8c51\",\"name\":\"Laura P\u00e9rez\",\"description\":\"Editora de moda y cultura de\u00a0HIGHXTAR. con base en Madrid.\",\"sameAs\":[\"https:\\\/\\\/www.instagram.com\\\/laurappz\\\/\"],\"url\":\"https:\\\/\\\/highxtar.com\\\/en\\\/author\\\/laurappz\\\/\"}]}<\/script>\n<!-- \/ Yoast SEO Premium plugin. -->","yoast_head_json":{"title":"Ferrari unveils its first fashion collection - HIGHXTAR.","description":"Ferrari presents its first fashion collection designed by the brand's creative director of diversification, Rocco Iannone.","robots":{"index":"index","follow":"follow","max-snippet":"max-snippet:-1","max-image-preview":"max-image-preview:large","max-video-preview":"max-video-preview:-1"},"canonical":"https:\/\/highxtar.com\/en\/ferrari-unveils-its-first-fashion-collection\/","og_locale":"en_US","og_type":"article","og_title":"Ferrari unveils its first fashion collection","og_description":"Ferrari presents its first fashion collection designed by the brand's creative director of diversification, Rocco Iannone.","og_url":"https:\/\/highxtar.com\/en\/ferrari-unveils-its-first-fashion-collection\/","og_site_name":"HIGHXTAR.","article_publisher":"https:\/\/www.facebook.com\/highxtar","article_published_time":"2021-06-14T18:41:14+00:00","article_modified_time":"2021-06-14T18:43:04+00:00","og_image":[{"width":800,"height":600,"url":"https:\/\/highxtar.com\/wp-content\/uploads\/2021\/06\/thumb-ferrari-primera-coleccion-moda.jpg","type":"image\/jpeg"}],"author":"Laura P\u00e9rez","twitter_card":"summary_large_image","twitter_creator":"@highxtar_","twitter_site":"@highxtar_","twitter_misc":{"Written by":"Laura P\u00e9rez","Est. reading time":"2 minutes"},"schema":{"@context":"https:\/\/schema.org","@graph":[{"@type":"Article","@id":"https:\/\/highxtar.com\/en\/ferrari-unveils-its-first-fashion-collection\/#article","isPartOf":{"@id":"https:\/\/highxtar.com\/en\/ferrari-unveils-its-first-fashion-collection\/"},"author":{"name":"Laura P\u00e9rez","@id":"https:\/\/highxtar.com\/#\/schema\/person\/a62803322cc288dffbdf6539d02d8c51"},"headline":"Ferrari unveils its first fashion collection","datePublished":"2021-06-14T18:41:14+00:00","dateModified":"2021-06-14T18:43:04+00:00","mainEntityOfPage":{"@id":"https:\/\/highxtar.com\/en\/ferrari-unveils-its-first-fashion-collection\/"},"wordCount":315,"publisher":{"@id":"https:\/\/highxtar.com\/#organization"},"image":{"@id":"https:\/\/highxtar.com\/en\/ferrari-unveils-its-first-fashion-collection\/#primaryimage"},"thumbnailUrl":"https:\/\/highxtar.com\/wp-content\/uploads\/2021\/06\/thumb-ferrari-primera-coleccion-moda.jpg","keywords":["Laura P\u00e9rez"],"articleSection":["Fashion"],"inLanguage":"en-US","copyrightYear":"2021","copyrightHolder":{"@id":"https:\/\/highxtar.com\/#organization"}},{"@type":"WebPage","@id":"https:\/\/highxtar.com\/en\/ferrari-unveils-its-first-fashion-collection\/","url":"https:\/\/highxtar.com\/en\/ferrari-unveils-its-first-fashion-collection\/","name":"Ferrari unveils its first fashion collection - HIGHXTAR.","isPartOf":{"@id":"https:\/\/highxtar.com\/#website"},"primaryImageOfPage":{"@id":"https:\/\/highxtar.com\/en\/ferrari-unveils-its-first-fashion-collection\/#primaryimage"},"image":{"@id":"https:\/\/highxtar.com\/en\/ferrari-unveils-its-first-fashion-collection\/#primaryimage"},"thumbnailUrl":"https:\/\/highxtar.com\/wp-content\/uploads\/2021\/06\/thumb-ferrari-primera-coleccion-moda.jpg","datePublished":"2021-06-14T18:41:14+00:00","dateModified":"2021-06-14T18:43:04+00:00","description":"Ferrari presents its first fashion collection designed by the brand's creative director of diversification, Rocco Iannone.","breadcrumb":{"@id":"https:\/\/highxtar.com\/en\/ferrari-unveils-its-first-fashion-collection\/#breadcrumb"},"inLanguage":"en-US","potentialAction":[{"@type":"ReadAction","target":["https:\/\/highxtar.com\/en\/ferrari-unveils-its-first-fashion-collection\/"]}]},{"@type":"ImageObject","inLanguage":"en-US","@id":"https:\/\/highxtar.com\/en\/ferrari-unveils-its-first-fashion-collection\/#primaryimage","url":"https:\/\/highxtar.com\/wp-content\/uploads\/2021\/06\/thumb-ferrari-primera-coleccion-moda.jpg","contentUrl":"https:\/\/highxtar.com\/wp-content\/uploads\/2021\/06\/thumb-ferrari-primera-coleccion-moda.jpg","width":800,"height":600,"caption":"Ferrari"},{"@type":"BreadcrumbList","@id":"https:\/\/highxtar.com\/en\/ferrari-unveils-its-first-fashion-collection\/#breadcrumb","itemListElement":[{"@type":"ListItem","position":1,"name":"Home","item":"https:\/\/highxtar.com\/en\/"},{"@type":"ListItem","position":2,"name":"Ferrari unveils its first fashion collection"}]},{"@type":"WebSite","@id":"https:\/\/highxtar.com\/#website","url":"https:\/\/highxtar.com\/","name":"HIGHXTAR.","description":"HIGHXTAR. es la voz latina de la moda y el streetwear. Devotos de las cosas que hacen la vida urbana excitante: Moda, M\u00fasica, Lifestyle, Arte &amp; Dise\u00f1o.","publisher":{"@id":"https:\/\/highxtar.com\/#organization"},"potentialAction":[{"@type":"SearchAction","target":{"@type":"EntryPoint","urlTemplate":"https:\/\/highxtar.com\/?s={search_term_string}"},"query-input":{"@type":"PropertyValueSpecification","valueRequired":true,"valueName":"search_term_string"}}],"inLanguage":"en-US"},{"@type":"Organization","@id":"https:\/\/highxtar.com\/#organization","name":"HIGHXTAR.","url":"https:\/\/highxtar.com\/","logo":{"@type":"ImageObject","inLanguage":"en-US","@id":"https:\/\/highxtar.com\/#\/schema\/logo\/image\/","url":"https:\/\/highxtar.com\/wp-content\/uploads\/2016\/03\/HIGHXTAR_com_Favicon_2019.jpg","contentUrl":"https:\/\/highxtar.com\/wp-content\/uploads\/2016\/03\/HIGHXTAR_com_Favicon_2019.jpg","width":1200,"height":1200,"caption":"HIGHXTAR."},"image":{"@id":"https:\/\/highxtar.com\/#\/schema\/logo\/image\/"},"sameAs":["https:\/\/www.facebook.com\/highxtar","https:\/\/x.com\/highxtar_","https:\/\/www.instagram.com\/highxtar","https:\/\/www.tiktok.com\/@highxtar","https:\/\/www.youtube.com\/c\/highxtarofficial","https:\/\/open.spotify.com\/user\/highxtar"]},{"@type":"Person","@id":"https:\/\/highxtar.com\/#\/schema\/person\/a62803322cc288dffbdf6539d02d8c51","name":"Laura P\u00e9rez","description":"Editora de moda y cultura de\u00a0HIGHXTAR. con base en Madrid.","sameAs":["https:\/\/www.instagram.com\/laurappz\/"],"url":"https:\/\/highxtar.com\/en\/author\/laurappz\/"}]}},"_links":{"self":[{"href":"https:\/\/highxtar.com\/en\/wp-json\/wp\/v2\/posts\/196722","targetHints":{"allow":["GET"]}}],"collection":[{"href":"https:\/\/highxtar.com\/en\/wp-json\/wp\/v2\/posts"}],"about":[{"href":"https:\/\/highxtar.com\/en\/wp-json\/wp\/v2\/types\/post"}],"author":[{"embeddable":true,"href":"https:\/\/highxtar.com\/en\/wp-json\/wp\/v2\/users\/2"}],"replies":[{"embeddable":true,"href":"https:\/\/highxtar.com\/en\/wp-json\/wp\/v2\/comments?post=196722"}],"version-history":[{"count":4,"href":"https:\/\/highxtar.com\/en\/wp-json\/wp\/v2\/posts\/196722\/revisions"}],"predecessor-version":[{"id":196731,"href":"https:\/\/highxtar.com\/en\/wp-json\/wp\/v2\/posts\/196722\/revisions\/196731"}],"wp:featuredmedia":[{"embeddable":true,"href":"https:\/\/highxtar.com\/en\/wp-json\/wp\/v2\/media\/196719"}],"wp:attachment":[{"href":"https:\/\/highxtar.com\/en\/wp-json\/wp\/v2\/media?parent=196722"}],"wp:term":[{"taxonomy":"category","embeddable":true,"href":"https:\/\/highxtar.com\/en\/wp-json\/wp\/v2\/categories?post=196722"},{"taxonomy":"post_tag","embeddable":true,"href":"https:\/\/highxtar.com\/en\/wp-json\/wp\/v2\/tags?post=196722"}],"curies":[{"name":"wp","href":"https:\/\/api.w.org\/{rel}","templated":true}]}}