{"id":231576,"date":"2021-11-11T17:01:16","date_gmt":"2021-11-11T16:01:16","guid":{"rendered":"https:\/\/highxtar.com\/?p=231576"},"modified":"2021-11-11T17:04:52","modified_gmt":"2021-11-11T16:04:52","slug":"etnia-barcelona-cumple-20-anos-y-lo-celebra-con-heritatge","status":"publish","type":"post","link":"https:\/\/highxtar.com\/en\/etnia-barcelona-cumple-20-anos-y-lo-celebra-con-heritatge\/","title":{"rendered":"Etnia Barcelona turns 20 years old and celebrates it with &#8220;Heritatge&#8221;"},"content":{"rendered":"<p><strong>Etnia Barcelona celebrates its twentieth anniversary and celebrates it with &#8220;Heritatge&#8221;, a special limited edition capsule that conveys the feeling that is intrinsic to the brand&#8217;s DNA; Euphoria. The launch includes four models full of personality made of acetate chess, a resistant material designed by the brand for its 2006 collection.<\/strong><\/p>\n<div id='gallery-1' class='gallery galleryid-231576 gallery-columns-2 gallery-size-full'><figure class='gallery-item'>\n\t\t\t<div class='gallery-icon portrait'>\n\t\t\t\t<a href='https:\/\/highxtar.com\/en\/etnia-barcelona-cumple-20-anos-y-lo-celebra-con-heritatge\/highxtar-etnia-barcelona-celebra-sus-20-anos-con-una-capsula-especial-1-2\/'><img decoding=\"async\" width=\"1200\" height=\"1500\" src=\"https:\/\/highxtar.com\/wp-content\/uploads\/2021\/11\/highxtar-etnia-barcelona-celebra-sus-20-anos-con-una-capsula-especial-1.jpg\" class=\"attachment-full size-full\" alt=\"\" srcset=\"https:\/\/highxtar.com\/wp-content\/uploads\/2021\/11\/highxtar-etnia-barcelona-celebra-sus-20-anos-con-una-capsula-especial-1.jpg 1200w, https:\/\/highxtar.com\/wp-content\/uploads\/2021\/11\/highxtar-etnia-barcelona-celebra-sus-20-anos-con-una-capsula-especial-1-240x300.jpg 240w, https:\/\/highxtar.com\/wp-content\/uploads\/2021\/11\/highxtar-etnia-barcelona-celebra-sus-20-anos-con-una-capsula-especial-1-819x1024.jpg 819w, https:\/\/highxtar.com\/wp-content\/uploads\/2021\/11\/highxtar-etnia-barcelona-celebra-sus-20-anos-con-una-capsula-especial-1-768x960.jpg 768w, https:\/\/highxtar.com\/wp-content\/uploads\/2021\/11\/highxtar-etnia-barcelona-celebra-sus-20-anos-con-una-capsula-especial-1-973x1216.jpg 973w, https:\/\/highxtar.com\/wp-content\/uploads\/2021\/11\/highxtar-etnia-barcelona-celebra-sus-20-anos-con-una-capsula-especial-1-508x635.jpg 508w\" sizes=\"(max-width: 1200px) 100vw, 1200px\" \/><\/a>\n\t\t\t<\/div><\/figure><figure class='gallery-item'>\n\t\t\t<div class='gallery-icon portrait'>\n\t\t\t\t<a href='https:\/\/highxtar.com\/en\/etnia-barcelona-cumple-20-anos-y-lo-celebra-con-heritatge\/highxtar-etnia-barcelona-celebra-sus-20-anos-con-una-capsula-especial-4-2\/'><img decoding=\"async\" width=\"1200\" height=\"1500\" src=\"https:\/\/highxtar.com\/wp-content\/uploads\/2021\/11\/highxtar-etnia-barcelona-celebra-sus-20-anos-con-una-capsula-especial-4.jpg\" class=\"attachment-full size-full\" alt=\"\" srcset=\"https:\/\/highxtar.com\/wp-content\/uploads\/2021\/11\/highxtar-etnia-barcelona-celebra-sus-20-anos-con-una-capsula-especial-4.jpg 1200w, https:\/\/highxtar.com\/wp-content\/uploads\/2021\/11\/highxtar-etnia-barcelona-celebra-sus-20-anos-con-una-capsula-especial-4-240x300.jpg 240w, https:\/\/highxtar.com\/wp-content\/uploads\/2021\/11\/highxtar-etnia-barcelona-celebra-sus-20-anos-con-una-capsula-especial-4-819x1024.jpg 819w, https:\/\/highxtar.com\/wp-content\/uploads\/2021\/11\/highxtar-etnia-barcelona-celebra-sus-20-anos-con-una-capsula-especial-4-768x960.jpg 768w, https:\/\/highxtar.com\/wp-content\/uploads\/2021\/11\/highxtar-etnia-barcelona-celebra-sus-20-anos-con-una-capsula-especial-4-973x1216.jpg 973w, https:\/\/highxtar.com\/wp-content\/uploads\/2021\/11\/highxtar-etnia-barcelona-celebra-sus-20-anos-con-una-capsula-especial-4-508x635.jpg 508w\" sizes=\"(max-width: 1200px) 100vw, 1200px\" \/><\/a>\n\t\t\t<\/div><\/figure><figure class='gallery-item'>\n\t\t\t<div class='gallery-icon portrait'>\n\t\t\t\t<a href='https:\/\/highxtar.com\/en\/etnia-barcelona-cumple-20-anos-y-lo-celebra-con-heritatge\/highxtar-etnia-barcelona-celebra-sus-20-anos-con-una-capsula-especial-2-2\/'><img decoding=\"async\" width=\"1200\" height=\"1500\" src=\"https:\/\/highxtar.com\/wp-content\/uploads\/2021\/11\/highxtar-etnia-barcelona-celebra-sus-20-anos-con-una-capsula-especial-2.jpg\" class=\"attachment-full size-full\" alt=\"\" srcset=\"https:\/\/highxtar.com\/wp-content\/uploads\/2021\/11\/highxtar-etnia-barcelona-celebra-sus-20-anos-con-una-capsula-especial-2.jpg 1200w, https:\/\/highxtar.com\/wp-content\/uploads\/2021\/11\/highxtar-etnia-barcelona-celebra-sus-20-anos-con-una-capsula-especial-2-240x300.jpg 240w, https:\/\/highxtar.com\/wp-content\/uploads\/2021\/11\/highxtar-etnia-barcelona-celebra-sus-20-anos-con-una-capsula-especial-2-819x1024.jpg 819w, https:\/\/highxtar.com\/wp-content\/uploads\/2021\/11\/highxtar-etnia-barcelona-celebra-sus-20-anos-con-una-capsula-especial-2-768x960.jpg 768w, https:\/\/highxtar.com\/wp-content\/uploads\/2021\/11\/highxtar-etnia-barcelona-celebra-sus-20-anos-con-una-capsula-especial-2-973x1216.jpg 973w, https:\/\/highxtar.com\/wp-content\/uploads\/2021\/11\/highxtar-etnia-barcelona-celebra-sus-20-anos-con-una-capsula-especial-2-508x635.jpg 508w\" sizes=\"(max-width: 1200px) 100vw, 1200px\" \/><\/a>\n\t\t\t<\/div><\/figure><figure class='gallery-item'>\n\t\t\t<div class='gallery-icon portrait'>\n\t\t\t\t<a href='https:\/\/highxtar.com\/en\/etnia-barcelona-cumple-20-anos-y-lo-celebra-con-heritatge\/highxtar-etnia-barcelona-celebra-sus-20-anos-con-una-capsula-especial-5-2\/'><img decoding=\"async\" width=\"1200\" height=\"1500\" src=\"https:\/\/highxtar.com\/wp-content\/uploads\/2021\/11\/highxtar-etnia-barcelona-celebra-sus-20-anos-con-una-capsula-especial-5.jpg\" class=\"attachment-full size-full\" alt=\"\" srcset=\"https:\/\/highxtar.com\/wp-content\/uploads\/2021\/11\/highxtar-etnia-barcelona-celebra-sus-20-anos-con-una-capsula-especial-5.jpg 1200w, https:\/\/highxtar.com\/wp-content\/uploads\/2021\/11\/highxtar-etnia-barcelona-celebra-sus-20-anos-con-una-capsula-especial-5-240x300.jpg 240w, https:\/\/highxtar.com\/wp-content\/uploads\/2021\/11\/highxtar-etnia-barcelona-celebra-sus-20-anos-con-una-capsula-especial-5-819x1024.jpg 819w, https:\/\/highxtar.com\/wp-content\/uploads\/2021\/11\/highxtar-etnia-barcelona-celebra-sus-20-anos-con-una-capsula-especial-5-768x960.jpg 768w, https:\/\/highxtar.com\/wp-content\/uploads\/2021\/11\/highxtar-etnia-barcelona-celebra-sus-20-anos-con-una-capsula-especial-5-973x1216.jpg 973w, https:\/\/highxtar.com\/wp-content\/uploads\/2021\/11\/highxtar-etnia-barcelona-celebra-sus-20-anos-con-una-capsula-especial-5-508x635.jpg 508w\" sizes=\"(max-width: 1200px) 100vw, 1200px\" \/><\/a>\n\t\t\t<\/div><\/figure><figure class='gallery-item'>\n\t\t\t<div class='gallery-icon portrait'>\n\t\t\t\t<a href='https:\/\/highxtar.com\/en\/etnia-barcelona-cumple-20-anos-y-lo-celebra-con-heritatge\/highxtar-etnia-barcelona-celebra-sus-20-anos-con-una-capsula-especial-3-2\/'><img decoding=\"async\" width=\"1200\" height=\"1500\" src=\"https:\/\/highxtar.com\/wp-content\/uploads\/2021\/11\/highxtar-etnia-barcelona-celebra-sus-20-anos-con-una-capsula-especial-3.jpg\" class=\"attachment-full size-full\" alt=\"\" srcset=\"https:\/\/highxtar.com\/wp-content\/uploads\/2021\/11\/highxtar-etnia-barcelona-celebra-sus-20-anos-con-una-capsula-especial-3.jpg 1200w, https:\/\/highxtar.com\/wp-content\/uploads\/2021\/11\/highxtar-etnia-barcelona-celebra-sus-20-anos-con-una-capsula-especial-3-240x300.jpg 240w, https:\/\/highxtar.com\/wp-content\/uploads\/2021\/11\/highxtar-etnia-barcelona-celebra-sus-20-anos-con-una-capsula-especial-3-819x1024.jpg 819w, https:\/\/highxtar.com\/wp-content\/uploads\/2021\/11\/highxtar-etnia-barcelona-celebra-sus-20-anos-con-una-capsula-especial-3-768x960.jpg 768w, https:\/\/highxtar.com\/wp-content\/uploads\/2021\/11\/highxtar-etnia-barcelona-celebra-sus-20-anos-con-una-capsula-especial-3-973x1216.jpg 973w, https:\/\/highxtar.com\/wp-content\/uploads\/2021\/11\/highxtar-etnia-barcelona-celebra-sus-20-anos-con-una-capsula-especial-3-508x635.jpg 508w\" sizes=\"(max-width: 1200px) 100vw, 1200px\" \/><\/a>\n\t\t\t<\/div><\/figure>\n\t\t<\/div>\n\n<p>The new collection celebrating the brand&#8217;s success includes &#8220;The Einstein&#8221;, &#8220;The Kennedy&#8221;, &#8220;The Kahlo&#8221; and &#8220;The Kubrick&#8221; models. A colorful capsule that combines chess with yellow, blue, pink and green. For a unique visual experience, the four sunglasses incorporate HD mineral lenses like each of Etnia Barcelona&#8217;s designs.<\/p>\n<p>Celebrating the label&#8217;s relationship with the world of art and culture through its collaborations with rebellious and daring artists, each of the eyewear incorporates a symbol: an eye with a lightning bolt, an eye with eyelashes, an eye with a pyramid and an eye with false eyelashes, referencing the Stanley Kubrick-directed film &#8220;The Clockwork Orange&#8221;.<\/p>\n<p>For the campaign, Etnia Barcelona commemorates its 20 years through different iconic characters in the history of mankind that have been present in the inspiration of the brand&#8217;s history. Undoubtedly, if the Barcelona-based eyewear brand had existed in its time, these iconic figures would have worn a pair of Etnia Barcelona.<\/p>\n<div id='gallery-2' class='gallery galleryid-231576 gallery-columns-1 gallery-size-full'><figure class='gallery-item'>\n\t\t\t<div class='gallery-icon landscape'>\n\t\t\t\t<a href='https:\/\/highxtar.com\/en\/etnia-barcelona-cumple-20-anos-y-lo-celebra-con-heritatge\/highxtar-etnia-barcelona-celebra-sus-20-anos-con-una-capsula-especial-19-2\/'><img decoding=\"async\" width=\"1200\" height=\"659\" src=\"https:\/\/highxtar.com\/wp-content\/uploads\/2021\/11\/highxtar-etnia-barcelona-celebra-sus-20-anos-con-una-capsula-especial-19.jpg\" class=\"attachment-full size-full\" alt=\"\" srcset=\"https:\/\/highxtar.com\/wp-content\/uploads\/2021\/11\/highxtar-etnia-barcelona-celebra-sus-20-anos-con-una-capsula-especial-19.jpg 1200w, https:\/\/highxtar.com\/wp-content\/uploads\/2021\/11\/highxtar-etnia-barcelona-celebra-sus-20-anos-con-una-capsula-especial-19-300x165.jpg 300w, https:\/\/highxtar.com\/wp-content\/uploads\/2021\/11\/highxtar-etnia-barcelona-celebra-sus-20-anos-con-una-capsula-especial-19-1024x562.jpg 1024w, https:\/\/highxtar.com\/wp-content\/uploads\/2021\/11\/highxtar-etnia-barcelona-celebra-sus-20-anos-con-una-capsula-especial-19-768x422.jpg 768w, https:\/\/highxtar.com\/wp-content\/uploads\/2021\/11\/highxtar-etnia-barcelona-celebra-sus-20-anos-con-una-capsula-especial-19-973x534.jpg 973w, https:\/\/highxtar.com\/wp-content\/uploads\/2021\/11\/highxtar-etnia-barcelona-celebra-sus-20-anos-con-una-capsula-especial-19-508x279.jpg 508w\" sizes=\"(max-width: 1200px) 100vw, 1200px\" \/><\/a>\n\t\t\t<\/div><\/figure><figure class='gallery-item'>\n\t\t\t<div class='gallery-icon landscape'>\n\t\t\t\t<a href='https:\/\/highxtar.com\/en\/etnia-barcelona-cumple-20-anos-y-lo-celebra-con-heritatge\/highxtar-etnia-barcelona-celebra-sus-20-anos-con-una-capsula-especial-20-2\/'><img decoding=\"async\" width=\"1200\" height=\"659\" src=\"https:\/\/highxtar.com\/wp-content\/uploads\/2021\/11\/highxtar-etnia-barcelona-celebra-sus-20-anos-con-una-capsula-especial-20.jpg\" class=\"attachment-full size-full\" alt=\"\" srcset=\"https:\/\/highxtar.com\/wp-content\/uploads\/2021\/11\/highxtar-etnia-barcelona-celebra-sus-20-anos-con-una-capsula-especial-20.jpg 1200w, https:\/\/highxtar.com\/wp-content\/uploads\/2021\/11\/highxtar-etnia-barcelona-celebra-sus-20-anos-con-una-capsula-especial-20-300x165.jpg 300w, https:\/\/highxtar.com\/wp-content\/uploads\/2021\/11\/highxtar-etnia-barcelona-celebra-sus-20-anos-con-una-capsula-especial-20-1024x562.jpg 1024w, https:\/\/highxtar.com\/wp-content\/uploads\/2021\/11\/highxtar-etnia-barcelona-celebra-sus-20-anos-con-una-capsula-especial-20-768x422.jpg 768w, https:\/\/highxtar.com\/wp-content\/uploads\/2021\/11\/highxtar-etnia-barcelona-celebra-sus-20-anos-con-una-capsula-especial-20-973x534.jpg 973w, https:\/\/highxtar.com\/wp-content\/uploads\/2021\/11\/highxtar-etnia-barcelona-celebra-sus-20-anos-con-una-capsula-especial-20-508x279.jpg 508w\" sizes=\"(max-width: 1200px) 100vw, 1200px\" \/><\/a>\n\t\t\t<\/div><\/figure><figure class='gallery-item'>\n\t\t\t<div class='gallery-icon landscape'>\n\t\t\t\t<a href='https:\/\/highxtar.com\/en\/etnia-barcelona-cumple-20-anos-y-lo-celebra-con-heritatge\/highxtar-etnia-barcelona-celebra-sus-20-anos-con-una-capsula-especial-18-2\/'><img decoding=\"async\" width=\"1200\" height=\"659\" src=\"https:\/\/highxtar.com\/wp-content\/uploads\/2021\/11\/highxtar-etnia-barcelona-celebra-sus-20-anos-con-una-capsula-especial-18.jpg\" class=\"attachment-full size-full\" alt=\"\" srcset=\"https:\/\/highxtar.com\/wp-content\/uploads\/2021\/11\/highxtar-etnia-barcelona-celebra-sus-20-anos-con-una-capsula-especial-18.jpg 1200w, https:\/\/highxtar.com\/wp-content\/uploads\/2021\/11\/highxtar-etnia-barcelona-celebra-sus-20-anos-con-una-capsula-especial-18-300x165.jpg 300w, https:\/\/highxtar.com\/wp-content\/uploads\/2021\/11\/highxtar-etnia-barcelona-celebra-sus-20-anos-con-una-capsula-especial-18-1024x562.jpg 1024w, https:\/\/highxtar.com\/wp-content\/uploads\/2021\/11\/highxtar-etnia-barcelona-celebra-sus-20-anos-con-una-capsula-especial-18-768x422.jpg 768w, https:\/\/highxtar.com\/wp-content\/uploads\/2021\/11\/highxtar-etnia-barcelona-celebra-sus-20-anos-con-una-capsula-especial-18-973x534.jpg 973w, https:\/\/highxtar.com\/wp-content\/uploads\/2021\/11\/highxtar-etnia-barcelona-celebra-sus-20-anos-con-una-capsula-especial-18-508x279.jpg 508w\" sizes=\"(max-width: 1200px) 100vw, 1200px\" \/><\/a>\n\t\t\t<\/div><\/figure><figure class='gallery-item'>\n\t\t\t<div class='gallery-icon landscape'>\n\t\t\t\t<a href='https:\/\/highxtar.com\/en\/etnia-barcelona-cumple-20-anos-y-lo-celebra-con-heritatge\/highxtar-etnia-barcelona-celebra-sus-20-anos-con-una-capsula-especial-22-2\/'><img decoding=\"async\" width=\"1200\" height=\"659\" src=\"https:\/\/highxtar.com\/wp-content\/uploads\/2021\/11\/highxtar-etnia-barcelona-celebra-sus-20-anos-con-una-capsula-especial-22.jpg\" class=\"attachment-full size-full\" alt=\"\" srcset=\"https:\/\/highxtar.com\/wp-content\/uploads\/2021\/11\/highxtar-etnia-barcelona-celebra-sus-20-anos-con-una-capsula-especial-22.jpg 1200w, https:\/\/highxtar.com\/wp-content\/uploads\/2021\/11\/highxtar-etnia-barcelona-celebra-sus-20-anos-con-una-capsula-especial-22-300x165.jpg 300w, https:\/\/highxtar.com\/wp-content\/uploads\/2021\/11\/highxtar-etnia-barcelona-celebra-sus-20-anos-con-una-capsula-especial-22-1024x562.jpg 1024w, https:\/\/highxtar.com\/wp-content\/uploads\/2021\/11\/highxtar-etnia-barcelona-celebra-sus-20-anos-con-una-capsula-especial-22-768x422.jpg 768w, https:\/\/highxtar.com\/wp-content\/uploads\/2021\/11\/highxtar-etnia-barcelona-celebra-sus-20-anos-con-una-capsula-especial-22-973x534.jpg 973w, https:\/\/highxtar.com\/wp-content\/uploads\/2021\/11\/highxtar-etnia-barcelona-celebra-sus-20-anos-con-una-capsula-especial-22-508x279.jpg 508w\" sizes=\"(max-width: 1200px) 100vw, 1200px\" \/><\/a>\n\t\t\t<\/div><\/figure><figure class='gallery-item'>\n\t\t\t<div class='gallery-icon landscape'>\n\t\t\t\t<a href='https:\/\/highxtar.com\/en\/etnia-barcelona-cumple-20-anos-y-lo-celebra-con-heritatge\/highxtar-etnia-barcelona-celebra-sus-20-anos-con-una-capsula-especial-23-2\/'><img decoding=\"async\" width=\"1200\" height=\"659\" src=\"https:\/\/highxtar.com\/wp-content\/uploads\/2021\/11\/highxtar-etnia-barcelona-celebra-sus-20-anos-con-una-capsula-especial-23.jpg\" class=\"attachment-full size-full\" alt=\"\" srcset=\"https:\/\/highxtar.com\/wp-content\/uploads\/2021\/11\/highxtar-etnia-barcelona-celebra-sus-20-anos-con-una-capsula-especial-23.jpg 1200w, https:\/\/highxtar.com\/wp-content\/uploads\/2021\/11\/highxtar-etnia-barcelona-celebra-sus-20-anos-con-una-capsula-especial-23-300x165.jpg 300w, https:\/\/highxtar.com\/wp-content\/uploads\/2021\/11\/highxtar-etnia-barcelona-celebra-sus-20-anos-con-una-capsula-especial-23-1024x562.jpg 1024w, https:\/\/highxtar.com\/wp-content\/uploads\/2021\/11\/highxtar-etnia-barcelona-celebra-sus-20-anos-con-una-capsula-especial-23-768x422.jpg 768w, https:\/\/highxtar.com\/wp-content\/uploads\/2021\/11\/highxtar-etnia-barcelona-celebra-sus-20-anos-con-una-capsula-especial-23-973x534.jpg 973w, https:\/\/highxtar.com\/wp-content\/uploads\/2021\/11\/highxtar-etnia-barcelona-celebra-sus-20-anos-con-una-capsula-especial-23-508x279.jpg 508w\" sizes=\"(max-width: 1200px) 100vw, 1200px\" \/><\/a>\n\t\t\t<\/div><\/figure><figure class='gallery-item'>\n\t\t\t<div class='gallery-icon landscape'>\n\t\t\t\t<a href='https:\/\/highxtar.com\/en\/etnia-barcelona-cumple-20-anos-y-lo-celebra-con-heritatge\/highxtar-etnia-barcelona-celebra-sus-20-anos-con-una-capsula-especial-21-2\/'><img decoding=\"async\" width=\"1200\" height=\"659\" src=\"https:\/\/highxtar.com\/wp-content\/uploads\/2021\/11\/highxtar-etnia-barcelona-celebra-sus-20-anos-con-una-capsula-especial-21.jpg\" class=\"attachment-full size-full\" alt=\"\" srcset=\"https:\/\/highxtar.com\/wp-content\/uploads\/2021\/11\/highxtar-etnia-barcelona-celebra-sus-20-anos-con-una-capsula-especial-21.jpg 1200w, https:\/\/highxtar.com\/wp-content\/uploads\/2021\/11\/highxtar-etnia-barcelona-celebra-sus-20-anos-con-una-capsula-especial-21-300x165.jpg 300w, https:\/\/highxtar.com\/wp-content\/uploads\/2021\/11\/highxtar-etnia-barcelona-celebra-sus-20-anos-con-una-capsula-especial-21-1024x562.jpg 1024w, https:\/\/highxtar.com\/wp-content\/uploads\/2021\/11\/highxtar-etnia-barcelona-celebra-sus-20-anos-con-una-capsula-especial-21-768x422.jpg 768w, https:\/\/highxtar.com\/wp-content\/uploads\/2021\/11\/highxtar-etnia-barcelona-celebra-sus-20-anos-con-una-capsula-especial-21-973x534.jpg 973w, https:\/\/highxtar.com\/wp-content\/uploads\/2021\/11\/highxtar-etnia-barcelona-celebra-sus-20-anos-con-una-capsula-especial-21-508x279.jpg 508w\" sizes=\"(max-width: 1200px) 100vw, 1200px\" \/><\/a>\n\t\t\t<\/div><\/figure><figure class='gallery-item'>\n\t\t\t<div class='gallery-icon landscape'>\n\t\t\t\t<a href='https:\/\/highxtar.com\/en\/etnia-barcelona-cumple-20-anos-y-lo-celebra-con-heritatge\/highxtar-etnia-barcelona-celebra-sus-20-anos-con-una-capsula-especial-25-2\/'><img decoding=\"async\" width=\"1200\" height=\"659\" src=\"https:\/\/highxtar.com\/wp-content\/uploads\/2021\/11\/highxtar-etnia-barcelona-celebra-sus-20-anos-con-una-capsula-especial-25.jpg\" class=\"attachment-full size-full\" alt=\"\" srcset=\"https:\/\/highxtar.com\/wp-content\/uploads\/2021\/11\/highxtar-etnia-barcelona-celebra-sus-20-anos-con-una-capsula-especial-25.jpg 1200w, https:\/\/highxtar.com\/wp-content\/uploads\/2021\/11\/highxtar-etnia-barcelona-celebra-sus-20-anos-con-una-capsula-especial-25-300x165.jpg 300w, https:\/\/highxtar.com\/wp-content\/uploads\/2021\/11\/highxtar-etnia-barcelona-celebra-sus-20-anos-con-una-capsula-especial-25-1024x562.jpg 1024w, https:\/\/highxtar.com\/wp-content\/uploads\/2021\/11\/highxtar-etnia-barcelona-celebra-sus-20-anos-con-una-capsula-especial-25-768x422.jpg 768w, https:\/\/highxtar.com\/wp-content\/uploads\/2021\/11\/highxtar-etnia-barcelona-celebra-sus-20-anos-con-una-capsula-especial-25-973x534.jpg 973w, https:\/\/highxtar.com\/wp-content\/uploads\/2021\/11\/highxtar-etnia-barcelona-celebra-sus-20-anos-con-una-capsula-especial-25-508x279.jpg 508w\" sizes=\"(max-width: 1200px) 100vw, 1200px\" \/><\/a>\n\t\t\t<\/div><\/figure><figure class='gallery-item'>\n\t\t\t<div class='gallery-icon landscape'>\n\t\t\t\t<a href='https:\/\/highxtar.com\/en\/etnia-barcelona-cumple-20-anos-y-lo-celebra-con-heritatge\/highxtar-etnia-barcelona-celebra-sus-20-anos-con-una-capsula-especial-26-2\/'><img decoding=\"async\" width=\"1200\" height=\"659\" src=\"https:\/\/highxtar.com\/wp-content\/uploads\/2021\/11\/highxtar-etnia-barcelona-celebra-sus-20-anos-con-una-capsula-especial-26.jpg\" class=\"attachment-full size-full\" alt=\"\" srcset=\"https:\/\/highxtar.com\/wp-content\/uploads\/2021\/11\/highxtar-etnia-barcelona-celebra-sus-20-anos-con-una-capsula-especial-26.jpg 1200w, https:\/\/highxtar.com\/wp-content\/uploads\/2021\/11\/highxtar-etnia-barcelona-celebra-sus-20-anos-con-una-capsula-especial-26-300x165.jpg 300w, https:\/\/highxtar.com\/wp-content\/uploads\/2021\/11\/highxtar-etnia-barcelona-celebra-sus-20-anos-con-una-capsula-especial-26-1024x562.jpg 1024w, https:\/\/highxtar.com\/wp-content\/uploads\/2021\/11\/highxtar-etnia-barcelona-celebra-sus-20-anos-con-una-capsula-especial-26-768x422.jpg 768w, https:\/\/highxtar.com\/wp-content\/uploads\/2021\/11\/highxtar-etnia-barcelona-celebra-sus-20-anos-con-una-capsula-especial-26-973x534.jpg 973w, https:\/\/highxtar.com\/wp-content\/uploads\/2021\/11\/highxtar-etnia-barcelona-celebra-sus-20-anos-con-una-capsula-especial-26-508x279.jpg 508w\" sizes=\"(max-width: 1200px) 100vw, 1200px\" \/><\/a>\n\t\t\t<\/div><\/figure><figure class='gallery-item'>\n\t\t\t<div class='gallery-icon landscape'>\n\t\t\t\t<a href='https:\/\/highxtar.com\/en\/etnia-barcelona-cumple-20-anos-y-lo-celebra-con-heritatge\/highxtar-etnia-barcelona-celebra-sus-20-anos-con-una-capsula-especial-24-2\/'><img decoding=\"async\" width=\"1200\" height=\"659\" src=\"https:\/\/highxtar.com\/wp-content\/uploads\/2021\/11\/highxtar-etnia-barcelona-celebra-sus-20-anos-con-una-capsula-especial-24.jpg\" class=\"attachment-full size-full\" alt=\"\" srcset=\"https:\/\/highxtar.com\/wp-content\/uploads\/2021\/11\/highxtar-etnia-barcelona-celebra-sus-20-anos-con-una-capsula-especial-24.jpg 1200w, https:\/\/highxtar.com\/wp-content\/uploads\/2021\/11\/highxtar-etnia-barcelona-celebra-sus-20-anos-con-una-capsula-especial-24-300x165.jpg 300w, https:\/\/highxtar.com\/wp-content\/uploads\/2021\/11\/highxtar-etnia-barcelona-celebra-sus-20-anos-con-una-capsula-especial-24-1024x562.jpg 1024w, https:\/\/highxtar.com\/wp-content\/uploads\/2021\/11\/highxtar-etnia-barcelona-celebra-sus-20-anos-con-una-capsula-especial-24-768x422.jpg 768w, https:\/\/highxtar.com\/wp-content\/uploads\/2021\/11\/highxtar-etnia-barcelona-celebra-sus-20-anos-con-una-capsula-especial-24-973x534.jpg 973w, https:\/\/highxtar.com\/wp-content\/uploads\/2021\/11\/highxtar-etnia-barcelona-celebra-sus-20-anos-con-una-capsula-especial-24-508x279.jpg 508w\" sizes=\"(max-width: 1200px) 100vw, 1200px\" \/><\/a>\n\t\t\t<\/div><\/figure><figure class='gallery-item'>\n\t\t\t<div class='gallery-icon landscape'>\n\t\t\t\t<a href='https:\/\/highxtar.com\/en\/etnia-barcelona-cumple-20-anos-y-lo-celebra-con-heritatge\/highxtar-etnia-barcelona-celebra-sus-20-anos-con-una-capsula-especial-30-2\/'><img decoding=\"async\" width=\"1200\" height=\"659\" src=\"https:\/\/highxtar.com\/wp-content\/uploads\/2021\/11\/highxtar-etnia-barcelona-celebra-sus-20-anos-con-una-capsula-especial-30.jpg\" class=\"attachment-full size-full\" alt=\"\" srcset=\"https:\/\/highxtar.com\/wp-content\/uploads\/2021\/11\/highxtar-etnia-barcelona-celebra-sus-20-anos-con-una-capsula-especial-30.jpg 1200w, https:\/\/highxtar.com\/wp-content\/uploads\/2021\/11\/highxtar-etnia-barcelona-celebra-sus-20-anos-con-una-capsula-especial-30-300x165.jpg 300w, https:\/\/highxtar.com\/wp-content\/uploads\/2021\/11\/highxtar-etnia-barcelona-celebra-sus-20-anos-con-una-capsula-especial-30-1024x562.jpg 1024w, https:\/\/highxtar.com\/wp-content\/uploads\/2021\/11\/highxtar-etnia-barcelona-celebra-sus-20-anos-con-una-capsula-especial-30-768x422.jpg 768w, https:\/\/highxtar.com\/wp-content\/uploads\/2021\/11\/highxtar-etnia-barcelona-celebra-sus-20-anos-con-una-capsula-especial-30-973x534.jpg 973w, https:\/\/highxtar.com\/wp-content\/uploads\/2021\/11\/highxtar-etnia-barcelona-celebra-sus-20-anos-con-una-capsula-especial-30-508x279.jpg 508w\" sizes=\"(max-width: 1200px) 100vw, 1200px\" \/><\/a>\n\t\t\t<\/div><\/figure><figure class='gallery-item'>\n\t\t\t<div class='gallery-icon landscape'>\n\t\t\t\t<a href='https:\/\/highxtar.com\/en\/etnia-barcelona-cumple-20-anos-y-lo-celebra-con-heritatge\/highxtar-etnia-barcelona-celebra-sus-20-anos-con-una-capsula-especial-31-2\/'><img decoding=\"async\" width=\"1200\" height=\"659\" src=\"https:\/\/highxtar.com\/wp-content\/uploads\/2021\/11\/highxtar-etnia-barcelona-celebra-sus-20-anos-con-una-capsula-especial-31.jpg\" class=\"attachment-full size-full\" alt=\"\" srcset=\"https:\/\/highxtar.com\/wp-content\/uploads\/2021\/11\/highxtar-etnia-barcelona-celebra-sus-20-anos-con-una-capsula-especial-31.jpg 1200w, https:\/\/highxtar.com\/wp-content\/uploads\/2021\/11\/highxtar-etnia-barcelona-celebra-sus-20-anos-con-una-capsula-especial-31-300x165.jpg 300w, https:\/\/highxtar.com\/wp-content\/uploads\/2021\/11\/highxtar-etnia-barcelona-celebra-sus-20-anos-con-una-capsula-especial-31-1024x562.jpg 1024w, https:\/\/highxtar.com\/wp-content\/uploads\/2021\/11\/highxtar-etnia-barcelona-celebra-sus-20-anos-con-una-capsula-especial-31-768x422.jpg 768w, https:\/\/highxtar.com\/wp-content\/uploads\/2021\/11\/highxtar-etnia-barcelona-celebra-sus-20-anos-con-una-capsula-especial-31-973x534.jpg 973w, https:\/\/highxtar.com\/wp-content\/uploads\/2021\/11\/highxtar-etnia-barcelona-celebra-sus-20-anos-con-una-capsula-especial-31-508x279.jpg 508w\" sizes=\"(max-width: 1200px) 100vw, 1200px\" \/><\/a>\n\t\t\t<\/div><\/figure><figure class='gallery-item'>\n\t\t\t<div class='gallery-icon landscape'>\n\t\t\t\t<a href='https:\/\/highxtar.com\/en\/etnia-barcelona-cumple-20-anos-y-lo-celebra-con-heritatge\/highxtar-etnia-barcelona-celebra-sus-20-anos-con-una-capsula-especial-27-2\/'><img decoding=\"async\" width=\"1200\" height=\"659\" src=\"https:\/\/highxtar.com\/wp-content\/uploads\/2021\/11\/highxtar-etnia-barcelona-celebra-sus-20-anos-con-una-capsula-especial-27.jpg\" class=\"attachment-full size-full\" alt=\"\" srcset=\"https:\/\/highxtar.com\/wp-content\/uploads\/2021\/11\/highxtar-etnia-barcelona-celebra-sus-20-anos-con-una-capsula-especial-27.jpg 1200w, https:\/\/highxtar.com\/wp-content\/uploads\/2021\/11\/highxtar-etnia-barcelona-celebra-sus-20-anos-con-una-capsula-especial-27-300x165.jpg 300w, https:\/\/highxtar.com\/wp-content\/uploads\/2021\/11\/highxtar-etnia-barcelona-celebra-sus-20-anos-con-una-capsula-especial-27-1024x562.jpg 1024w, https:\/\/highxtar.com\/wp-content\/uploads\/2021\/11\/highxtar-etnia-barcelona-celebra-sus-20-anos-con-una-capsula-especial-27-768x422.jpg 768w, https:\/\/highxtar.com\/wp-content\/uploads\/2021\/11\/highxtar-etnia-barcelona-celebra-sus-20-anos-con-una-capsula-especial-27-973x534.jpg 973w, https:\/\/highxtar.com\/wp-content\/uploads\/2021\/11\/highxtar-etnia-barcelona-celebra-sus-20-anos-con-una-capsula-especial-27-508x279.jpg 508w\" sizes=\"(max-width: 1200px) 100vw, 1200px\" \/><\/a>\n\t\t\t<\/div><\/figure><figure class='gallery-item'>\n\t\t\t<div class='gallery-icon landscape'>\n\t\t\t\t<a href='https:\/\/highxtar.com\/en\/etnia-barcelona-cumple-20-anos-y-lo-celebra-con-heritatge\/highxtar-etnia-barcelona-celebra-sus-20-anos-con-una-capsula-especial-33-2\/'><img decoding=\"async\" width=\"1200\" height=\"659\" src=\"https:\/\/highxtar.com\/wp-content\/uploads\/2021\/11\/highxtar-etnia-barcelona-celebra-sus-20-anos-con-una-capsula-especial-33.jpg\" class=\"attachment-full size-full\" alt=\"\" srcset=\"https:\/\/highxtar.com\/wp-content\/uploads\/2021\/11\/highxtar-etnia-barcelona-celebra-sus-20-anos-con-una-capsula-especial-33.jpg 1200w, https:\/\/highxtar.com\/wp-content\/uploads\/2021\/11\/highxtar-etnia-barcelona-celebra-sus-20-anos-con-una-capsula-especial-33-300x165.jpg 300w, https:\/\/highxtar.com\/wp-content\/uploads\/2021\/11\/highxtar-etnia-barcelona-celebra-sus-20-anos-con-una-capsula-especial-33-1024x562.jpg 1024w, https:\/\/highxtar.com\/wp-content\/uploads\/2021\/11\/highxtar-etnia-barcelona-celebra-sus-20-anos-con-una-capsula-especial-33-768x422.jpg 768w, https:\/\/highxtar.com\/wp-content\/uploads\/2021\/11\/highxtar-etnia-barcelona-celebra-sus-20-anos-con-una-capsula-especial-33-973x534.jpg 973w, https:\/\/highxtar.com\/wp-content\/uploads\/2021\/11\/highxtar-etnia-barcelona-celebra-sus-20-anos-con-una-capsula-especial-33-508x279.jpg 508w\" sizes=\"(max-width: 1200px) 100vw, 1200px\" \/><\/a>\n\t\t\t<\/div><\/figure><figure class='gallery-item'>\n\t\t\t<div class='gallery-icon landscape'>\n\t\t\t\t<a href='https:\/\/highxtar.com\/en\/etnia-barcelona-cumple-20-anos-y-lo-celebra-con-heritatge\/highxtar-etnia-barcelona-celebra-sus-20-anos-con-una-capsula-especial-34-2\/'><img decoding=\"async\" width=\"1200\" height=\"659\" src=\"https:\/\/highxtar.com\/wp-content\/uploads\/2021\/11\/highxtar-etnia-barcelona-celebra-sus-20-anos-con-una-capsula-especial-34.jpg\" class=\"attachment-full size-full\" alt=\"\" srcset=\"https:\/\/highxtar.com\/wp-content\/uploads\/2021\/11\/highxtar-etnia-barcelona-celebra-sus-20-anos-con-una-capsula-especial-34.jpg 1200w, https:\/\/highxtar.com\/wp-content\/uploads\/2021\/11\/highxtar-etnia-barcelona-celebra-sus-20-anos-con-una-capsula-especial-34-300x165.jpg 300w, https:\/\/highxtar.com\/wp-content\/uploads\/2021\/11\/highxtar-etnia-barcelona-celebra-sus-20-anos-con-una-capsula-especial-34-1024x562.jpg 1024w, https:\/\/highxtar.com\/wp-content\/uploads\/2021\/11\/highxtar-etnia-barcelona-celebra-sus-20-anos-con-una-capsula-especial-34-768x422.jpg 768w, https:\/\/highxtar.com\/wp-content\/uploads\/2021\/11\/highxtar-etnia-barcelona-celebra-sus-20-anos-con-una-capsula-especial-34-973x534.jpg 973w, https:\/\/highxtar.com\/wp-content\/uploads\/2021\/11\/highxtar-etnia-barcelona-celebra-sus-20-anos-con-una-capsula-especial-34-508x279.jpg 508w\" sizes=\"(max-width: 1200px) 100vw, 1200px\" \/><\/a>\n\t\t\t<\/div><\/figure><figure class='gallery-item'>\n\t\t\t<div class='gallery-icon landscape'>\n\t\t\t\t<a href='https:\/\/highxtar.com\/en\/etnia-barcelona-cumple-20-anos-y-lo-celebra-con-heritatge\/highxtar-etnia-barcelona-celebra-sus-20-anos-con-una-capsula-especial-32-2\/'><img decoding=\"async\" width=\"1200\" height=\"659\" src=\"https:\/\/highxtar.com\/wp-content\/uploads\/2021\/11\/highxtar-etnia-barcelona-celebra-sus-20-anos-con-una-capsula-especial-32.jpg\" class=\"attachment-full size-full\" alt=\"\" srcset=\"https:\/\/highxtar.com\/wp-content\/uploads\/2021\/11\/highxtar-etnia-barcelona-celebra-sus-20-anos-con-una-capsula-especial-32.jpg 1200w, https:\/\/highxtar.com\/wp-content\/uploads\/2021\/11\/highxtar-etnia-barcelona-celebra-sus-20-anos-con-una-capsula-especial-32-300x165.jpg 300w, https:\/\/highxtar.com\/wp-content\/uploads\/2021\/11\/highxtar-etnia-barcelona-celebra-sus-20-anos-con-una-capsula-especial-32-1024x562.jpg 1024w, https:\/\/highxtar.com\/wp-content\/uploads\/2021\/11\/highxtar-etnia-barcelona-celebra-sus-20-anos-con-una-capsula-especial-32-768x422.jpg 768w, https:\/\/highxtar.com\/wp-content\/uploads\/2021\/11\/highxtar-etnia-barcelona-celebra-sus-20-anos-con-una-capsula-especial-32-973x534.jpg 973w, https:\/\/highxtar.com\/wp-content\/uploads\/2021\/11\/highxtar-etnia-barcelona-celebra-sus-20-anos-con-una-capsula-especial-32-508x279.jpg 508w\" sizes=\"(max-width: 1200px) 100vw, 1200px\" \/><\/a>\n\t\t\t<\/div><\/figure><figure class='gallery-item'>\n\t\t\t<div class='gallery-icon landscape'>\n\t\t\t\t<a href='https:\/\/highxtar.com\/en\/etnia-barcelona-cumple-20-anos-y-lo-celebra-con-heritatge\/highxtar-etnia-barcelona-celebra-sus-20-anos-con-una-capsula-especial-36-2\/'><img decoding=\"async\" width=\"1200\" height=\"659\" src=\"https:\/\/highxtar.com\/wp-content\/uploads\/2021\/11\/highxtar-etnia-barcelona-celebra-sus-20-anos-con-una-capsula-especial-36.jpg\" class=\"attachment-full size-full\" alt=\"\" srcset=\"https:\/\/highxtar.com\/wp-content\/uploads\/2021\/11\/highxtar-etnia-barcelona-celebra-sus-20-anos-con-una-capsula-especial-36.jpg 1200w, https:\/\/highxtar.com\/wp-content\/uploads\/2021\/11\/highxtar-etnia-barcelona-celebra-sus-20-anos-con-una-capsula-especial-36-300x165.jpg 300w, https:\/\/highxtar.com\/wp-content\/uploads\/2021\/11\/highxtar-etnia-barcelona-celebra-sus-20-anos-con-una-capsula-especial-36-1024x562.jpg 1024w, https:\/\/highxtar.com\/wp-content\/uploads\/2021\/11\/highxtar-etnia-barcelona-celebra-sus-20-anos-con-una-capsula-especial-36-768x422.jpg 768w, https:\/\/highxtar.com\/wp-content\/uploads\/2021\/11\/highxtar-etnia-barcelona-celebra-sus-20-anos-con-una-capsula-especial-36-973x534.jpg 973w, https:\/\/highxtar.com\/wp-content\/uploads\/2021\/11\/highxtar-etnia-barcelona-celebra-sus-20-anos-con-una-capsula-especial-36-508x279.jpg 508w\" sizes=\"(max-width: 1200px) 100vw, 1200px\" \/><\/a>\n\t\t\t<\/div><\/figure><figure class='gallery-item'>\n\t\t\t<div class='gallery-icon landscape'>\n\t\t\t\t<a href='https:\/\/highxtar.com\/en\/etnia-barcelona-cumple-20-anos-y-lo-celebra-con-heritatge\/highxtar-etnia-barcelona-celebra-sus-20-anos-con-una-capsula-especial-37-2\/'><img decoding=\"async\" width=\"1200\" height=\"659\" src=\"https:\/\/highxtar.com\/wp-content\/uploads\/2021\/11\/highxtar-etnia-barcelona-celebra-sus-20-anos-con-una-capsula-especial-37.jpg\" class=\"attachment-full size-full\" alt=\"\" srcset=\"https:\/\/highxtar.com\/wp-content\/uploads\/2021\/11\/highxtar-etnia-barcelona-celebra-sus-20-anos-con-una-capsula-especial-37.jpg 1200w, https:\/\/highxtar.com\/wp-content\/uploads\/2021\/11\/highxtar-etnia-barcelona-celebra-sus-20-anos-con-una-capsula-especial-37-300x165.jpg 300w, https:\/\/highxtar.com\/wp-content\/uploads\/2021\/11\/highxtar-etnia-barcelona-celebra-sus-20-anos-con-una-capsula-especial-37-1024x562.jpg 1024w, https:\/\/highxtar.com\/wp-content\/uploads\/2021\/11\/highxtar-etnia-barcelona-celebra-sus-20-anos-con-una-capsula-especial-37-768x422.jpg 768w, https:\/\/highxtar.com\/wp-content\/uploads\/2021\/11\/highxtar-etnia-barcelona-celebra-sus-20-anos-con-una-capsula-especial-37-973x534.jpg 973w, https:\/\/highxtar.com\/wp-content\/uploads\/2021\/11\/highxtar-etnia-barcelona-celebra-sus-20-anos-con-una-capsula-especial-37-508x279.jpg 508w\" sizes=\"(max-width: 1200px) 100vw, 1200px\" \/><\/a>\n\t\t\t<\/div><\/figure><figure class='gallery-item'>\n\t\t\t<div class='gallery-icon landscape'>\n\t\t\t\t<a href='https:\/\/highxtar.com\/en\/etnia-barcelona-cumple-20-anos-y-lo-celebra-con-heritatge\/highxtar-etnia-barcelona-celebra-sus-20-anos-con-una-capsula-especial-35-2\/'><img decoding=\"async\" width=\"1200\" height=\"659\" src=\"https:\/\/highxtar.com\/wp-content\/uploads\/2021\/11\/highxtar-etnia-barcelona-celebra-sus-20-anos-con-una-capsula-especial-35.jpg\" class=\"attachment-full size-full\" alt=\"\" srcset=\"https:\/\/highxtar.com\/wp-content\/uploads\/2021\/11\/highxtar-etnia-barcelona-celebra-sus-20-anos-con-una-capsula-especial-35.jpg 1200w, https:\/\/highxtar.com\/wp-content\/uploads\/2021\/11\/highxtar-etnia-barcelona-celebra-sus-20-anos-con-una-capsula-especial-35-300x165.jpg 300w, https:\/\/highxtar.com\/wp-content\/uploads\/2021\/11\/highxtar-etnia-barcelona-celebra-sus-20-anos-con-una-capsula-especial-35-1024x562.jpg 1024w, https:\/\/highxtar.com\/wp-content\/uploads\/2021\/11\/highxtar-etnia-barcelona-celebra-sus-20-anos-con-una-capsula-especial-35-768x422.jpg 768w, https:\/\/highxtar.com\/wp-content\/uploads\/2021\/11\/highxtar-etnia-barcelona-celebra-sus-20-anos-con-una-capsula-especial-35-973x534.jpg 973w, https:\/\/highxtar.com\/wp-content\/uploads\/2021\/11\/highxtar-etnia-barcelona-celebra-sus-20-anos-con-una-capsula-especial-35-508x279.jpg 508w\" sizes=\"(max-width: 1200px) 100vw, 1200px\" \/><\/a>\n\t\t\t<\/div><\/figure><figure class='gallery-item'>\n\t\t\t<div class='gallery-icon landscape'>\n\t\t\t\t<a href='https:\/\/highxtar.com\/en\/etnia-barcelona-cumple-20-anos-y-lo-celebra-con-heritatge\/highxtar-etnia-barcelona-celebra-sus-20-anos-con-una-capsula-especial-39-2\/'><img decoding=\"async\" width=\"1200\" height=\"659\" src=\"https:\/\/highxtar.com\/wp-content\/uploads\/2021\/11\/highxtar-etnia-barcelona-celebra-sus-20-anos-con-una-capsula-especial-39.jpg\" class=\"attachment-full size-full\" alt=\"\" srcset=\"https:\/\/highxtar.com\/wp-content\/uploads\/2021\/11\/highxtar-etnia-barcelona-celebra-sus-20-anos-con-una-capsula-especial-39.jpg 1200w, https:\/\/highxtar.com\/wp-content\/uploads\/2021\/11\/highxtar-etnia-barcelona-celebra-sus-20-anos-con-una-capsula-especial-39-300x165.jpg 300w, https:\/\/highxtar.com\/wp-content\/uploads\/2021\/11\/highxtar-etnia-barcelona-celebra-sus-20-anos-con-una-capsula-especial-39-1024x562.jpg 1024w, https:\/\/highxtar.com\/wp-content\/uploads\/2021\/11\/highxtar-etnia-barcelona-celebra-sus-20-anos-con-una-capsula-especial-39-768x422.jpg 768w, https:\/\/highxtar.com\/wp-content\/uploads\/2021\/11\/highxtar-etnia-barcelona-celebra-sus-20-anos-con-una-capsula-especial-39-973x534.jpg 973w, https:\/\/highxtar.com\/wp-content\/uploads\/2021\/11\/highxtar-etnia-barcelona-celebra-sus-20-anos-con-una-capsula-especial-39-508x279.jpg 508w\" sizes=\"(max-width: 1200px) 100vw, 1200px\" \/><\/a>\n\t\t\t<\/div><\/figure><figure class='gallery-item'>\n\t\t\t<div class='gallery-icon landscape'>\n\t\t\t\t<a href='https:\/\/highxtar.com\/en\/etnia-barcelona-cumple-20-anos-y-lo-celebra-con-heritatge\/highxtar-etnia-barcelona-celebra-sus-20-anos-con-una-capsula-especial-40-2\/'><img decoding=\"async\" width=\"1200\" height=\"659\" src=\"https:\/\/highxtar.com\/wp-content\/uploads\/2021\/11\/highxtar-etnia-barcelona-celebra-sus-20-anos-con-una-capsula-especial-40.jpg\" class=\"attachment-full size-full\" alt=\"\" srcset=\"https:\/\/highxtar.com\/wp-content\/uploads\/2021\/11\/highxtar-etnia-barcelona-celebra-sus-20-anos-con-una-capsula-especial-40.jpg 1200w, https:\/\/highxtar.com\/wp-content\/uploads\/2021\/11\/highxtar-etnia-barcelona-celebra-sus-20-anos-con-una-capsula-especial-40-300x165.jpg 300w, https:\/\/highxtar.com\/wp-content\/uploads\/2021\/11\/highxtar-etnia-barcelona-celebra-sus-20-anos-con-una-capsula-especial-40-1024x562.jpg 1024w, https:\/\/highxtar.com\/wp-content\/uploads\/2021\/11\/highxtar-etnia-barcelona-celebra-sus-20-anos-con-una-capsula-especial-40-768x422.jpg 768w, https:\/\/highxtar.com\/wp-content\/uploads\/2021\/11\/highxtar-etnia-barcelona-celebra-sus-20-anos-con-una-capsula-especial-40-973x534.jpg 973w, https:\/\/highxtar.com\/wp-content\/uploads\/2021\/11\/highxtar-etnia-barcelona-celebra-sus-20-anos-con-una-capsula-especial-40-508x279.jpg 508w\" sizes=\"(max-width: 1200px) 100vw, 1200px\" \/><\/a>\n\t\t\t<\/div><\/figure><figure class='gallery-item'>\n\t\t\t<div class='gallery-icon landscape'>\n\t\t\t\t<a href='https:\/\/highxtar.com\/en\/etnia-barcelona-cumple-20-anos-y-lo-celebra-con-heritatge\/highxtar-etnia-barcelona-celebra-sus-20-anos-con-una-capsula-especial-38-2\/'><img decoding=\"async\" width=\"1200\" height=\"659\" src=\"https:\/\/highxtar.com\/wp-content\/uploads\/2021\/11\/highxtar-etnia-barcelona-celebra-sus-20-anos-con-una-capsula-especial-38.jpg\" class=\"attachment-full size-full\" alt=\"\" srcset=\"https:\/\/highxtar.com\/wp-content\/uploads\/2021\/11\/highxtar-etnia-barcelona-celebra-sus-20-anos-con-una-capsula-especial-38.jpg 1200w, https:\/\/highxtar.com\/wp-content\/uploads\/2021\/11\/highxtar-etnia-barcelona-celebra-sus-20-anos-con-una-capsula-especial-38-300x165.jpg 300w, https:\/\/highxtar.com\/wp-content\/uploads\/2021\/11\/highxtar-etnia-barcelona-celebra-sus-20-anos-con-una-capsula-especial-38-1024x562.jpg 1024w, https:\/\/highxtar.com\/wp-content\/uploads\/2021\/11\/highxtar-etnia-barcelona-celebra-sus-20-anos-con-una-capsula-especial-38-768x422.jpg 768w, https:\/\/highxtar.com\/wp-content\/uploads\/2021\/11\/highxtar-etnia-barcelona-celebra-sus-20-anos-con-una-capsula-especial-38-973x534.jpg 973w, https:\/\/highxtar.com\/wp-content\/uploads\/2021\/11\/highxtar-etnia-barcelona-celebra-sus-20-anos-con-una-capsula-especial-38-508x279.jpg 508w\" sizes=\"(max-width: 1200px) 100vw, 1200px\" \/><\/a>\n\t\t\t<\/div><\/figure><figure class='gallery-item'>\n\t\t\t<div class='gallery-icon landscape'>\n\t\t\t\t<a href='https:\/\/highxtar.com\/en\/etnia-barcelona-cumple-20-anos-y-lo-celebra-con-heritatge\/highxtar-etnia-barcelona-celebra-sus-20-anos-con-una-capsula-especial-42-2\/'><img decoding=\"async\" width=\"1200\" height=\"659\" src=\"https:\/\/highxtar.com\/wp-content\/uploads\/2021\/11\/highxtar-etnia-barcelona-celebra-sus-20-anos-con-una-capsula-especial-42.jpg\" class=\"attachment-full size-full\" alt=\"\" srcset=\"https:\/\/highxtar.com\/wp-content\/uploads\/2021\/11\/highxtar-etnia-barcelona-celebra-sus-20-anos-con-una-capsula-especial-42.jpg 1200w, https:\/\/highxtar.com\/wp-content\/uploads\/2021\/11\/highxtar-etnia-barcelona-celebra-sus-20-anos-con-una-capsula-especial-42-300x165.jpg 300w, https:\/\/highxtar.com\/wp-content\/uploads\/2021\/11\/highxtar-etnia-barcelona-celebra-sus-20-anos-con-una-capsula-especial-42-1024x562.jpg 1024w, https:\/\/highxtar.com\/wp-content\/uploads\/2021\/11\/highxtar-etnia-barcelona-celebra-sus-20-anos-con-una-capsula-especial-42-768x422.jpg 768w, https:\/\/highxtar.com\/wp-content\/uploads\/2021\/11\/highxtar-etnia-barcelona-celebra-sus-20-anos-con-una-capsula-especial-42-973x534.jpg 973w, https:\/\/highxtar.com\/wp-content\/uploads\/2021\/11\/highxtar-etnia-barcelona-celebra-sus-20-anos-con-una-capsula-especial-42-508x279.jpg 508w\" sizes=\"(max-width: 1200px) 100vw, 1200px\" \/><\/a>\n\t\t\t<\/div><\/figure><figure class='gallery-item'>\n\t\t\t<div class='gallery-icon landscape'>\n\t\t\t\t<a href='https:\/\/highxtar.com\/en\/etnia-barcelona-cumple-20-anos-y-lo-celebra-con-heritatge\/highxtar-etnia-barcelona-celebra-sus-20-anos-con-una-capsula-especial-43-2\/'><img decoding=\"async\" width=\"1200\" height=\"659\" src=\"https:\/\/highxtar.com\/wp-content\/uploads\/2021\/11\/highxtar-etnia-barcelona-celebra-sus-20-anos-con-una-capsula-especial-43.jpg\" class=\"attachment-full size-full\" alt=\"\" srcset=\"https:\/\/highxtar.com\/wp-content\/uploads\/2021\/11\/highxtar-etnia-barcelona-celebra-sus-20-anos-con-una-capsula-especial-43.jpg 1200w, https:\/\/highxtar.com\/wp-content\/uploads\/2021\/11\/highxtar-etnia-barcelona-celebra-sus-20-anos-con-una-capsula-especial-43-300x165.jpg 300w, https:\/\/highxtar.com\/wp-content\/uploads\/2021\/11\/highxtar-etnia-barcelona-celebra-sus-20-anos-con-una-capsula-especial-43-1024x562.jpg 1024w, https:\/\/highxtar.com\/wp-content\/uploads\/2021\/11\/highxtar-etnia-barcelona-celebra-sus-20-anos-con-una-capsula-especial-43-768x422.jpg 768w, https:\/\/highxtar.com\/wp-content\/uploads\/2021\/11\/highxtar-etnia-barcelona-celebra-sus-20-anos-con-una-capsula-especial-43-973x534.jpg 973w, https:\/\/highxtar.com\/wp-content\/uploads\/2021\/11\/highxtar-etnia-barcelona-celebra-sus-20-anos-con-una-capsula-especial-43-508x279.jpg 508w\" sizes=\"(max-width: 1200px) 100vw, 1200px\" \/><\/a>\n\t\t\t<\/div><\/figure><figure class='gallery-item'>\n\t\t\t<div class='gallery-icon landscape'>\n\t\t\t\t<a href='https:\/\/highxtar.com\/en\/etnia-barcelona-cumple-20-anos-y-lo-celebra-con-heritatge\/highxtar-etnia-barcelona-celebra-sus-20-anos-con-una-capsula-especial-41-2\/'><img decoding=\"async\" width=\"1200\" height=\"659\" src=\"https:\/\/highxtar.com\/wp-content\/uploads\/2021\/11\/highxtar-etnia-barcelona-celebra-sus-20-anos-con-una-capsula-especial-41.jpg\" class=\"attachment-full size-full\" alt=\"\" srcset=\"https:\/\/highxtar.com\/wp-content\/uploads\/2021\/11\/highxtar-etnia-barcelona-celebra-sus-20-anos-con-una-capsula-especial-41.jpg 1200w, https:\/\/highxtar.com\/wp-content\/uploads\/2021\/11\/highxtar-etnia-barcelona-celebra-sus-20-anos-con-una-capsula-especial-41-300x165.jpg 300w, https:\/\/highxtar.com\/wp-content\/uploads\/2021\/11\/highxtar-etnia-barcelona-celebra-sus-20-anos-con-una-capsula-especial-41-1024x562.jpg 1024w, https:\/\/highxtar.com\/wp-content\/uploads\/2021\/11\/highxtar-etnia-barcelona-celebra-sus-20-anos-con-una-capsula-especial-41-768x422.jpg 768w, https:\/\/highxtar.com\/wp-content\/uploads\/2021\/11\/highxtar-etnia-barcelona-celebra-sus-20-anos-con-una-capsula-especial-41-973x534.jpg 973w, https:\/\/highxtar.com\/wp-content\/uploads\/2021\/11\/highxtar-etnia-barcelona-celebra-sus-20-anos-con-una-capsula-especial-41-508x279.jpg 508w\" sizes=\"(max-width: 1200px) 100vw, 1200px\" \/><\/a>\n\t\t\t<\/div><\/figure><figure class='gallery-item'>\n\t\t\t<div class='gallery-icon landscape'>\n\t\t\t\t<a href='https:\/\/highxtar.com\/en\/etnia-barcelona-cumple-20-anos-y-lo-celebra-con-heritatge\/highxtar-etnia-barcelona-celebra-sus-20-anos-con-una-capsula-especial-45-2\/'><img decoding=\"async\" width=\"1200\" height=\"659\" src=\"https:\/\/highxtar.com\/wp-content\/uploads\/2021\/11\/highxtar-etnia-barcelona-celebra-sus-20-anos-con-una-capsula-especial-45.jpg\" class=\"attachment-full size-full\" alt=\"\" srcset=\"https:\/\/highxtar.com\/wp-content\/uploads\/2021\/11\/highxtar-etnia-barcelona-celebra-sus-20-anos-con-una-capsula-especial-45.jpg 1200w, https:\/\/highxtar.com\/wp-content\/uploads\/2021\/11\/highxtar-etnia-barcelona-celebra-sus-20-anos-con-una-capsula-especial-45-300x165.jpg 300w, https:\/\/highxtar.com\/wp-content\/uploads\/2021\/11\/highxtar-etnia-barcelona-celebra-sus-20-anos-con-una-capsula-especial-45-1024x562.jpg 1024w, https:\/\/highxtar.com\/wp-content\/uploads\/2021\/11\/highxtar-etnia-barcelona-celebra-sus-20-anos-con-una-capsula-especial-45-768x422.jpg 768w, https:\/\/highxtar.com\/wp-content\/uploads\/2021\/11\/highxtar-etnia-barcelona-celebra-sus-20-anos-con-una-capsula-especial-45-973x534.jpg 973w, https:\/\/highxtar.com\/wp-content\/uploads\/2021\/11\/highxtar-etnia-barcelona-celebra-sus-20-anos-con-una-capsula-especial-45-508x279.jpg 508w\" sizes=\"(max-width: 1200px) 100vw, 1200px\" \/><\/a>\n\t\t\t<\/div><\/figure><figure class='gallery-item'>\n\t\t\t<div class='gallery-icon landscape'>\n\t\t\t\t<a href='https:\/\/highxtar.com\/en\/etnia-barcelona-cumple-20-anos-y-lo-celebra-con-heritatge\/highxtar-etnia-barcelona-celebra-sus-20-anos-con-una-capsula-especial-46-2\/'><img decoding=\"async\" width=\"1200\" height=\"659\" src=\"https:\/\/highxtar.com\/wp-content\/uploads\/2021\/11\/highxtar-etnia-barcelona-celebra-sus-20-anos-con-una-capsula-especial-46.jpg\" class=\"attachment-full size-full\" alt=\"\" srcset=\"https:\/\/highxtar.com\/wp-content\/uploads\/2021\/11\/highxtar-etnia-barcelona-celebra-sus-20-anos-con-una-capsula-especial-46.jpg 1200w, https:\/\/highxtar.com\/wp-content\/uploads\/2021\/11\/highxtar-etnia-barcelona-celebra-sus-20-anos-con-una-capsula-especial-46-300x165.jpg 300w, https:\/\/highxtar.com\/wp-content\/uploads\/2021\/11\/highxtar-etnia-barcelona-celebra-sus-20-anos-con-una-capsula-especial-46-1024x562.jpg 1024w, https:\/\/highxtar.com\/wp-content\/uploads\/2021\/11\/highxtar-etnia-barcelona-celebra-sus-20-anos-con-una-capsula-especial-46-768x422.jpg 768w, https:\/\/highxtar.com\/wp-content\/uploads\/2021\/11\/highxtar-etnia-barcelona-celebra-sus-20-anos-con-una-capsula-especial-46-973x534.jpg 973w, https:\/\/highxtar.com\/wp-content\/uploads\/2021\/11\/highxtar-etnia-barcelona-celebra-sus-20-anos-con-una-capsula-especial-46-508x279.jpg 508w\" sizes=\"(max-width: 1200px) 100vw, 1200px\" \/><\/a>\n\t\t\t<\/div><\/figure><figure class='gallery-item'>\n\t\t\t<div class='gallery-icon landscape'>\n\t\t\t\t<a href='https:\/\/highxtar.com\/en\/etnia-barcelona-cumple-20-anos-y-lo-celebra-con-heritatge\/highxtar-etnia-barcelona-celebra-sus-20-anos-con-una-capsula-especial-44-2\/'><img decoding=\"async\" width=\"1200\" height=\"659\" src=\"https:\/\/highxtar.com\/wp-content\/uploads\/2021\/11\/highxtar-etnia-barcelona-celebra-sus-20-anos-con-una-capsula-especial-44.jpg\" class=\"attachment-full size-full\" alt=\"\" srcset=\"https:\/\/highxtar.com\/wp-content\/uploads\/2021\/11\/highxtar-etnia-barcelona-celebra-sus-20-anos-con-una-capsula-especial-44.jpg 1200w, https:\/\/highxtar.com\/wp-content\/uploads\/2021\/11\/highxtar-etnia-barcelona-celebra-sus-20-anos-con-una-capsula-especial-44-300x165.jpg 300w, https:\/\/highxtar.com\/wp-content\/uploads\/2021\/11\/highxtar-etnia-barcelona-celebra-sus-20-anos-con-una-capsula-especial-44-1024x562.jpg 1024w, https:\/\/highxtar.com\/wp-content\/uploads\/2021\/11\/highxtar-etnia-barcelona-celebra-sus-20-anos-con-una-capsula-especial-44-768x422.jpg 768w, https:\/\/highxtar.com\/wp-content\/uploads\/2021\/11\/highxtar-etnia-barcelona-celebra-sus-20-anos-con-una-capsula-especial-44-973x534.jpg 973w, https:\/\/highxtar.com\/wp-content\/uploads\/2021\/11\/highxtar-etnia-barcelona-celebra-sus-20-anos-con-una-capsula-especial-44-508x279.jpg 508w\" sizes=\"(max-width: 1200px) 100vw, 1200px\" \/><\/a>\n\t\t\t<\/div><\/figure><figure class='gallery-item'>\n\t\t\t<div class='gallery-icon landscape'>\n\t\t\t\t<a href='https:\/\/highxtar.com\/en\/etnia-barcelona-cumple-20-anos-y-lo-celebra-con-heritatge\/highxtar-etnia-barcelona-celebra-sus-20-anos-con-una-capsula-especial-47-2\/'><img decoding=\"async\" width=\"1200\" height=\"659\" src=\"https:\/\/highxtar.com\/wp-content\/uploads\/2021\/11\/highxtar-etnia-barcelona-celebra-sus-20-anos-con-una-capsula-especial-47.jpg\" class=\"attachment-full size-full\" alt=\"\" srcset=\"https:\/\/highxtar.com\/wp-content\/uploads\/2021\/11\/highxtar-etnia-barcelona-celebra-sus-20-anos-con-una-capsula-especial-47.jpg 1200w, https:\/\/highxtar.com\/wp-content\/uploads\/2021\/11\/highxtar-etnia-barcelona-celebra-sus-20-anos-con-una-capsula-especial-47-300x165.jpg 300w, https:\/\/highxtar.com\/wp-content\/uploads\/2021\/11\/highxtar-etnia-barcelona-celebra-sus-20-anos-con-una-capsula-especial-47-1024x562.jpg 1024w, https:\/\/highxtar.com\/wp-content\/uploads\/2021\/11\/highxtar-etnia-barcelona-celebra-sus-20-anos-con-una-capsula-especial-47-768x422.jpg 768w, https:\/\/highxtar.com\/wp-content\/uploads\/2021\/11\/highxtar-etnia-barcelona-celebra-sus-20-anos-con-una-capsula-especial-47-973x534.jpg 973w, https:\/\/highxtar.com\/wp-content\/uploads\/2021\/11\/highxtar-etnia-barcelona-celebra-sus-20-anos-con-una-capsula-especial-47-508x279.jpg 508w\" sizes=\"(max-width: 1200px) 100vw, 1200px\" \/><\/a>\n\t\t\t<\/div><\/figure><figure class='gallery-item'>\n\t\t\t<div class='gallery-icon landscape'>\n\t\t\t\t<a href='https:\/\/highxtar.com\/en\/etnia-barcelona-cumple-20-anos-y-lo-celebra-con-heritatge\/highxtar-etnia-barcelona-celebra-sus-20-anos-con-una-capsula-especial-48-2\/'><img decoding=\"async\" width=\"1200\" height=\"659\" src=\"https:\/\/highxtar.com\/wp-content\/uploads\/2021\/11\/highxtar-etnia-barcelona-celebra-sus-20-anos-con-una-capsula-especial-48.jpg\" class=\"attachment-full size-full\" alt=\"\" srcset=\"https:\/\/highxtar.com\/wp-content\/uploads\/2021\/11\/highxtar-etnia-barcelona-celebra-sus-20-anos-con-una-capsula-especial-48.jpg 1200w, https:\/\/highxtar.com\/wp-content\/uploads\/2021\/11\/highxtar-etnia-barcelona-celebra-sus-20-anos-con-una-capsula-especial-48-300x165.jpg 300w, https:\/\/highxtar.com\/wp-content\/uploads\/2021\/11\/highxtar-etnia-barcelona-celebra-sus-20-anos-con-una-capsula-especial-48-1024x562.jpg 1024w, https:\/\/highxtar.com\/wp-content\/uploads\/2021\/11\/highxtar-etnia-barcelona-celebra-sus-20-anos-con-una-capsula-especial-48-768x422.jpg 768w, https:\/\/highxtar.com\/wp-content\/uploads\/2021\/11\/highxtar-etnia-barcelona-celebra-sus-20-anos-con-una-capsula-especial-48-973x534.jpg 973w, https:\/\/highxtar.com\/wp-content\/uploads\/2021\/11\/highxtar-etnia-barcelona-celebra-sus-20-anos-con-una-capsula-especial-48-508x279.jpg 508w\" sizes=\"(max-width: 1200px) 100vw, 1200px\" \/><\/a>\n\t\t\t<\/div><\/figure><figure class='gallery-item'>\n\t\t\t<div class='gallery-icon landscape'>\n\t\t\t\t<a href='https:\/\/highxtar.com\/en\/etnia-barcelona-cumple-20-anos-y-lo-celebra-con-heritatge\/highxtar-etnia-barcelona-celebra-sus-20-anos-con-una-capsula-especial-49-2\/'><img decoding=\"async\" width=\"1200\" height=\"659\" src=\"https:\/\/highxtar.com\/wp-content\/uploads\/2021\/11\/highxtar-etnia-barcelona-celebra-sus-20-anos-con-una-capsula-especial-49.jpg\" class=\"attachment-full size-full\" alt=\"\" srcset=\"https:\/\/highxtar.com\/wp-content\/uploads\/2021\/11\/highxtar-etnia-barcelona-celebra-sus-20-anos-con-una-capsula-especial-49.jpg 1200w, https:\/\/highxtar.com\/wp-content\/uploads\/2021\/11\/highxtar-etnia-barcelona-celebra-sus-20-anos-con-una-capsula-especial-49-300x165.jpg 300w, https:\/\/highxtar.com\/wp-content\/uploads\/2021\/11\/highxtar-etnia-barcelona-celebra-sus-20-anos-con-una-capsula-especial-49-1024x562.jpg 1024w, https:\/\/highxtar.com\/wp-content\/uploads\/2021\/11\/highxtar-etnia-barcelona-celebra-sus-20-anos-con-una-capsula-especial-49-768x422.jpg 768w, https:\/\/highxtar.com\/wp-content\/uploads\/2021\/11\/highxtar-etnia-barcelona-celebra-sus-20-anos-con-una-capsula-especial-49-973x534.jpg 973w, https:\/\/highxtar.com\/wp-content\/uploads\/2021\/11\/highxtar-etnia-barcelona-celebra-sus-20-anos-con-una-capsula-especial-49-508x279.jpg 508w\" sizes=\"(max-width: 1200px) 100vw, 1200px\" \/><\/a>\n\t\t\t<\/div><\/figure><figure class='gallery-item'>\n\t\t\t<div class='gallery-icon landscape'>\n\t\t\t\t<a href='https:\/\/highxtar.com\/en\/etnia-barcelona-cumple-20-anos-y-lo-celebra-con-heritatge\/highxtar-etnia-barcelona-celebra-sus-20-anos-con-una-capsula-especial-50-2\/'><img decoding=\"async\" width=\"1200\" height=\"659\" src=\"https:\/\/highxtar.com\/wp-content\/uploads\/2021\/11\/highxtar-etnia-barcelona-celebra-sus-20-anos-con-una-capsula-especial-50.jpg\" class=\"attachment-full size-full\" alt=\"\" srcset=\"https:\/\/highxtar.com\/wp-content\/uploads\/2021\/11\/highxtar-etnia-barcelona-celebra-sus-20-anos-con-una-capsula-especial-50.jpg 1200w, https:\/\/highxtar.com\/wp-content\/uploads\/2021\/11\/highxtar-etnia-barcelona-celebra-sus-20-anos-con-una-capsula-especial-50-300x165.jpg 300w, https:\/\/highxtar.com\/wp-content\/uploads\/2021\/11\/highxtar-etnia-barcelona-celebra-sus-20-anos-con-una-capsula-especial-50-1024x562.jpg 1024w, https:\/\/highxtar.com\/wp-content\/uploads\/2021\/11\/highxtar-etnia-barcelona-celebra-sus-20-anos-con-una-capsula-especial-50-768x422.jpg 768w, https:\/\/highxtar.com\/wp-content\/uploads\/2021\/11\/highxtar-etnia-barcelona-celebra-sus-20-anos-con-una-capsula-especial-50-973x534.jpg 973w, https:\/\/highxtar.com\/wp-content\/uploads\/2021\/11\/highxtar-etnia-barcelona-celebra-sus-20-anos-con-una-capsula-especial-50-508x279.jpg 508w\" sizes=\"(max-width: 1200px) 100vw, 1200px\" \/><\/a>\n\t\t\t<\/div><\/figure><figure class='gallery-item'>\n\t\t\t<div class='gallery-icon landscape'>\n\t\t\t\t<a href='https:\/\/highxtar.com\/en\/etnia-barcelona-cumple-20-anos-y-lo-celebra-con-heritatge\/highxtar-etnia-barcelona-celebra-sus-20-anos-con-una-capsula-especial-51-2\/'><img decoding=\"async\" width=\"1200\" height=\"659\" src=\"https:\/\/highxtar.com\/wp-content\/uploads\/2021\/11\/highxtar-etnia-barcelona-celebra-sus-20-anos-con-una-capsula-especial-51.jpg\" class=\"attachment-full size-full\" alt=\"\" srcset=\"https:\/\/highxtar.com\/wp-content\/uploads\/2021\/11\/highxtar-etnia-barcelona-celebra-sus-20-anos-con-una-capsula-especial-51.jpg 1200w, https:\/\/highxtar.com\/wp-content\/uploads\/2021\/11\/highxtar-etnia-barcelona-celebra-sus-20-anos-con-una-capsula-especial-51-300x165.jpg 300w, https:\/\/highxtar.com\/wp-content\/uploads\/2021\/11\/highxtar-etnia-barcelona-celebra-sus-20-anos-con-una-capsula-especial-51-1024x562.jpg 1024w, https:\/\/highxtar.com\/wp-content\/uploads\/2021\/11\/highxtar-etnia-barcelona-celebra-sus-20-anos-con-una-capsula-especial-51-768x422.jpg 768w, https:\/\/highxtar.com\/wp-content\/uploads\/2021\/11\/highxtar-etnia-barcelona-celebra-sus-20-anos-con-una-capsula-especial-51-973x534.jpg 973w, https:\/\/highxtar.com\/wp-content\/uploads\/2021\/11\/highxtar-etnia-barcelona-celebra-sus-20-anos-con-una-capsula-especial-51-508x279.jpg 508w\" sizes=\"(max-width: 1200px) 100vw, 1200px\" \/><\/a>\n\t\t\t<\/div><\/figure><figure class='gallery-item'>\n\t\t\t<div class='gallery-icon landscape'>\n\t\t\t\t<a href='https:\/\/highxtar.com\/en\/etnia-barcelona-cumple-20-anos-y-lo-celebra-con-heritatge\/highxtar-etnia-barcelona-celebra-sus-20-anos-con-una-capsula-especial-52-2\/'><img decoding=\"async\" width=\"1200\" height=\"659\" src=\"https:\/\/highxtar.com\/wp-content\/uploads\/2021\/11\/highxtar-etnia-barcelona-celebra-sus-20-anos-con-una-capsula-especial-52.jpg\" class=\"attachment-full size-full\" alt=\"\" srcset=\"https:\/\/highxtar.com\/wp-content\/uploads\/2021\/11\/highxtar-etnia-barcelona-celebra-sus-20-anos-con-una-capsula-especial-52.jpg 1200w, https:\/\/highxtar.com\/wp-content\/uploads\/2021\/11\/highxtar-etnia-barcelona-celebra-sus-20-anos-con-una-capsula-especial-52-300x165.jpg 300w, https:\/\/highxtar.com\/wp-content\/uploads\/2021\/11\/highxtar-etnia-barcelona-celebra-sus-20-anos-con-una-capsula-especial-52-1024x562.jpg 1024w, https:\/\/highxtar.com\/wp-content\/uploads\/2021\/11\/highxtar-etnia-barcelona-celebra-sus-20-anos-con-una-capsula-especial-52-768x422.jpg 768w, https:\/\/highxtar.com\/wp-content\/uploads\/2021\/11\/highxtar-etnia-barcelona-celebra-sus-20-anos-con-una-capsula-especial-52-973x534.jpg 973w, https:\/\/highxtar.com\/wp-content\/uploads\/2021\/11\/highxtar-etnia-barcelona-celebra-sus-20-anos-con-una-capsula-especial-52-508x279.jpg 508w\" sizes=\"(max-width: 1200px) 100vw, 1200px\" \/><\/a>\n\t\t\t<\/div><\/figure><figure class='gallery-item'>\n\t\t\t<div class='gallery-icon landscape'>\n\t\t\t\t<a href='https:\/\/highxtar.com\/en\/etnia-barcelona-cumple-20-anos-y-lo-celebra-con-heritatge\/highxtar-etnia-barcelona-celebra-sus-20-anos-con-una-capsula-especial-54-2\/'><img decoding=\"async\" width=\"1200\" height=\"659\" src=\"https:\/\/highxtar.com\/wp-content\/uploads\/2021\/11\/highxtar-etnia-barcelona-celebra-sus-20-anos-con-una-capsula-especial-54.jpg\" class=\"attachment-full size-full\" alt=\"\" srcset=\"https:\/\/highxtar.com\/wp-content\/uploads\/2021\/11\/highxtar-etnia-barcelona-celebra-sus-20-anos-con-una-capsula-especial-54.jpg 1200w, https:\/\/highxtar.com\/wp-content\/uploads\/2021\/11\/highxtar-etnia-barcelona-celebra-sus-20-anos-con-una-capsula-especial-54-300x165.jpg 300w, https:\/\/highxtar.com\/wp-content\/uploads\/2021\/11\/highxtar-etnia-barcelona-celebra-sus-20-anos-con-una-capsula-especial-54-1024x562.jpg 1024w, https:\/\/highxtar.com\/wp-content\/uploads\/2021\/11\/highxtar-etnia-barcelona-celebra-sus-20-anos-con-una-capsula-especial-54-768x422.jpg 768w, https:\/\/highxtar.com\/wp-content\/uploads\/2021\/11\/highxtar-etnia-barcelona-celebra-sus-20-anos-con-una-capsula-especial-54-973x534.jpg 973w, https:\/\/highxtar.com\/wp-content\/uploads\/2021\/11\/highxtar-etnia-barcelona-celebra-sus-20-anos-con-una-capsula-especial-54-508x279.jpg 508w\" sizes=\"(max-width: 1200px) 100vw, 1200px\" \/><\/a>\n\t\t\t<\/div><\/figure><figure class='gallery-item'>\n\t\t\t<div class='gallery-icon landscape'>\n\t\t\t\t<a href='https:\/\/highxtar.com\/en\/etnia-barcelona-cumple-20-anos-y-lo-celebra-con-heritatge\/highxtar-etnia-barcelona-celebra-sus-20-anos-con-una-capsula-especial-55-2\/'><img decoding=\"async\" width=\"1200\" height=\"659\" src=\"https:\/\/highxtar.com\/wp-content\/uploads\/2021\/11\/highxtar-etnia-barcelona-celebra-sus-20-anos-con-una-capsula-especial-55.jpg\" class=\"attachment-full size-full\" alt=\"\" srcset=\"https:\/\/highxtar.com\/wp-content\/uploads\/2021\/11\/highxtar-etnia-barcelona-celebra-sus-20-anos-con-una-capsula-especial-55.jpg 1200w, https:\/\/highxtar.com\/wp-content\/uploads\/2021\/11\/highxtar-etnia-barcelona-celebra-sus-20-anos-con-una-capsula-especial-55-300x165.jpg 300w, https:\/\/highxtar.com\/wp-content\/uploads\/2021\/11\/highxtar-etnia-barcelona-celebra-sus-20-anos-con-una-capsula-especial-55-1024x562.jpg 1024w, https:\/\/highxtar.com\/wp-content\/uploads\/2021\/11\/highxtar-etnia-barcelona-celebra-sus-20-anos-con-una-capsula-especial-55-768x422.jpg 768w, https:\/\/highxtar.com\/wp-content\/uploads\/2021\/11\/highxtar-etnia-barcelona-celebra-sus-20-anos-con-una-capsula-especial-55-973x534.jpg 973w, https:\/\/highxtar.com\/wp-content\/uploads\/2021\/11\/highxtar-etnia-barcelona-celebra-sus-20-anos-con-una-capsula-especial-55-508x279.jpg 508w\" sizes=\"(max-width: 1200px) 100vw, 1200px\" \/><\/a>\n\t\t\t<\/div><\/figure><figure class='gallery-item'>\n\t\t\t<div class='gallery-icon landscape'>\n\t\t\t\t<a href='https:\/\/highxtar.com\/en\/etnia-barcelona-cumple-20-anos-y-lo-celebra-con-heritatge\/highxtar-etnia-barcelona-celebra-sus-20-anos-con-una-capsula-especial-53-2\/'><img decoding=\"async\" width=\"1200\" height=\"659\" src=\"https:\/\/highxtar.com\/wp-content\/uploads\/2021\/11\/highxtar-etnia-barcelona-celebra-sus-20-anos-con-una-capsula-especial-53.jpg\" class=\"attachment-full size-full\" alt=\"\" srcset=\"https:\/\/highxtar.com\/wp-content\/uploads\/2021\/11\/highxtar-etnia-barcelona-celebra-sus-20-anos-con-una-capsula-especial-53.jpg 1200w, https:\/\/highxtar.com\/wp-content\/uploads\/2021\/11\/highxtar-etnia-barcelona-celebra-sus-20-anos-con-una-capsula-especial-53-300x165.jpg 300w, https:\/\/highxtar.com\/wp-content\/uploads\/2021\/11\/highxtar-etnia-barcelona-celebra-sus-20-anos-con-una-capsula-especial-53-1024x562.jpg 1024w, https:\/\/highxtar.com\/wp-content\/uploads\/2021\/11\/highxtar-etnia-barcelona-celebra-sus-20-anos-con-una-capsula-especial-53-768x422.jpg 768w, https:\/\/highxtar.com\/wp-content\/uploads\/2021\/11\/highxtar-etnia-barcelona-celebra-sus-20-anos-con-una-capsula-especial-53-973x534.jpg 973w, https:\/\/highxtar.com\/wp-content\/uploads\/2021\/11\/highxtar-etnia-barcelona-celebra-sus-20-anos-con-una-capsula-especial-53-508x279.jpg 508w\" sizes=\"(max-width: 1200px) 100vw, 1200px\" \/><\/a>\n\t\t\t<\/div><\/figure><figure class='gallery-item'>\n\t\t\t<div class='gallery-icon landscape'>\n\t\t\t\t<a href='https:\/\/highxtar.com\/en\/etnia-barcelona-cumple-20-anos-y-lo-celebra-con-heritatge\/highxtar-etnia-barcelona-celebra-sus-20-anos-con-una-capsula-especial-7-2\/'><img decoding=\"async\" width=\"1200\" height=\"659\" src=\"https:\/\/highxtar.com\/wp-content\/uploads\/2021\/11\/highxtar-etnia-barcelona-celebra-sus-20-anos-con-una-capsula-especial-7.jpg\" class=\"attachment-full size-full\" alt=\"\" srcset=\"https:\/\/highxtar.com\/wp-content\/uploads\/2021\/11\/highxtar-etnia-barcelona-celebra-sus-20-anos-con-una-capsula-especial-7.jpg 1200w, https:\/\/highxtar.com\/wp-content\/uploads\/2021\/11\/highxtar-etnia-barcelona-celebra-sus-20-anos-con-una-capsula-especial-7-300x165.jpg 300w, https:\/\/highxtar.com\/wp-content\/uploads\/2021\/11\/highxtar-etnia-barcelona-celebra-sus-20-anos-con-una-capsula-especial-7-1024x562.jpg 1024w, https:\/\/highxtar.com\/wp-content\/uploads\/2021\/11\/highxtar-etnia-barcelona-celebra-sus-20-anos-con-una-capsula-especial-7-768x422.jpg 768w, https:\/\/highxtar.com\/wp-content\/uploads\/2021\/11\/highxtar-etnia-barcelona-celebra-sus-20-anos-con-una-capsula-especial-7-973x534.jpg 973w, https:\/\/highxtar.com\/wp-content\/uploads\/2021\/11\/highxtar-etnia-barcelona-celebra-sus-20-anos-con-una-capsula-especial-7-508x279.jpg 508w\" sizes=\"(max-width: 1200px) 100vw, 1200px\" \/><\/a>\n\t\t\t<\/div><\/figure><figure class='gallery-item'>\n\t\t\t<div class='gallery-icon landscape'>\n\t\t\t\t<a href='https:\/\/highxtar.com\/en\/etnia-barcelona-cumple-20-anos-y-lo-celebra-con-heritatge\/highxtar-etnia-barcelona-celebra-sus-20-anos-con-una-capsula-especial-8-2\/'><img decoding=\"async\" width=\"1200\" height=\"659\" src=\"https:\/\/highxtar.com\/wp-content\/uploads\/2021\/11\/highxtar-etnia-barcelona-celebra-sus-20-anos-con-una-capsula-especial-8.jpg\" class=\"attachment-full size-full\" alt=\"\" srcset=\"https:\/\/highxtar.com\/wp-content\/uploads\/2021\/11\/highxtar-etnia-barcelona-celebra-sus-20-anos-con-una-capsula-especial-8.jpg 1200w, https:\/\/highxtar.com\/wp-content\/uploads\/2021\/11\/highxtar-etnia-barcelona-celebra-sus-20-anos-con-una-capsula-especial-8-300x165.jpg 300w, https:\/\/highxtar.com\/wp-content\/uploads\/2021\/11\/highxtar-etnia-barcelona-celebra-sus-20-anos-con-una-capsula-especial-8-1024x562.jpg 1024w, https:\/\/highxtar.com\/wp-content\/uploads\/2021\/11\/highxtar-etnia-barcelona-celebra-sus-20-anos-con-una-capsula-especial-8-768x422.jpg 768w, https:\/\/highxtar.com\/wp-content\/uploads\/2021\/11\/highxtar-etnia-barcelona-celebra-sus-20-anos-con-una-capsula-especial-8-973x534.jpg 973w, https:\/\/highxtar.com\/wp-content\/uploads\/2021\/11\/highxtar-etnia-barcelona-celebra-sus-20-anos-con-una-capsula-especial-8-508x279.jpg 508w\" sizes=\"(max-width: 1200px) 100vw, 1200px\" \/><\/a>\n\t\t\t<\/div><\/figure><figure class='gallery-item'>\n\t\t\t<div class='gallery-icon landscape'>\n\t\t\t\t<a href='https:\/\/highxtar.com\/en\/etnia-barcelona-cumple-20-anos-y-lo-celebra-con-heritatge\/highxtar-etnia-barcelona-celebra-sus-20-anos-con-una-capsula-especial-10-2\/'><img decoding=\"async\" width=\"1200\" height=\"659\" src=\"https:\/\/highxtar.com\/wp-content\/uploads\/2021\/11\/highxtar-etnia-barcelona-celebra-sus-20-anos-con-una-capsula-especial-10.jpg\" class=\"attachment-full size-full\" alt=\"\" srcset=\"https:\/\/highxtar.com\/wp-content\/uploads\/2021\/11\/highxtar-etnia-barcelona-celebra-sus-20-anos-con-una-capsula-especial-10.jpg 1200w, https:\/\/highxtar.com\/wp-content\/uploads\/2021\/11\/highxtar-etnia-barcelona-celebra-sus-20-anos-con-una-capsula-especial-10-300x165.jpg 300w, https:\/\/highxtar.com\/wp-content\/uploads\/2021\/11\/highxtar-etnia-barcelona-celebra-sus-20-anos-con-una-capsula-especial-10-1024x562.jpg 1024w, https:\/\/highxtar.com\/wp-content\/uploads\/2021\/11\/highxtar-etnia-barcelona-celebra-sus-20-anos-con-una-capsula-especial-10-768x422.jpg 768w, https:\/\/highxtar.com\/wp-content\/uploads\/2021\/11\/highxtar-etnia-barcelona-celebra-sus-20-anos-con-una-capsula-especial-10-973x534.jpg 973w, https:\/\/highxtar.com\/wp-content\/uploads\/2021\/11\/highxtar-etnia-barcelona-celebra-sus-20-anos-con-una-capsula-especial-10-508x279.jpg 508w\" sizes=\"(max-width: 1200px) 100vw, 1200px\" \/><\/a>\n\t\t\t<\/div><\/figure><figure class='gallery-item'>\n\t\t\t<div class='gallery-icon landscape'>\n\t\t\t\t<a href='https:\/\/highxtar.com\/en\/etnia-barcelona-cumple-20-anos-y-lo-celebra-con-heritatge\/highxtar-etnia-barcelona-celebra-sus-20-anos-con-una-capsula-especial-11-2\/'><img decoding=\"async\" width=\"1200\" height=\"659\" src=\"https:\/\/highxtar.com\/wp-content\/uploads\/2021\/11\/highxtar-etnia-barcelona-celebra-sus-20-anos-con-una-capsula-especial-11.jpg\" class=\"attachment-full size-full\" alt=\"\" srcset=\"https:\/\/highxtar.com\/wp-content\/uploads\/2021\/11\/highxtar-etnia-barcelona-celebra-sus-20-anos-con-una-capsula-especial-11.jpg 1200w, https:\/\/highxtar.com\/wp-content\/uploads\/2021\/11\/highxtar-etnia-barcelona-celebra-sus-20-anos-con-una-capsula-especial-11-300x165.jpg 300w, https:\/\/highxtar.com\/wp-content\/uploads\/2021\/11\/highxtar-etnia-barcelona-celebra-sus-20-anos-con-una-capsula-especial-11-1024x562.jpg 1024w, https:\/\/highxtar.com\/wp-content\/uploads\/2021\/11\/highxtar-etnia-barcelona-celebra-sus-20-anos-con-una-capsula-especial-11-768x422.jpg 768w, https:\/\/highxtar.com\/wp-content\/uploads\/2021\/11\/highxtar-etnia-barcelona-celebra-sus-20-anos-con-una-capsula-especial-11-973x534.jpg 973w, https:\/\/highxtar.com\/wp-content\/uploads\/2021\/11\/highxtar-etnia-barcelona-celebra-sus-20-anos-con-una-capsula-especial-11-508x279.jpg 508w\" sizes=\"(max-width: 1200px) 100vw, 1200px\" \/><\/a>\n\t\t\t<\/div><\/figure><figure class='gallery-item'>\n\t\t\t<div class='gallery-icon landscape'>\n\t\t\t\t<a href='https:\/\/highxtar.com\/en\/etnia-barcelona-cumple-20-anos-y-lo-celebra-con-heritatge\/highxtar-etnia-barcelona-celebra-sus-20-anos-con-una-capsula-especial-9-2\/'><img decoding=\"async\" width=\"1200\" height=\"659\" src=\"https:\/\/highxtar.com\/wp-content\/uploads\/2021\/11\/highxtar-etnia-barcelona-celebra-sus-20-anos-con-una-capsula-especial-9.jpg\" class=\"attachment-full size-full\" alt=\"\" srcset=\"https:\/\/highxtar.com\/wp-content\/uploads\/2021\/11\/highxtar-etnia-barcelona-celebra-sus-20-anos-con-una-capsula-especial-9.jpg 1200w, https:\/\/highxtar.com\/wp-content\/uploads\/2021\/11\/highxtar-etnia-barcelona-celebra-sus-20-anos-con-una-capsula-especial-9-300x165.jpg 300w, https:\/\/highxtar.com\/wp-content\/uploads\/2021\/11\/highxtar-etnia-barcelona-celebra-sus-20-anos-con-una-capsula-especial-9-1024x562.jpg 1024w, https:\/\/highxtar.com\/wp-content\/uploads\/2021\/11\/highxtar-etnia-barcelona-celebra-sus-20-anos-con-una-capsula-especial-9-768x422.jpg 768w, https:\/\/highxtar.com\/wp-content\/uploads\/2021\/11\/highxtar-etnia-barcelona-celebra-sus-20-anos-con-una-capsula-especial-9-973x534.jpg 973w, https:\/\/highxtar.com\/wp-content\/uploads\/2021\/11\/highxtar-etnia-barcelona-celebra-sus-20-anos-con-una-capsula-especial-9-508x279.jpg 508w\" sizes=\"(max-width: 1200px) 100vw, 1200px\" \/><\/a>\n\t\t\t<\/div><\/figure><figure class='gallery-item'>\n\t\t\t<div class='gallery-icon landscape'>\n\t\t\t\t<a href='https:\/\/highxtar.com\/en\/etnia-barcelona-cumple-20-anos-y-lo-celebra-con-heritatge\/highxtar-etnia-barcelona-celebra-sus-20-anos-con-una-capsula-especial-13-2\/'><img decoding=\"async\" width=\"1200\" height=\"659\" src=\"https:\/\/highxtar.com\/wp-content\/uploads\/2021\/11\/highxtar-etnia-barcelona-celebra-sus-20-anos-con-una-capsula-especial-13.jpg\" class=\"attachment-full size-full\" alt=\"\" srcset=\"https:\/\/highxtar.com\/wp-content\/uploads\/2021\/11\/highxtar-etnia-barcelona-celebra-sus-20-anos-con-una-capsula-especial-13.jpg 1200w, https:\/\/highxtar.com\/wp-content\/uploads\/2021\/11\/highxtar-etnia-barcelona-celebra-sus-20-anos-con-una-capsula-especial-13-300x165.jpg 300w, https:\/\/highxtar.com\/wp-content\/uploads\/2021\/11\/highxtar-etnia-barcelona-celebra-sus-20-anos-con-una-capsula-especial-13-1024x562.jpg 1024w, https:\/\/highxtar.com\/wp-content\/uploads\/2021\/11\/highxtar-etnia-barcelona-celebra-sus-20-anos-con-una-capsula-especial-13-768x422.jpg 768w, https:\/\/highxtar.com\/wp-content\/uploads\/2021\/11\/highxtar-etnia-barcelona-celebra-sus-20-anos-con-una-capsula-especial-13-973x534.jpg 973w, https:\/\/highxtar.com\/wp-content\/uploads\/2021\/11\/highxtar-etnia-barcelona-celebra-sus-20-anos-con-una-capsula-especial-13-508x279.jpg 508w\" sizes=\"(max-width: 1200px) 100vw, 1200px\" \/><\/a>\n\t\t\t<\/div><\/figure><figure class='gallery-item'>\n\t\t\t<div class='gallery-icon landscape'>\n\t\t\t\t<a href='https:\/\/highxtar.com\/en\/etnia-barcelona-cumple-20-anos-y-lo-celebra-con-heritatge\/highxtar-etnia-barcelona-celebra-sus-20-anos-con-una-capsula-especial-14-2\/'><img decoding=\"async\" width=\"1200\" height=\"659\" src=\"https:\/\/highxtar.com\/wp-content\/uploads\/2021\/11\/highxtar-etnia-barcelona-celebra-sus-20-anos-con-una-capsula-especial-14.jpg\" class=\"attachment-full size-full\" alt=\"\" srcset=\"https:\/\/highxtar.com\/wp-content\/uploads\/2021\/11\/highxtar-etnia-barcelona-celebra-sus-20-anos-con-una-capsula-especial-14.jpg 1200w, https:\/\/highxtar.com\/wp-content\/uploads\/2021\/11\/highxtar-etnia-barcelona-celebra-sus-20-anos-con-una-capsula-especial-14-300x165.jpg 300w, https:\/\/highxtar.com\/wp-content\/uploads\/2021\/11\/highxtar-etnia-barcelona-celebra-sus-20-anos-con-una-capsula-especial-14-1024x562.jpg 1024w, https:\/\/highxtar.com\/wp-content\/uploads\/2021\/11\/highxtar-etnia-barcelona-celebra-sus-20-anos-con-una-capsula-especial-14-768x422.jpg 768w, https:\/\/highxtar.com\/wp-content\/uploads\/2021\/11\/highxtar-etnia-barcelona-celebra-sus-20-anos-con-una-capsula-especial-14-973x534.jpg 973w, https:\/\/highxtar.com\/wp-content\/uploads\/2021\/11\/highxtar-etnia-barcelona-celebra-sus-20-anos-con-una-capsula-especial-14-508x279.jpg 508w\" sizes=\"(max-width: 1200px) 100vw, 1200px\" \/><\/a>\n\t\t\t<\/div><\/figure><figure class='gallery-item'>\n\t\t\t<div class='gallery-icon landscape'>\n\t\t\t\t<a href='https:\/\/highxtar.com\/en\/etnia-barcelona-cumple-20-anos-y-lo-celebra-con-heritatge\/highxtar-etnia-barcelona-celebra-sus-20-anos-con-una-capsula-especial-15-2\/'><img decoding=\"async\" width=\"1200\" height=\"659\" src=\"https:\/\/highxtar.com\/wp-content\/uploads\/2021\/11\/highxtar-etnia-barcelona-celebra-sus-20-anos-con-una-capsula-especial-15.jpg\" class=\"attachment-full size-full\" alt=\"\" srcset=\"https:\/\/highxtar.com\/wp-content\/uploads\/2021\/11\/highxtar-etnia-barcelona-celebra-sus-20-anos-con-una-capsula-especial-15.jpg 1200w, https:\/\/highxtar.com\/wp-content\/uploads\/2021\/11\/highxtar-etnia-barcelona-celebra-sus-20-anos-con-una-capsula-especial-15-300x165.jpg 300w, https:\/\/highxtar.com\/wp-content\/uploads\/2021\/11\/highxtar-etnia-barcelona-celebra-sus-20-anos-con-una-capsula-especial-15-1024x562.jpg 1024w, https:\/\/highxtar.com\/wp-content\/uploads\/2021\/11\/highxtar-etnia-barcelona-celebra-sus-20-anos-con-una-capsula-especial-15-768x422.jpg 768w, https:\/\/highxtar.com\/wp-content\/uploads\/2021\/11\/highxtar-etnia-barcelona-celebra-sus-20-anos-con-una-capsula-especial-15-973x534.jpg 973w, https:\/\/highxtar.com\/wp-content\/uploads\/2021\/11\/highxtar-etnia-barcelona-celebra-sus-20-anos-con-una-capsula-especial-15-508x279.jpg 508w\" sizes=\"(max-width: 1200px) 100vw, 1200px\" \/><\/a>\n\t\t\t<\/div><\/figure><figure class='gallery-item'>\n\t\t\t<div class='gallery-icon landscape'>\n\t\t\t\t<a href='https:\/\/highxtar.com\/en\/etnia-barcelona-cumple-20-anos-y-lo-celebra-con-heritatge\/highxtar-etnia-barcelona-celebra-sus-20-anos-con-una-capsula-especial-12-2\/'><img decoding=\"async\" width=\"1200\" height=\"659\" src=\"https:\/\/highxtar.com\/wp-content\/uploads\/2021\/11\/highxtar-etnia-barcelona-celebra-sus-20-anos-con-una-capsula-especial-12.jpg\" class=\"attachment-full size-full\" alt=\"\" srcset=\"https:\/\/highxtar.com\/wp-content\/uploads\/2021\/11\/highxtar-etnia-barcelona-celebra-sus-20-anos-con-una-capsula-especial-12.jpg 1200w, https:\/\/highxtar.com\/wp-content\/uploads\/2021\/11\/highxtar-etnia-barcelona-celebra-sus-20-anos-con-una-capsula-especial-12-300x165.jpg 300w, https:\/\/highxtar.com\/wp-content\/uploads\/2021\/11\/highxtar-etnia-barcelona-celebra-sus-20-anos-con-una-capsula-especial-12-1024x562.jpg 1024w, https:\/\/highxtar.com\/wp-content\/uploads\/2021\/11\/highxtar-etnia-barcelona-celebra-sus-20-anos-con-una-capsula-especial-12-768x422.jpg 768w, https:\/\/highxtar.com\/wp-content\/uploads\/2021\/11\/highxtar-etnia-barcelona-celebra-sus-20-anos-con-una-capsula-especial-12-973x534.jpg 973w, https:\/\/highxtar.com\/wp-content\/uploads\/2021\/11\/highxtar-etnia-barcelona-celebra-sus-20-anos-con-una-capsula-especial-12-508x279.jpg 508w\" sizes=\"(max-width: 1200px) 100vw, 1200px\" \/><\/a>\n\t\t\t<\/div><\/figure><figure class='gallery-item'>\n\t\t\t<div class='gallery-icon landscape'>\n\t\t\t\t<a href='https:\/\/highxtar.com\/en\/etnia-barcelona-cumple-20-anos-y-lo-celebra-con-heritatge\/highxtar-etnia-barcelona-celebra-sus-20-anos-con-una-capsula-especial-17-2\/'><img decoding=\"async\" width=\"1200\" height=\"659\" src=\"https:\/\/highxtar.com\/wp-content\/uploads\/2021\/11\/highxtar-etnia-barcelona-celebra-sus-20-anos-con-una-capsula-especial-17.jpg\" class=\"attachment-full size-full\" alt=\"\" srcset=\"https:\/\/highxtar.com\/wp-content\/uploads\/2021\/11\/highxtar-etnia-barcelona-celebra-sus-20-anos-con-una-capsula-especial-17.jpg 1200w, https:\/\/highxtar.com\/wp-content\/uploads\/2021\/11\/highxtar-etnia-barcelona-celebra-sus-20-anos-con-una-capsula-especial-17-300x165.jpg 300w, https:\/\/highxtar.com\/wp-content\/uploads\/2021\/11\/highxtar-etnia-barcelona-celebra-sus-20-anos-con-una-capsula-especial-17-1024x562.jpg 1024w, https:\/\/highxtar.com\/wp-content\/uploads\/2021\/11\/highxtar-etnia-barcelona-celebra-sus-20-anos-con-una-capsula-especial-17-768x422.jpg 768w, https:\/\/highxtar.com\/wp-content\/uploads\/2021\/11\/highxtar-etnia-barcelona-celebra-sus-20-anos-con-una-capsula-especial-17-973x534.jpg 973w, https:\/\/highxtar.com\/wp-content\/uploads\/2021\/11\/highxtar-etnia-barcelona-celebra-sus-20-anos-con-una-capsula-especial-17-508x279.jpg 508w\" sizes=\"(max-width: 1200px) 100vw, 1200px\" \/><\/a>\n\t\t\t<\/div><\/figure><figure class='gallery-item'>\n\t\t\t<div class='gallery-icon landscape'>\n\t\t\t\t<a href='https:\/\/highxtar.com\/en\/etnia-barcelona-cumple-20-anos-y-lo-celebra-con-heritatge\/highxtar-etnia-barcelona-celebra-sus-20-anos-con-una-capsula-especial-16-2\/'><img decoding=\"async\" width=\"1200\" height=\"659\" src=\"https:\/\/highxtar.com\/wp-content\/uploads\/2021\/11\/highxtar-etnia-barcelona-celebra-sus-20-anos-con-una-capsula-especial-16.jpg\" class=\"attachment-full size-full\" alt=\"\" srcset=\"https:\/\/highxtar.com\/wp-content\/uploads\/2021\/11\/highxtar-etnia-barcelona-celebra-sus-20-anos-con-una-capsula-especial-16.jpg 1200w, https:\/\/highxtar.com\/wp-content\/uploads\/2021\/11\/highxtar-etnia-barcelona-celebra-sus-20-anos-con-una-capsula-especial-16-300x165.jpg 300w, https:\/\/highxtar.com\/wp-content\/uploads\/2021\/11\/highxtar-etnia-barcelona-celebra-sus-20-anos-con-una-capsula-especial-16-1024x562.jpg 1024w, https:\/\/highxtar.com\/wp-content\/uploads\/2021\/11\/highxtar-etnia-barcelona-celebra-sus-20-anos-con-una-capsula-especial-16-768x422.jpg 768w, https:\/\/highxtar.com\/wp-content\/uploads\/2021\/11\/highxtar-etnia-barcelona-celebra-sus-20-anos-con-una-capsula-especial-16-973x534.jpg 973w, https:\/\/highxtar.com\/wp-content\/uploads\/2021\/11\/highxtar-etnia-barcelona-celebra-sus-20-anos-con-una-capsula-especial-16-508x279.jpg 508w\" sizes=\"(max-width: 1200px) 100vw, 1200px\" \/><\/a>\n\t\t\t<\/div><\/figure>\n\t\t<\/div>\n\n<p>A unique collection to celebrate Etnia Barcelona&#8217;s success, here&#8217;s to another 20 years! Now&#8230; you can get your hands on the new glasses in their <strong><a href=\"https:\/\/www.etniabarcelona.com\/es\/es\/collections\/xx-anniversary\" target=\"_blank\" rel=\"noopener\">online store.<\/a><\/strong><\/p>\n<p><strong><a href=\"https:\/\/highxtar.com\/louis-vuitton-presenta-su-primera-coleccion-de-esqui\/?lang=en\" target=\"_blank\" rel=\"noopener\">Discover the first Louis Vuitton ski collection for this FW21 season.<\/a><\/strong><\/p>\n","protected":false},"excerpt":{"rendered":"<p>Etnia Barcelona cumple 20 a\u00f1os y lo celebra con &#8220;Heritatge&#8221;, una c\u00e1psula especial de edici\u00f3n limitada que incluye cuatro modelos. <\/p>\n","protected":false},"author":22,"featured_media":231480,"comment_status":"closed","ping_status":"closed","sticky":false,"template":"","format":"standard","meta":{"_acf_changed":false,"footnotes":""},"categories":[603],"tags":[1967,2156],"class_list":["post-231576","post","type-post","status-publish","format-standard","has-post-thumbnail","hentry","category-fashion-en","tag-etnia-barcelona-en","tag-mar-piera-en"],"acf":[],"yoast_head":"<!-- This site is optimized with the Yoast SEO Premium plugin  - https:\/\/yoast.com\/product\/yoast-seo-premium-wordpress\/ -->\n<title>Etnia Barcelona turns 20 years old and celebrates it with &quot;Heritatge&quot; - HIGHXTAR.<\/title>\n<meta name=\"description\" content=\"Etnia Barcelona cumple 20 a\u00f1os y lo celebra con &quot;Heritatge&quot;, una c\u00e1psula especial de edici\u00f3n limitada que incluye cuatro modelos.\" \/>\n<meta name=\"robots\" content=\"index, follow, max-snippet:-1, max-image-preview:large, max-video-preview:-1\" \/>\n<link rel=\"canonical\" href=\"https:\/\/highxtar.com\/en\/etnia-barcelona-cumple-20-anos-y-lo-celebra-con-heritatge\/\" \/>\n<meta property=\"og:locale\" content=\"en_US\" \/>\n<meta property=\"og:type\" content=\"article\" \/>\n<meta property=\"og:title\" content=\"Etnia Barcelona turns 20 years old and celebrates it with &quot;Heritatge&quot;\" \/>\n<meta property=\"og:description\" content=\"Etnia Barcelona cumple 20 a\u00f1os y lo celebra con &quot;Heritatge&quot;, una c\u00e1psula especial de edici\u00f3n limitada que incluye cuatro modelos.\" \/>\n<meta property=\"og:url\" content=\"https:\/\/highxtar.com\/en\/etnia-barcelona-cumple-20-anos-y-lo-celebra-con-heritatge\/\" \/>\n<meta property=\"og:site_name\" content=\"HIGHXTAR.\" \/>\n<meta property=\"article:publisher\" content=\"https:\/\/www.facebook.com\/highxtar\" \/>\n<meta property=\"article:published_time\" content=\"2021-11-11T16:01:16+00:00\" \/>\n<meta property=\"article:modified_time\" content=\"2021-11-11T16:04:52+00:00\" \/>\n<meta property=\"og:image\" content=\"https:\/\/highxtar.com\/wp-content\/uploads\/2021\/11\/highxtar-highxtar-etnia-barcelona-celebra-sus-20-anos-con-una-capsula-especial-destacada.jpg\" \/>\n\t<meta property=\"og:image:width\" content=\"800\" \/>\n\t<meta property=\"og:image:height\" content=\"600\" \/>\n\t<meta property=\"og:image:type\" content=\"image\/jpeg\" \/>\n<meta name=\"author\" content=\"Mar Piera\" \/>\n<meta name=\"twitter:card\" content=\"summary_large_image\" \/>\n<meta name=\"twitter:creator\" content=\"@highxtar_\" \/>\n<meta name=\"twitter:site\" content=\"@highxtar_\" \/>\n<meta name=\"twitter:label1\" content=\"Written by\" \/>\n\t<meta name=\"twitter:data1\" content=\"Mar Piera\" \/>\n\t<meta name=\"twitter:label2\" content=\"Est. reading time\" \/>\n\t<meta name=\"twitter:data2\" content=\"1 minute\" \/>\n<script type=\"application\/ld+json\" class=\"yoast-schema-graph\">{\"@context\":\"https:\\\/\\\/schema.org\",\"@graph\":[{\"@type\":\"Article\",\"@id\":\"https:\\\/\\\/highxtar.com\\\/en\\\/etnia-barcelona-cumple-20-anos-y-lo-celebra-con-heritatge\\\/#article\",\"isPartOf\":{\"@id\":\"https:\\\/\\\/highxtar.com\\\/en\\\/etnia-barcelona-cumple-20-anos-y-lo-celebra-con-heritatge\\\/\"},\"author\":{\"name\":\"Mar Piera\",\"@id\":\"https:\\\/\\\/highxtar.com\\\/#\\\/schema\\\/person\\\/861b5d1b459a894df367f295d952c789\"},\"headline\":\"Etnia Barcelona turns 20 years old and celebrates it with &#8220;Heritatge&#8221;\",\"datePublished\":\"2021-11-11T16:01:16+00:00\",\"dateModified\":\"2021-11-11T16:04:52+00:00\",\"mainEntityOfPage\":{\"@id\":\"https:\\\/\\\/highxtar.com\\\/en\\\/etnia-barcelona-cumple-20-anos-y-lo-celebra-con-heritatge\\\/\"},\"wordCount\":267,\"publisher\":{\"@id\":\"https:\\\/\\\/highxtar.com\\\/#organization\"},\"image\":{\"@id\":\"https:\\\/\\\/highxtar.com\\\/en\\\/etnia-barcelona-cumple-20-anos-y-lo-celebra-con-heritatge\\\/#primaryimage\"},\"thumbnailUrl\":\"https:\\\/\\\/highxtar.com\\\/wp-content\\\/uploads\\\/2021\\\/11\\\/highxtar-highxtar-etnia-barcelona-celebra-sus-20-anos-con-una-capsula-especial-destacada.jpg\",\"keywords\":[\"Etnia Barcelona\",\"Mar Piera\"],\"articleSection\":[\"Fashion\"],\"inLanguage\":\"en-US\",\"copyrightYear\":\"2021\",\"copyrightHolder\":{\"@id\":\"https:\\\/\\\/highxtar.com\\\/#organization\"}},{\"@type\":\"WebPage\",\"@id\":\"https:\\\/\\\/highxtar.com\\\/en\\\/etnia-barcelona-cumple-20-anos-y-lo-celebra-con-heritatge\\\/\",\"url\":\"https:\\\/\\\/highxtar.com\\\/en\\\/etnia-barcelona-cumple-20-anos-y-lo-celebra-con-heritatge\\\/\",\"name\":\"Etnia Barcelona turns 20 years old and celebrates it with \\\"Heritatge\\\" - HIGHXTAR.\",\"isPartOf\":{\"@id\":\"https:\\\/\\\/highxtar.com\\\/#website\"},\"primaryImageOfPage\":{\"@id\":\"https:\\\/\\\/highxtar.com\\\/en\\\/etnia-barcelona-cumple-20-anos-y-lo-celebra-con-heritatge\\\/#primaryimage\"},\"image\":{\"@id\":\"https:\\\/\\\/highxtar.com\\\/en\\\/etnia-barcelona-cumple-20-anos-y-lo-celebra-con-heritatge\\\/#primaryimage\"},\"thumbnailUrl\":\"https:\\\/\\\/highxtar.com\\\/wp-content\\\/uploads\\\/2021\\\/11\\\/highxtar-highxtar-etnia-barcelona-celebra-sus-20-anos-con-una-capsula-especial-destacada.jpg\",\"datePublished\":\"2021-11-11T16:01:16+00:00\",\"dateModified\":\"2021-11-11T16:04:52+00:00\",\"description\":\"Etnia Barcelona cumple 20 a\u00f1os y lo celebra con \\\"Heritatge\\\", una c\u00e1psula especial de edici\u00f3n limitada que incluye cuatro modelos.\",\"breadcrumb\":{\"@id\":\"https:\\\/\\\/highxtar.com\\\/en\\\/etnia-barcelona-cumple-20-anos-y-lo-celebra-con-heritatge\\\/#breadcrumb\"},\"inLanguage\":\"en-US\",\"potentialAction\":[{\"@type\":\"ReadAction\",\"target\":[\"https:\\\/\\\/highxtar.com\\\/en\\\/etnia-barcelona-cumple-20-anos-y-lo-celebra-con-heritatge\\\/\"]}]},{\"@type\":\"ImageObject\",\"inLanguage\":\"en-US\",\"@id\":\"https:\\\/\\\/highxtar.com\\\/en\\\/etnia-barcelona-cumple-20-anos-y-lo-celebra-con-heritatge\\\/#primaryimage\",\"url\":\"https:\\\/\\\/highxtar.com\\\/wp-content\\\/uploads\\\/2021\\\/11\\\/highxtar-highxtar-etnia-barcelona-celebra-sus-20-anos-con-una-capsula-especial-destacada.jpg\",\"contentUrl\":\"https:\\\/\\\/highxtar.com\\\/wp-content\\\/uploads\\\/2021\\\/11\\\/highxtar-highxtar-etnia-barcelona-celebra-sus-20-anos-con-una-capsula-especial-destacada.jpg\",\"width\":800,\"height\":600},{\"@type\":\"BreadcrumbList\",\"@id\":\"https:\\\/\\\/highxtar.com\\\/en\\\/etnia-barcelona-cumple-20-anos-y-lo-celebra-con-heritatge\\\/#breadcrumb\",\"itemListElement\":[{\"@type\":\"ListItem\",\"position\":1,\"name\":\"Home\",\"item\":\"https:\\\/\\\/highxtar.com\\\/en\\\/\"},{\"@type\":\"ListItem\",\"position\":2,\"name\":\"Etnia Barcelona turns 20 years old and celebrates it with &#8220;Heritatge&#8221;\"}]},{\"@type\":\"WebSite\",\"@id\":\"https:\\\/\\\/highxtar.com\\\/#website\",\"url\":\"https:\\\/\\\/highxtar.com\\\/\",\"name\":\"HIGHXTAR.\",\"description\":\"HIGHXTAR. es la voz latina de la moda y el streetwear. Devotos de las cosas que hacen la vida urbana excitante: Moda, M\u00fasica, Lifestyle, Arte &amp; Dise\u00f1o.\",\"publisher\":{\"@id\":\"https:\\\/\\\/highxtar.com\\\/#organization\"},\"potentialAction\":[{\"@type\":\"SearchAction\",\"target\":{\"@type\":\"EntryPoint\",\"urlTemplate\":\"https:\\\/\\\/highxtar.com\\\/?s={search_term_string}\"},\"query-input\":{\"@type\":\"PropertyValueSpecification\",\"valueRequired\":true,\"valueName\":\"search_term_string\"}}],\"inLanguage\":\"en-US\"},{\"@type\":\"Organization\",\"@id\":\"https:\\\/\\\/highxtar.com\\\/#organization\",\"name\":\"HIGHXTAR.\",\"url\":\"https:\\\/\\\/highxtar.com\\\/\",\"logo\":{\"@type\":\"ImageObject\",\"inLanguage\":\"en-US\",\"@id\":\"https:\\\/\\\/highxtar.com\\\/#\\\/schema\\\/logo\\\/image\\\/\",\"url\":\"https:\\\/\\\/highxtar.com\\\/wp-content\\\/uploads\\\/2016\\\/03\\\/HIGHXTAR_com_Favicon_2019.jpg\",\"contentUrl\":\"https:\\\/\\\/highxtar.com\\\/wp-content\\\/uploads\\\/2016\\\/03\\\/HIGHXTAR_com_Favicon_2019.jpg\",\"width\":1200,\"height\":1200,\"caption\":\"HIGHXTAR.\"},\"image\":{\"@id\":\"https:\\\/\\\/highxtar.com\\\/#\\\/schema\\\/logo\\\/image\\\/\"},\"sameAs\":[\"https:\\\/\\\/www.facebook.com\\\/highxtar\",\"https:\\\/\\\/x.com\\\/highxtar_\",\"https:\\\/\\\/www.instagram.com\\\/highxtar\",\"https:\\\/\\\/www.tiktok.com\\\/@highxtar\",\"https:\\\/\\\/www.youtube.com\\\/c\\\/highxtarofficial\",\"https:\\\/\\\/open.spotify.com\\\/user\\\/highxtar\"]},{\"@type\":\"Person\",\"@id\":\"https:\\\/\\\/highxtar.com\\\/#\\\/schema\\\/person\\\/861b5d1b459a894df367f295d952c789\",\"name\":\"Mar Piera\",\"description\":\"Editor &amp; Project Manager. m.piera@highxtar.com\",\"sameAs\":[\"https:\\\/\\\/www.instagram.com\\\/marpiera\\\/\"],\"url\":\"https:\\\/\\\/highxtar.com\\\/en\\\/author\\\/marpiera\\\/\"}]}<\/script>\n<!-- \/ Yoast SEO Premium plugin. -->","yoast_head_json":{"title":"Etnia Barcelona turns 20 years old and celebrates it with \"Heritatge\" - HIGHXTAR.","description":"Etnia Barcelona cumple 20 a\u00f1os y lo celebra con \"Heritatge\", una c\u00e1psula especial de edici\u00f3n limitada que incluye cuatro modelos.","robots":{"index":"index","follow":"follow","max-snippet":"max-snippet:-1","max-image-preview":"max-image-preview:large","max-video-preview":"max-video-preview:-1"},"canonical":"https:\/\/highxtar.com\/en\/etnia-barcelona-cumple-20-anos-y-lo-celebra-con-heritatge\/","og_locale":"en_US","og_type":"article","og_title":"Etnia Barcelona turns 20 years old and celebrates it with \"Heritatge\"","og_description":"Etnia Barcelona cumple 20 a\u00f1os y lo celebra con \"Heritatge\", una c\u00e1psula especial de edici\u00f3n limitada que incluye cuatro modelos.","og_url":"https:\/\/highxtar.com\/en\/etnia-barcelona-cumple-20-anos-y-lo-celebra-con-heritatge\/","og_site_name":"HIGHXTAR.","article_publisher":"https:\/\/www.facebook.com\/highxtar","article_published_time":"2021-11-11T16:01:16+00:00","article_modified_time":"2021-11-11T16:04:52+00:00","og_image":[{"width":800,"height":600,"url":"https:\/\/highxtar.com\/wp-content\/uploads\/2021\/11\/highxtar-highxtar-etnia-barcelona-celebra-sus-20-anos-con-una-capsula-especial-destacada.jpg","type":"image\/jpeg"}],"author":"Mar Piera","twitter_card":"summary_large_image","twitter_creator":"@highxtar_","twitter_site":"@highxtar_","twitter_misc":{"Written by":"Mar Piera","Est. reading time":"1 minute"},"schema":{"@context":"https:\/\/schema.org","@graph":[{"@type":"Article","@id":"https:\/\/highxtar.com\/en\/etnia-barcelona-cumple-20-anos-y-lo-celebra-con-heritatge\/#article","isPartOf":{"@id":"https:\/\/highxtar.com\/en\/etnia-barcelona-cumple-20-anos-y-lo-celebra-con-heritatge\/"},"author":{"name":"Mar Piera","@id":"https:\/\/highxtar.com\/#\/schema\/person\/861b5d1b459a894df367f295d952c789"},"headline":"Etnia Barcelona turns 20 years old and celebrates it with &#8220;Heritatge&#8221;","datePublished":"2021-11-11T16:01:16+00:00","dateModified":"2021-11-11T16:04:52+00:00","mainEntityOfPage":{"@id":"https:\/\/highxtar.com\/en\/etnia-barcelona-cumple-20-anos-y-lo-celebra-con-heritatge\/"},"wordCount":267,"publisher":{"@id":"https:\/\/highxtar.com\/#organization"},"image":{"@id":"https:\/\/highxtar.com\/en\/etnia-barcelona-cumple-20-anos-y-lo-celebra-con-heritatge\/#primaryimage"},"thumbnailUrl":"https:\/\/highxtar.com\/wp-content\/uploads\/2021\/11\/highxtar-highxtar-etnia-barcelona-celebra-sus-20-anos-con-una-capsula-especial-destacada.jpg","keywords":["Etnia Barcelona","Mar Piera"],"articleSection":["Fashion"],"inLanguage":"en-US","copyrightYear":"2021","copyrightHolder":{"@id":"https:\/\/highxtar.com\/#organization"}},{"@type":"WebPage","@id":"https:\/\/highxtar.com\/en\/etnia-barcelona-cumple-20-anos-y-lo-celebra-con-heritatge\/","url":"https:\/\/highxtar.com\/en\/etnia-barcelona-cumple-20-anos-y-lo-celebra-con-heritatge\/","name":"Etnia Barcelona turns 20 years old and celebrates it with \"Heritatge\" - HIGHXTAR.","isPartOf":{"@id":"https:\/\/highxtar.com\/#website"},"primaryImageOfPage":{"@id":"https:\/\/highxtar.com\/en\/etnia-barcelona-cumple-20-anos-y-lo-celebra-con-heritatge\/#primaryimage"},"image":{"@id":"https:\/\/highxtar.com\/en\/etnia-barcelona-cumple-20-anos-y-lo-celebra-con-heritatge\/#primaryimage"},"thumbnailUrl":"https:\/\/highxtar.com\/wp-content\/uploads\/2021\/11\/highxtar-highxtar-etnia-barcelona-celebra-sus-20-anos-con-una-capsula-especial-destacada.jpg","datePublished":"2021-11-11T16:01:16+00:00","dateModified":"2021-11-11T16:04:52+00:00","description":"Etnia Barcelona cumple 20 a\u00f1os y lo celebra con \"Heritatge\", una c\u00e1psula especial de edici\u00f3n limitada que incluye cuatro modelos.","breadcrumb":{"@id":"https:\/\/highxtar.com\/en\/etnia-barcelona-cumple-20-anos-y-lo-celebra-con-heritatge\/#breadcrumb"},"inLanguage":"en-US","potentialAction":[{"@type":"ReadAction","target":["https:\/\/highxtar.com\/en\/etnia-barcelona-cumple-20-anos-y-lo-celebra-con-heritatge\/"]}]},{"@type":"ImageObject","inLanguage":"en-US","@id":"https:\/\/highxtar.com\/en\/etnia-barcelona-cumple-20-anos-y-lo-celebra-con-heritatge\/#primaryimage","url":"https:\/\/highxtar.com\/wp-content\/uploads\/2021\/11\/highxtar-highxtar-etnia-barcelona-celebra-sus-20-anos-con-una-capsula-especial-destacada.jpg","contentUrl":"https:\/\/highxtar.com\/wp-content\/uploads\/2021\/11\/highxtar-highxtar-etnia-barcelona-celebra-sus-20-anos-con-una-capsula-especial-destacada.jpg","width":800,"height":600},{"@type":"BreadcrumbList","@id":"https:\/\/highxtar.com\/en\/etnia-barcelona-cumple-20-anos-y-lo-celebra-con-heritatge\/#breadcrumb","itemListElement":[{"@type":"ListItem","position":1,"name":"Home","item":"https:\/\/highxtar.com\/en\/"},{"@type":"ListItem","position":2,"name":"Etnia Barcelona turns 20 years old and celebrates it with &#8220;Heritatge&#8221;"}]},{"@type":"WebSite","@id":"https:\/\/highxtar.com\/#website","url":"https:\/\/highxtar.com\/","name":"HIGHXTAR.","description":"HIGHXTAR. es la voz latina de la moda y el streetwear. Devotos de las cosas que hacen la vida urbana excitante: Moda, M\u00fasica, Lifestyle, Arte &amp; Dise\u00f1o.","publisher":{"@id":"https:\/\/highxtar.com\/#organization"},"potentialAction":[{"@type":"SearchAction","target":{"@type":"EntryPoint","urlTemplate":"https:\/\/highxtar.com\/?s={search_term_string}"},"query-input":{"@type":"PropertyValueSpecification","valueRequired":true,"valueName":"search_term_string"}}],"inLanguage":"en-US"},{"@type":"Organization","@id":"https:\/\/highxtar.com\/#organization","name":"HIGHXTAR.","url":"https:\/\/highxtar.com\/","logo":{"@type":"ImageObject","inLanguage":"en-US","@id":"https:\/\/highxtar.com\/#\/schema\/logo\/image\/","url":"https:\/\/highxtar.com\/wp-content\/uploads\/2016\/03\/HIGHXTAR_com_Favicon_2019.jpg","contentUrl":"https:\/\/highxtar.com\/wp-content\/uploads\/2016\/03\/HIGHXTAR_com_Favicon_2019.jpg","width":1200,"height":1200,"caption":"HIGHXTAR."},"image":{"@id":"https:\/\/highxtar.com\/#\/schema\/logo\/image\/"},"sameAs":["https:\/\/www.facebook.com\/highxtar","https:\/\/x.com\/highxtar_","https:\/\/www.instagram.com\/highxtar","https:\/\/www.tiktok.com\/@highxtar","https:\/\/www.youtube.com\/c\/highxtarofficial","https:\/\/open.spotify.com\/user\/highxtar"]},{"@type":"Person","@id":"https:\/\/highxtar.com\/#\/schema\/person\/861b5d1b459a894df367f295d952c789","name":"Mar Piera","description":"Editor &amp; Project Manager. m.piera@highxtar.com","sameAs":["https:\/\/www.instagram.com\/marpiera\/"],"url":"https:\/\/highxtar.com\/en\/author\/marpiera\/"}]}},"_links":{"self":[{"href":"https:\/\/highxtar.com\/en\/wp-json\/wp\/v2\/posts\/231576","targetHints":{"allow":["GET"]}}],"collection":[{"href":"https:\/\/highxtar.com\/en\/wp-json\/wp\/v2\/posts"}],"about":[{"href":"https:\/\/highxtar.com\/en\/wp-json\/wp\/v2\/types\/post"}],"author":[{"embeddable":true,"href":"https:\/\/highxtar.com\/en\/wp-json\/wp\/v2\/users\/22"}],"replies":[{"embeddable":true,"href":"https:\/\/highxtar.com\/en\/wp-json\/wp\/v2\/comments?post=231576"}],"version-history":[{"count":3,"href":"https:\/\/highxtar.com\/en\/wp-json\/wp\/v2\/posts\/231576\/revisions"}],"predecessor-version":[{"id":231579,"href":"https:\/\/highxtar.com\/en\/wp-json\/wp\/v2\/posts\/231576\/revisions\/231579"}],"wp:featuredmedia":[{"embeddable":true,"href":"https:\/\/highxtar.com\/en\/wp-json\/wp\/v2\/media\/231480"}],"wp:attachment":[{"href":"https:\/\/highxtar.com\/en\/wp-json\/wp\/v2\/media?parent=231576"}],"wp:term":[{"taxonomy":"category","embeddable":true,"href":"https:\/\/highxtar.com\/en\/wp-json\/wp\/v2\/categories?post=231576"},{"taxonomy":"post_tag","embeddable":true,"href":"https:\/\/highxtar.com\/en\/wp-json\/wp\/v2\/tags?post=231576"}],"curies":[{"name":"wp","href":"https:\/\/api.w.org\/{rel}","templated":true}]}}