{"id":277646,"date":"2022-05-06T13:59:10","date_gmt":"2022-05-06T11:59:10","guid":{"rendered":"https:\/\/highxtar.com\/?p=277646"},"modified":"2022-05-06T13:59:10","modified_gmt":"2022-05-06T11:59:10","slug":"carino-releases-its-second-album-carino","status":"publish","type":"post","link":"https:\/\/highxtar.com\/en\/carino-releases-its-second-album-carino\/","title":{"rendered":"CARI\u00d1O releases its second album &#8216;CARI\u00d1O&#8217;"},"content":{"rendered":"<p><strong>&#8216;CARI\u00d1O&#8217;, written like that, in capital letters, is a title that says a lot with very little. Of the multiple readings that can be drawn, perhaps the most obvious is the one that entrusts everything to a question of trust.<\/strong><\/p>\n<p><img decoding=\"async\" class=\"aligncenter wp-image-277641 size-full\" src=\"https:\/\/highxtar.com\/wp-content\/uploads\/2022\/05\/highxtar-carino-1.jpg\" alt=\"\" width=\"3039\" height=\"997\" srcset=\"https:\/\/highxtar.com\/wp-content\/uploads\/2022\/05\/highxtar-carino-1.jpg 3039w, https:\/\/highxtar.com\/wp-content\/uploads\/2022\/05\/highxtar-carino-1-300x98.jpg 300w, https:\/\/highxtar.com\/wp-content\/uploads\/2022\/05\/highxtar-carino-1-1024x336.jpg 1024w, https:\/\/highxtar.com\/wp-content\/uploads\/2022\/05\/highxtar-carino-1-768x252.jpg 768w, https:\/\/highxtar.com\/wp-content\/uploads\/2022\/05\/highxtar-carino-1-1536x504.jpg 1536w, https:\/\/highxtar.com\/wp-content\/uploads\/2022\/05\/highxtar-carino-1-2048x672.jpg 2048w, https:\/\/highxtar.com\/wp-content\/uploads\/2022\/05\/highxtar-carino-1-973x319.jpg 973w, https:\/\/highxtar.com\/wp-content\/uploads\/2022\/05\/highxtar-carino-1-508x167.jpg 508w\" sizes=\"(max-width: 3039px) 100vw, 3039px\" \/><\/p>\n<p>It is enough to listen to how <strong>Mar\u00eda Talaverano<\/strong>, <strong>Paola Rivero<\/strong> and <strong>Alicia Ros<\/strong> talk about their album to know how confident they are about the work they have done. Composed over the course of two years and released almost four years after their debut, the timing has been as particular as the circumstances surrounding it. But let there be no doubt that this is an album that is fully in tune with its time. And the fact is that, as the canon of new pop establishes, only two of the twelve tracks are longer than three minutes.<\/p>\n<p>A first glance at the tracklist might raise some eyebrows: a song about a Tamagotchi? In 2022? Paradoxical as it may seem, this is a reference of the most current relevance. <strong>Cari\u00f1o<\/strong>&#8216;s songs, and we can appreciate it in details like this, appeal to a generation that is approaching its thirties and doesn&#8217;t quite know what to hold on to.<\/p>\n<p>Those who in their childhood cried inconsolably over the death of a digital pet are those who today have learned to channel their frustration through memes. However self-referential their themes may seem, they always have a strong universal component.\u00a0Been there, where that. The complicity generated by winks like these is one of the keys that explain the success of a proposal that is both sad and horny at the same time. A mood that is theirs and that of all their contemporaries.<\/p>\n<p>An eponymous album usually suggests a new beginning. In a way, <strong>&#8216;CARI\u00d1O&#8217;<\/strong> is. <em><strong>&#8220;llorando en la acera&#8221;<\/strong><\/em>, without going any further, symbolises the conquest of their own sound. It&#8217;s hard not to think of that version of <a href=\"https:\/\/www.instagram.com\/c.tangana\/\" target=\"_blank\" rel=\"noopener\"><strong>C. Tangana<\/strong><\/a> with which they made themselves known in 2018. For anyone else, the journey from the limo to the pavement would be downhill. For them, however, it&#8217;s the other way around. At any one time they had just a couple of songs released, and now they are on the verge of releasing their second album and have become pop stars in their own right, not by imitation.<\/p>\n<p><iframe title=\"Cari\u00f1o - A\u00f1o de Mierda (Videoclip)\" width=\"640\" height=\"360\" src=\"https:\/\/www.youtube.com\/embed\/mLD38Pjd28I?feature=oembed\" frameborder=\"0\" allow=\"accelerometer; autoplay; clipboard-write; encrypted-media; gyroscope; picture-in-picture; web-share\" referrerpolicy=\"strict-origin-when-cross-origin\" allowfullscreen><\/iframe><\/p>\n<p>&nbsp;<\/p>\n<p><em><strong>&#8220;si quieres&#8221;<\/strong><\/em>, due to the suggestive nature of its proposal, works like a charm as the gateway to an album that is a rollercoaster of emotions. In<strong> &#8216;CARI\u00d1O&#8217;<\/strong>, as in life itself, from euphoria to misery, from everything to nothing, there is barely a song&#8217;s distance. <em><strong>&#8220;no me convengo&#8221;<\/strong><\/em>, <em><strong>&#8220;a\u00f1o de mierda&#8221;<\/strong> <\/em>and <em><strong>&#8220;algo ha cambiado&#8221;<\/strong><\/em> -three songs prototypically <strong>Cari\u00f1o<\/strong> in substance and form- follow one after the other until they lead to<em><strong> &#8220;sadmeal&#8221;.<\/strong><\/em> Being born in the 90s meant growing up educated in the promise of a <strong>Happy Meal<\/strong> life. This, taken to the realm of relationships, has left a lot of broken toys along the way.<\/p>\n<p><em><strong>&#8220;antes&#8221;<\/strong><\/em>,<em><strong> &#8220;la habitaci\u00f3n&#8221;<\/strong><\/em>, <em><strong>&#8220;lo que te quiero&#8221;<\/strong><\/em> and <em><strong>&#8220;soy una perra&#8221;<\/strong><\/em> show us different ways of being <strong>Cari\u00f1o<\/strong>. From the most introspective and dark to the most explosive and punk; <strong>Cari\u00f1o<\/strong>, after all. In their eagerness to explore new sonic territories, in addition to the <em><strong>&#8220;tamagotchi&#8221;<\/strong> <\/em>beat, we find <em><strong>&#8220;bonus trap&#8221;<\/strong> <\/em>(spoiler: it&#8217;s a reggaeton).<strong> Let&#8217;s dance!<\/strong><\/p>\n<p>The girls of the moment have already crossed the pond, and they have done so by making a dream come true, performing at the <a href=\"https:\/\/highxtar.com\/the-business-of-fashion-in-and-out-of-coachella\/?lang=en\"><strong>Coachella<\/strong><\/a> macro-festival after having been part of the line-up since 2020 (an edition that was cancelled due to the pandemic), in an edition where they have been the only Spanish representatives.<\/p>\n<p><strong>Cari\u00f1o<\/strong> has taken this opportunity to bring his freshness and good vibes to different cities in the Americas: Argentina, Chile, Mexico and the United States.<\/p>\n<p>With a visit to one of Mexico City&#8217;s most representative venues, the<strong> Lunario Del Auditorio Nacional<\/strong>, on <strong>11 May<\/strong>, the trio of friends will end their dream tour and <strong>begin their tour of Spain<\/strong>.<\/p>\n<blockquote class=\"instagram-media\" style=\"background: #FFF; border: 0; border-radius: 3px; box-shadow: 0 0 1px 0 rgba(0,0,0,0.5),0 1px 10px 0 rgba(0,0,0,0.15); margin: 1px; max-width: 540px; min-width: 326px; padding: 0; width: calc(100% - 2px);\" data-instgrm-permalink=\"https:\/\/www.instagram.com\/p\/CdDhYbhj2Rk\/?utm_source=ig_embed&amp;utm_campaign=loading\" data-instgrm-version=\"14\">\n<div style=\"padding: 16px;\">\n<p>&nbsp;<\/p>\n<div style=\"display: flex; flex-direction: row; align-items: center;\">\n<div style=\"background-color: #f4f4f4; border-radius: 50%; flex-grow: 0; height: 40px; margin-right: 14px; width: 40px;\"><\/div>\n<div style=\"display: flex; flex-direction: column; flex-grow: 1; justify-content: center;\">\n<div style=\"background-color: #f4f4f4; border-radius: 4px; flex-grow: 0; height: 14px; margin-bottom: 6px; width: 100px;\"><\/div>\n<div style=\"background-color: #f4f4f4; border-radius: 4px; flex-grow: 0; height: 14px; width: 60px;\"><\/div>\n<\/div>\n<\/div>\n<div style=\"padding: 19% 0;\"><\/div>\n<div style=\"display: block; height: 50px; margin: 0 auto 12px; width: 50px;\"><\/div>\n<div style=\"padding-top: 8px;\">\n<div style=\"color: #3897f0; font-family: Arial,sans-serif; font-size: 14px; font-style: normal; font-weight: 550; line-height: 18px;\">Ver esta publicaci\u00f3n en Instagram<\/div>\n<\/div>\n<div style=\"padding: 12.5% 0;\"><\/div>\n<div style=\"display: flex; flex-direction: row; margin-bottom: 14px; align-items: center;\">\n<div>\n<div style=\"background-color: #f4f4f4; border-radius: 50%; height: 12.5px; width: 12.5px; transform: translateX(0px) translateY(7px);\"><\/div>\n<div style=\"background-color: #f4f4f4; height: 12.5px; transform: rotate(-45deg) translateX(3px) translateY(1px); width: 12.5px; flex-grow: 0; margin-right: 14px; margin-left: 2px;\"><\/div>\n<div style=\"background-color: #f4f4f4; border-radius: 50%; height: 12.5px; width: 12.5px; transform: translateX(9px) translateY(-18px);\"><\/div>\n<\/div>\n<div style=\"margin-left: 8px;\">\n<div style=\"background-color: #f4f4f4; border-radius: 50%; flex-grow: 0; height: 20px; width: 20px;\"><\/div>\n<div style=\"width: 0; height: 0; border-top: 2px solid transparent; border-left: 6px solid #f4f4f4; border-bottom: 2px solid transparent; transform: translateX(16px) translateY(-4px) rotate(30deg);\"><\/div>\n<\/div>\n<div style=\"margin-left: auto;\">\n<div style=\"width: 0px; border-top: 8px solid #F4F4F4; border-right: 8px solid transparent; transform: translateY(16px);\"><\/div>\n<div style=\"background-color: #f4f4f4; flex-grow: 0; height: 12px; width: 16px; transform: translateY(-4px);\"><\/div>\n<div style=\"width: 0; height: 0; border-top: 8px solid #F4F4F4; border-left: 8px solid transparent; transform: translateY(-4px) translateX(8px);\"><\/div>\n<\/div>\n<\/div>\n<div style=\"display: flex; flex-direction: column; flex-grow: 1; justify-content: center; margin-bottom: 24px;\">\n<div style=\"background-color: #f4f4f4; border-radius: 4px; flex-grow: 0; height: 14px; margin-bottom: 6px; width: 224px;\"><\/div>\n<div style=\"background-color: #f4f4f4; border-radius: 4px; flex-grow: 0; height: 14px; width: 144px;\"><\/div>\n<\/div>\n<p>&nbsp;<\/p>\n<p style=\"color: #c9c8cd; font-family: Arial,sans-serif; font-size: 14px; line-height: 17px; margin-bottom: 0; margin-top: 8px; overflow: hidden; padding: 8px 0 7px; text-align: center; text-overflow: ellipsis; white-space: nowrap;\"><a style=\"color: #c9c8cd; font-family: Arial,sans-serif; font-size: 14px; font-style: normal; font-weight: normal; line-height: 17px; text-decoration: none;\" href=\"https:\/\/www.instagram.com\/p\/CdDhYbhj2Rk\/?utm_source=ig_embed&amp;utm_campaign=loading\" target=\"_blank\" rel=\"noopener\">Una publicaci\u00f3n compartida de cari\u00f1o (@cariniopop)<\/a><\/p>\n<\/div>\n<\/blockquote>\n<p><script async src=\"\/\/www.instagram.com\/embed.js\"><\/script><\/p>\n<h5 style=\"text-align: center;\"><strong>Don&#8217;t miss out on the fun and celebrate this summer with Cari\u00f1o!<\/strong><\/h5>\n","protected":false},"excerpt":{"rendered":"<p>Cari\u00f1o presents his second album &#8216;CARI\u00d1O&#8217;. And let there be no doubt that this is an album that is fully in tune with its time.<\/p>\n","protected":false},"author":27,"featured_media":277644,"comment_status":"closed","ping_status":"closed","sticky":false,"template":"","format":"standard","meta":{"_acf_changed":false,"footnotes":""},"categories":[603,604],"tags":[2203],"class_list":["post-277646","post","type-post","status-publish","format-standard","has-post-thumbnail","hentry","category-fashion-en","category-music-en","tag-paloma-molinos-en"],"acf":[],"yoast_head":"<!-- This site is optimized with the Yoast SEO Premium plugin  - https:\/\/yoast.com\/product\/yoast-seo-premium-wordpress\/ -->\n<title>CARI\u00d1O releases its second album &#039;CARI\u00d1O&#039;<\/title>\n<meta name=\"description\" content=\"Cari\u00f1o presents his second album &#039;CARI\u00d1O&#039;. And let there be no doubt that this is an album that is fully in tune with its time.\" \/>\n<meta name=\"robots\" content=\"index, follow, max-snippet:-1, max-image-preview:large, max-video-preview:-1\" \/>\n<link rel=\"canonical\" href=\"https:\/\/highxtar.com\/en\/carino-releases-its-second-album-carino\/\" \/>\n<meta property=\"og:locale\" content=\"en_US\" \/>\n<meta property=\"og:type\" content=\"article\" \/>\n<meta property=\"og:title\" content=\"CARI\u00d1O releases its second album &#039;CARI\u00d1O&#039;\" \/>\n<meta property=\"og:description\" content=\"Cari\u00f1o presents his second album &#039;CARI\u00d1O&#039;. And let there be no doubt that this is an album that is fully in tune with its time.\" \/>\n<meta property=\"og:url\" content=\"https:\/\/highxtar.com\/en\/carino-releases-its-second-album-carino\/\" \/>\n<meta property=\"og:site_name\" content=\"HIGHXTAR.\" \/>\n<meta property=\"article:publisher\" content=\"https:\/\/www.facebook.com\/highxtar\" \/>\n<meta property=\"article:published_time\" content=\"2022-05-06T11:59:10+00:00\" \/>\n<meta property=\"og:image\" content=\"https:\/\/highxtar.com\/wp-content\/uploads\/2022\/05\/thumb-carino.jpg\" \/>\n\t<meta property=\"og:image:width\" content=\"1600\" \/>\n\t<meta property=\"og:image:height\" content=\"1200\" \/>\n\t<meta property=\"og:image:type\" content=\"image\/jpeg\" \/>\n<meta name=\"author\" content=\"Paloma Molinos\" \/>\n<meta name=\"twitter:card\" content=\"summary_large_image\" \/>\n<meta name=\"twitter:creator\" content=\"@highxtar_\" \/>\n<meta name=\"twitter:site\" content=\"@highxtar_\" \/>\n<meta name=\"twitter:label1\" content=\"Written by\" \/>\n\t<meta name=\"twitter:data1\" content=\"Paloma Molinos\" \/>\n\t<meta name=\"twitter:label2\" content=\"Est. reading time\" \/>\n\t<meta name=\"twitter:data2\" content=\"4 minutes\" \/>\n<script type=\"application\/ld+json\" class=\"yoast-schema-graph\">{\"@context\":\"https:\\\/\\\/schema.org\",\"@graph\":[{\"@type\":\"Article\",\"@id\":\"https:\\\/\\\/highxtar.com\\\/en\\\/carino-releases-its-second-album-carino\\\/#article\",\"isPartOf\":{\"@id\":\"https:\\\/\\\/highxtar.com\\\/en\\\/carino-releases-its-second-album-carino\\\/\"},\"author\":{\"name\":\"Paloma Molinos\",\"@id\":\"https:\\\/\\\/highxtar.com\\\/#\\\/schema\\\/person\\\/03620ade40f456fa32f3e8fbf1a6f07c\"},\"headline\":\"CARI\u00d1O releases its second album &#8216;CARI\u00d1O&#8217;\",\"datePublished\":\"2022-05-06T11:59:10+00:00\",\"mainEntityOfPage\":{\"@id\":\"https:\\\/\\\/highxtar.com\\\/en\\\/carino-releases-its-second-album-carino\\\/\"},\"wordCount\":728,\"publisher\":{\"@id\":\"https:\\\/\\\/highxtar.com\\\/#organization\"},\"image\":{\"@id\":\"https:\\\/\\\/highxtar.com\\\/en\\\/carino-releases-its-second-album-carino\\\/#primaryimage\"},\"thumbnailUrl\":\"https:\\\/\\\/highxtar.com\\\/wp-content\\\/uploads\\\/2022\\\/05\\\/thumb-carino.jpg\",\"keywords\":[\"Paloma Molinos\"],\"articleSection\":[\"Fashion\",\"Music\"],\"inLanguage\":\"en-US\",\"copyrightYear\":\"2022\",\"copyrightHolder\":{\"@id\":\"https:\\\/\\\/highxtar.com\\\/#organization\"}},{\"@type\":\"WebPage\",\"@id\":\"https:\\\/\\\/highxtar.com\\\/en\\\/carino-releases-its-second-album-carino\\\/\",\"url\":\"https:\\\/\\\/highxtar.com\\\/en\\\/carino-releases-its-second-album-carino\\\/\",\"name\":\"CARI\u00d1O releases its second album 'CARI\u00d1O'\",\"isPartOf\":{\"@id\":\"https:\\\/\\\/highxtar.com\\\/#website\"},\"primaryImageOfPage\":{\"@id\":\"https:\\\/\\\/highxtar.com\\\/en\\\/carino-releases-its-second-album-carino\\\/#primaryimage\"},\"image\":{\"@id\":\"https:\\\/\\\/highxtar.com\\\/en\\\/carino-releases-its-second-album-carino\\\/#primaryimage\"},\"thumbnailUrl\":\"https:\\\/\\\/highxtar.com\\\/wp-content\\\/uploads\\\/2022\\\/05\\\/thumb-carino.jpg\",\"datePublished\":\"2022-05-06T11:59:10+00:00\",\"description\":\"Cari\u00f1o presents his second album 'CARI\u00d1O'. And let there be no doubt that this is an album that is fully in tune with its time.\",\"breadcrumb\":{\"@id\":\"https:\\\/\\\/highxtar.com\\\/en\\\/carino-releases-its-second-album-carino\\\/#breadcrumb\"},\"inLanguage\":\"en-US\",\"potentialAction\":[{\"@type\":\"ReadAction\",\"target\":[\"https:\\\/\\\/highxtar.com\\\/en\\\/carino-releases-its-second-album-carino\\\/\"]}]},{\"@type\":\"ImageObject\",\"inLanguage\":\"en-US\",\"@id\":\"https:\\\/\\\/highxtar.com\\\/en\\\/carino-releases-its-second-album-carino\\\/#primaryimage\",\"url\":\"https:\\\/\\\/highxtar.com\\\/wp-content\\\/uploads\\\/2022\\\/05\\\/thumb-carino.jpg\",\"contentUrl\":\"https:\\\/\\\/highxtar.com\\\/wp-content\\\/uploads\\\/2022\\\/05\\\/thumb-carino.jpg\",\"width\":1600,\"height\":1200},{\"@type\":\"BreadcrumbList\",\"@id\":\"https:\\\/\\\/highxtar.com\\\/en\\\/carino-releases-its-second-album-carino\\\/#breadcrumb\",\"itemListElement\":[{\"@type\":\"ListItem\",\"position\":1,\"name\":\"Home\",\"item\":\"https:\\\/\\\/highxtar.com\\\/en\\\/\"},{\"@type\":\"ListItem\",\"position\":2,\"name\":\"CARI\u00d1O releases its second album &#8216;CARI\u00d1O&#8217;\"}]},{\"@type\":\"WebSite\",\"@id\":\"https:\\\/\\\/highxtar.com\\\/#website\",\"url\":\"https:\\\/\\\/highxtar.com\\\/\",\"name\":\"HIGHXTAR.\",\"description\":\"HIGHXTAR. es la voz latina de la moda y el streetwear. Devotos de las cosas que hacen la vida urbana excitante: Moda, M\u00fasica, Lifestyle, Arte &amp; Dise\u00f1o.\",\"publisher\":{\"@id\":\"https:\\\/\\\/highxtar.com\\\/#organization\"},\"potentialAction\":[{\"@type\":\"SearchAction\",\"target\":{\"@type\":\"EntryPoint\",\"urlTemplate\":\"https:\\\/\\\/highxtar.com\\\/?s={search_term_string}\"},\"query-input\":{\"@type\":\"PropertyValueSpecification\",\"valueRequired\":true,\"valueName\":\"search_term_string\"}}],\"inLanguage\":\"en-US\"},{\"@type\":\"Organization\",\"@id\":\"https:\\\/\\\/highxtar.com\\\/#organization\",\"name\":\"HIGHXTAR.\",\"url\":\"https:\\\/\\\/highxtar.com\\\/\",\"logo\":{\"@type\":\"ImageObject\",\"inLanguage\":\"en-US\",\"@id\":\"https:\\\/\\\/highxtar.com\\\/#\\\/schema\\\/logo\\\/image\\\/\",\"url\":\"https:\\\/\\\/highxtar.com\\\/wp-content\\\/uploads\\\/2016\\\/03\\\/HIGHXTAR_com_Favicon_2019.jpg\",\"contentUrl\":\"https:\\\/\\\/highxtar.com\\\/wp-content\\\/uploads\\\/2016\\\/03\\\/HIGHXTAR_com_Favicon_2019.jpg\",\"width\":1200,\"height\":1200,\"caption\":\"HIGHXTAR.\"},\"image\":{\"@id\":\"https:\\\/\\\/highxtar.com\\\/#\\\/schema\\\/logo\\\/image\\\/\"},\"sameAs\":[\"https:\\\/\\\/www.facebook.com\\\/highxtar\",\"https:\\\/\\\/x.com\\\/highxtar_\",\"https:\\\/\\\/www.instagram.com\\\/highxtar\",\"https:\\\/\\\/www.tiktok.com\\\/@highxtar\",\"https:\\\/\\\/www.youtube.com\\\/c\\\/highxtarofficial\",\"https:\\\/\\\/open.spotify.com\\\/user\\\/highxtar\"]},{\"@type\":\"Person\",\"@id\":\"https:\\\/\\\/highxtar.com\\\/#\\\/schema\\\/person\\\/03620ade40f456fa32f3e8fbf1a6f07c\",\"name\":\"Paloma Molinos\",\"description\":\"Head of Content &amp; Project Manager p.molinos@highxtar.com\",\"url\":\"https:\\\/\\\/highxtar.com\\\/en\\\/author\\\/palomamolinos\\\/\"}]}<\/script>\n<!-- \/ Yoast SEO Premium plugin. -->","yoast_head_json":{"title":"CARI\u00d1O releases its second album 'CARI\u00d1O'","description":"Cari\u00f1o presents his second album 'CARI\u00d1O'. And let there be no doubt that this is an album that is fully in tune with its time.","robots":{"index":"index","follow":"follow","max-snippet":"max-snippet:-1","max-image-preview":"max-image-preview:large","max-video-preview":"max-video-preview:-1"},"canonical":"https:\/\/highxtar.com\/en\/carino-releases-its-second-album-carino\/","og_locale":"en_US","og_type":"article","og_title":"CARI\u00d1O releases its second album 'CARI\u00d1O'","og_description":"Cari\u00f1o presents his second album 'CARI\u00d1O'. And let there be no doubt that this is an album that is fully in tune with its time.","og_url":"https:\/\/highxtar.com\/en\/carino-releases-its-second-album-carino\/","og_site_name":"HIGHXTAR.","article_publisher":"https:\/\/www.facebook.com\/highxtar","article_published_time":"2022-05-06T11:59:10+00:00","og_image":[{"width":1600,"height":1200,"url":"https:\/\/highxtar.com\/wp-content\/uploads\/2022\/05\/thumb-carino.jpg","type":"image\/jpeg"}],"author":"Paloma Molinos","twitter_card":"summary_large_image","twitter_creator":"@highxtar_","twitter_site":"@highxtar_","twitter_misc":{"Written by":"Paloma Molinos","Est. reading time":"4 minutes"},"schema":{"@context":"https:\/\/schema.org","@graph":[{"@type":"Article","@id":"https:\/\/highxtar.com\/en\/carino-releases-its-second-album-carino\/#article","isPartOf":{"@id":"https:\/\/highxtar.com\/en\/carino-releases-its-second-album-carino\/"},"author":{"name":"Paloma Molinos","@id":"https:\/\/highxtar.com\/#\/schema\/person\/03620ade40f456fa32f3e8fbf1a6f07c"},"headline":"CARI\u00d1O releases its second album &#8216;CARI\u00d1O&#8217;","datePublished":"2022-05-06T11:59:10+00:00","mainEntityOfPage":{"@id":"https:\/\/highxtar.com\/en\/carino-releases-its-second-album-carino\/"},"wordCount":728,"publisher":{"@id":"https:\/\/highxtar.com\/#organization"},"image":{"@id":"https:\/\/highxtar.com\/en\/carino-releases-its-second-album-carino\/#primaryimage"},"thumbnailUrl":"https:\/\/highxtar.com\/wp-content\/uploads\/2022\/05\/thumb-carino.jpg","keywords":["Paloma Molinos"],"articleSection":["Fashion","Music"],"inLanguage":"en-US","copyrightYear":"2022","copyrightHolder":{"@id":"https:\/\/highxtar.com\/#organization"}},{"@type":"WebPage","@id":"https:\/\/highxtar.com\/en\/carino-releases-its-second-album-carino\/","url":"https:\/\/highxtar.com\/en\/carino-releases-its-second-album-carino\/","name":"CARI\u00d1O releases its second album 'CARI\u00d1O'","isPartOf":{"@id":"https:\/\/highxtar.com\/#website"},"primaryImageOfPage":{"@id":"https:\/\/highxtar.com\/en\/carino-releases-its-second-album-carino\/#primaryimage"},"image":{"@id":"https:\/\/highxtar.com\/en\/carino-releases-its-second-album-carino\/#primaryimage"},"thumbnailUrl":"https:\/\/highxtar.com\/wp-content\/uploads\/2022\/05\/thumb-carino.jpg","datePublished":"2022-05-06T11:59:10+00:00","description":"Cari\u00f1o presents his second album 'CARI\u00d1O'. And let there be no doubt that this is an album that is fully in tune with its time.","breadcrumb":{"@id":"https:\/\/highxtar.com\/en\/carino-releases-its-second-album-carino\/#breadcrumb"},"inLanguage":"en-US","potentialAction":[{"@type":"ReadAction","target":["https:\/\/highxtar.com\/en\/carino-releases-its-second-album-carino\/"]}]},{"@type":"ImageObject","inLanguage":"en-US","@id":"https:\/\/highxtar.com\/en\/carino-releases-its-second-album-carino\/#primaryimage","url":"https:\/\/highxtar.com\/wp-content\/uploads\/2022\/05\/thumb-carino.jpg","contentUrl":"https:\/\/highxtar.com\/wp-content\/uploads\/2022\/05\/thumb-carino.jpg","width":1600,"height":1200},{"@type":"BreadcrumbList","@id":"https:\/\/highxtar.com\/en\/carino-releases-its-second-album-carino\/#breadcrumb","itemListElement":[{"@type":"ListItem","position":1,"name":"Home","item":"https:\/\/highxtar.com\/en\/"},{"@type":"ListItem","position":2,"name":"CARI\u00d1O releases its second album &#8216;CARI\u00d1O&#8217;"}]},{"@type":"WebSite","@id":"https:\/\/highxtar.com\/#website","url":"https:\/\/highxtar.com\/","name":"HIGHXTAR.","description":"HIGHXTAR. es la voz latina de la moda y el streetwear. Devotos de las cosas que hacen la vida urbana excitante: Moda, M\u00fasica, Lifestyle, Arte &amp; Dise\u00f1o.","publisher":{"@id":"https:\/\/highxtar.com\/#organization"},"potentialAction":[{"@type":"SearchAction","target":{"@type":"EntryPoint","urlTemplate":"https:\/\/highxtar.com\/?s={search_term_string}"},"query-input":{"@type":"PropertyValueSpecification","valueRequired":true,"valueName":"search_term_string"}}],"inLanguage":"en-US"},{"@type":"Organization","@id":"https:\/\/highxtar.com\/#organization","name":"HIGHXTAR.","url":"https:\/\/highxtar.com\/","logo":{"@type":"ImageObject","inLanguage":"en-US","@id":"https:\/\/highxtar.com\/#\/schema\/logo\/image\/","url":"https:\/\/highxtar.com\/wp-content\/uploads\/2016\/03\/HIGHXTAR_com_Favicon_2019.jpg","contentUrl":"https:\/\/highxtar.com\/wp-content\/uploads\/2016\/03\/HIGHXTAR_com_Favicon_2019.jpg","width":1200,"height":1200,"caption":"HIGHXTAR."},"image":{"@id":"https:\/\/highxtar.com\/#\/schema\/logo\/image\/"},"sameAs":["https:\/\/www.facebook.com\/highxtar","https:\/\/x.com\/highxtar_","https:\/\/www.instagram.com\/highxtar","https:\/\/www.tiktok.com\/@highxtar","https:\/\/www.youtube.com\/c\/highxtarofficial","https:\/\/open.spotify.com\/user\/highxtar"]},{"@type":"Person","@id":"https:\/\/highxtar.com\/#\/schema\/person\/03620ade40f456fa32f3e8fbf1a6f07c","name":"Paloma Molinos","description":"Head of Content &amp; Project Manager p.molinos@highxtar.com","url":"https:\/\/highxtar.com\/en\/author\/palomamolinos\/"}]}},"_links":{"self":[{"href":"https:\/\/highxtar.com\/en\/wp-json\/wp\/v2\/posts\/277646","targetHints":{"allow":["GET"]}}],"collection":[{"href":"https:\/\/highxtar.com\/en\/wp-json\/wp\/v2\/posts"}],"about":[{"href":"https:\/\/highxtar.com\/en\/wp-json\/wp\/v2\/types\/post"}],"author":[{"embeddable":true,"href":"https:\/\/highxtar.com\/en\/wp-json\/wp\/v2\/users\/27"}],"replies":[{"embeddable":true,"href":"https:\/\/highxtar.com\/en\/wp-json\/wp\/v2\/comments?post=277646"}],"version-history":[{"count":2,"href":"https:\/\/highxtar.com\/en\/wp-json\/wp\/v2\/posts\/277646\/revisions"}],"predecessor-version":[{"id":277648,"href":"https:\/\/highxtar.com\/en\/wp-json\/wp\/v2\/posts\/277646\/revisions\/277648"}],"wp:featuredmedia":[{"embeddable":true,"href":"https:\/\/highxtar.com\/en\/wp-json\/wp\/v2\/media\/277644"}],"wp:attachment":[{"href":"https:\/\/highxtar.com\/en\/wp-json\/wp\/v2\/media?parent=277646"}],"wp:term":[{"taxonomy":"category","embeddable":true,"href":"https:\/\/highxtar.com\/en\/wp-json\/wp\/v2\/categories?post=277646"},{"taxonomy":"post_tag","embeddable":true,"href":"https:\/\/highxtar.com\/en\/wp-json\/wp\/v2\/tags?post=277646"}],"curies":[{"name":"wp","href":"https:\/\/api.w.org\/{rel}","templated":true}]}}