{"id":308106,"date":"2022-09-19T12:34:57","date_gmt":"2022-09-19T10:34:57","guid":{"rendered":"https:\/\/highxtar.com\/?p=308106"},"modified":"2022-09-19T12:34:57","modified_gmt":"2022-09-19T10:34:57","slug":"reparto-wins-the-3rd-edition-of-allianz-ego-confidence-in-fashion","status":"publish","type":"post","link":"https:\/\/highxtar.com\/en\/reparto-wins-the-3rd-edition-of-allianz-ego-confidence-in-fashion\/","title":{"rendered":"REPARTO wins the 3rd edition of Allianz EGO Confidence in Fashion"},"content":{"rendered":"<p><strong>REPARTO, by the creators Ana Viglione (Euskadi) and Margil Pe\u00f1a (Mexico), has won the Allianz EGO Confidence in Fashion award.<\/strong><\/p>\n<p><img decoding=\"async\" class=\"alignnone wp-image-308075 size-full\" src=\"https:\/\/highxtar.com\/wp-content\/uploads\/2022\/09\/highxtar-reparto-gana-la-tercera-edicion-del-premio-allianz-ego-confidence-in-fashion-11.jpg\" alt=\"\" width=\"1600\" height=\"1200\" srcset=\"https:\/\/highxtar.com\/wp-content\/uploads\/2022\/09\/highxtar-reparto-gana-la-tercera-edicion-del-premio-allianz-ego-confidence-in-fashion-11.jpg 1600w, https:\/\/highxtar.com\/wp-content\/uploads\/2022\/09\/highxtar-reparto-gana-la-tercera-edicion-del-premio-allianz-ego-confidence-in-fashion-11-300x225.jpg 300w, https:\/\/highxtar.com\/wp-content\/uploads\/2022\/09\/highxtar-reparto-gana-la-tercera-edicion-del-premio-allianz-ego-confidence-in-fashion-11-1024x768.jpg 1024w, https:\/\/highxtar.com\/wp-content\/uploads\/2022\/09\/highxtar-reparto-gana-la-tercera-edicion-del-premio-allianz-ego-confidence-in-fashion-11-768x576.jpg 768w, https:\/\/highxtar.com\/wp-content\/uploads\/2022\/09\/highxtar-reparto-gana-la-tercera-edicion-del-premio-allianz-ego-confidence-in-fashion-11-1536x1152.jpg 1536w, https:\/\/highxtar.com\/wp-content\/uploads\/2022\/09\/highxtar-reparto-gana-la-tercera-edicion-del-premio-allianz-ego-confidence-in-fashion-11-973x730.jpg 973w, https:\/\/highxtar.com\/wp-content\/uploads\/2022\/09\/highxtar-reparto-gana-la-tercera-edicion-del-premio-allianz-ego-confidence-in-fashion-11-508x381.jpg 508w\" sizes=\"(max-width: 1600px) 100vw, 1600px\" \/><\/p>\n<p>Thanks to this recognition, which includes an economic endowment of 6,000 euros within the framework of MBFWMadrid, <strong><a href=\"https:\/\/www.instagram.com\/repartostudio\/\" target=\"_blank\" rel=\"noopener\">REPARTO<\/a><\/strong> will be able to make a new collection a reality, which they will present at the next edition of the Allianz EGO catwalk. In addition, they will receive professional advice for six months to strengthen their brand and project from ESNE, Escuela Universitaria de Dise\u00f1o, Innovaci\u00f3n y Tecnolog\u00eda (University School of Design, Innovation and Technology).<\/p>\n<p>As a novelty in this edition, REPARTO will also play an active role in the next edition of ARCOMadrid, which will take place in February 2023. As the winner of the recognition promoted by Allianz, the Basque brand will design the uniforms for the staff of the in-house contemporary art fair and will present its creations in the space that Allianz will have at ARCOMadrid.<\/p>\n<div id='gallery-1' class='gallery galleryid-308106 gallery-columns-2 gallery-size-full'><figure class='gallery-item'>\n\t\t\t<div class='gallery-icon portrait'>\n\t\t\t\t<a href='https:\/\/highxtar.com\/en\/reparto-wins-the-3rd-edition-of-allianz-ego-confidence-in-fashion\/highxtar-reparto-gana-la-tercera-edicion-del-premio-allianz-ego-confidence-in-fashion-1-2\/'><img decoding=\"async\" width=\"1000\" height=\"1458\" src=\"https:\/\/highxtar.com\/wp-content\/uploads\/2022\/09\/highxtar-reparto-gana-la-tercera-edicion-del-premio-allianz-ego-confidence-in-fashion-1.jpg\" class=\"attachment-full size-full\" alt=\"\" srcset=\"https:\/\/highxtar.com\/wp-content\/uploads\/2022\/09\/highxtar-reparto-gana-la-tercera-edicion-del-premio-allianz-ego-confidence-in-fashion-1.jpg 1000w, https:\/\/highxtar.com\/wp-content\/uploads\/2022\/09\/highxtar-reparto-gana-la-tercera-edicion-del-premio-allianz-ego-confidence-in-fashion-1-206x300.jpg 206w, https:\/\/highxtar.com\/wp-content\/uploads\/2022\/09\/highxtar-reparto-gana-la-tercera-edicion-del-premio-allianz-ego-confidence-in-fashion-1-702x1024.jpg 702w, https:\/\/highxtar.com\/wp-content\/uploads\/2022\/09\/highxtar-reparto-gana-la-tercera-edicion-del-premio-allianz-ego-confidence-in-fashion-1-768x1120.jpg 768w, https:\/\/highxtar.com\/wp-content\/uploads\/2022\/09\/highxtar-reparto-gana-la-tercera-edicion-del-premio-allianz-ego-confidence-in-fashion-1-973x1419.jpg 973w, https:\/\/highxtar.com\/wp-content\/uploads\/2022\/09\/highxtar-reparto-gana-la-tercera-edicion-del-premio-allianz-ego-confidence-in-fashion-1-508x741.jpg 508w\" sizes=\"(max-width: 1000px) 100vw, 1000px\" \/><\/a>\n\t\t\t<\/div><\/figure><figure class='gallery-item'>\n\t\t\t<div class='gallery-icon portrait'>\n\t\t\t\t<a href='https:\/\/highxtar.com\/en\/reparto-wins-the-3rd-edition-of-allianz-ego-confidence-in-fashion\/highxtar-reparto-gana-la-tercera-edicion-del-premio-allianz-ego-confidence-in-fashion-2-2\/'><img decoding=\"async\" width=\"1000\" height=\"1458\" src=\"https:\/\/highxtar.com\/wp-content\/uploads\/2022\/09\/highxtar-reparto-gana-la-tercera-edicion-del-premio-allianz-ego-confidence-in-fashion-2.jpg\" class=\"attachment-full size-full\" alt=\"\" srcset=\"https:\/\/highxtar.com\/wp-content\/uploads\/2022\/09\/highxtar-reparto-gana-la-tercera-edicion-del-premio-allianz-ego-confidence-in-fashion-2.jpg 1000w, https:\/\/highxtar.com\/wp-content\/uploads\/2022\/09\/highxtar-reparto-gana-la-tercera-edicion-del-premio-allianz-ego-confidence-in-fashion-2-206x300.jpg 206w, https:\/\/highxtar.com\/wp-content\/uploads\/2022\/09\/highxtar-reparto-gana-la-tercera-edicion-del-premio-allianz-ego-confidence-in-fashion-2-702x1024.jpg 702w, https:\/\/highxtar.com\/wp-content\/uploads\/2022\/09\/highxtar-reparto-gana-la-tercera-edicion-del-premio-allianz-ego-confidence-in-fashion-2-768x1120.jpg 768w, https:\/\/highxtar.com\/wp-content\/uploads\/2022\/09\/highxtar-reparto-gana-la-tercera-edicion-del-premio-allianz-ego-confidence-in-fashion-2-973x1419.jpg 973w, https:\/\/highxtar.com\/wp-content\/uploads\/2022\/09\/highxtar-reparto-gana-la-tercera-edicion-del-premio-allianz-ego-confidence-in-fashion-2-508x741.jpg 508w\" sizes=\"(max-width: 1000px) 100vw, 1000px\" \/><\/a>\n\t\t\t<\/div><\/figure><figure class='gallery-item'>\n\t\t\t<div class='gallery-icon portrait'>\n\t\t\t\t<a href='https:\/\/highxtar.com\/en\/reparto-wins-the-3rd-edition-of-allianz-ego-confidence-in-fashion\/highxtar-reparto-gana-la-tercera-edicion-del-premio-allianz-ego-confidence-in-fashion-3-2\/'><img decoding=\"async\" width=\"1000\" height=\"1458\" src=\"https:\/\/highxtar.com\/wp-content\/uploads\/2022\/09\/highxtar-reparto-gana-la-tercera-edicion-del-premio-allianz-ego-confidence-in-fashion-3.jpg\" class=\"attachment-full size-full\" alt=\"\" srcset=\"https:\/\/highxtar.com\/wp-content\/uploads\/2022\/09\/highxtar-reparto-gana-la-tercera-edicion-del-premio-allianz-ego-confidence-in-fashion-3.jpg 1000w, https:\/\/highxtar.com\/wp-content\/uploads\/2022\/09\/highxtar-reparto-gana-la-tercera-edicion-del-premio-allianz-ego-confidence-in-fashion-3-206x300.jpg 206w, https:\/\/highxtar.com\/wp-content\/uploads\/2022\/09\/highxtar-reparto-gana-la-tercera-edicion-del-premio-allianz-ego-confidence-in-fashion-3-702x1024.jpg 702w, https:\/\/highxtar.com\/wp-content\/uploads\/2022\/09\/highxtar-reparto-gana-la-tercera-edicion-del-premio-allianz-ego-confidence-in-fashion-3-768x1120.jpg 768w, https:\/\/highxtar.com\/wp-content\/uploads\/2022\/09\/highxtar-reparto-gana-la-tercera-edicion-del-premio-allianz-ego-confidence-in-fashion-3-973x1419.jpg 973w, https:\/\/highxtar.com\/wp-content\/uploads\/2022\/09\/highxtar-reparto-gana-la-tercera-edicion-del-premio-allianz-ego-confidence-in-fashion-3-508x741.jpg 508w\" sizes=\"(max-width: 1000px) 100vw, 1000px\" \/><\/a>\n\t\t\t<\/div><\/figure><figure class='gallery-item'>\n\t\t\t<div class='gallery-icon portrait'>\n\t\t\t\t<a href='https:\/\/highxtar.com\/en\/reparto-wins-the-3rd-edition-of-allianz-ego-confidence-in-fashion\/highxtar-reparto-gana-la-tercera-edicion-del-premio-allianz-ego-confidence-in-fashion-4-2\/'><img decoding=\"async\" width=\"1000\" height=\"1458\" src=\"https:\/\/highxtar.com\/wp-content\/uploads\/2022\/09\/highxtar-reparto-gana-la-tercera-edicion-del-premio-allianz-ego-confidence-in-fashion-4.jpg\" class=\"attachment-full size-full\" alt=\"\" srcset=\"https:\/\/highxtar.com\/wp-content\/uploads\/2022\/09\/highxtar-reparto-gana-la-tercera-edicion-del-premio-allianz-ego-confidence-in-fashion-4.jpg 1000w, https:\/\/highxtar.com\/wp-content\/uploads\/2022\/09\/highxtar-reparto-gana-la-tercera-edicion-del-premio-allianz-ego-confidence-in-fashion-4-206x300.jpg 206w, https:\/\/highxtar.com\/wp-content\/uploads\/2022\/09\/highxtar-reparto-gana-la-tercera-edicion-del-premio-allianz-ego-confidence-in-fashion-4-702x1024.jpg 702w, https:\/\/highxtar.com\/wp-content\/uploads\/2022\/09\/highxtar-reparto-gana-la-tercera-edicion-del-premio-allianz-ego-confidence-in-fashion-4-768x1120.jpg 768w, https:\/\/highxtar.com\/wp-content\/uploads\/2022\/09\/highxtar-reparto-gana-la-tercera-edicion-del-premio-allianz-ego-confidence-in-fashion-4-973x1419.jpg 973w, https:\/\/highxtar.com\/wp-content\/uploads\/2022\/09\/highxtar-reparto-gana-la-tercera-edicion-del-premio-allianz-ego-confidence-in-fashion-4-508x741.jpg 508w\" sizes=\"(max-width: 1000px) 100vw, 1000px\" \/><\/a>\n\t\t\t<\/div><\/figure>\n\t\t<\/div>\n\n<p>For the second consecutive year, Allianz will sponsor Opening by Allianz, the fair&#8217;s space for discovering new proposals that represents a map of emerging national and international gallerism. The pair of designers have already been part of the Allianz EGO platform, participating for the first time in 2020. Precisely the evolution and professionalization of their proposal with respect to previous editions have been the main reasons that have led the jury to select REPARTO as winners.<\/p>\n<p>Likewise, the panel of experts highlighted their rebellious, rebellious and rebellious brand discourse, as well as their clear knowledge of their generation and the public they are addressing, with prices clearly oriented to their target. The fifteen participants presented their collections and business projects to <em><strong>C\u00f3sima Ram\u00edrez, head of International Relations at Agatha Ru\u00edz de la Prada; Teresa Medina, head of press at MBFWMadrid; Andr\u00e9s Aberasturi, curator of Allianz EGO; and Maruca Garc\u00eda Paredes, director of the Fashion Department at the ESNE School.<\/strong><\/em><\/p>\n<div id='gallery-2' class='gallery galleryid-308106 gallery-columns-2 gallery-size-full'><figure class='gallery-item'>\n\t\t\t<div class='gallery-icon portrait'>\n\t\t\t\t<a href='https:\/\/highxtar.com\/en\/reparto-wins-the-3rd-edition-of-allianz-ego-confidence-in-fashion\/highxtar-reparto-gana-la-tercera-edicion-del-premio-allianz-ego-confidence-in-fashion-5-2\/'><img decoding=\"async\" width=\"1000\" height=\"1458\" src=\"https:\/\/highxtar.com\/wp-content\/uploads\/2022\/09\/highxtar-reparto-gana-la-tercera-edicion-del-premio-allianz-ego-confidence-in-fashion-5.jpg\" class=\"attachment-full size-full\" alt=\"\" srcset=\"https:\/\/highxtar.com\/wp-content\/uploads\/2022\/09\/highxtar-reparto-gana-la-tercera-edicion-del-premio-allianz-ego-confidence-in-fashion-5.jpg 1000w, https:\/\/highxtar.com\/wp-content\/uploads\/2022\/09\/highxtar-reparto-gana-la-tercera-edicion-del-premio-allianz-ego-confidence-in-fashion-5-206x300.jpg 206w, https:\/\/highxtar.com\/wp-content\/uploads\/2022\/09\/highxtar-reparto-gana-la-tercera-edicion-del-premio-allianz-ego-confidence-in-fashion-5-702x1024.jpg 702w, https:\/\/highxtar.com\/wp-content\/uploads\/2022\/09\/highxtar-reparto-gana-la-tercera-edicion-del-premio-allianz-ego-confidence-in-fashion-5-768x1120.jpg 768w, https:\/\/highxtar.com\/wp-content\/uploads\/2022\/09\/highxtar-reparto-gana-la-tercera-edicion-del-premio-allianz-ego-confidence-in-fashion-5-973x1419.jpg 973w, https:\/\/highxtar.com\/wp-content\/uploads\/2022\/09\/highxtar-reparto-gana-la-tercera-edicion-del-premio-allianz-ego-confidence-in-fashion-5-508x741.jpg 508w\" sizes=\"(max-width: 1000px) 100vw, 1000px\" \/><\/a>\n\t\t\t<\/div><\/figure><figure class='gallery-item'>\n\t\t\t<div class='gallery-icon portrait'>\n\t\t\t\t<a href='https:\/\/highxtar.com\/en\/reparto-wins-the-3rd-edition-of-allianz-ego-confidence-in-fashion\/highxtar-reparto-gana-la-tercera-edicion-del-premio-allianz-ego-confidence-in-fashion-6-2\/'><img decoding=\"async\" width=\"1000\" height=\"1458\" src=\"https:\/\/highxtar.com\/wp-content\/uploads\/2022\/09\/highxtar-reparto-gana-la-tercera-edicion-del-premio-allianz-ego-confidence-in-fashion-6.jpg\" class=\"attachment-full size-full\" alt=\"\" srcset=\"https:\/\/highxtar.com\/wp-content\/uploads\/2022\/09\/highxtar-reparto-gana-la-tercera-edicion-del-premio-allianz-ego-confidence-in-fashion-6.jpg 1000w, https:\/\/highxtar.com\/wp-content\/uploads\/2022\/09\/highxtar-reparto-gana-la-tercera-edicion-del-premio-allianz-ego-confidence-in-fashion-6-206x300.jpg 206w, https:\/\/highxtar.com\/wp-content\/uploads\/2022\/09\/highxtar-reparto-gana-la-tercera-edicion-del-premio-allianz-ego-confidence-in-fashion-6-702x1024.jpg 702w, https:\/\/highxtar.com\/wp-content\/uploads\/2022\/09\/highxtar-reparto-gana-la-tercera-edicion-del-premio-allianz-ego-confidence-in-fashion-6-768x1120.jpg 768w, https:\/\/highxtar.com\/wp-content\/uploads\/2022\/09\/highxtar-reparto-gana-la-tercera-edicion-del-premio-allianz-ego-confidence-in-fashion-6-973x1419.jpg 973w, https:\/\/highxtar.com\/wp-content\/uploads\/2022\/09\/highxtar-reparto-gana-la-tercera-edicion-del-premio-allianz-ego-confidence-in-fashion-6-508x741.jpg 508w\" sizes=\"(max-width: 1000px) 100vw, 1000px\" \/><\/a>\n\t\t\t<\/div><\/figure><figure class='gallery-item'>\n\t\t\t<div class='gallery-icon portrait'>\n\t\t\t\t<a href='https:\/\/highxtar.com\/en\/reparto-wins-the-3rd-edition-of-allianz-ego-confidence-in-fashion\/highxtar-reparto-gana-la-tercera-edicion-del-premio-allianz-ego-confidence-in-fashion-7-2\/'><img decoding=\"async\" width=\"1000\" height=\"1458\" src=\"https:\/\/highxtar.com\/wp-content\/uploads\/2022\/09\/highxtar-reparto-gana-la-tercera-edicion-del-premio-allianz-ego-confidence-in-fashion-7.jpg\" class=\"attachment-full size-full\" alt=\"\" srcset=\"https:\/\/highxtar.com\/wp-content\/uploads\/2022\/09\/highxtar-reparto-gana-la-tercera-edicion-del-premio-allianz-ego-confidence-in-fashion-7.jpg 1000w, https:\/\/highxtar.com\/wp-content\/uploads\/2022\/09\/highxtar-reparto-gana-la-tercera-edicion-del-premio-allianz-ego-confidence-in-fashion-7-206x300.jpg 206w, https:\/\/highxtar.com\/wp-content\/uploads\/2022\/09\/highxtar-reparto-gana-la-tercera-edicion-del-premio-allianz-ego-confidence-in-fashion-7-702x1024.jpg 702w, https:\/\/highxtar.com\/wp-content\/uploads\/2022\/09\/highxtar-reparto-gana-la-tercera-edicion-del-premio-allianz-ego-confidence-in-fashion-7-768x1120.jpg 768w, https:\/\/highxtar.com\/wp-content\/uploads\/2022\/09\/highxtar-reparto-gana-la-tercera-edicion-del-premio-allianz-ego-confidence-in-fashion-7-973x1419.jpg 973w, https:\/\/highxtar.com\/wp-content\/uploads\/2022\/09\/highxtar-reparto-gana-la-tercera-edicion-del-premio-allianz-ego-confidence-in-fashion-7-508x741.jpg 508w\" sizes=\"(max-width: 1000px) 100vw, 1000px\" \/><\/a>\n\t\t\t<\/div><\/figure><figure class='gallery-item'>\n\t\t\t<div class='gallery-icon portrait'>\n\t\t\t\t<a href='https:\/\/highxtar.com\/en\/reparto-wins-the-3rd-edition-of-allianz-ego-confidence-in-fashion\/highxtar-reparto-gana-la-tercera-edicion-del-premio-allianz-ego-confidence-in-fashion-8-2\/'><img decoding=\"async\" width=\"1000\" height=\"1458\" src=\"https:\/\/highxtar.com\/wp-content\/uploads\/2022\/09\/highxtar-reparto-gana-la-tercera-edicion-del-premio-allianz-ego-confidence-in-fashion-8.jpg\" class=\"attachment-full size-full\" alt=\"\" srcset=\"https:\/\/highxtar.com\/wp-content\/uploads\/2022\/09\/highxtar-reparto-gana-la-tercera-edicion-del-premio-allianz-ego-confidence-in-fashion-8.jpg 1000w, https:\/\/highxtar.com\/wp-content\/uploads\/2022\/09\/highxtar-reparto-gana-la-tercera-edicion-del-premio-allianz-ego-confidence-in-fashion-8-206x300.jpg 206w, https:\/\/highxtar.com\/wp-content\/uploads\/2022\/09\/highxtar-reparto-gana-la-tercera-edicion-del-premio-allianz-ego-confidence-in-fashion-8-702x1024.jpg 702w, https:\/\/highxtar.com\/wp-content\/uploads\/2022\/09\/highxtar-reparto-gana-la-tercera-edicion-del-premio-allianz-ego-confidence-in-fashion-8-768x1120.jpg 768w, https:\/\/highxtar.com\/wp-content\/uploads\/2022\/09\/highxtar-reparto-gana-la-tercera-edicion-del-premio-allianz-ego-confidence-in-fashion-8-973x1419.jpg 973w, https:\/\/highxtar.com\/wp-content\/uploads\/2022\/09\/highxtar-reparto-gana-la-tercera-edicion-del-premio-allianz-ego-confidence-in-fashion-8-508x741.jpg 508w\" sizes=\"(max-width: 1000px) 100vw, 1000px\" \/><\/a>\n\t\t\t<\/div><\/figure><figure class='gallery-item'>\n\t\t\t<div class='gallery-icon portrait'>\n\t\t\t\t<a href='https:\/\/highxtar.com\/en\/reparto-wins-the-3rd-edition-of-allianz-ego-confidence-in-fashion\/highxtar-reparto-gana-la-tercera-edicion-del-premio-allianz-ego-confidence-in-fashion-9-2\/'><img decoding=\"async\" width=\"1000\" height=\"1458\" src=\"https:\/\/highxtar.com\/wp-content\/uploads\/2022\/09\/highxtar-reparto-gana-la-tercera-edicion-del-premio-allianz-ego-confidence-in-fashion-9.jpg\" class=\"attachment-full size-full\" alt=\"\" srcset=\"https:\/\/highxtar.com\/wp-content\/uploads\/2022\/09\/highxtar-reparto-gana-la-tercera-edicion-del-premio-allianz-ego-confidence-in-fashion-9.jpg 1000w, https:\/\/highxtar.com\/wp-content\/uploads\/2022\/09\/highxtar-reparto-gana-la-tercera-edicion-del-premio-allianz-ego-confidence-in-fashion-9-206x300.jpg 206w, https:\/\/highxtar.com\/wp-content\/uploads\/2022\/09\/highxtar-reparto-gana-la-tercera-edicion-del-premio-allianz-ego-confidence-in-fashion-9-702x1024.jpg 702w, https:\/\/highxtar.com\/wp-content\/uploads\/2022\/09\/highxtar-reparto-gana-la-tercera-edicion-del-premio-allianz-ego-confidence-in-fashion-9-768x1120.jpg 768w, https:\/\/highxtar.com\/wp-content\/uploads\/2022\/09\/highxtar-reparto-gana-la-tercera-edicion-del-premio-allianz-ego-confidence-in-fashion-9-973x1419.jpg 973w, https:\/\/highxtar.com\/wp-content\/uploads\/2022\/09\/highxtar-reparto-gana-la-tercera-edicion-del-premio-allianz-ego-confidence-in-fashion-9-508x741.jpg 508w\" sizes=\"(max-width: 1000px) 100vw, 1000px\" \/><\/a>\n\t\t\t<\/div><\/figure>\n\t\t<\/div>\n\n<p>REPARTO is born in 2019 as a diary of the zillennial generation, talking and exposing topics that are not usually linked to the fashion world such as: being self-employed for the first time, eco-anxiety or existential crisis. <em><strong>&#8220;For us REPARTO has many different forms and we have never wanted to close the brand only to the textile product, that&#8217;s why we like to use our brand as a platform where we can collaborate with other artists and complementary brands&#8221;<\/strong><\/em> say Ana Viglione and Margil Pe\u00f1a, creative directors of REPARTO.<\/p>\n<p><strong><a href=\"https:\/\/highxtar.com\/estos-son-los-disenadores-que-optan-al-premio-allianz-ego-confidence-in-fashion\/\" target=\"_blank\" rel=\"noopener\">These are the designers competing for the Allianz EGO Confidence in Fashion award.<\/a><\/strong><\/p>\n","protected":false},"excerpt":{"rendered":"<p>REPARTO, by the creators Ana Viglione (Euskadi) and Margil Pe\u00f1a (Mexico), has won the Allianz EGO Confidence in Fashion award.<\/p>\n","protected":false},"author":22,"featured_media":308074,"comment_status":"closed","ping_status":"closed","sticky":false,"template":"","format":"standard","meta":{"_acf_changed":false,"footnotes":""},"categories":[603],"tags":[2156],"class_list":["post-308106","post","type-post","status-publish","format-standard","has-post-thumbnail","hentry","category-fashion-en","tag-mar-piera-en"],"acf":[],"yoast_head":"<!-- This site is optimized with the Yoast SEO Premium plugin  - https:\/\/yoast.com\/product\/yoast-seo-premium-wordpress\/ -->\n<title>REPARTO wins the 3rd edition of Allianz EGO Confidence in Fashion - HIGHXTAR.<\/title>\n<meta name=\"description\" content=\"REPARTO, by the creators Ana Viglione (Euskadi) and Margil Pe\u00f1a (Mexico), has won the Allianz EGO Confidence in Fashion award.\" \/>\n<meta name=\"robots\" content=\"index, follow, max-snippet:-1, max-image-preview:large, max-video-preview:-1\" \/>\n<link rel=\"canonical\" href=\"https:\/\/highxtar.com\/en\/reparto-wins-the-3rd-edition-of-allianz-ego-confidence-in-fashion\/\" \/>\n<meta property=\"og:locale\" content=\"en_US\" \/>\n<meta property=\"og:type\" content=\"article\" \/>\n<meta property=\"og:title\" content=\"REPARTO wins the 3rd edition of Allianz EGO Confidence in Fashion\" \/>\n<meta property=\"og:description\" content=\"REPARTO, by the creators Ana Viglione (Euskadi) and Margil Pe\u00f1a (Mexico), has won the Allianz EGO Confidence in Fashion award.\" \/>\n<meta property=\"og:url\" content=\"https:\/\/highxtar.com\/en\/reparto-wins-the-3rd-edition-of-allianz-ego-confidence-in-fashion\/\" \/>\n<meta property=\"og:site_name\" content=\"HIGHXTAR.\" \/>\n<meta property=\"article:publisher\" content=\"https:\/\/www.facebook.com\/highxtar\" \/>\n<meta property=\"article:published_time\" content=\"2022-09-19T10:34:57+00:00\" \/>\n<meta property=\"og:image\" content=\"https:\/\/highxtar.com\/wp-content\/uploads\/2022\/09\/highxtar-reparto-gana-la-tercera-edicion-del-premio-allianz-ego-confidence-in-fashion-10.jpg\" \/>\n\t<meta property=\"og:image:width\" content=\"1600\" \/>\n\t<meta property=\"og:image:height\" content=\"1200\" \/>\n\t<meta property=\"og:image:type\" content=\"image\/jpeg\" \/>\n<meta name=\"author\" content=\"Mar Piera\" \/>\n<meta name=\"twitter:card\" content=\"summary_large_image\" \/>\n<meta name=\"twitter:creator\" content=\"@highxtar_\" \/>\n<meta name=\"twitter:site\" content=\"@highxtar_\" \/>\n<meta name=\"twitter:label1\" content=\"Written by\" \/>\n\t<meta name=\"twitter:data1\" content=\"Mar Piera\" \/>\n\t<meta name=\"twitter:label2\" content=\"Est. reading time\" \/>\n\t<meta name=\"twitter:data2\" content=\"3 minutes\" \/>\n<script type=\"application\/ld+json\" class=\"yoast-schema-graph\">{\"@context\":\"https:\\\/\\\/schema.org\",\"@graph\":[{\"@type\":\"Article\",\"@id\":\"https:\\\/\\\/highxtar.com\\\/en\\\/reparto-wins-the-3rd-edition-of-allianz-ego-confidence-in-fashion\\\/#article\",\"isPartOf\":{\"@id\":\"https:\\\/\\\/highxtar.com\\\/en\\\/reparto-wins-the-3rd-edition-of-allianz-ego-confidence-in-fashion\\\/\"},\"author\":{\"name\":\"Mar Piera\",\"@id\":\"https:\\\/\\\/highxtar.com\\\/#\\\/schema\\\/person\\\/861b5d1b459a894df367f295d952c789\"},\"headline\":\"REPARTO wins the 3rd edition of Allianz EGO Confidence in Fashion\",\"datePublished\":\"2022-09-19T10:34:57+00:00\",\"mainEntityOfPage\":{\"@id\":\"https:\\\/\\\/highxtar.com\\\/en\\\/reparto-wins-the-3rd-edition-of-allianz-ego-confidence-in-fashion\\\/\"},\"wordCount\":448,\"publisher\":{\"@id\":\"https:\\\/\\\/highxtar.com\\\/#organization\"},\"image\":{\"@id\":\"https:\\\/\\\/highxtar.com\\\/en\\\/reparto-wins-the-3rd-edition-of-allianz-ego-confidence-in-fashion\\\/#primaryimage\"},\"thumbnailUrl\":\"https:\\\/\\\/highxtar.com\\\/wp-content\\\/uploads\\\/2022\\\/09\\\/highxtar-reparto-gana-la-tercera-edicion-del-premio-allianz-ego-confidence-in-fashion-10.jpg\",\"keywords\":[\"Mar Piera\"],\"articleSection\":[\"Fashion\"],\"inLanguage\":\"en-US\",\"copyrightYear\":\"2022\",\"copyrightHolder\":{\"@id\":\"https:\\\/\\\/highxtar.com\\\/#organization\"}},{\"@type\":\"WebPage\",\"@id\":\"https:\\\/\\\/highxtar.com\\\/en\\\/reparto-wins-the-3rd-edition-of-allianz-ego-confidence-in-fashion\\\/\",\"url\":\"https:\\\/\\\/highxtar.com\\\/en\\\/reparto-wins-the-3rd-edition-of-allianz-ego-confidence-in-fashion\\\/\",\"name\":\"REPARTO wins the 3rd edition of Allianz EGO Confidence in Fashion - HIGHXTAR.\",\"isPartOf\":{\"@id\":\"https:\\\/\\\/highxtar.com\\\/#website\"},\"primaryImageOfPage\":{\"@id\":\"https:\\\/\\\/highxtar.com\\\/en\\\/reparto-wins-the-3rd-edition-of-allianz-ego-confidence-in-fashion\\\/#primaryimage\"},\"image\":{\"@id\":\"https:\\\/\\\/highxtar.com\\\/en\\\/reparto-wins-the-3rd-edition-of-allianz-ego-confidence-in-fashion\\\/#primaryimage\"},\"thumbnailUrl\":\"https:\\\/\\\/highxtar.com\\\/wp-content\\\/uploads\\\/2022\\\/09\\\/highxtar-reparto-gana-la-tercera-edicion-del-premio-allianz-ego-confidence-in-fashion-10.jpg\",\"datePublished\":\"2022-09-19T10:34:57+00:00\",\"description\":\"REPARTO, by the creators Ana Viglione (Euskadi) and Margil Pe\u00f1a (Mexico), has won the Allianz EGO Confidence in Fashion award.\",\"breadcrumb\":{\"@id\":\"https:\\\/\\\/highxtar.com\\\/en\\\/reparto-wins-the-3rd-edition-of-allianz-ego-confidence-in-fashion\\\/#breadcrumb\"},\"inLanguage\":\"en-US\",\"potentialAction\":[{\"@type\":\"ReadAction\",\"target\":[\"https:\\\/\\\/highxtar.com\\\/en\\\/reparto-wins-the-3rd-edition-of-allianz-ego-confidence-in-fashion\\\/\"]}]},{\"@type\":\"ImageObject\",\"inLanguage\":\"en-US\",\"@id\":\"https:\\\/\\\/highxtar.com\\\/en\\\/reparto-wins-the-3rd-edition-of-allianz-ego-confidence-in-fashion\\\/#primaryimage\",\"url\":\"https:\\\/\\\/highxtar.com\\\/wp-content\\\/uploads\\\/2022\\\/09\\\/highxtar-reparto-gana-la-tercera-edicion-del-premio-allianz-ego-confidence-in-fashion-10.jpg\",\"contentUrl\":\"https:\\\/\\\/highxtar.com\\\/wp-content\\\/uploads\\\/2022\\\/09\\\/highxtar-reparto-gana-la-tercera-edicion-del-premio-allianz-ego-confidence-in-fashion-10.jpg\",\"width\":1600,\"height\":1200},{\"@type\":\"BreadcrumbList\",\"@id\":\"https:\\\/\\\/highxtar.com\\\/en\\\/reparto-wins-the-3rd-edition-of-allianz-ego-confidence-in-fashion\\\/#breadcrumb\",\"itemListElement\":[{\"@type\":\"ListItem\",\"position\":1,\"name\":\"Home\",\"item\":\"https:\\\/\\\/highxtar.com\\\/en\\\/\"},{\"@type\":\"ListItem\",\"position\":2,\"name\":\"REPARTO wins the 3rd edition of Allianz EGO Confidence in Fashion\"}]},{\"@type\":\"WebSite\",\"@id\":\"https:\\\/\\\/highxtar.com\\\/#website\",\"url\":\"https:\\\/\\\/highxtar.com\\\/\",\"name\":\"HIGHXTAR.\",\"description\":\"HIGHXTAR. es la voz latina de la moda y el streetwear. Devotos de las cosas que hacen la vida urbana excitante: Moda, M\u00fasica, Lifestyle, Arte &amp; Dise\u00f1o.\",\"publisher\":{\"@id\":\"https:\\\/\\\/highxtar.com\\\/#organization\"},\"potentialAction\":[{\"@type\":\"SearchAction\",\"target\":{\"@type\":\"EntryPoint\",\"urlTemplate\":\"https:\\\/\\\/highxtar.com\\\/?s={search_term_string}\"},\"query-input\":{\"@type\":\"PropertyValueSpecification\",\"valueRequired\":true,\"valueName\":\"search_term_string\"}}],\"inLanguage\":\"en-US\"},{\"@type\":\"Organization\",\"@id\":\"https:\\\/\\\/highxtar.com\\\/#organization\",\"name\":\"HIGHXTAR.\",\"url\":\"https:\\\/\\\/highxtar.com\\\/\",\"logo\":{\"@type\":\"ImageObject\",\"inLanguage\":\"en-US\",\"@id\":\"https:\\\/\\\/highxtar.com\\\/#\\\/schema\\\/logo\\\/image\\\/\",\"url\":\"https:\\\/\\\/highxtar.com\\\/wp-content\\\/uploads\\\/2016\\\/03\\\/HIGHXTAR_com_Favicon_2019.jpg\",\"contentUrl\":\"https:\\\/\\\/highxtar.com\\\/wp-content\\\/uploads\\\/2016\\\/03\\\/HIGHXTAR_com_Favicon_2019.jpg\",\"width\":1200,\"height\":1200,\"caption\":\"HIGHXTAR.\"},\"image\":{\"@id\":\"https:\\\/\\\/highxtar.com\\\/#\\\/schema\\\/logo\\\/image\\\/\"},\"sameAs\":[\"https:\\\/\\\/www.facebook.com\\\/highxtar\",\"https:\\\/\\\/x.com\\\/highxtar_\",\"https:\\\/\\\/www.instagram.com\\\/highxtar\",\"https:\\\/\\\/www.tiktok.com\\\/@highxtar\",\"https:\\\/\\\/www.youtube.com\\\/c\\\/highxtarofficial\",\"https:\\\/\\\/open.spotify.com\\\/user\\\/highxtar\"]},{\"@type\":\"Person\",\"@id\":\"https:\\\/\\\/highxtar.com\\\/#\\\/schema\\\/person\\\/861b5d1b459a894df367f295d952c789\",\"name\":\"Mar Piera\",\"description\":\"Editor &amp; Project Manager. m.piera@highxtar.com\",\"sameAs\":[\"https:\\\/\\\/www.instagram.com\\\/marpiera\\\/\"],\"url\":\"https:\\\/\\\/highxtar.com\\\/en\\\/author\\\/marpiera\\\/\"}]}<\/script>\n<!-- \/ Yoast SEO Premium plugin. -->","yoast_head_json":{"title":"REPARTO wins the 3rd edition of Allianz EGO Confidence in Fashion - HIGHXTAR.","description":"REPARTO, by the creators Ana Viglione (Euskadi) and Margil Pe\u00f1a (Mexico), has won the Allianz EGO Confidence in Fashion award.","robots":{"index":"index","follow":"follow","max-snippet":"max-snippet:-1","max-image-preview":"max-image-preview:large","max-video-preview":"max-video-preview:-1"},"canonical":"https:\/\/highxtar.com\/en\/reparto-wins-the-3rd-edition-of-allianz-ego-confidence-in-fashion\/","og_locale":"en_US","og_type":"article","og_title":"REPARTO wins the 3rd edition of Allianz EGO Confidence in Fashion","og_description":"REPARTO, by the creators Ana Viglione (Euskadi) and Margil Pe\u00f1a (Mexico), has won the Allianz EGO Confidence in Fashion award.","og_url":"https:\/\/highxtar.com\/en\/reparto-wins-the-3rd-edition-of-allianz-ego-confidence-in-fashion\/","og_site_name":"HIGHXTAR.","article_publisher":"https:\/\/www.facebook.com\/highxtar","article_published_time":"2022-09-19T10:34:57+00:00","og_image":[{"width":1600,"height":1200,"url":"https:\/\/highxtar.com\/wp-content\/uploads\/2022\/09\/highxtar-reparto-gana-la-tercera-edicion-del-premio-allianz-ego-confidence-in-fashion-10.jpg","type":"image\/jpeg"}],"author":"Mar Piera","twitter_card":"summary_large_image","twitter_creator":"@highxtar_","twitter_site":"@highxtar_","twitter_misc":{"Written by":"Mar Piera","Est. reading time":"3 minutes"},"schema":{"@context":"https:\/\/schema.org","@graph":[{"@type":"Article","@id":"https:\/\/highxtar.com\/en\/reparto-wins-the-3rd-edition-of-allianz-ego-confidence-in-fashion\/#article","isPartOf":{"@id":"https:\/\/highxtar.com\/en\/reparto-wins-the-3rd-edition-of-allianz-ego-confidence-in-fashion\/"},"author":{"name":"Mar Piera","@id":"https:\/\/highxtar.com\/#\/schema\/person\/861b5d1b459a894df367f295d952c789"},"headline":"REPARTO wins the 3rd edition of Allianz EGO Confidence in Fashion","datePublished":"2022-09-19T10:34:57+00:00","mainEntityOfPage":{"@id":"https:\/\/highxtar.com\/en\/reparto-wins-the-3rd-edition-of-allianz-ego-confidence-in-fashion\/"},"wordCount":448,"publisher":{"@id":"https:\/\/highxtar.com\/#organization"},"image":{"@id":"https:\/\/highxtar.com\/en\/reparto-wins-the-3rd-edition-of-allianz-ego-confidence-in-fashion\/#primaryimage"},"thumbnailUrl":"https:\/\/highxtar.com\/wp-content\/uploads\/2022\/09\/highxtar-reparto-gana-la-tercera-edicion-del-premio-allianz-ego-confidence-in-fashion-10.jpg","keywords":["Mar Piera"],"articleSection":["Fashion"],"inLanguage":"en-US","copyrightYear":"2022","copyrightHolder":{"@id":"https:\/\/highxtar.com\/#organization"}},{"@type":"WebPage","@id":"https:\/\/highxtar.com\/en\/reparto-wins-the-3rd-edition-of-allianz-ego-confidence-in-fashion\/","url":"https:\/\/highxtar.com\/en\/reparto-wins-the-3rd-edition-of-allianz-ego-confidence-in-fashion\/","name":"REPARTO wins the 3rd edition of Allianz EGO Confidence in Fashion - HIGHXTAR.","isPartOf":{"@id":"https:\/\/highxtar.com\/#website"},"primaryImageOfPage":{"@id":"https:\/\/highxtar.com\/en\/reparto-wins-the-3rd-edition-of-allianz-ego-confidence-in-fashion\/#primaryimage"},"image":{"@id":"https:\/\/highxtar.com\/en\/reparto-wins-the-3rd-edition-of-allianz-ego-confidence-in-fashion\/#primaryimage"},"thumbnailUrl":"https:\/\/highxtar.com\/wp-content\/uploads\/2022\/09\/highxtar-reparto-gana-la-tercera-edicion-del-premio-allianz-ego-confidence-in-fashion-10.jpg","datePublished":"2022-09-19T10:34:57+00:00","description":"REPARTO, by the creators Ana Viglione (Euskadi) and Margil Pe\u00f1a (Mexico), has won the Allianz EGO Confidence in Fashion award.","breadcrumb":{"@id":"https:\/\/highxtar.com\/en\/reparto-wins-the-3rd-edition-of-allianz-ego-confidence-in-fashion\/#breadcrumb"},"inLanguage":"en-US","potentialAction":[{"@type":"ReadAction","target":["https:\/\/highxtar.com\/en\/reparto-wins-the-3rd-edition-of-allianz-ego-confidence-in-fashion\/"]}]},{"@type":"ImageObject","inLanguage":"en-US","@id":"https:\/\/highxtar.com\/en\/reparto-wins-the-3rd-edition-of-allianz-ego-confidence-in-fashion\/#primaryimage","url":"https:\/\/highxtar.com\/wp-content\/uploads\/2022\/09\/highxtar-reparto-gana-la-tercera-edicion-del-premio-allianz-ego-confidence-in-fashion-10.jpg","contentUrl":"https:\/\/highxtar.com\/wp-content\/uploads\/2022\/09\/highxtar-reparto-gana-la-tercera-edicion-del-premio-allianz-ego-confidence-in-fashion-10.jpg","width":1600,"height":1200},{"@type":"BreadcrumbList","@id":"https:\/\/highxtar.com\/en\/reparto-wins-the-3rd-edition-of-allianz-ego-confidence-in-fashion\/#breadcrumb","itemListElement":[{"@type":"ListItem","position":1,"name":"Home","item":"https:\/\/highxtar.com\/en\/"},{"@type":"ListItem","position":2,"name":"REPARTO wins the 3rd edition of Allianz EGO Confidence in Fashion"}]},{"@type":"WebSite","@id":"https:\/\/highxtar.com\/#website","url":"https:\/\/highxtar.com\/","name":"HIGHXTAR.","description":"HIGHXTAR. es la voz latina de la moda y el streetwear. Devotos de las cosas que hacen la vida urbana excitante: Moda, M\u00fasica, Lifestyle, Arte &amp; Dise\u00f1o.","publisher":{"@id":"https:\/\/highxtar.com\/#organization"},"potentialAction":[{"@type":"SearchAction","target":{"@type":"EntryPoint","urlTemplate":"https:\/\/highxtar.com\/?s={search_term_string}"},"query-input":{"@type":"PropertyValueSpecification","valueRequired":true,"valueName":"search_term_string"}}],"inLanguage":"en-US"},{"@type":"Organization","@id":"https:\/\/highxtar.com\/#organization","name":"HIGHXTAR.","url":"https:\/\/highxtar.com\/","logo":{"@type":"ImageObject","inLanguage":"en-US","@id":"https:\/\/highxtar.com\/#\/schema\/logo\/image\/","url":"https:\/\/highxtar.com\/wp-content\/uploads\/2016\/03\/HIGHXTAR_com_Favicon_2019.jpg","contentUrl":"https:\/\/highxtar.com\/wp-content\/uploads\/2016\/03\/HIGHXTAR_com_Favicon_2019.jpg","width":1200,"height":1200,"caption":"HIGHXTAR."},"image":{"@id":"https:\/\/highxtar.com\/#\/schema\/logo\/image\/"},"sameAs":["https:\/\/www.facebook.com\/highxtar","https:\/\/x.com\/highxtar_","https:\/\/www.instagram.com\/highxtar","https:\/\/www.tiktok.com\/@highxtar","https:\/\/www.youtube.com\/c\/highxtarofficial","https:\/\/open.spotify.com\/user\/highxtar"]},{"@type":"Person","@id":"https:\/\/highxtar.com\/#\/schema\/person\/861b5d1b459a894df367f295d952c789","name":"Mar Piera","description":"Editor &amp; Project Manager. m.piera@highxtar.com","sameAs":["https:\/\/www.instagram.com\/marpiera\/"],"url":"https:\/\/highxtar.com\/en\/author\/marpiera\/"}]}},"_links":{"self":[{"href":"https:\/\/highxtar.com\/en\/wp-json\/wp\/v2\/posts\/308106","targetHints":{"allow":["GET"]}}],"collection":[{"href":"https:\/\/highxtar.com\/en\/wp-json\/wp\/v2\/posts"}],"about":[{"href":"https:\/\/highxtar.com\/en\/wp-json\/wp\/v2\/types\/post"}],"author":[{"embeddable":true,"href":"https:\/\/highxtar.com\/en\/wp-json\/wp\/v2\/users\/22"}],"replies":[{"embeddable":true,"href":"https:\/\/highxtar.com\/en\/wp-json\/wp\/v2\/comments?post=308106"}],"version-history":[{"count":2,"href":"https:\/\/highxtar.com\/en\/wp-json\/wp\/v2\/posts\/308106\/revisions"}],"predecessor-version":[{"id":308109,"href":"https:\/\/highxtar.com\/en\/wp-json\/wp\/v2\/posts\/308106\/revisions\/308109"}],"wp:featuredmedia":[{"embeddable":true,"href":"https:\/\/highxtar.com\/en\/wp-json\/wp\/v2\/media\/308074"}],"wp:attachment":[{"href":"https:\/\/highxtar.com\/en\/wp-json\/wp\/v2\/media?parent=308106"}],"wp:term":[{"taxonomy":"category","embeddable":true,"href":"https:\/\/highxtar.com\/en\/wp-json\/wp\/v2\/categories?post=308106"},{"taxonomy":"post_tag","embeddable":true,"href":"https:\/\/highxtar.com\/en\/wp-json\/wp\/v2\/tags?post=308106"}],"curies":[{"name":"wp","href":"https:\/\/api.w.org\/{rel}","templated":true}]}}