{"id":360305,"date":"2023-04-19T12:52:10","date_gmt":"2023-04-19T10:52:10","guid":{"rendered":"https:\/\/highxtar.com\/?p=360305"},"modified":"2023-04-19T12:52:10","modified_gmt":"2023-04-19T10:52:10","slug":"transparences-la-derniere-exposition-dyves-saint-laurent","status":"publish","type":"post","link":"https:\/\/highxtar.com\/en\/transparences-la-derniere-exposition-dyves-saint-laurent\/","title":{"rendered":"&#8220;Transparences&#8221;: la derni\u00e8re exposition d&#8217;Yves Saint Laurent"},"content":{"rendered":"<p><strong>Yves Saint Laurent pr\u00e9sente &#8220;Transparences&#8221;, sa derni\u00e8re exposition qui explore l&#8217;univers nu des collections du cr\u00e9ateur.<\/strong><\/p>\n<p><img decoding=\"async\" class=\"alignnone size-full wp-image-360298\" src=\"https:\/\/highxtar.com\/wp-content\/uploads\/2023\/04\/highxtar-yves-saint-laurent-exposicion-1.jpg\" alt=\"\" width=\"768\" height=\"786\" srcset=\"https:\/\/highxtar.com\/wp-content\/uploads\/2023\/04\/highxtar-yves-saint-laurent-exposicion-1.jpg 768w, https:\/\/highxtar.com\/wp-content\/uploads\/2023\/04\/highxtar-yves-saint-laurent-exposicion-1-293x300.jpg 293w, https:\/\/highxtar.com\/wp-content\/uploads\/2023\/04\/highxtar-yves-saint-laurent-exposicion-1-508x520.jpg 508w\" sizes=\"(max-width: 768px) 100vw, 768px\" \/><\/p>\n<p>La Cit\u00e9 de la dentelle &#8211; un mus\u00e9e de la dentelle situ\u00e9 dans le Pas-de-Calais, dans le nord de la France &#8211; et le <strong><a href=\"https:\/\/museeyslparis.com\/en\/practical-information?localized=es\" target=\"_blank\" rel=\"noopener\">Mus\u00e9e Yves Saint Laurent \u00e0 Paris<\/a><\/strong> s&#8217;associent pour pr\u00e9senter une exposition sur l&#8217;\u0153uvre du cr\u00e9ateur alg\u00e9rien Yves Henri Donat Mathieu-Saint-Laurent dans la lib\u00e9ration de la femme par le design.<\/p>\n<p>&#8220;Yves Saint Laurent : Transparences&#8221;, comme son nom l&#8217;indique, traite de l&#8217;utilisation des transparences, de la dentelle, des d\u00e9coupes et des combinaisons de tissus l\u00e9gers avec lesquels le d\u00e9funt cr\u00e9ateur a sugg\u00e9r\u00e9 l&#8217;id\u00e9e que : <em><strong>&#8220;La femme Saint Laurent expose son corps quand elle le veut et le cache quand elle le veut&#8221;.<\/strong><\/em><\/p>\n<p>L&#8217;exposition est organis\u00e9e en deux temps : du 24 juin au 12 novembre 2023 \u00e0 la Cit\u00e9 de la dentelle et de la mode, puis au Mus\u00e9e Yves Saint Laurent \u00e0 Paris en 2024. Deux \u00e9tapes au cours desquelles sera abord\u00e9 un th\u00e8me phare des tendances actuelles : le corps comme \u00e9l\u00e9ment de revendication.<\/p>\n<p><img decoding=\"async\" class=\"alignnone size-full wp-image-360300\" src=\"https:\/\/highxtar.com\/wp-content\/uploads\/2023\/04\/highxtar-yves-saint-laurent-1.jpg\" alt=\"\" width=\"1600\" height=\"1185\" srcset=\"https:\/\/highxtar.com\/wp-content\/uploads\/2023\/04\/highxtar-yves-saint-laurent-1.jpg 1600w, https:\/\/highxtar.com\/wp-content\/uploads\/2023\/04\/highxtar-yves-saint-laurent-1-300x222.jpg 300w, https:\/\/highxtar.com\/wp-content\/uploads\/2023\/04\/highxtar-yves-saint-laurent-1-1024x758.jpg 1024w, https:\/\/highxtar.com\/wp-content\/uploads\/2023\/04\/highxtar-yves-saint-laurent-1-768x569.jpg 768w, https:\/\/highxtar.com\/wp-content\/uploads\/2023\/04\/highxtar-yves-saint-laurent-1-1536x1138.jpg 1536w, https:\/\/highxtar.com\/wp-content\/uploads\/2023\/04\/highxtar-yves-saint-laurent-1-973x721.jpg 973w, https:\/\/highxtar.com\/wp-content\/uploads\/2023\/04\/highxtar-yves-saint-laurent-1-508x376.jpg 508w\" sizes=\"(max-width: 1600px) 100vw, 1600px\" \/><\/p>\n<p><strong><a href=\"https:\/\/highxtar.com\/kaia-berger-da-nombre-a-este-bolso-de-yves-saint-laurent\/\" target=\"_blank\" rel=\"noopener\">Kaia Berger da nombre a este bolso de Yves Saint Laurent.<\/a><\/strong><\/p>\n","protected":false},"excerpt":{"rendered":"<p>Yves Saint Laurent pr\u00e9sente &#8220;Transparences&#8221;, sa derni\u00e8re exposition qui explore l&#8217;univers nu des collections du cr\u00e9ateur.<\/p>\n","protected":false},"author":22,"featured_media":360297,"comment_status":"closed","ping_status":"closed","sticky":false,"template":"","format":"standard","meta":{"_acf_changed":false,"footnotes":""},"categories":[603],"tags":[2156,723],"class_list":["post-360305","post","type-post","status-publish","format-standard","has-post-thumbnail","hentry","category-fashion-en","tag-mar-piera-en","tag-saint-laurent-en"],"acf":[],"yoast_head":"<!-- This site is optimized with the Yoast SEO Premium plugin  - https:\/\/yoast.com\/product\/yoast-seo-premium-wordpress\/ -->\n<title>&quot;Transparences&quot;: la derni\u00e8re exposition d&#039;Yves Saint Laurent - HIGHXTAR.<\/title>\n<meta name=\"description\" content=\"Yves Saint Laurent pr\u00e9sente &quot;Transparences&quot;, sa derni\u00e8re exposition qui explore l&#039;univers nu des collections du cr\u00e9ateur.\" \/>\n<meta name=\"robots\" content=\"index, follow, max-snippet:-1, max-image-preview:large, max-video-preview:-1\" \/>\n<link rel=\"canonical\" href=\"https:\/\/highxtar.com\/en\/transparences-la-derniere-exposition-dyves-saint-laurent\/\" \/>\n<meta property=\"og:locale\" content=\"en_US\" \/>\n<meta property=\"og:type\" content=\"article\" \/>\n<meta property=\"og:title\" content=\"&quot;Transparences&quot;: la derni\u00e8re exposition d&#039;Yves Saint Laurent\" \/>\n<meta property=\"og:description\" content=\"Yves Saint Laurent pr\u00e9sente &quot;Transparences&quot;, sa derni\u00e8re exposition qui explore l&#039;univers nu des collections du cr\u00e9ateur.\" \/>\n<meta property=\"og:url\" content=\"https:\/\/highxtar.com\/en\/transparences-la-derniere-exposition-dyves-saint-laurent\/\" \/>\n<meta property=\"og:site_name\" content=\"HIGHXTAR.\" \/>\n<meta property=\"article:publisher\" content=\"https:\/\/www.facebook.com\/highxtar\" \/>\n<meta property=\"article:published_time\" content=\"2023-04-19T10:52:10+00:00\" \/>\n<meta property=\"og:image\" content=\"https:\/\/highxtar.com\/wp-content\/uploads\/2023\/04\/highxtar-yves-saint-laurent-exposicion-destacada.jpg\" \/>\n\t<meta property=\"og:image:width\" content=\"1600\" \/>\n\t<meta property=\"og:image:height\" content=\"1200\" \/>\n\t<meta property=\"og:image:type\" content=\"image\/jpeg\" \/>\n<meta name=\"author\" content=\"Mar Piera\" \/>\n<meta name=\"twitter:card\" content=\"summary_large_image\" \/>\n<meta name=\"twitter:creator\" content=\"@highxtar_\" \/>\n<meta name=\"twitter:site\" content=\"@highxtar_\" \/>\n<meta name=\"twitter:label1\" content=\"Written by\" \/>\n\t<meta name=\"twitter:data1\" content=\"Mar Piera\" \/>\n\t<meta name=\"twitter:label2\" content=\"Est. reading time\" \/>\n\t<meta name=\"twitter:data2\" content=\"2 minutes\" \/>\n<script type=\"application\/ld+json\" class=\"yoast-schema-graph\">{\"@context\":\"https:\\\/\\\/schema.org\",\"@graph\":[{\"@type\":\"Article\",\"@id\":\"https:\\\/\\\/highxtar.com\\\/en\\\/transparences-la-derniere-exposition-dyves-saint-laurent\\\/#article\",\"isPartOf\":{\"@id\":\"https:\\\/\\\/highxtar.com\\\/en\\\/transparences-la-derniere-exposition-dyves-saint-laurent\\\/\"},\"author\":{\"name\":\"Mar Piera\",\"@id\":\"https:\\\/\\\/highxtar.com\\\/#\\\/schema\\\/person\\\/861b5d1b459a894df367f295d952c789\"},\"headline\":\"&#8220;Transparences&#8221;: la derni\u00e8re exposition d&#8217;Yves Saint Laurent\",\"datePublished\":\"2023-04-19T10:52:10+00:00\",\"mainEntityOfPage\":{\"@id\":\"https:\\\/\\\/highxtar.com\\\/en\\\/transparences-la-derniere-exposition-dyves-saint-laurent\\\/\"},\"wordCount\":211,\"publisher\":{\"@id\":\"https:\\\/\\\/highxtar.com\\\/#organization\"},\"image\":{\"@id\":\"https:\\\/\\\/highxtar.com\\\/en\\\/transparences-la-derniere-exposition-dyves-saint-laurent\\\/#primaryimage\"},\"thumbnailUrl\":\"https:\\\/\\\/highxtar.com\\\/wp-content\\\/uploads\\\/2023\\\/04\\\/highxtar-yves-saint-laurent-exposicion-destacada.jpg\",\"keywords\":[\"Mar Piera\",\"Saint Laurent\"],\"articleSection\":[\"Fashion\"],\"inLanguage\":\"en-US\",\"copyrightYear\":\"2023\",\"copyrightHolder\":{\"@id\":\"https:\\\/\\\/highxtar.com\\\/#organization\"}},{\"@type\":\"WebPage\",\"@id\":\"https:\\\/\\\/highxtar.com\\\/en\\\/transparences-la-derniere-exposition-dyves-saint-laurent\\\/\",\"url\":\"https:\\\/\\\/highxtar.com\\\/en\\\/transparences-la-derniere-exposition-dyves-saint-laurent\\\/\",\"name\":\"\\\"Transparences\\\": la derni\u00e8re exposition d'Yves Saint Laurent - HIGHXTAR.\",\"isPartOf\":{\"@id\":\"https:\\\/\\\/highxtar.com\\\/#website\"},\"primaryImageOfPage\":{\"@id\":\"https:\\\/\\\/highxtar.com\\\/en\\\/transparences-la-derniere-exposition-dyves-saint-laurent\\\/#primaryimage\"},\"image\":{\"@id\":\"https:\\\/\\\/highxtar.com\\\/en\\\/transparences-la-derniere-exposition-dyves-saint-laurent\\\/#primaryimage\"},\"thumbnailUrl\":\"https:\\\/\\\/highxtar.com\\\/wp-content\\\/uploads\\\/2023\\\/04\\\/highxtar-yves-saint-laurent-exposicion-destacada.jpg\",\"datePublished\":\"2023-04-19T10:52:10+00:00\",\"description\":\"Yves Saint Laurent pr\u00e9sente \\\"Transparences\\\", sa derni\u00e8re exposition qui explore l'univers nu des collections du cr\u00e9ateur.\",\"breadcrumb\":{\"@id\":\"https:\\\/\\\/highxtar.com\\\/en\\\/transparences-la-derniere-exposition-dyves-saint-laurent\\\/#breadcrumb\"},\"inLanguage\":\"en-US\",\"potentialAction\":[{\"@type\":\"ReadAction\",\"target\":[\"https:\\\/\\\/highxtar.com\\\/en\\\/transparences-la-derniere-exposition-dyves-saint-laurent\\\/\"]}]},{\"@type\":\"ImageObject\",\"inLanguage\":\"en-US\",\"@id\":\"https:\\\/\\\/highxtar.com\\\/en\\\/transparences-la-derniere-exposition-dyves-saint-laurent\\\/#primaryimage\",\"url\":\"https:\\\/\\\/highxtar.com\\\/wp-content\\\/uploads\\\/2023\\\/04\\\/highxtar-yves-saint-laurent-exposicion-destacada.jpg\",\"contentUrl\":\"https:\\\/\\\/highxtar.com\\\/wp-content\\\/uploads\\\/2023\\\/04\\\/highxtar-yves-saint-laurent-exposicion-destacada.jpg\",\"width\":1600,\"height\":1200},{\"@type\":\"BreadcrumbList\",\"@id\":\"https:\\\/\\\/highxtar.com\\\/en\\\/transparences-la-derniere-exposition-dyves-saint-laurent\\\/#breadcrumb\",\"itemListElement\":[{\"@type\":\"ListItem\",\"position\":1,\"name\":\"Home\",\"item\":\"https:\\\/\\\/highxtar.com\\\/en\\\/\"},{\"@type\":\"ListItem\",\"position\":2,\"name\":\"\u00abTransparences\u00bb: la derni\u00e8re exposition d&#8217;Yves Saint Laurent\"}]},{\"@type\":\"WebSite\",\"@id\":\"https:\\\/\\\/highxtar.com\\\/#website\",\"url\":\"https:\\\/\\\/highxtar.com\\\/\",\"name\":\"HIGHXTAR.\",\"description\":\"HIGHXTAR. es la voz latina de la moda y el streetwear. Devotos de las cosas que hacen la vida urbana excitante: Moda, M\u00fasica, Lifestyle, Arte &amp; Dise\u00f1o.\",\"publisher\":{\"@id\":\"https:\\\/\\\/highxtar.com\\\/#organization\"},\"potentialAction\":[{\"@type\":\"SearchAction\",\"target\":{\"@type\":\"EntryPoint\",\"urlTemplate\":\"https:\\\/\\\/highxtar.com\\\/?s={search_term_string}\"},\"query-input\":{\"@type\":\"PropertyValueSpecification\",\"valueRequired\":true,\"valueName\":\"search_term_string\"}}],\"inLanguage\":\"en-US\"},{\"@type\":\"Organization\",\"@id\":\"https:\\\/\\\/highxtar.com\\\/#organization\",\"name\":\"HIGHXTAR.\",\"url\":\"https:\\\/\\\/highxtar.com\\\/\",\"logo\":{\"@type\":\"ImageObject\",\"inLanguage\":\"en-US\",\"@id\":\"https:\\\/\\\/highxtar.com\\\/#\\\/schema\\\/logo\\\/image\\\/\",\"url\":\"https:\\\/\\\/highxtar.com\\\/wp-content\\\/uploads\\\/2016\\\/03\\\/HIGHXTAR_com_Favicon_2019.jpg\",\"contentUrl\":\"https:\\\/\\\/highxtar.com\\\/wp-content\\\/uploads\\\/2016\\\/03\\\/HIGHXTAR_com_Favicon_2019.jpg\",\"width\":1200,\"height\":1200,\"caption\":\"HIGHXTAR.\"},\"image\":{\"@id\":\"https:\\\/\\\/highxtar.com\\\/#\\\/schema\\\/logo\\\/image\\\/\"},\"sameAs\":[\"https:\\\/\\\/www.facebook.com\\\/highxtar\",\"https:\\\/\\\/x.com\\\/highxtar_\",\"https:\\\/\\\/www.instagram.com\\\/highxtar\",\"https:\\\/\\\/www.tiktok.com\\\/@highxtar\",\"https:\\\/\\\/www.youtube.com\\\/c\\\/highxtarofficial\",\"https:\\\/\\\/open.spotify.com\\\/user\\\/highxtar\"]},{\"@type\":\"Person\",\"@id\":\"https:\\\/\\\/highxtar.com\\\/#\\\/schema\\\/person\\\/861b5d1b459a894df367f295d952c789\",\"name\":\"Mar Piera\",\"description\":\"Editor &amp; Project Manager. m.piera@highxtar.com\",\"sameAs\":[\"https:\\\/\\\/www.instagram.com\\\/marpiera\\\/\"],\"url\":\"https:\\\/\\\/highxtar.com\\\/en\\\/author\\\/marpiera\\\/\"}]}<\/script>\n<!-- \/ Yoast SEO Premium plugin. -->","yoast_head_json":{"title":"\"Transparences\": la derni\u00e8re exposition d'Yves Saint Laurent - HIGHXTAR.","description":"Yves Saint Laurent pr\u00e9sente \"Transparences\", sa derni\u00e8re exposition qui explore l'univers nu des collections du cr\u00e9ateur.","robots":{"index":"index","follow":"follow","max-snippet":"max-snippet:-1","max-image-preview":"max-image-preview:large","max-video-preview":"max-video-preview:-1"},"canonical":"https:\/\/highxtar.com\/en\/transparences-la-derniere-exposition-dyves-saint-laurent\/","og_locale":"en_US","og_type":"article","og_title":"\"Transparences\": la derni\u00e8re exposition d'Yves Saint Laurent","og_description":"Yves Saint Laurent pr\u00e9sente \"Transparences\", sa derni\u00e8re exposition qui explore l'univers nu des collections du cr\u00e9ateur.","og_url":"https:\/\/highxtar.com\/en\/transparences-la-derniere-exposition-dyves-saint-laurent\/","og_site_name":"HIGHXTAR.","article_publisher":"https:\/\/www.facebook.com\/highxtar","article_published_time":"2023-04-19T10:52:10+00:00","og_image":[{"width":1600,"height":1200,"url":"https:\/\/highxtar.com\/wp-content\/uploads\/2023\/04\/highxtar-yves-saint-laurent-exposicion-destacada.jpg","type":"image\/jpeg"}],"author":"Mar Piera","twitter_card":"summary_large_image","twitter_creator":"@highxtar_","twitter_site":"@highxtar_","twitter_misc":{"Written by":"Mar Piera","Est. reading time":"2 minutes"},"schema":{"@context":"https:\/\/schema.org","@graph":[{"@type":"Article","@id":"https:\/\/highxtar.com\/en\/transparences-la-derniere-exposition-dyves-saint-laurent\/#article","isPartOf":{"@id":"https:\/\/highxtar.com\/en\/transparences-la-derniere-exposition-dyves-saint-laurent\/"},"author":{"name":"Mar Piera","@id":"https:\/\/highxtar.com\/#\/schema\/person\/861b5d1b459a894df367f295d952c789"},"headline":"&#8220;Transparences&#8221;: la derni\u00e8re exposition d&#8217;Yves Saint Laurent","datePublished":"2023-04-19T10:52:10+00:00","mainEntityOfPage":{"@id":"https:\/\/highxtar.com\/en\/transparences-la-derniere-exposition-dyves-saint-laurent\/"},"wordCount":211,"publisher":{"@id":"https:\/\/highxtar.com\/#organization"},"image":{"@id":"https:\/\/highxtar.com\/en\/transparences-la-derniere-exposition-dyves-saint-laurent\/#primaryimage"},"thumbnailUrl":"https:\/\/highxtar.com\/wp-content\/uploads\/2023\/04\/highxtar-yves-saint-laurent-exposicion-destacada.jpg","keywords":["Mar Piera","Saint Laurent"],"articleSection":["Fashion"],"inLanguage":"en-US","copyrightYear":"2023","copyrightHolder":{"@id":"https:\/\/highxtar.com\/#organization"}},{"@type":"WebPage","@id":"https:\/\/highxtar.com\/en\/transparences-la-derniere-exposition-dyves-saint-laurent\/","url":"https:\/\/highxtar.com\/en\/transparences-la-derniere-exposition-dyves-saint-laurent\/","name":"\"Transparences\": la derni\u00e8re exposition d'Yves Saint Laurent - HIGHXTAR.","isPartOf":{"@id":"https:\/\/highxtar.com\/#website"},"primaryImageOfPage":{"@id":"https:\/\/highxtar.com\/en\/transparences-la-derniere-exposition-dyves-saint-laurent\/#primaryimage"},"image":{"@id":"https:\/\/highxtar.com\/en\/transparences-la-derniere-exposition-dyves-saint-laurent\/#primaryimage"},"thumbnailUrl":"https:\/\/highxtar.com\/wp-content\/uploads\/2023\/04\/highxtar-yves-saint-laurent-exposicion-destacada.jpg","datePublished":"2023-04-19T10:52:10+00:00","description":"Yves Saint Laurent pr\u00e9sente \"Transparences\", sa derni\u00e8re exposition qui explore l'univers nu des collections du cr\u00e9ateur.","breadcrumb":{"@id":"https:\/\/highxtar.com\/en\/transparences-la-derniere-exposition-dyves-saint-laurent\/#breadcrumb"},"inLanguage":"en-US","potentialAction":[{"@type":"ReadAction","target":["https:\/\/highxtar.com\/en\/transparences-la-derniere-exposition-dyves-saint-laurent\/"]}]},{"@type":"ImageObject","inLanguage":"en-US","@id":"https:\/\/highxtar.com\/en\/transparences-la-derniere-exposition-dyves-saint-laurent\/#primaryimage","url":"https:\/\/highxtar.com\/wp-content\/uploads\/2023\/04\/highxtar-yves-saint-laurent-exposicion-destacada.jpg","contentUrl":"https:\/\/highxtar.com\/wp-content\/uploads\/2023\/04\/highxtar-yves-saint-laurent-exposicion-destacada.jpg","width":1600,"height":1200},{"@type":"BreadcrumbList","@id":"https:\/\/highxtar.com\/en\/transparences-la-derniere-exposition-dyves-saint-laurent\/#breadcrumb","itemListElement":[{"@type":"ListItem","position":1,"name":"Home","item":"https:\/\/highxtar.com\/en\/"},{"@type":"ListItem","position":2,"name":"\u00abTransparences\u00bb: la derni\u00e8re exposition d&#8217;Yves Saint Laurent"}]},{"@type":"WebSite","@id":"https:\/\/highxtar.com\/#website","url":"https:\/\/highxtar.com\/","name":"HIGHXTAR.","description":"HIGHXTAR. es la voz latina de la moda y el streetwear. Devotos de las cosas que hacen la vida urbana excitante: Moda, M\u00fasica, Lifestyle, Arte &amp; Dise\u00f1o.","publisher":{"@id":"https:\/\/highxtar.com\/#organization"},"potentialAction":[{"@type":"SearchAction","target":{"@type":"EntryPoint","urlTemplate":"https:\/\/highxtar.com\/?s={search_term_string}"},"query-input":{"@type":"PropertyValueSpecification","valueRequired":true,"valueName":"search_term_string"}}],"inLanguage":"en-US"},{"@type":"Organization","@id":"https:\/\/highxtar.com\/#organization","name":"HIGHXTAR.","url":"https:\/\/highxtar.com\/","logo":{"@type":"ImageObject","inLanguage":"en-US","@id":"https:\/\/highxtar.com\/#\/schema\/logo\/image\/","url":"https:\/\/highxtar.com\/wp-content\/uploads\/2016\/03\/HIGHXTAR_com_Favicon_2019.jpg","contentUrl":"https:\/\/highxtar.com\/wp-content\/uploads\/2016\/03\/HIGHXTAR_com_Favicon_2019.jpg","width":1200,"height":1200,"caption":"HIGHXTAR."},"image":{"@id":"https:\/\/highxtar.com\/#\/schema\/logo\/image\/"},"sameAs":["https:\/\/www.facebook.com\/highxtar","https:\/\/x.com\/highxtar_","https:\/\/www.instagram.com\/highxtar","https:\/\/www.tiktok.com\/@highxtar","https:\/\/www.youtube.com\/c\/highxtarofficial","https:\/\/open.spotify.com\/user\/highxtar"]},{"@type":"Person","@id":"https:\/\/highxtar.com\/#\/schema\/person\/861b5d1b459a894df367f295d952c789","name":"Mar Piera","description":"Editor &amp; Project Manager. m.piera@highxtar.com","sameAs":["https:\/\/www.instagram.com\/marpiera\/"],"url":"https:\/\/highxtar.com\/en\/author\/marpiera\/"}]}},"_links":{"self":[{"href":"https:\/\/highxtar.com\/en\/wp-json\/wp\/v2\/posts\/360305","targetHints":{"allow":["GET"]}}],"collection":[{"href":"https:\/\/highxtar.com\/en\/wp-json\/wp\/v2\/posts"}],"about":[{"href":"https:\/\/highxtar.com\/en\/wp-json\/wp\/v2\/types\/post"}],"author":[{"embeddable":true,"href":"https:\/\/highxtar.com\/en\/wp-json\/wp\/v2\/users\/22"}],"replies":[{"embeddable":true,"href":"https:\/\/highxtar.com\/en\/wp-json\/wp\/v2\/comments?post=360305"}],"version-history":[{"count":3,"href":"https:\/\/highxtar.com\/en\/wp-json\/wp\/v2\/posts\/360305\/revisions"}],"predecessor-version":[{"id":360309,"href":"https:\/\/highxtar.com\/en\/wp-json\/wp\/v2\/posts\/360305\/revisions\/360309"}],"wp:featuredmedia":[{"embeddable":true,"href":"https:\/\/highxtar.com\/en\/wp-json\/wp\/v2\/media\/360297"}],"wp:attachment":[{"href":"https:\/\/highxtar.com\/en\/wp-json\/wp\/v2\/media?parent=360305"}],"wp:term":[{"taxonomy":"category","embeddable":true,"href":"https:\/\/highxtar.com\/en\/wp-json\/wp\/v2\/categories?post=360305"},{"taxonomy":"post_tag","embeddable":true,"href":"https:\/\/highxtar.com\/en\/wp-json\/wp\/v2\/tags?post=360305"}],"curies":[{"name":"wp","href":"https:\/\/api.w.org\/{rel}","templated":true}]}}