{"id":384491,"date":"2023-07-17T12:31:12","date_gmt":"2023-07-17T10:31:12","guid":{"rendered":"https:\/\/highxtar.com\/?p=384491"},"modified":"2023-07-17T12:31:13","modified_gmt":"2023-07-17T10:31:13","slug":"madrid-es-moda-returns-for-next-season","status":"publish","type":"post","link":"https:\/\/highxtar.com\/en\/madrid-es-moda-returns-for-next-season\/","title":{"rendered":"Madrid es Moda returns for next season"},"content":{"rendered":"\n<h2 class=\"wp-block-heading\">Madrid es Moda today confirms the dates of its next season and previews part of its programme.<\/h2>\n\n\n\n<figure class=\"wp-block-image size-large\"><img decoding=\"async\" width=\"1024\" height=\"768\" src=\"https:\/\/highxtar.com\/wp-content\/uploads\/2023\/07\/highxtar-madrid-es-moda-1-1024x768.jpg\" alt=\"\" class=\"wp-image-384486\" srcset=\"https:\/\/highxtar.com\/wp-content\/uploads\/2023\/07\/highxtar-madrid-es-moda-1-1024x768.jpg 1024w, https:\/\/highxtar.com\/wp-content\/uploads\/2023\/07\/highxtar-madrid-es-moda-1-300x225.jpg 300w, https:\/\/highxtar.com\/wp-content\/uploads\/2023\/07\/highxtar-madrid-es-moda-1-768x576.jpg 768w, https:\/\/highxtar.com\/wp-content\/uploads\/2023\/07\/highxtar-madrid-es-moda-1-1536x1152.jpg 1536w, https:\/\/highxtar.com\/wp-content\/uploads\/2023\/07\/highxtar-madrid-es-moda-1-1440x1080.jpg 1440w, https:\/\/highxtar.com\/wp-content\/uploads\/2023\/07\/highxtar-madrid-es-moda-1-973x730.jpg 973w, https:\/\/highxtar.com\/wp-content\/uploads\/2023\/07\/highxtar-madrid-es-moda-1-700x525.jpg 700w, https:\/\/highxtar.com\/wp-content\/uploads\/2023\/07\/highxtar-madrid-es-moda-1-508x381.jpg 508w, https:\/\/highxtar.com\/wp-content\/uploads\/2023\/07\/highxtar-madrid-es-moda-1-640x480.jpg 640w, https:\/\/highxtar.com\/wp-content\/uploads\/2023\/07\/highxtar-madrid-es-moda-1.jpg 1600w\" sizes=\"(max-width: 1024px) 100vw, 1024px\" \/><\/figure>\n\n\n\n<p>Forerunners in taking signature fashion to the street, from 7 to 11 September MeM will once again choose Madrid and its corners as the setting for presenting the proposals of more than 20 designers in original events that make the city a co-protagonist. An edition that is putting the finishing touches to its preparations and which will once again begin with an urban event, this time held in collaboration with the National Archaeological Museum.<\/p>\n\n\n\n<p><strong>Beatriz Pe\u00f1alver, Devota &amp; Lomba, Duarte, Duyos, Encinar, Esther Noriega, Evade House, F\u00e9lix Ramiro, Garc\u00eda Madrid, Gran Canaria Moda C\u00e1lida, Javier Delafuente, Juan Vidal, Juanjo Oliva, Leandro Cano, Malne, Mar\u00eda Lafuente, Mois\u00e9s Nieto, Odette \u00c1lvarez, Oteyza, Otrura, Pertegaz, Raquel L\u00f3pez and The Extreme Collection<\/strong> are some of the firms that will participate in <strong><a href=\"https:\/\/madridesmoda.com\">Madrid es Moda<\/a><\/strong>, whose calendar will be announced in a few weeks and which will include fashion shows, exhibitions and colloquiums, among other activities.<\/p>\n\n\n\n<p>The programme will also include the official presentation of #GENSPAIN, a project promoted by the most avant-garde and cutting-edge generation of fashion designers in Spain to reinforce Made in Spain within and beyond our borders. GENSPAIN is made up of: <strong>Carlota Barrera, Ernesto Naranjo, Juan Vidal, Leandro Cano, Man\u00e9Man\u00e9, Mans, Mois\u00e9s Nieto, Paula C\u00e1novas del Vas, Reveligion, Sonia Carrasco and Yn\u00e9s Suelves.<\/strong><\/p>\n\n\n\n<p>Madrid es Moda will once again kick off Madrid Fashion Week with a street action of which all the details will be unveiled soon. On this occasion, fashion and flamenco, two of the most representative arts of our country, will merge in the National Archaeological Museum in a performance with models, music and live dance. The performance will feature leading figures from the world of flamenco and the participants in Madrid es Moda.<\/p>\n\n\n\n<h2 class=\"wp-block-heading\">CHRONOS, THE VALUE OF TIME<\/h2>\n\n\n\n<p>This issue of Madrid es Moda revolves around the concept of Chronos, the value of time, a recognition of the element from which contemplation, creation and craftsmanship are born, pillars that define Spanish designer fashion. Each garment by our designers contains this process, this heritage and this time. Unique pieces that treasure the authentic immaterial value of auteur fashion. Undisputed witnesses to the passage of time are museums. One of the most emblematic in our country is undoubtedly the National Archaeological Museum, the space chosen to develop the graphic image of this edition and which will also host the opening ceremony.<\/p>\n\n\n\n<figure class=\"wp-block-embed is-type-video is-provider-youtube wp-block-embed-youtube wp-embed-aspect-16-9 wp-has-aspect-ratio\"><div class=\"wp-block-embed__wrapper\">\n<iframe title=\"MeM Sept23 - CRONOS: El valor del tiempo\" width=\"640\" height=\"360\" src=\"https:\/\/www.youtube.com\/embed\/UrDq09aWU88?feature=oembed\" frameborder=\"0\" allow=\"accelerometer; autoplay; clipboard-write; encrypted-media; gyroscope; picture-in-picture; web-share\" referrerpolicy=\"strict-origin-when-cross-origin\" allowfullscreen><\/iframe>\n<\/div><\/figure>\n\n\n\n<p><a href=\"https:\/\/highxtar.com\/madrid-es-moda-acoge-al-proyecto-gnrl-studios-de-morat\/\">Madrid es Moda hosts the GNRL Studios project. <\/a><\/p>\n","protected":false},"excerpt":{"rendered":"<p>Madrid es Moda has established itself as the project that best represents Spanish designer fashion through the values of slow fashion.<\/p>\n","protected":false},"author":22,"featured_media":384485,"comment_status":"open","ping_status":"closed","sticky":false,"template":"","format":"standard","meta":{"_acf_changed":false,"footnotes":""},"categories":[603],"tags":[2409],"class_list":["post-384491","post","type-post","status-publish","format-standard","has-post-thumbnail","hentry","category-fashion-en","tag-madrid-es-moda-en"],"acf":[],"yoast_head":"<!-- This site is optimized with the Yoast SEO Premium plugin  - https:\/\/yoast.com\/product\/yoast-seo-premium-wordpress\/ -->\n<title>Madrid es Moda returns for next season - HIGHXTAR.<\/title>\n<meta name=\"description\" content=\"Madrid es Moda has established itself as the project that best represents Spanish designer fashion through the values of slow fashion.\" \/>\n<meta name=\"robots\" content=\"index, follow, max-snippet:-1, max-image-preview:large, max-video-preview:-1\" \/>\n<link rel=\"canonical\" href=\"https:\/\/highxtar.com\/en\/madrid-es-moda-returns-for-next-season\/\" \/>\n<meta property=\"og:locale\" content=\"en_US\" \/>\n<meta property=\"og:type\" content=\"article\" \/>\n<meta property=\"og:title\" content=\"Madrid es Moda returns for next season\" \/>\n<meta property=\"og:description\" content=\"Madrid es Moda has established itself as the project that best represents Spanish designer fashion through the values of slow fashion.\" \/>\n<meta property=\"og:url\" content=\"https:\/\/highxtar.com\/en\/madrid-es-moda-returns-for-next-season\/\" \/>\n<meta property=\"og:site_name\" content=\"HIGHXTAR.\" \/>\n<meta property=\"article:publisher\" content=\"https:\/\/www.facebook.com\/highxtar\" \/>\n<meta property=\"article:published_time\" content=\"2023-07-17T10:31:12+00:00\" \/>\n<meta property=\"article:modified_time\" content=\"2023-07-17T10:31:13+00:00\" \/>\n<meta property=\"og:image\" content=\"https:\/\/highxtar.com\/wp-content\/uploads\/2023\/07\/highxtar-madrid-es-moda-2.jpg\" \/>\n\t<meta property=\"og:image:width\" content=\"1600\" \/>\n\t<meta property=\"og:image:height\" content=\"1200\" \/>\n\t<meta property=\"og:image:type\" content=\"image\/jpeg\" \/>\n<meta name=\"author\" content=\"Mar Piera\" \/>\n<meta name=\"twitter:card\" content=\"summary_large_image\" \/>\n<meta name=\"twitter:creator\" content=\"@highxtar_\" \/>\n<meta name=\"twitter:site\" content=\"@highxtar_\" \/>\n<meta name=\"twitter:label1\" content=\"Written by\" \/>\n\t<meta name=\"twitter:data1\" content=\"Mar Piera\" \/>\n\t<meta name=\"twitter:label2\" content=\"Est. reading time\" \/>\n\t<meta name=\"twitter:data2\" content=\"3 minutes\" \/>\n<script type=\"application\/ld+json\" class=\"yoast-schema-graph\">{\"@context\":\"https:\\\/\\\/schema.org\",\"@graph\":[{\"@type\":\"Article\",\"@id\":\"https:\\\/\\\/highxtar.com\\\/en\\\/madrid-es-moda-returns-for-next-season\\\/#article\",\"isPartOf\":{\"@id\":\"https:\\\/\\\/highxtar.com\\\/en\\\/madrid-es-moda-returns-for-next-season\\\/\"},\"author\":{\"name\":\"Mar Piera\",\"@id\":\"https:\\\/\\\/highxtar.com\\\/#\\\/schema\\\/person\\\/861b5d1b459a894df367f295d952c789\"},\"headline\":\"Madrid es Moda returns for next season\",\"datePublished\":\"2023-07-17T10:31:12+00:00\",\"dateModified\":\"2023-07-17T10:31:13+00:00\",\"mainEntityOfPage\":{\"@id\":\"https:\\\/\\\/highxtar.com\\\/en\\\/madrid-es-moda-returns-for-next-season\\\/\"},\"wordCount\":440,\"commentCount\":0,\"publisher\":{\"@id\":\"https:\\\/\\\/highxtar.com\\\/#organization\"},\"image\":{\"@id\":\"https:\\\/\\\/highxtar.com\\\/en\\\/madrid-es-moda-returns-for-next-season\\\/#primaryimage\"},\"thumbnailUrl\":\"https:\\\/\\\/highxtar.com\\\/wp-content\\\/uploads\\\/2023\\\/07\\\/highxtar-madrid-es-moda-2.jpg\",\"keywords\":[\"Madrid es Moda\"],\"articleSection\":[\"Fashion\"],\"inLanguage\":\"en-US\",\"potentialAction\":[{\"@type\":\"CommentAction\",\"name\":\"Comment\",\"target\":[\"https:\\\/\\\/highxtar.com\\\/en\\\/madrid-es-moda-returns-for-next-season\\\/#respond\"]}],\"copyrightYear\":\"2023\",\"copyrightHolder\":{\"@id\":\"https:\\\/\\\/highxtar.com\\\/#organization\"}},{\"@type\":\"WebPage\",\"@id\":\"https:\\\/\\\/highxtar.com\\\/en\\\/madrid-es-moda-returns-for-next-season\\\/\",\"url\":\"https:\\\/\\\/highxtar.com\\\/en\\\/madrid-es-moda-returns-for-next-season\\\/\",\"name\":\"Madrid es Moda returns for next season - HIGHXTAR.\",\"isPartOf\":{\"@id\":\"https:\\\/\\\/highxtar.com\\\/#website\"},\"primaryImageOfPage\":{\"@id\":\"https:\\\/\\\/highxtar.com\\\/en\\\/madrid-es-moda-returns-for-next-season\\\/#primaryimage\"},\"image\":{\"@id\":\"https:\\\/\\\/highxtar.com\\\/en\\\/madrid-es-moda-returns-for-next-season\\\/#primaryimage\"},\"thumbnailUrl\":\"https:\\\/\\\/highxtar.com\\\/wp-content\\\/uploads\\\/2023\\\/07\\\/highxtar-madrid-es-moda-2.jpg\",\"datePublished\":\"2023-07-17T10:31:12+00:00\",\"dateModified\":\"2023-07-17T10:31:13+00:00\",\"description\":\"Madrid es Moda has established itself as the project that best represents Spanish designer fashion through the values of slow fashion.\",\"breadcrumb\":{\"@id\":\"https:\\\/\\\/highxtar.com\\\/en\\\/madrid-es-moda-returns-for-next-season\\\/#breadcrumb\"},\"inLanguage\":\"en-US\",\"potentialAction\":[{\"@type\":\"ReadAction\",\"target\":[\"https:\\\/\\\/highxtar.com\\\/en\\\/madrid-es-moda-returns-for-next-season\\\/\"]}]},{\"@type\":\"ImageObject\",\"inLanguage\":\"en-US\",\"@id\":\"https:\\\/\\\/highxtar.com\\\/en\\\/madrid-es-moda-returns-for-next-season\\\/#primaryimage\",\"url\":\"https:\\\/\\\/highxtar.com\\\/wp-content\\\/uploads\\\/2023\\\/07\\\/highxtar-madrid-es-moda-2.jpg\",\"contentUrl\":\"https:\\\/\\\/highxtar.com\\\/wp-content\\\/uploads\\\/2023\\\/07\\\/highxtar-madrid-es-moda-2.jpg\",\"width\":1600,\"height\":1200},{\"@type\":\"BreadcrumbList\",\"@id\":\"https:\\\/\\\/highxtar.com\\\/en\\\/madrid-es-moda-returns-for-next-season\\\/#breadcrumb\",\"itemListElement\":[{\"@type\":\"ListItem\",\"position\":1,\"name\":\"Home\",\"item\":\"https:\\\/\\\/highxtar.com\\\/en\\\/\"},{\"@type\":\"ListItem\",\"position\":2,\"name\":\"Madrid es Moda returns for next season\"}]},{\"@type\":\"WebSite\",\"@id\":\"https:\\\/\\\/highxtar.com\\\/#website\",\"url\":\"https:\\\/\\\/highxtar.com\\\/\",\"name\":\"HIGHXTAR.\",\"description\":\"HIGHXTAR. es la voz latina de la moda y el streetwear. Devotos de las cosas que hacen la vida urbana excitante: Moda, M\u00fasica, Lifestyle, Arte &amp; Dise\u00f1o.\",\"publisher\":{\"@id\":\"https:\\\/\\\/highxtar.com\\\/#organization\"},\"potentialAction\":[{\"@type\":\"SearchAction\",\"target\":{\"@type\":\"EntryPoint\",\"urlTemplate\":\"https:\\\/\\\/highxtar.com\\\/?s={search_term_string}\"},\"query-input\":{\"@type\":\"PropertyValueSpecification\",\"valueRequired\":true,\"valueName\":\"search_term_string\"}}],\"inLanguage\":\"en-US\"},{\"@type\":\"Organization\",\"@id\":\"https:\\\/\\\/highxtar.com\\\/#organization\",\"name\":\"HIGHXTAR.\",\"url\":\"https:\\\/\\\/highxtar.com\\\/\",\"logo\":{\"@type\":\"ImageObject\",\"inLanguage\":\"en-US\",\"@id\":\"https:\\\/\\\/highxtar.com\\\/#\\\/schema\\\/logo\\\/image\\\/\",\"url\":\"https:\\\/\\\/highxtar.com\\\/wp-content\\\/uploads\\\/2016\\\/03\\\/HIGHXTAR_com_Favicon_2019.jpg\",\"contentUrl\":\"https:\\\/\\\/highxtar.com\\\/wp-content\\\/uploads\\\/2016\\\/03\\\/HIGHXTAR_com_Favicon_2019.jpg\",\"width\":1200,\"height\":1200,\"caption\":\"HIGHXTAR.\"},\"image\":{\"@id\":\"https:\\\/\\\/highxtar.com\\\/#\\\/schema\\\/logo\\\/image\\\/\"},\"sameAs\":[\"https:\\\/\\\/www.facebook.com\\\/highxtar\",\"https:\\\/\\\/x.com\\\/highxtar_\",\"https:\\\/\\\/www.instagram.com\\\/highxtar\",\"https:\\\/\\\/www.tiktok.com\\\/@highxtar\",\"https:\\\/\\\/www.youtube.com\\\/c\\\/highxtarofficial\",\"https:\\\/\\\/open.spotify.com\\\/user\\\/highxtar\"]},{\"@type\":\"Person\",\"@id\":\"https:\\\/\\\/highxtar.com\\\/#\\\/schema\\\/person\\\/861b5d1b459a894df367f295d952c789\",\"name\":\"Mar Piera\",\"description\":\"Editor &amp; Project Manager. m.piera@highxtar.com\",\"sameAs\":[\"https:\\\/\\\/www.instagram.com\\\/marpiera\\\/\"],\"url\":\"https:\\\/\\\/highxtar.com\\\/en\\\/author\\\/marpiera\\\/\"}]}<\/script>\n<!-- \/ Yoast SEO Premium plugin. -->","yoast_head_json":{"title":"Madrid es Moda returns for next season - HIGHXTAR.","description":"Madrid es Moda has established itself as the project that best represents Spanish designer fashion through the values of slow fashion.","robots":{"index":"index","follow":"follow","max-snippet":"max-snippet:-1","max-image-preview":"max-image-preview:large","max-video-preview":"max-video-preview:-1"},"canonical":"https:\/\/highxtar.com\/en\/madrid-es-moda-returns-for-next-season\/","og_locale":"en_US","og_type":"article","og_title":"Madrid es Moda returns for next season","og_description":"Madrid es Moda has established itself as the project that best represents Spanish designer fashion through the values of slow fashion.","og_url":"https:\/\/highxtar.com\/en\/madrid-es-moda-returns-for-next-season\/","og_site_name":"HIGHXTAR.","article_publisher":"https:\/\/www.facebook.com\/highxtar","article_published_time":"2023-07-17T10:31:12+00:00","article_modified_time":"2023-07-17T10:31:13+00:00","og_image":[{"width":1600,"height":1200,"url":"https:\/\/highxtar.com\/wp-content\/uploads\/2023\/07\/highxtar-madrid-es-moda-2.jpg","type":"image\/jpeg"}],"author":"Mar Piera","twitter_card":"summary_large_image","twitter_creator":"@highxtar_","twitter_site":"@highxtar_","twitter_misc":{"Written by":"Mar Piera","Est. reading time":"3 minutes"},"schema":{"@context":"https:\/\/schema.org","@graph":[{"@type":"Article","@id":"https:\/\/highxtar.com\/en\/madrid-es-moda-returns-for-next-season\/#article","isPartOf":{"@id":"https:\/\/highxtar.com\/en\/madrid-es-moda-returns-for-next-season\/"},"author":{"name":"Mar Piera","@id":"https:\/\/highxtar.com\/#\/schema\/person\/861b5d1b459a894df367f295d952c789"},"headline":"Madrid es Moda returns for next season","datePublished":"2023-07-17T10:31:12+00:00","dateModified":"2023-07-17T10:31:13+00:00","mainEntityOfPage":{"@id":"https:\/\/highxtar.com\/en\/madrid-es-moda-returns-for-next-season\/"},"wordCount":440,"commentCount":0,"publisher":{"@id":"https:\/\/highxtar.com\/#organization"},"image":{"@id":"https:\/\/highxtar.com\/en\/madrid-es-moda-returns-for-next-season\/#primaryimage"},"thumbnailUrl":"https:\/\/highxtar.com\/wp-content\/uploads\/2023\/07\/highxtar-madrid-es-moda-2.jpg","keywords":["Madrid es Moda"],"articleSection":["Fashion"],"inLanguage":"en-US","potentialAction":[{"@type":"CommentAction","name":"Comment","target":["https:\/\/highxtar.com\/en\/madrid-es-moda-returns-for-next-season\/#respond"]}],"copyrightYear":"2023","copyrightHolder":{"@id":"https:\/\/highxtar.com\/#organization"}},{"@type":"WebPage","@id":"https:\/\/highxtar.com\/en\/madrid-es-moda-returns-for-next-season\/","url":"https:\/\/highxtar.com\/en\/madrid-es-moda-returns-for-next-season\/","name":"Madrid es Moda returns for next season - HIGHXTAR.","isPartOf":{"@id":"https:\/\/highxtar.com\/#website"},"primaryImageOfPage":{"@id":"https:\/\/highxtar.com\/en\/madrid-es-moda-returns-for-next-season\/#primaryimage"},"image":{"@id":"https:\/\/highxtar.com\/en\/madrid-es-moda-returns-for-next-season\/#primaryimage"},"thumbnailUrl":"https:\/\/highxtar.com\/wp-content\/uploads\/2023\/07\/highxtar-madrid-es-moda-2.jpg","datePublished":"2023-07-17T10:31:12+00:00","dateModified":"2023-07-17T10:31:13+00:00","description":"Madrid es Moda has established itself as the project that best represents Spanish designer fashion through the values of slow fashion.","breadcrumb":{"@id":"https:\/\/highxtar.com\/en\/madrid-es-moda-returns-for-next-season\/#breadcrumb"},"inLanguage":"en-US","potentialAction":[{"@type":"ReadAction","target":["https:\/\/highxtar.com\/en\/madrid-es-moda-returns-for-next-season\/"]}]},{"@type":"ImageObject","inLanguage":"en-US","@id":"https:\/\/highxtar.com\/en\/madrid-es-moda-returns-for-next-season\/#primaryimage","url":"https:\/\/highxtar.com\/wp-content\/uploads\/2023\/07\/highxtar-madrid-es-moda-2.jpg","contentUrl":"https:\/\/highxtar.com\/wp-content\/uploads\/2023\/07\/highxtar-madrid-es-moda-2.jpg","width":1600,"height":1200},{"@type":"BreadcrumbList","@id":"https:\/\/highxtar.com\/en\/madrid-es-moda-returns-for-next-season\/#breadcrumb","itemListElement":[{"@type":"ListItem","position":1,"name":"Home","item":"https:\/\/highxtar.com\/en\/"},{"@type":"ListItem","position":2,"name":"Madrid es Moda returns for next season"}]},{"@type":"WebSite","@id":"https:\/\/highxtar.com\/#website","url":"https:\/\/highxtar.com\/","name":"HIGHXTAR.","description":"HIGHXTAR. es la voz latina de la moda y el streetwear. Devotos de las cosas que hacen la vida urbana excitante: Moda, M\u00fasica, Lifestyle, Arte &amp; Dise\u00f1o.","publisher":{"@id":"https:\/\/highxtar.com\/#organization"},"potentialAction":[{"@type":"SearchAction","target":{"@type":"EntryPoint","urlTemplate":"https:\/\/highxtar.com\/?s={search_term_string}"},"query-input":{"@type":"PropertyValueSpecification","valueRequired":true,"valueName":"search_term_string"}}],"inLanguage":"en-US"},{"@type":"Organization","@id":"https:\/\/highxtar.com\/#organization","name":"HIGHXTAR.","url":"https:\/\/highxtar.com\/","logo":{"@type":"ImageObject","inLanguage":"en-US","@id":"https:\/\/highxtar.com\/#\/schema\/logo\/image\/","url":"https:\/\/highxtar.com\/wp-content\/uploads\/2016\/03\/HIGHXTAR_com_Favicon_2019.jpg","contentUrl":"https:\/\/highxtar.com\/wp-content\/uploads\/2016\/03\/HIGHXTAR_com_Favicon_2019.jpg","width":1200,"height":1200,"caption":"HIGHXTAR."},"image":{"@id":"https:\/\/highxtar.com\/#\/schema\/logo\/image\/"},"sameAs":["https:\/\/www.facebook.com\/highxtar","https:\/\/x.com\/highxtar_","https:\/\/www.instagram.com\/highxtar","https:\/\/www.tiktok.com\/@highxtar","https:\/\/www.youtube.com\/c\/highxtarofficial","https:\/\/open.spotify.com\/user\/highxtar"]},{"@type":"Person","@id":"https:\/\/highxtar.com\/#\/schema\/person\/861b5d1b459a894df367f295d952c789","name":"Mar Piera","description":"Editor &amp; Project Manager. m.piera@highxtar.com","sameAs":["https:\/\/www.instagram.com\/marpiera\/"],"url":"https:\/\/highxtar.com\/en\/author\/marpiera\/"}]}},"_links":{"self":[{"href":"https:\/\/highxtar.com\/en\/wp-json\/wp\/v2\/posts\/384491","targetHints":{"allow":["GET"]}}],"collection":[{"href":"https:\/\/highxtar.com\/en\/wp-json\/wp\/v2\/posts"}],"about":[{"href":"https:\/\/highxtar.com\/en\/wp-json\/wp\/v2\/types\/post"}],"author":[{"embeddable":true,"href":"https:\/\/highxtar.com\/en\/wp-json\/wp\/v2\/users\/22"}],"replies":[{"embeddable":true,"href":"https:\/\/highxtar.com\/en\/wp-json\/wp\/v2\/comments?post=384491"}],"version-history":[{"count":1,"href":"https:\/\/highxtar.com\/en\/wp-json\/wp\/v2\/posts\/384491\/revisions"}],"predecessor-version":[{"id":384492,"href":"https:\/\/highxtar.com\/en\/wp-json\/wp\/v2\/posts\/384491\/revisions\/384492"}],"wp:featuredmedia":[{"embeddable":true,"href":"https:\/\/highxtar.com\/en\/wp-json\/wp\/v2\/media\/384485"}],"wp:attachment":[{"href":"https:\/\/highxtar.com\/en\/wp-json\/wp\/v2\/media?parent=384491"}],"wp:term":[{"taxonomy":"category","embeddable":true,"href":"https:\/\/highxtar.com\/en\/wp-json\/wp\/v2\/categories?post=384491"},{"taxonomy":"post_tag","embeddable":true,"href":"https:\/\/highxtar.com\/en\/wp-json\/wp\/v2\/tags?post=384491"}],"curies":[{"name":"wp","href":"https:\/\/api.w.org\/{rel}","templated":true}]}}