{"id":389776,"date":"2023-08-22T14:43:21","date_gmt":"2023-08-22T12:43:21","guid":{"rendered":"https:\/\/highxtar.com\/?p=389776"},"modified":"2023-08-22T14:43:53","modified_gmt":"2023-08-22T12:43:53","slug":"rossy-de-palma-becomes-the-protagonist-of-le-bon-marches-rentree","status":"publish","type":"post","link":"https:\/\/highxtar.com\/en\/rossy-de-palma-becomes-the-protagonist-of-le-bon-marches-rentree\/","title":{"rendered":"Rossy de Palma becomes the protagonist of Le Bon March\u00e9&#8217;s &#8220;rentr\u00e9e&#8221;"},"content":{"rendered":"\n<h2 class=\"wp-block-heading\">With a double proposal that includes a pop-up and a live show, Rossy de Palma will mark the start of the new season after the summer vacations.<\/h2>\n\n\n\n<p>The Parisian department store will reopen its doors on August 26, presenting a renewed offer with the presence and unique style of Rossy de Palma, who over the years has stood out as the muse of designer Jean-Paul Gaultier.<\/p>\n\n\n\n<p>Rossy&#8217;s role in this exciting &#8220;rentr\u00e9e&#8221; of Le Bon March\u00e9 will be manifested through two main elements. First, there will be an incorporation of a selection of pieces of Spanish origin into the galleries&#8217; commercial offerings, seeking to recreate the artist&#8217;s distinctive creative universe. Secondly, there will be an exclusive live show, designed under the artistic direction of Rossy de Palma and Pi Piquer, which will take place inside the commercial gallery for three consecutive days.<\/p>\n\n\n\n<p>&#8220;Rossy de Palma, a favorite muse of international cinema, is an infinite source of inspiration for the worlds of art and fashion,&#8221; say the directors of Le Bon March\u00e9. Over a career spanning more than 30 years, Rossy de Palma has evolved into an icon with a poetic and eccentric personality. Beyond her role as an actress, she is considered a spectacle in her own right, a multi-faceted artist who defies convention.<\/p>\n\n\n\n<p>Under the &#8220;Ol\u00e9 Ol\u00e9 Le Bon March\u00e9&#8221; initiative, the Parisian shopping gallery will present &#8220;Villa Rossy&#8221;, a pop-up designed as an imaginary house that captures the creative universe of Rossy de Palma. This pop-up will house a carefully curated selection of artisanal and signature brands of Spanish origin, offering an amalgam of influences that reflect the artist&#8217;s imaginative world. From furniture to handcrafted jewelry, the &#8220;Villa Rossy&#8221; pop-up will showcase a variety of unique pieces, embracing traditional Mexican craftsmanship and other styles influenced by the essence of Iberian artistic heritage.<\/p>\n\n\n<div class=\"wp-block-image\">\n<figure class=\"aligncenter size-full\"><img decoding=\"async\" width=\"1164\" height=\"1222\" src=\"https:\/\/highxtar.com\/wp-content\/uploads\/2023\/08\/highxtar-rossy-de-palma-bon-marche-2.webp\" alt=\"\" class=\"wp-image-389753\" srcset=\"https:\/\/highxtar.com\/wp-content\/uploads\/2023\/08\/highxtar-rossy-de-palma-bon-marche-2.webp 1164w, https:\/\/highxtar.com\/wp-content\/uploads\/2023\/08\/highxtar-rossy-de-palma-bon-marche-2-286x300.webp 286w, https:\/\/highxtar.com\/wp-content\/uploads\/2023\/08\/highxtar-rossy-de-palma-bon-marche-2-975x1024.webp 975w, https:\/\/highxtar.com\/wp-content\/uploads\/2023\/08\/highxtar-rossy-de-palma-bon-marche-2-768x806.webp 768w, https:\/\/highxtar.com\/wp-content\/uploads\/2023\/08\/highxtar-rossy-de-palma-bon-marche-2-973x1021.webp 973w, https:\/\/highxtar.com\/wp-content\/uploads\/2023\/08\/highxtar-rossy-de-palma-bon-marche-2-700x735.webp 700w, https:\/\/highxtar.com\/wp-content\/uploads\/2023\/08\/highxtar-rossy-de-palma-bon-marche-2-508x533.webp 508w\" sizes=\"(max-width: 1164px) 100vw, 1164px\" \/><figcaption class=\"wp-element-caption\">Selecci\u00f3n de objetos de las marcas escogidas para participar de la activaci\u00f3n \u201cOl\u00e9 Ol\u00e9 Le Bon March\u00e9\u201d<\/figcaption><\/figure>\n<\/div>\n\n\n<p>In addition, as part of the &#8220;rentr\u00e9e&#8221;, the live show &#8220;La Vie en Rossy&#8221; will take place from September 13 to 17, which will take place inside the Parisian shopping malls and will offer a unique experience starring Rossy. The performances will take place on three consecutive Wednesdays in September, and attendees will be able to enjoy a one-hour show without intermission. Tickets will be priced at 50 euros per person and will include free checkroom service. Reservations will be final and non-refundable.<\/p>\n\n\n<div class=\"wp-block-image\">\n<figure class=\"aligncenter size-full\"><img decoding=\"async\" width=\"1164\" height=\"654\" src=\"https:\/\/highxtar.com\/wp-content\/uploads\/2023\/08\/highxtar-rossy-de-palma-bon-marche-3.webp\" alt=\"\" class=\"wp-image-389771\" srcset=\"https:\/\/highxtar.com\/wp-content\/uploads\/2023\/08\/highxtar-rossy-de-palma-bon-marche-3.webp 1164w, https:\/\/highxtar.com\/wp-content\/uploads\/2023\/08\/highxtar-rossy-de-palma-bon-marche-3-300x169.webp 300w, https:\/\/highxtar.com\/wp-content\/uploads\/2023\/08\/highxtar-rossy-de-palma-bon-marche-3-1024x575.webp 1024w, https:\/\/highxtar.com\/wp-content\/uploads\/2023\/08\/highxtar-rossy-de-palma-bon-marche-3-768x432.webp 768w, https:\/\/highxtar.com\/wp-content\/uploads\/2023\/08\/highxtar-rossy-de-palma-bon-marche-3-973x547.webp 973w, https:\/\/highxtar.com\/wp-content\/uploads\/2023\/08\/highxtar-rossy-de-palma-bon-marche-3-700x393.webp 700w, https:\/\/highxtar.com\/wp-content\/uploads\/2023\/08\/highxtar-rossy-de-palma-bon-marche-3-508x285.webp 508w\" sizes=\"(max-width: 1164px) 100vw, 1164px\" \/><\/figure>\n<\/div>\n\n\n<p><a href=\"https:\/\/highxtar.com\/en\/kendall-jenner-stars-in-stella-mccartney-winter-campaign\/\" target=\"_blank\" rel=\"noreferrer noopener\">Kendall Jenner stars in Stella McCartney&#8217;s winter campaign.<\/a><\/p>\n","protected":false},"excerpt":{"rendered":"<p>The iconic actress and model will be the central figure of the &#8220;rentr\u00e9e&#8221; at the renowned Parisian department store under the luxury group LVMH.<\/p>\n","protected":false},"author":39,"featured_media":389774,"comment_status":"open","ping_status":"closed","sticky":false,"template":"","format":"standard","meta":{"_acf_changed":false,"footnotes":""},"categories":[599,603],"tags":[],"class_list":["post-389776","post","type-post","status-publish","format-standard","has-post-thumbnail","hentry","category-art-en","category-fashion-en"],"acf":[],"yoast_head":"<!-- This site is optimized with the Yoast SEO Premium plugin  - https:\/\/yoast.com\/product\/yoast-seo-premium-wordpress\/ -->\n<title>Rossy de Palma becomes the protagonist of Le Bon March\u00e9&#039;s &quot;rentr\u00e9e&quot; - HIGHXTAR.<\/title>\n<meta name=\"description\" content=\"The iconic actress and model will be the central figure of the &quot;rentr\u00e9e&quot; at the renowned Parisian department store under the luxury group LVMH.\" \/>\n<meta name=\"robots\" content=\"index, follow, max-snippet:-1, max-image-preview:large, max-video-preview:-1\" \/>\n<link rel=\"canonical\" href=\"https:\/\/highxtar.com\/en\/rossy-de-palma-becomes-the-protagonist-of-le-bon-marches-rentree\/\" \/>\n<meta property=\"og:locale\" content=\"en_US\" \/>\n<meta property=\"og:type\" content=\"article\" \/>\n<meta property=\"og:title\" content=\"Rossy de Palma becomes the protagonist of Le Bon March\u00e9&#039;s &quot;rentr\u00e9e&quot;\" \/>\n<meta property=\"og:description\" content=\"The iconic actress and model will be the central figure of the &quot;rentr\u00e9e&quot; at the renowned Parisian department store under the luxury group LVMH.\" \/>\n<meta property=\"og:url\" content=\"https:\/\/highxtar.com\/en\/rossy-de-palma-becomes-the-protagonist-of-le-bon-marches-rentree\/\" \/>\n<meta property=\"og:site_name\" content=\"HIGHXTAR.\" \/>\n<meta property=\"article:publisher\" content=\"https:\/\/www.facebook.com\/highxtar\" \/>\n<meta property=\"article:published_time\" content=\"2023-08-22T12:43:21+00:00\" \/>\n<meta property=\"article:modified_time\" content=\"2023-08-22T12:43:53+00:00\" \/>\n<meta property=\"og:image\" content=\"https:\/\/highxtar.com\/wp-content\/uploads\/2023\/08\/Thumb_Rossy_2023_Web_Nueva.jpg\" \/>\n\t<meta property=\"og:image:width\" content=\"1600\" \/>\n\t<meta property=\"og:image:height\" content=\"1200\" \/>\n\t<meta property=\"og:image:type\" content=\"image\/jpeg\" \/>\n<meta name=\"author\" content=\"Ana D\u00edez\" \/>\n<meta name=\"twitter:card\" content=\"summary_large_image\" \/>\n<meta name=\"twitter:creator\" content=\"@highxtar_\" \/>\n<meta name=\"twitter:site\" content=\"@highxtar_\" \/>\n<meta name=\"twitter:label1\" content=\"Written by\" \/>\n\t<meta name=\"twitter:data1\" content=\"Ana D\u00edez\" \/>\n\t<meta name=\"twitter:label2\" content=\"Est. reading time\" \/>\n\t<meta name=\"twitter:data2\" content=\"3 minutes\" \/>\n<script type=\"application\/ld+json\" class=\"yoast-schema-graph\">{\"@context\":\"https:\\\/\\\/schema.org\",\"@graph\":[{\"@type\":\"Article\",\"@id\":\"https:\\\/\\\/highxtar.com\\\/en\\\/rossy-de-palma-becomes-the-protagonist-of-le-bon-marches-rentree\\\/#article\",\"isPartOf\":{\"@id\":\"https:\\\/\\\/highxtar.com\\\/en\\\/rossy-de-palma-becomes-the-protagonist-of-le-bon-marches-rentree\\\/\"},\"author\":{\"name\":\"Ana D\u00edez\",\"@id\":\"https:\\\/\\\/highxtar.com\\\/#\\\/schema\\\/person\\\/f4294dfeaab8c39a02f188d0dc466c66\"},\"headline\":\"Rossy de Palma becomes the protagonist of Le Bon March\u00e9&#8217;s &#8220;rentr\u00e9e&#8221;\",\"datePublished\":\"2023-08-22T12:43:21+00:00\",\"dateModified\":\"2023-08-22T12:43:53+00:00\",\"mainEntityOfPage\":{\"@id\":\"https:\\\/\\\/highxtar.com\\\/en\\\/rossy-de-palma-becomes-the-protagonist-of-le-bon-marches-rentree\\\/\"},\"wordCount\":428,\"commentCount\":0,\"publisher\":{\"@id\":\"https:\\\/\\\/highxtar.com\\\/#organization\"},\"image\":{\"@id\":\"https:\\\/\\\/highxtar.com\\\/en\\\/rossy-de-palma-becomes-the-protagonist-of-le-bon-marches-rentree\\\/#primaryimage\"},\"thumbnailUrl\":\"https:\\\/\\\/highxtar.com\\\/wp-content\\\/uploads\\\/2023\\\/08\\\/Thumb_Rossy_2023_Web_Nueva.jpg\",\"articleSection\":[\"Art\",\"Fashion\"],\"inLanguage\":\"en-US\",\"potentialAction\":[{\"@type\":\"CommentAction\",\"name\":\"Comment\",\"target\":[\"https:\\\/\\\/highxtar.com\\\/en\\\/rossy-de-palma-becomes-the-protagonist-of-le-bon-marches-rentree\\\/#respond\"]}],\"copyrightYear\":\"2023\",\"copyrightHolder\":{\"@id\":\"https:\\\/\\\/highxtar.com\\\/#organization\"}},{\"@type\":\"WebPage\",\"@id\":\"https:\\\/\\\/highxtar.com\\\/en\\\/rossy-de-palma-becomes-the-protagonist-of-le-bon-marches-rentree\\\/\",\"url\":\"https:\\\/\\\/highxtar.com\\\/en\\\/rossy-de-palma-becomes-the-protagonist-of-le-bon-marches-rentree\\\/\",\"name\":\"Rossy de Palma becomes the protagonist of Le Bon March\u00e9's \\\"rentr\u00e9e\\\" - HIGHXTAR.\",\"isPartOf\":{\"@id\":\"https:\\\/\\\/highxtar.com\\\/#website\"},\"primaryImageOfPage\":{\"@id\":\"https:\\\/\\\/highxtar.com\\\/en\\\/rossy-de-palma-becomes-the-protagonist-of-le-bon-marches-rentree\\\/#primaryimage\"},\"image\":{\"@id\":\"https:\\\/\\\/highxtar.com\\\/en\\\/rossy-de-palma-becomes-the-protagonist-of-le-bon-marches-rentree\\\/#primaryimage\"},\"thumbnailUrl\":\"https:\\\/\\\/highxtar.com\\\/wp-content\\\/uploads\\\/2023\\\/08\\\/Thumb_Rossy_2023_Web_Nueva.jpg\",\"datePublished\":\"2023-08-22T12:43:21+00:00\",\"dateModified\":\"2023-08-22T12:43:53+00:00\",\"description\":\"The iconic actress and model will be the central figure of the \\\"rentr\u00e9e\\\" at the renowned Parisian department store under the luxury group LVMH.\",\"breadcrumb\":{\"@id\":\"https:\\\/\\\/highxtar.com\\\/en\\\/rossy-de-palma-becomes-the-protagonist-of-le-bon-marches-rentree\\\/#breadcrumb\"},\"inLanguage\":\"en-US\",\"potentialAction\":[{\"@type\":\"ReadAction\",\"target\":[\"https:\\\/\\\/highxtar.com\\\/en\\\/rossy-de-palma-becomes-the-protagonist-of-le-bon-marches-rentree\\\/\"]}]},{\"@type\":\"ImageObject\",\"inLanguage\":\"en-US\",\"@id\":\"https:\\\/\\\/highxtar.com\\\/en\\\/rossy-de-palma-becomes-the-protagonist-of-le-bon-marches-rentree\\\/#primaryimage\",\"url\":\"https:\\\/\\\/highxtar.com\\\/wp-content\\\/uploads\\\/2023\\\/08\\\/Thumb_Rossy_2023_Web_Nueva.jpg\",\"contentUrl\":\"https:\\\/\\\/highxtar.com\\\/wp-content\\\/uploads\\\/2023\\\/08\\\/Thumb_Rossy_2023_Web_Nueva.jpg\",\"width\":1600,\"height\":1200},{\"@type\":\"BreadcrumbList\",\"@id\":\"https:\\\/\\\/highxtar.com\\\/en\\\/rossy-de-palma-becomes-the-protagonist-of-le-bon-marches-rentree\\\/#breadcrumb\",\"itemListElement\":[{\"@type\":\"ListItem\",\"position\":1,\"name\":\"Home\",\"item\":\"https:\\\/\\\/highxtar.com\\\/en\\\/\"},{\"@type\":\"ListItem\",\"position\":2,\"name\":\"Rossy de Palma becomes the protagonist of Le Bon March\u00e9&#8217;s \u00abrentr\u00e9e\u00bb\"}]},{\"@type\":\"WebSite\",\"@id\":\"https:\\\/\\\/highxtar.com\\\/#website\",\"url\":\"https:\\\/\\\/highxtar.com\\\/\",\"name\":\"HIGHXTAR.\",\"description\":\"HIGHXTAR. es la voz latina de la moda y el streetwear. Devotos de las cosas que hacen la vida urbana excitante: Moda, M\u00fasica, Lifestyle, Arte &amp; Dise\u00f1o.\",\"publisher\":{\"@id\":\"https:\\\/\\\/highxtar.com\\\/#organization\"},\"potentialAction\":[{\"@type\":\"SearchAction\",\"target\":{\"@type\":\"EntryPoint\",\"urlTemplate\":\"https:\\\/\\\/highxtar.com\\\/?s={search_term_string}\"},\"query-input\":{\"@type\":\"PropertyValueSpecification\",\"valueRequired\":true,\"valueName\":\"search_term_string\"}}],\"inLanguage\":\"en-US\"},{\"@type\":\"Organization\",\"@id\":\"https:\\\/\\\/highxtar.com\\\/#organization\",\"name\":\"HIGHXTAR.\",\"url\":\"https:\\\/\\\/highxtar.com\\\/\",\"logo\":{\"@type\":\"ImageObject\",\"inLanguage\":\"en-US\",\"@id\":\"https:\\\/\\\/highxtar.com\\\/#\\\/schema\\\/logo\\\/image\\\/\",\"url\":\"https:\\\/\\\/highxtar.com\\\/wp-content\\\/uploads\\\/2016\\\/03\\\/HIGHXTAR_com_Favicon_2019.jpg\",\"contentUrl\":\"https:\\\/\\\/highxtar.com\\\/wp-content\\\/uploads\\\/2016\\\/03\\\/HIGHXTAR_com_Favicon_2019.jpg\",\"width\":1200,\"height\":1200,\"caption\":\"HIGHXTAR.\"},\"image\":{\"@id\":\"https:\\\/\\\/highxtar.com\\\/#\\\/schema\\\/logo\\\/image\\\/\"},\"sameAs\":[\"https:\\\/\\\/www.facebook.com\\\/highxtar\",\"https:\\\/\\\/x.com\\\/highxtar_\",\"https:\\\/\\\/www.instagram.com\\\/highxtar\",\"https:\\\/\\\/www.tiktok.com\\\/@highxtar\",\"https:\\\/\\\/www.youtube.com\\\/c\\\/highxtarofficial\",\"https:\\\/\\\/open.spotify.com\\\/user\\\/highxtar\"]},{\"@type\":\"Person\",\"@id\":\"https:\\\/\\\/highxtar.com\\\/#\\\/schema\\\/person\\\/f4294dfeaab8c39a02f188d0dc466c66\",\"name\":\"Ana D\u00edez\",\"sameAs\":[\"https:\\\/\\\/www.instagram.com\\\/anascods\\\/\"],\"url\":\"https:\\\/\\\/highxtar.com\\\/en\\\/author\\\/adiez\\\/\"}]}<\/script>\n<!-- \/ Yoast SEO Premium plugin. -->","yoast_head_json":{"title":"Rossy de Palma becomes the protagonist of Le Bon March\u00e9's \"rentr\u00e9e\" - HIGHXTAR.","description":"The iconic actress and model will be the central figure of the \"rentr\u00e9e\" at the renowned Parisian department store under the luxury group LVMH.","robots":{"index":"index","follow":"follow","max-snippet":"max-snippet:-1","max-image-preview":"max-image-preview:large","max-video-preview":"max-video-preview:-1"},"canonical":"https:\/\/highxtar.com\/en\/rossy-de-palma-becomes-the-protagonist-of-le-bon-marches-rentree\/","og_locale":"en_US","og_type":"article","og_title":"Rossy de Palma becomes the protagonist of Le Bon March\u00e9's \"rentr\u00e9e\"","og_description":"The iconic actress and model will be the central figure of the \"rentr\u00e9e\" at the renowned Parisian department store under the luxury group LVMH.","og_url":"https:\/\/highxtar.com\/en\/rossy-de-palma-becomes-the-protagonist-of-le-bon-marches-rentree\/","og_site_name":"HIGHXTAR.","article_publisher":"https:\/\/www.facebook.com\/highxtar","article_published_time":"2023-08-22T12:43:21+00:00","article_modified_time":"2023-08-22T12:43:53+00:00","og_image":[{"width":1600,"height":1200,"url":"https:\/\/highxtar.com\/wp-content\/uploads\/2023\/08\/Thumb_Rossy_2023_Web_Nueva.jpg","type":"image\/jpeg"}],"author":"Ana D\u00edez","twitter_card":"summary_large_image","twitter_creator":"@highxtar_","twitter_site":"@highxtar_","twitter_misc":{"Written by":"Ana D\u00edez","Est. reading time":"3 minutes"},"schema":{"@context":"https:\/\/schema.org","@graph":[{"@type":"Article","@id":"https:\/\/highxtar.com\/en\/rossy-de-palma-becomes-the-protagonist-of-le-bon-marches-rentree\/#article","isPartOf":{"@id":"https:\/\/highxtar.com\/en\/rossy-de-palma-becomes-the-protagonist-of-le-bon-marches-rentree\/"},"author":{"name":"Ana D\u00edez","@id":"https:\/\/highxtar.com\/#\/schema\/person\/f4294dfeaab8c39a02f188d0dc466c66"},"headline":"Rossy de Palma becomes the protagonist of Le Bon March\u00e9&#8217;s &#8220;rentr\u00e9e&#8221;","datePublished":"2023-08-22T12:43:21+00:00","dateModified":"2023-08-22T12:43:53+00:00","mainEntityOfPage":{"@id":"https:\/\/highxtar.com\/en\/rossy-de-palma-becomes-the-protagonist-of-le-bon-marches-rentree\/"},"wordCount":428,"commentCount":0,"publisher":{"@id":"https:\/\/highxtar.com\/#organization"},"image":{"@id":"https:\/\/highxtar.com\/en\/rossy-de-palma-becomes-the-protagonist-of-le-bon-marches-rentree\/#primaryimage"},"thumbnailUrl":"https:\/\/highxtar.com\/wp-content\/uploads\/2023\/08\/Thumb_Rossy_2023_Web_Nueva.jpg","articleSection":["Art","Fashion"],"inLanguage":"en-US","potentialAction":[{"@type":"CommentAction","name":"Comment","target":["https:\/\/highxtar.com\/en\/rossy-de-palma-becomes-the-protagonist-of-le-bon-marches-rentree\/#respond"]}],"copyrightYear":"2023","copyrightHolder":{"@id":"https:\/\/highxtar.com\/#organization"}},{"@type":"WebPage","@id":"https:\/\/highxtar.com\/en\/rossy-de-palma-becomes-the-protagonist-of-le-bon-marches-rentree\/","url":"https:\/\/highxtar.com\/en\/rossy-de-palma-becomes-the-protagonist-of-le-bon-marches-rentree\/","name":"Rossy de Palma becomes the protagonist of Le Bon March\u00e9's \"rentr\u00e9e\" - HIGHXTAR.","isPartOf":{"@id":"https:\/\/highxtar.com\/#website"},"primaryImageOfPage":{"@id":"https:\/\/highxtar.com\/en\/rossy-de-palma-becomes-the-protagonist-of-le-bon-marches-rentree\/#primaryimage"},"image":{"@id":"https:\/\/highxtar.com\/en\/rossy-de-palma-becomes-the-protagonist-of-le-bon-marches-rentree\/#primaryimage"},"thumbnailUrl":"https:\/\/highxtar.com\/wp-content\/uploads\/2023\/08\/Thumb_Rossy_2023_Web_Nueva.jpg","datePublished":"2023-08-22T12:43:21+00:00","dateModified":"2023-08-22T12:43:53+00:00","description":"The iconic actress and model will be the central figure of the \"rentr\u00e9e\" at the renowned Parisian department store under the luxury group LVMH.","breadcrumb":{"@id":"https:\/\/highxtar.com\/en\/rossy-de-palma-becomes-the-protagonist-of-le-bon-marches-rentree\/#breadcrumb"},"inLanguage":"en-US","potentialAction":[{"@type":"ReadAction","target":["https:\/\/highxtar.com\/en\/rossy-de-palma-becomes-the-protagonist-of-le-bon-marches-rentree\/"]}]},{"@type":"ImageObject","inLanguage":"en-US","@id":"https:\/\/highxtar.com\/en\/rossy-de-palma-becomes-the-protagonist-of-le-bon-marches-rentree\/#primaryimage","url":"https:\/\/highxtar.com\/wp-content\/uploads\/2023\/08\/Thumb_Rossy_2023_Web_Nueva.jpg","contentUrl":"https:\/\/highxtar.com\/wp-content\/uploads\/2023\/08\/Thumb_Rossy_2023_Web_Nueva.jpg","width":1600,"height":1200},{"@type":"BreadcrumbList","@id":"https:\/\/highxtar.com\/en\/rossy-de-palma-becomes-the-protagonist-of-le-bon-marches-rentree\/#breadcrumb","itemListElement":[{"@type":"ListItem","position":1,"name":"Home","item":"https:\/\/highxtar.com\/en\/"},{"@type":"ListItem","position":2,"name":"Rossy de Palma becomes the protagonist of Le Bon March\u00e9&#8217;s \u00abrentr\u00e9e\u00bb"}]},{"@type":"WebSite","@id":"https:\/\/highxtar.com\/#website","url":"https:\/\/highxtar.com\/","name":"HIGHXTAR.","description":"HIGHXTAR. es la voz latina de la moda y el streetwear. Devotos de las cosas que hacen la vida urbana excitante: Moda, M\u00fasica, Lifestyle, Arte &amp; Dise\u00f1o.","publisher":{"@id":"https:\/\/highxtar.com\/#organization"},"potentialAction":[{"@type":"SearchAction","target":{"@type":"EntryPoint","urlTemplate":"https:\/\/highxtar.com\/?s={search_term_string}"},"query-input":{"@type":"PropertyValueSpecification","valueRequired":true,"valueName":"search_term_string"}}],"inLanguage":"en-US"},{"@type":"Organization","@id":"https:\/\/highxtar.com\/#organization","name":"HIGHXTAR.","url":"https:\/\/highxtar.com\/","logo":{"@type":"ImageObject","inLanguage":"en-US","@id":"https:\/\/highxtar.com\/#\/schema\/logo\/image\/","url":"https:\/\/highxtar.com\/wp-content\/uploads\/2016\/03\/HIGHXTAR_com_Favicon_2019.jpg","contentUrl":"https:\/\/highxtar.com\/wp-content\/uploads\/2016\/03\/HIGHXTAR_com_Favicon_2019.jpg","width":1200,"height":1200,"caption":"HIGHXTAR."},"image":{"@id":"https:\/\/highxtar.com\/#\/schema\/logo\/image\/"},"sameAs":["https:\/\/www.facebook.com\/highxtar","https:\/\/x.com\/highxtar_","https:\/\/www.instagram.com\/highxtar","https:\/\/www.tiktok.com\/@highxtar","https:\/\/www.youtube.com\/c\/highxtarofficial","https:\/\/open.spotify.com\/user\/highxtar"]},{"@type":"Person","@id":"https:\/\/highxtar.com\/#\/schema\/person\/f4294dfeaab8c39a02f188d0dc466c66","name":"Ana D\u00edez","sameAs":["https:\/\/www.instagram.com\/anascods\/"],"url":"https:\/\/highxtar.com\/en\/author\/adiez\/"}]}},"_links":{"self":[{"href":"https:\/\/highxtar.com\/en\/wp-json\/wp\/v2\/posts\/389776","targetHints":{"allow":["GET"]}}],"collection":[{"href":"https:\/\/highxtar.com\/en\/wp-json\/wp\/v2\/posts"}],"about":[{"href":"https:\/\/highxtar.com\/en\/wp-json\/wp\/v2\/types\/post"}],"author":[{"embeddable":true,"href":"https:\/\/highxtar.com\/en\/wp-json\/wp\/v2\/users\/39"}],"replies":[{"embeddable":true,"href":"https:\/\/highxtar.com\/en\/wp-json\/wp\/v2\/comments?post=389776"}],"version-history":[{"count":1,"href":"https:\/\/highxtar.com\/en\/wp-json\/wp\/v2\/posts\/389776\/revisions"}],"predecessor-version":[{"id":389778,"href":"https:\/\/highxtar.com\/en\/wp-json\/wp\/v2\/posts\/389776\/revisions\/389778"}],"wp:featuredmedia":[{"embeddable":true,"href":"https:\/\/highxtar.com\/en\/wp-json\/wp\/v2\/media\/389774"}],"wp:attachment":[{"href":"https:\/\/highxtar.com\/en\/wp-json\/wp\/v2\/media?parent=389776"}],"wp:term":[{"taxonomy":"category","embeddable":true,"href":"https:\/\/highxtar.com\/en\/wp-json\/wp\/v2\/categories?post=389776"},{"taxonomy":"post_tag","embeddable":true,"href":"https:\/\/highxtar.com\/en\/wp-json\/wp\/v2\/tags?post=389776"}],"curies":[{"name":"wp","href":"https:\/\/api.w.org\/{rel}","templated":true}]}}