{"id":391680,"date":"2023-09-04T13:07:16","date_gmt":"2023-09-04T11:07:16","guid":{"rendered":"https:\/\/highxtar.com\/?p=391680"},"modified":"2023-09-04T13:07:18","modified_gmt":"2023-09-04T11:07:18","slug":"these-are-the-brands-competing-for-the-allianz-ego-confidence-in-fashion-award","status":"publish","type":"post","link":"https:\/\/highxtar.com\/en\/these-are-the-brands-competing-for-the-allianz-ego-confidence-in-fashion-award\/","title":{"rendered":"These are the brands competing for the Allianz Ego Confidence in Fashion award"},"content":{"rendered":"\n<h2 class=\"wp-block-heading\">The 15 designers competing for this award will exhibit their creations in the Allianz EGO Showroom, which this year becomes a space for creation and &#8220;self-expression.<\/h2>\n\n\n\n<p>This new and upcoming fifth edition of the Allianz Ego Confidence in Fashion award, a complete family of emerging fashion firms, which will include Alineo Studio, by designer Lis Dom\u00ednguez; Anamingo, the fashion house founded by the creative couple Fran Basteiro and Ana Mar\u00eda V\u00e1zquez; Coconutscankill, by designer Amara Caruncho Ledo; Ele About, by designer Elena Fern\u00e1ndez S\u00e1nchez; the eponymous firm and emerging designer Elena Morales; the Barcelona fashion firm EstadoDeRuido, by emerging designer Pepo Simorra;<\/p>\n\n\n\n<p>the designer Estela Clares; the firm Ga G\u00f3 Studio, by Marcos Gam\u00f3n; the emerging designer Gen\u00eds Betrian; the fashion house Ki-Fi, by the creative couple Marta Ferrer and Miguel M\u00e9ndez; the firm Kollapse, by the designer Alexandra Alonso Balcells; the emerging fashion brand Lareta, by the designer Lara Serrano Baz; the firm Larhha, by the Cordovan designer Miguel Mar\u00edn; the firm Mariocaravaca, by the designer Mario Caravaca; and the emerging fashion brand Syc (Save your clothes), by the designers Mar\u00eda Guardia and Fernando G\u00f3mez.<\/p>\n\n\n\n<h1 class=\"wp-block-heading\">New Allianz EGO Fashion Show Day<\/h1>\n\n\n\n<p>On Sunday 17th September, Allianz EGO will celebrate a new day of catwalk shows with the aim of giving visibility to the greatness of the work of 10 designers. After the presentation of the Allianz EGO Confidence in Fashion award, the Allianz EGO catwalk will start with the fashion show of T\u00cdSCAR ESPADAS, winner of the last edition of the award last February.<\/p>\n\n\n\n<p>The designer will present her new collection &#8216;Chapter V&#8217;, promoted thanks to this award. In it, T\u00cdSCAR ESPADAS generates a dialogue between craftsmanship and innovation through collaboration with footwear and ceramics artisans to create accessories and shoes that combine progressive forms, with materials such as untreated Spanish wool or with the comfort and longevity of each of the pieces that this firm makes. Chapter V&#8217; gives an extra layer of depth and dimension that elevates the overall appeal of a collection whose result bears the mark of human craftsmanship and attention to detail.<\/p>\n\n\n\n<p>Joining her on the Allianz EGO fashion show day will be BINYA, BOLTAD, Corsicana, Crack, EMEERREE, GIORGIELA STUDIO, Javier Guijarro and VISORI, as well as international designer Dominika Koz\u00e1kov\u00e1.<\/p>\n\n\n\n<h1 class=\"wp-block-heading\">New member of the jury<\/h1>\n\n\n\n<p>El fundador y director creativo de Dominnico, Domingo Rodr\u00edguez L\u00e1zaro, quien ya se subi\u00f3 y dej\u00f3 su huella en la pasarela Allianz EGO, se incorporar\u00e1 en esta edici\u00f3n al jurado. Como parte de esa cantera de j\u00f3venes talentos de la plataforma, la experiencia de Dominnico servir\u00e1 de espejo a los dise\u00f1adores seleccionados en esta convocatoria como creador e impulsor de su propia firma en el mercado nacional.<\/p>\n\n\n\n<p>Junto a \u00e9l, el panel de expertos estar\u00e1 compuesto por Ana Rodr\u00edguez, directora de MBFWMadrid Sep. 2023; Andr\u00e9s Aberasturi, comisario de Allianz EGO; y Maruca Garc\u00eda Paredes, directora del \u00c1rea de Moda de UDIT, Universidad de Dise\u00f1o y Tecnolog\u00eda. El jurado visitar\u00e1 el Showroom de Allianz EGO, donde cada aspirante al premio realizar\u00e1 una presentaci\u00f3n de su firma para que el jurado pueda conocer su trabajo de primera mano.<\/p>\n\n\n<div class=\"wp-block-image\">\n<figure class=\"aligncenter size-large\"><img decoding=\"async\" width=\"819\" height=\"1024\" src=\"https:\/\/highxtar.com\/wp-content\/uploads\/2023\/09\/unnamed-19-819x1024.jpg\" alt=\"\" class=\"wp-image-391676\" srcset=\"https:\/\/highxtar.com\/wp-content\/uploads\/2023\/09\/unnamed-19-819x1024.jpg 819w, https:\/\/highxtar.com\/wp-content\/uploads\/2023\/09\/unnamed-19-240x300.jpg 240w, https:\/\/highxtar.com\/wp-content\/uploads\/2023\/09\/unnamed-19-768x960.jpg 768w, https:\/\/highxtar.com\/wp-content\/uploads\/2023\/09\/unnamed-19-1229x1536.jpg 1229w, https:\/\/highxtar.com\/wp-content\/uploads\/2023\/09\/unnamed-19-1639x2048.jpg 1639w, https:\/\/highxtar.com\/wp-content\/uploads\/2023\/09\/unnamed-19-1440x1799.jpg 1440w, https:\/\/highxtar.com\/wp-content\/uploads\/2023\/09\/unnamed-19-973x1216.jpg 973w, https:\/\/highxtar.com\/wp-content\/uploads\/2023\/09\/unnamed-19-700x875.jpg 700w, https:\/\/highxtar.com\/wp-content\/uploads\/2023\/09\/unnamed-19-508x635.jpg 508w\" sizes=\"(max-width: 819px) 100vw, 819px\" \/><\/figure>\n<\/div>\n\n\n<p><a href=\"https:\/\/highxtar.com\/reparto-gana-la-3a-edicion-de-allianz-ego-confidence-in-fashion\/\">Reparto wins the 3rd September edition of Allianz Ego Confidence in Fashion.<\/a><\/p>\n","protected":false},"excerpt":{"rendered":"<p>Allianz EGO, the platform for emerging designers celebrates, from 14 to 17 September, its new edition within MBFWMadrid.<\/p>\n","protected":false},"author":22,"featured_media":391658,"comment_status":"open","ping_status":"closed","sticky":false,"template":"","format":"standard","meta":{"_acf_changed":false,"footnotes":""},"categories":[603],"tags":[],"class_list":["post-391680","post","type-post","status-publish","format-standard","has-post-thumbnail","hentry","category-fashion-en"],"acf":[],"yoast_head":"<!-- This site is optimized with the Yoast SEO Premium plugin  - https:\/\/yoast.com\/product\/yoast-seo-premium-wordpress\/ -->\n<title>These are the brands competing for the Allianz Ego Confidence in Fashion award - HIGHXTAR.<\/title>\n<meta name=\"description\" content=\"Allianz EGO, the platform for emerging designers celebrates, from 14 to 17 September, its new edition within MBFWMadrid.\" \/>\n<meta name=\"robots\" content=\"index, follow, max-snippet:-1, max-image-preview:large, max-video-preview:-1\" \/>\n<link rel=\"canonical\" href=\"https:\/\/highxtar.com\/en\/these-are-the-brands-competing-for-the-allianz-ego-confidence-in-fashion-award\/\" \/>\n<meta property=\"og:locale\" content=\"en_US\" \/>\n<meta property=\"og:type\" content=\"article\" \/>\n<meta property=\"og:title\" content=\"These are the brands competing for the Allianz Ego Confidence in Fashion award\" \/>\n<meta property=\"og:description\" content=\"Allianz EGO, the platform for emerging designers celebrates, from 14 to 17 September, its new edition within MBFWMadrid.\" \/>\n<meta property=\"og:url\" content=\"https:\/\/highxtar.com\/en\/these-are-the-brands-competing-for-the-allianz-ego-confidence-in-fashion-award\/\" \/>\n<meta property=\"og:site_name\" content=\"HIGHXTAR.\" \/>\n<meta property=\"article:publisher\" content=\"https:\/\/www.facebook.com\/highxtar\" \/>\n<meta property=\"article:published_time\" content=\"2023-09-04T11:07:16+00:00\" \/>\n<meta property=\"article:modified_time\" content=\"2023-09-04T11:07:18+00:00\" \/>\n<meta property=\"og:image\" content=\"https:\/\/highxtar.com\/wp-content\/uploads\/2023\/09\/highxtar-allianz-ego-1.jpg\" \/>\n\t<meta property=\"og:image:width\" content=\"1600\" \/>\n\t<meta property=\"og:image:height\" content=\"1200\" \/>\n\t<meta property=\"og:image:type\" content=\"image\/jpeg\" \/>\n<meta name=\"author\" content=\"Mar Piera\" \/>\n<meta name=\"twitter:card\" content=\"summary_large_image\" \/>\n<meta name=\"twitter:creator\" content=\"@highxtar_\" \/>\n<meta name=\"twitter:site\" content=\"@highxtar_\" \/>\n<meta name=\"twitter:label1\" content=\"Written by\" \/>\n\t<meta name=\"twitter:data1\" content=\"Mar Piera\" \/>\n\t<meta name=\"twitter:label2\" content=\"Est. reading time\" \/>\n\t<meta name=\"twitter:data2\" content=\"3 minutes\" \/>\n<script type=\"application\/ld+json\" class=\"yoast-schema-graph\">{\"@context\":\"https:\\\/\\\/schema.org\",\"@graph\":[{\"@type\":\"Article\",\"@id\":\"https:\\\/\\\/highxtar.com\\\/en\\\/these-are-the-brands-competing-for-the-allianz-ego-confidence-in-fashion-award\\\/#article\",\"isPartOf\":{\"@id\":\"https:\\\/\\\/highxtar.com\\\/en\\\/these-are-the-brands-competing-for-the-allianz-ego-confidence-in-fashion-award\\\/\"},\"author\":{\"name\":\"Mar Piera\",\"@id\":\"https:\\\/\\\/highxtar.com\\\/#\\\/schema\\\/person\\\/861b5d1b459a894df367f295d952c789\"},\"headline\":\"These are the brands competing for the Allianz Ego Confidence in Fashion award\",\"datePublished\":\"2023-09-04T11:07:16+00:00\",\"dateModified\":\"2023-09-04T11:07:18+00:00\",\"mainEntityOfPage\":{\"@id\":\"https:\\\/\\\/highxtar.com\\\/en\\\/these-are-the-brands-competing-for-the-allianz-ego-confidence-in-fashion-award\\\/\"},\"wordCount\":565,\"commentCount\":0,\"publisher\":{\"@id\":\"https:\\\/\\\/highxtar.com\\\/#organization\"},\"image\":{\"@id\":\"https:\\\/\\\/highxtar.com\\\/en\\\/these-are-the-brands-competing-for-the-allianz-ego-confidence-in-fashion-award\\\/#primaryimage\"},\"thumbnailUrl\":\"https:\\\/\\\/highxtar.com\\\/wp-content\\\/uploads\\\/2023\\\/09\\\/highxtar-allianz-ego-1.jpg\",\"articleSection\":[\"Fashion\"],\"inLanguage\":\"en-US\",\"potentialAction\":[{\"@type\":\"CommentAction\",\"name\":\"Comment\",\"target\":[\"https:\\\/\\\/highxtar.com\\\/en\\\/these-are-the-brands-competing-for-the-allianz-ego-confidence-in-fashion-award\\\/#respond\"]}],\"copyrightYear\":\"2023\",\"copyrightHolder\":{\"@id\":\"https:\\\/\\\/highxtar.com\\\/#organization\"}},{\"@type\":\"WebPage\",\"@id\":\"https:\\\/\\\/highxtar.com\\\/en\\\/these-are-the-brands-competing-for-the-allianz-ego-confidence-in-fashion-award\\\/\",\"url\":\"https:\\\/\\\/highxtar.com\\\/en\\\/these-are-the-brands-competing-for-the-allianz-ego-confidence-in-fashion-award\\\/\",\"name\":\"These are the brands competing for the Allianz Ego Confidence in Fashion award - HIGHXTAR.\",\"isPartOf\":{\"@id\":\"https:\\\/\\\/highxtar.com\\\/#website\"},\"primaryImageOfPage\":{\"@id\":\"https:\\\/\\\/highxtar.com\\\/en\\\/these-are-the-brands-competing-for-the-allianz-ego-confidence-in-fashion-award\\\/#primaryimage\"},\"image\":{\"@id\":\"https:\\\/\\\/highxtar.com\\\/en\\\/these-are-the-brands-competing-for-the-allianz-ego-confidence-in-fashion-award\\\/#primaryimage\"},\"thumbnailUrl\":\"https:\\\/\\\/highxtar.com\\\/wp-content\\\/uploads\\\/2023\\\/09\\\/highxtar-allianz-ego-1.jpg\",\"datePublished\":\"2023-09-04T11:07:16+00:00\",\"dateModified\":\"2023-09-04T11:07:18+00:00\",\"description\":\"Allianz EGO, the platform for emerging designers celebrates, from 14 to 17 September, its new edition within MBFWMadrid.\",\"breadcrumb\":{\"@id\":\"https:\\\/\\\/highxtar.com\\\/en\\\/these-are-the-brands-competing-for-the-allianz-ego-confidence-in-fashion-award\\\/#breadcrumb\"},\"inLanguage\":\"en-US\",\"potentialAction\":[{\"@type\":\"ReadAction\",\"target\":[\"https:\\\/\\\/highxtar.com\\\/en\\\/these-are-the-brands-competing-for-the-allianz-ego-confidence-in-fashion-award\\\/\"]}]},{\"@type\":\"ImageObject\",\"inLanguage\":\"en-US\",\"@id\":\"https:\\\/\\\/highxtar.com\\\/en\\\/these-are-the-brands-competing-for-the-allianz-ego-confidence-in-fashion-award\\\/#primaryimage\",\"url\":\"https:\\\/\\\/highxtar.com\\\/wp-content\\\/uploads\\\/2023\\\/09\\\/highxtar-allianz-ego-1.jpg\",\"contentUrl\":\"https:\\\/\\\/highxtar.com\\\/wp-content\\\/uploads\\\/2023\\\/09\\\/highxtar-allianz-ego-1.jpg\",\"width\":1600,\"height\":1200},{\"@type\":\"BreadcrumbList\",\"@id\":\"https:\\\/\\\/highxtar.com\\\/en\\\/these-are-the-brands-competing-for-the-allianz-ego-confidence-in-fashion-award\\\/#breadcrumb\",\"itemListElement\":[{\"@type\":\"ListItem\",\"position\":1,\"name\":\"Home\",\"item\":\"https:\\\/\\\/highxtar.com\\\/en\\\/\"},{\"@type\":\"ListItem\",\"position\":2,\"name\":\"These are the brands competing for the Allianz Ego Confidence in Fashion award\"}]},{\"@type\":\"WebSite\",\"@id\":\"https:\\\/\\\/highxtar.com\\\/#website\",\"url\":\"https:\\\/\\\/highxtar.com\\\/\",\"name\":\"HIGHXTAR.\",\"description\":\"HIGHXTAR. es la voz latina de la moda y el streetwear. Devotos de las cosas que hacen la vida urbana excitante: Moda, M\u00fasica, Lifestyle, Arte &amp; Dise\u00f1o.\",\"publisher\":{\"@id\":\"https:\\\/\\\/highxtar.com\\\/#organization\"},\"potentialAction\":[{\"@type\":\"SearchAction\",\"target\":{\"@type\":\"EntryPoint\",\"urlTemplate\":\"https:\\\/\\\/highxtar.com\\\/?s={search_term_string}\"},\"query-input\":{\"@type\":\"PropertyValueSpecification\",\"valueRequired\":true,\"valueName\":\"search_term_string\"}}],\"inLanguage\":\"en-US\"},{\"@type\":\"Organization\",\"@id\":\"https:\\\/\\\/highxtar.com\\\/#organization\",\"name\":\"HIGHXTAR.\",\"url\":\"https:\\\/\\\/highxtar.com\\\/\",\"logo\":{\"@type\":\"ImageObject\",\"inLanguage\":\"en-US\",\"@id\":\"https:\\\/\\\/highxtar.com\\\/#\\\/schema\\\/logo\\\/image\\\/\",\"url\":\"https:\\\/\\\/highxtar.com\\\/wp-content\\\/uploads\\\/2016\\\/03\\\/HIGHXTAR_com_Favicon_2019.jpg\",\"contentUrl\":\"https:\\\/\\\/highxtar.com\\\/wp-content\\\/uploads\\\/2016\\\/03\\\/HIGHXTAR_com_Favicon_2019.jpg\",\"width\":1200,\"height\":1200,\"caption\":\"HIGHXTAR.\"},\"image\":{\"@id\":\"https:\\\/\\\/highxtar.com\\\/#\\\/schema\\\/logo\\\/image\\\/\"},\"sameAs\":[\"https:\\\/\\\/www.facebook.com\\\/highxtar\",\"https:\\\/\\\/x.com\\\/highxtar_\",\"https:\\\/\\\/www.instagram.com\\\/highxtar\",\"https:\\\/\\\/www.tiktok.com\\\/@highxtar\",\"https:\\\/\\\/www.youtube.com\\\/c\\\/highxtarofficial\",\"https:\\\/\\\/open.spotify.com\\\/user\\\/highxtar\"]},{\"@type\":\"Person\",\"@id\":\"https:\\\/\\\/highxtar.com\\\/#\\\/schema\\\/person\\\/861b5d1b459a894df367f295d952c789\",\"name\":\"Mar Piera\",\"description\":\"Editor &amp; Project Manager. m.piera@highxtar.com\",\"sameAs\":[\"https:\\\/\\\/www.instagram.com\\\/marpiera\\\/\"],\"url\":\"https:\\\/\\\/highxtar.com\\\/en\\\/author\\\/marpiera\\\/\"}]}<\/script>\n<!-- \/ Yoast SEO Premium plugin. -->","yoast_head_json":{"title":"These are the brands competing for the Allianz Ego Confidence in Fashion award - HIGHXTAR.","description":"Allianz EGO, the platform for emerging designers celebrates, from 14 to 17 September, its new edition within MBFWMadrid.","robots":{"index":"index","follow":"follow","max-snippet":"max-snippet:-1","max-image-preview":"max-image-preview:large","max-video-preview":"max-video-preview:-1"},"canonical":"https:\/\/highxtar.com\/en\/these-are-the-brands-competing-for-the-allianz-ego-confidence-in-fashion-award\/","og_locale":"en_US","og_type":"article","og_title":"These are the brands competing for the Allianz Ego Confidence in Fashion award","og_description":"Allianz EGO, the platform for emerging designers celebrates, from 14 to 17 September, its new edition within MBFWMadrid.","og_url":"https:\/\/highxtar.com\/en\/these-are-the-brands-competing-for-the-allianz-ego-confidence-in-fashion-award\/","og_site_name":"HIGHXTAR.","article_publisher":"https:\/\/www.facebook.com\/highxtar","article_published_time":"2023-09-04T11:07:16+00:00","article_modified_time":"2023-09-04T11:07:18+00:00","og_image":[{"width":1600,"height":1200,"url":"https:\/\/highxtar.com\/wp-content\/uploads\/2023\/09\/highxtar-allianz-ego-1.jpg","type":"image\/jpeg"}],"author":"Mar Piera","twitter_card":"summary_large_image","twitter_creator":"@highxtar_","twitter_site":"@highxtar_","twitter_misc":{"Written by":"Mar Piera","Est. reading time":"3 minutes"},"schema":{"@context":"https:\/\/schema.org","@graph":[{"@type":"Article","@id":"https:\/\/highxtar.com\/en\/these-are-the-brands-competing-for-the-allianz-ego-confidence-in-fashion-award\/#article","isPartOf":{"@id":"https:\/\/highxtar.com\/en\/these-are-the-brands-competing-for-the-allianz-ego-confidence-in-fashion-award\/"},"author":{"name":"Mar Piera","@id":"https:\/\/highxtar.com\/#\/schema\/person\/861b5d1b459a894df367f295d952c789"},"headline":"These are the brands competing for the Allianz Ego Confidence in Fashion award","datePublished":"2023-09-04T11:07:16+00:00","dateModified":"2023-09-04T11:07:18+00:00","mainEntityOfPage":{"@id":"https:\/\/highxtar.com\/en\/these-are-the-brands-competing-for-the-allianz-ego-confidence-in-fashion-award\/"},"wordCount":565,"commentCount":0,"publisher":{"@id":"https:\/\/highxtar.com\/#organization"},"image":{"@id":"https:\/\/highxtar.com\/en\/these-are-the-brands-competing-for-the-allianz-ego-confidence-in-fashion-award\/#primaryimage"},"thumbnailUrl":"https:\/\/highxtar.com\/wp-content\/uploads\/2023\/09\/highxtar-allianz-ego-1.jpg","articleSection":["Fashion"],"inLanguage":"en-US","potentialAction":[{"@type":"CommentAction","name":"Comment","target":["https:\/\/highxtar.com\/en\/these-are-the-brands-competing-for-the-allianz-ego-confidence-in-fashion-award\/#respond"]}],"copyrightYear":"2023","copyrightHolder":{"@id":"https:\/\/highxtar.com\/#organization"}},{"@type":"WebPage","@id":"https:\/\/highxtar.com\/en\/these-are-the-brands-competing-for-the-allianz-ego-confidence-in-fashion-award\/","url":"https:\/\/highxtar.com\/en\/these-are-the-brands-competing-for-the-allianz-ego-confidence-in-fashion-award\/","name":"These are the brands competing for the Allianz Ego Confidence in Fashion award - HIGHXTAR.","isPartOf":{"@id":"https:\/\/highxtar.com\/#website"},"primaryImageOfPage":{"@id":"https:\/\/highxtar.com\/en\/these-are-the-brands-competing-for-the-allianz-ego-confidence-in-fashion-award\/#primaryimage"},"image":{"@id":"https:\/\/highxtar.com\/en\/these-are-the-brands-competing-for-the-allianz-ego-confidence-in-fashion-award\/#primaryimage"},"thumbnailUrl":"https:\/\/highxtar.com\/wp-content\/uploads\/2023\/09\/highxtar-allianz-ego-1.jpg","datePublished":"2023-09-04T11:07:16+00:00","dateModified":"2023-09-04T11:07:18+00:00","description":"Allianz EGO, the platform for emerging designers celebrates, from 14 to 17 September, its new edition within MBFWMadrid.","breadcrumb":{"@id":"https:\/\/highxtar.com\/en\/these-are-the-brands-competing-for-the-allianz-ego-confidence-in-fashion-award\/#breadcrumb"},"inLanguage":"en-US","potentialAction":[{"@type":"ReadAction","target":["https:\/\/highxtar.com\/en\/these-are-the-brands-competing-for-the-allianz-ego-confidence-in-fashion-award\/"]}]},{"@type":"ImageObject","inLanguage":"en-US","@id":"https:\/\/highxtar.com\/en\/these-are-the-brands-competing-for-the-allianz-ego-confidence-in-fashion-award\/#primaryimage","url":"https:\/\/highxtar.com\/wp-content\/uploads\/2023\/09\/highxtar-allianz-ego-1.jpg","contentUrl":"https:\/\/highxtar.com\/wp-content\/uploads\/2023\/09\/highxtar-allianz-ego-1.jpg","width":1600,"height":1200},{"@type":"BreadcrumbList","@id":"https:\/\/highxtar.com\/en\/these-are-the-brands-competing-for-the-allianz-ego-confidence-in-fashion-award\/#breadcrumb","itemListElement":[{"@type":"ListItem","position":1,"name":"Home","item":"https:\/\/highxtar.com\/en\/"},{"@type":"ListItem","position":2,"name":"These are the brands competing for the Allianz Ego Confidence in Fashion award"}]},{"@type":"WebSite","@id":"https:\/\/highxtar.com\/#website","url":"https:\/\/highxtar.com\/","name":"HIGHXTAR.","description":"HIGHXTAR. es la voz latina de la moda y el streetwear. Devotos de las cosas que hacen la vida urbana excitante: Moda, M\u00fasica, Lifestyle, Arte &amp; Dise\u00f1o.","publisher":{"@id":"https:\/\/highxtar.com\/#organization"},"potentialAction":[{"@type":"SearchAction","target":{"@type":"EntryPoint","urlTemplate":"https:\/\/highxtar.com\/?s={search_term_string}"},"query-input":{"@type":"PropertyValueSpecification","valueRequired":true,"valueName":"search_term_string"}}],"inLanguage":"en-US"},{"@type":"Organization","@id":"https:\/\/highxtar.com\/#organization","name":"HIGHXTAR.","url":"https:\/\/highxtar.com\/","logo":{"@type":"ImageObject","inLanguage":"en-US","@id":"https:\/\/highxtar.com\/#\/schema\/logo\/image\/","url":"https:\/\/highxtar.com\/wp-content\/uploads\/2016\/03\/HIGHXTAR_com_Favicon_2019.jpg","contentUrl":"https:\/\/highxtar.com\/wp-content\/uploads\/2016\/03\/HIGHXTAR_com_Favicon_2019.jpg","width":1200,"height":1200,"caption":"HIGHXTAR."},"image":{"@id":"https:\/\/highxtar.com\/#\/schema\/logo\/image\/"},"sameAs":["https:\/\/www.facebook.com\/highxtar","https:\/\/x.com\/highxtar_","https:\/\/www.instagram.com\/highxtar","https:\/\/www.tiktok.com\/@highxtar","https:\/\/www.youtube.com\/c\/highxtarofficial","https:\/\/open.spotify.com\/user\/highxtar"]},{"@type":"Person","@id":"https:\/\/highxtar.com\/#\/schema\/person\/861b5d1b459a894df367f295d952c789","name":"Mar Piera","description":"Editor &amp; Project Manager. m.piera@highxtar.com","sameAs":["https:\/\/www.instagram.com\/marpiera\/"],"url":"https:\/\/highxtar.com\/en\/author\/marpiera\/"}]}},"_links":{"self":[{"href":"https:\/\/highxtar.com\/en\/wp-json\/wp\/v2\/posts\/391680","targetHints":{"allow":["GET"]}}],"collection":[{"href":"https:\/\/highxtar.com\/en\/wp-json\/wp\/v2\/posts"}],"about":[{"href":"https:\/\/highxtar.com\/en\/wp-json\/wp\/v2\/types\/post"}],"author":[{"embeddable":true,"href":"https:\/\/highxtar.com\/en\/wp-json\/wp\/v2\/users\/22"}],"replies":[{"embeddable":true,"href":"https:\/\/highxtar.com\/en\/wp-json\/wp\/v2\/comments?post=391680"}],"version-history":[{"count":1,"href":"https:\/\/highxtar.com\/en\/wp-json\/wp\/v2\/posts\/391680\/revisions"}],"predecessor-version":[{"id":391681,"href":"https:\/\/highxtar.com\/en\/wp-json\/wp\/v2\/posts\/391680\/revisions\/391681"}],"wp:featuredmedia":[{"embeddable":true,"href":"https:\/\/highxtar.com\/en\/wp-json\/wp\/v2\/media\/391658"}],"wp:attachment":[{"href":"https:\/\/highxtar.com\/en\/wp-json\/wp\/v2\/media?parent=391680"}],"wp:term":[{"taxonomy":"category","embeddable":true,"href":"https:\/\/highxtar.com\/en\/wp-json\/wp\/v2\/categories?post=391680"},{"taxonomy":"post_tag","embeddable":true,"href":"https:\/\/highxtar.com\/en\/wp-json\/wp\/v2\/tags?post=391680"}],"curies":[{"name":"wp","href":"https:\/\/api.w.org\/{rel}","templated":true}]}}