{"id":394423,"date":"2023-09-14T12:27:42","date_gmt":"2023-09-14T10:27:42","guid":{"rendered":"https:\/\/highxtar.com\/?p=394423"},"modified":"2023-09-14T12:27:43","modified_gmt":"2023-09-14T10:27:43","slug":"these-are-the-galleries-that-will-be-at-art-basel-miami-2023","status":"publish","type":"post","link":"https:\/\/highxtar.com\/en\/these-are-the-galleries-that-will-be-at-art-basel-miami-2023\/","title":{"rendered":"These are the galleries that will be at Art Basel Miami 2023"},"content":{"rendered":"\n<h2 class=\"wp-block-heading\" id=\"h-although-this-edition-will-be-slightly-smaller-than-the-last-the-next-art-basel-miami-2023-will-feature-277-galleries-with-an-emphasis-on-artists-from-latin-america-and-the-caribbean-diaspora\">Although this edition will be slightly smaller than the last, the next Art Basel Miami 2023 will feature 277 galleries, with an emphasis on artists from Latin America and the Caribbean diaspora.<\/h2>\n\n\n\n<p>For the 2023 edition, <a href=\"https:\/\/www.artbasel.com\/miami-beach\">Art Basel Miami <\/a>will bring together 277 leading international galleries to present the season&#8217;s highlights ranging from painting and sculpture to photography and digital works. Nearly two-thirds of this year&#8217;s galleries are from North and South America, accompanied by an exceptional variety of galleries from Europe, Asia and Africa.<\/p>\n\n\n\n<p>The fair will welcome 24 newcomers, 3 of which arrive in the main Galleries section: Galerie Minsky (Paris), Ortuzar Projects (New York) and Weinstein Gallery (San Francisco). 6 enter for the first time in Nova, the section for galleries representing multiple artists; 8 in Positions, which welcomes young galleries showing only shows by emerging artists; and 7 in Survey, dedicated to galleries highlighting art practices of historical relevance.<\/p>\n\n\n\n<h1 class=\"wp-block-heading\" id=\"h-art-basel-miami-beach-2023\">Art Basel Miami Beach 2023<\/h1>\n\n\n\n<p>303 Gallery<br>47 Canal<br>A Gentil Carioca<br>Miguel Abreu Gallery<br>Acquavella Galleries<br>Almeida e Dale Galeria de Arte<br>Altman Siegel<br>Antenna Space<br>Galeria Raquel Arnaud<br>Alfonso Artiaco<br>Balice Hertling<br>Barro<br>Nicelle Beauchene Gallery<br>galer\u00eda elba ben\u00edtez<br>Ruth Benzacar Galeria de Arte<br>Berggruen Gallery<br>Blum &amp; Poe<br>Peter Blum Gallery<br>Marianne Boesky Gallery<br>Tanya Bonakdar Gallery<br>Bortolami<br>Luciana Brito Galeria<br>Ben Brown Fine Arts<br>Galerie Buchholz<br>Canada<br>Cardi Gallery<br>Carlos\/Ishikawa<br>Casa Tri\u00e2ngulo<br>Casas Riegner<br>David Castillo<br>Chapter NY<br>Cheim &amp; Read<br>Clearing<br>James Cohan Gallery<br>Sadie Coles HQ<br>Commonwealth and Council<br>Company Gallery<br>Galleria Continua<br>Paula Cooper Gallery<br>Corbett vs. Dempsey<br>Pilar Corrias<br>Galerie Cr\u00e8vec\u0153ur<br>Cristea Roberts Gallery<br>Galerie Chantal Crousel<br>DAN Galeria<br>DC Moore Gallery<br>Tibor de Nagy<br>MASSIMODECARLO<br>Jeffrey Deitch<br>Anat Ebgi<br>Andrew Edlin Gallery<br>galerie frank elbaz<br>Derek Eller Gallery<br>Thomas Erben Gallery<br>Larkin Erdmann Gallery<br>Eric Firestone Gallery<br>Konrad Fischer Galerie<br>Fitzpatrick Gallery<br>Peter Freeman, Inc.<br>Stephen Friedman Gallery<br>Frith Street Gallery<br>James Fuentes<br>Gaga<br>Gagosian<br>Galerie Christophe Gaillard<br>Galerie 1900-2000<br>Gavlak<br>Gemini G.E.L.<br>Fran\u00e7ois Ghebaly<br>Gladstone Gallery<br>Gomide &amp; Co<br>Galer\u00eda Elvira Gonz\u00e1lez<br>Goodman Gallery<br>Marian Goodman Gallery<br>Galerie B\u00e4rbel Gr\u00e4sslin<br>Gray<br>Garth Greenan Gallery<br>Greene Naftali<br>Galerie Karsten Greve<br>Cristina Guerra Contemporary Art<br>Hales Gallery<br>Hauser &amp; Wirth<br>Galerie Max Hetzler<br>High Art<br>Hirschl &amp; Adler Modern<br>Rhona Hoffman Gallery<br>Edwynn Houk Gallery<br>Pippy Houldsworth Gallery<br>Xavier Hufkens<br>Gallery Hyundai<br>i8 Gallery<br>Ingleby Gallery<br>rodolphe janssen<br>Jenkins Johnson Gallery<br>Annely Juda Fine Art<br>Kalfayan Galleries<br>Casey Kaplan<br>Karma<br>Kasmin<br>kaufmann repetto<br>Sean Kelly<br>Kerlin Gallery<br>Anton Kern Gallery<br>Galerie Peter Kilchmann<br>Tina Kim Gallery<br>Kohn Gallery<br>David Kordansky Gallery<br>Andrew Kreps Gallery<br>KRINZINGER<br>Kukje Gallery<br>kurimanzutto<br>Labor<br>Lehmann Maupin<br>Tanya Leighton<br>Galerie Lelong &amp; Co.<br>L\u00e9vy Gorvy Dayan<br>David Lewis<br>Josh Lilley<br>Lisson Gallery<br>Luhring Augustine<br>Mai 36 Galerie<br>Maisterravalbuena<br>Jorge Mara \u2013 La Ruche<br>Matthew Marks Gallery<br>Philip Martin Gallery<br>Barbara Mathes Gallery<br>Mayoral<br>Mazzoleni<br>Anthony Meier<br>Mendes Wood DM<br>Mennour<br>Meyer Riegger<br>Mignoni<br>Millan<br>Galerie Minsky<br>Victoria Miro<br>Mitchell-Innes &amp; Nash<br>Mnuchin Gallery<br>The Modern Institute<br>moniquemeloche<br>mor charpentier<br>Mor\u00e1n Mor\u00e1n<br>Galerie n\u00e4chst St. Stephan<br>Galerie Nagel Draxler<br>Edward Tyler Nahem<br>Helly Nahmad Gallery<br>Nanzuka<br>neugerriemschneider<br>Nicodim Gallery<br>Night Gallery<br>Carolina Nitsch<br>Galleria Franco Noero<br>David Nolan Gallery<br>Galerie Nordenhake<br>Galerie Nathalie Obadia<br>OMR<br>Galleria Lorcan O\u2019Neill Roma<br>Ortuzar Projects<br>P.P.O.W<br>Pace Gallery<br>Pace Prints<br>Paragon<br>Parrasch Heijnen Gallery<br>Franklin Parrasch Gallery<br>Patron<br>Peres Projects<br>Perrotin<br>Petzel<br>Pol\u00edgrafa Obra Gr\u00e0fica<br>Galerie Eva Presenhuber<br>Proyectos Monclova<br>Almine Rech<br>Regen Projects<br>Roberts Projects<br>Nara Roesler<br>Thaddaeus Ropac<br>Michael Rosenfeld Gallery<br>Lia Rumma<br>SCAI The Bathhouse<br>Esther Schipper<br>Schoelkopf Gallery<br>Galerie Thomas Schulte<br>Marc Selwyn Fine Art<br>Jack Shainman Gallery<br>Susan Sheehan Gallery<br>Sicardi Ayers Bacino<br>Sies + H\u00f6ke<br>Sikkema Jenkins &amp; Co.<br>Jessica Silverman<br>Sim\u00f5es de Assis<br>Skarstedt<br>Fredric Snitzer Gallery<br>Soci\u00e9t\u00e9<br>Sperone Westwater<br>Spr\u00fcth Magers<br>Galleria Christian Stein<br>STPI<br>Galeria Luisa Strina<br>Simone Subal Gallery<br>Galer\u00eda Sur<br>Timothy Taylor<br>Templon<br>Galerie Barbara Thumm<br>Tornabuoni Art<br>Traves\u00eda Cuatro<br>Two Palms<br>ULAE<br>Van de Weghe<br>Van Doren Waxter<br>Nicola Vassell<br>Vedovi Gallery<br>Venus Over Manhattan<br>Vermelho<br>Vielmetter Los Angeles<br>Waddington Custot<br>Galleri Nicolai Wallner<br>Weinstein Gallery<br>Wentrup<br>Michael Werner Gallery<br>White Cube<br>Yares Art<br>David Zwirner<br>Survey<\/p>\n\n\n\n<p>1 Mira Madrid<br>Piero Atchugarry Gallery<br>Bank<br>Freight+Volume<br>Klaus Von Nichtssagend Gallery<br>Paulo Kuczynski<br>Elizabeth Leach Gallery<br>Magenta Plains<br>Polka Galerie<br>Galeria Marilia Razuk<br>Rolf Art<br>Meredith Rosen<br>Ryan Lee<br>Vito Schnabel<br>Stars<br>Louis Stern Fine Arts<br>Duane Thomas Gallery<br>Nova<\/p>\n\n\n\n<p>Afriart Gallery<br>Arcadia Missa<br>Edel Assanti<br>80m2 Livia Benavides<br>Central Fine<br>Ch\u00e2teau Shatto<br>Luis De Jesus Los Angeles<br>Document<br>Emalin<br>Daniel Faria Gallery<br>Galer\u00eda Agustina Ferreyra<br>Gypsum Gallery<br>Instituto de visi\u00f3n<br>Charlie James Gallery<br>Lyles &amp; King<br>mother\u2019s tankstation limited<br>Project Native Informant<br>Rele Gallery<br>Silverlens<br>Soft Opening<br>The Ranch<br>Welancora Gallery<br>Positions<\/p>\n\n\n\n<p>56 Henry<br>Helena Anrather<br>Bradley Ertaskiran<br>Matthew Brown<br>Deli Gallery<br>Galatea<br>Isla Flotante<br>Llano<br>Lomex<br>Mrs.<br>Kendra Jayne Patrick<br>Pequod Co.<br>Proyectos Ultravioleta<br>Galeria Dawid Radziszewski<br>Residency Art Gallery<br>Spinello Projects<br>Untitled Art Fair 2023<\/p>\n\n\n\n<p>1969 Gallery<br>31 PROJECT<br>50 GOLBORNE<br>ada gallery<br>AFIKARIS<br>albertz benda<br>Allouche Benias Gallery<br>ALMA PEARL<br>Althuis Hofland Fine Arts<br>Anna Erickson Presents<br>ANNA ZORINA GALLERY<br>Aperture<br>ARDEN + WHITE GALLERY<br>Asya Geisberg Gallery<br>Badr El Jundi<br>Benrubi Gallery<br>Bienvenu Steinberg &amp; J<br>Bill Arning Exhibitions<br>bitforms gallery<br>Blouin Division<br>C O U N T Y<br>CARL KOSTY\u00c1L<br>CARVALHO PARK<br>Casa Hoffmann<br>Casa Qui\u00e9n<br>CHART<br>Chiquita Room<br>CHRISTINE PARK GALLERY<br>Cirrus Gallery &amp; Cirrus Editions Ltd<br>COHJU contemporary art<br>CONSTITUCI\u00d3N<br>CULT Aimee Friberg<br>CURRO<br>Daniela Elbahara<br>Danziger Gallery<br>David B. Smith Gallery<br>Denny Gallery<br>Dimensions Variable<br>Dinner Gallery<br>Dio Horia<br>Double V Gallery<br>Duarte Sequeira<br>EBONY\/CURATED<br>El Apartamento<br>El Kil\u00f3metro<br>Emerson Dorsch<br>ESPACIO MINIMO<br>FABIENNE LEVY<br>Fragment<br>Fran Reus<br>Fridman Gallery<br>Galeria Foco<br>Galeria MPA<br>galerie charlot<br>Galerie Forsblom<br>Galerie Nicolas Robert<br>GALLERIA STUDIO G7<br>Gallery 1957<br>Gallery NOSCO<br>Gallery Rosenfeld<br>Geary<br>Gisela Projects<br>GOLESTANI<br>HAGD Contemporary<br>HENRIQUE FARIA<br>Herlitzka &amp; Co.<br>HESSE FLATOW<br>High Noon<br>Huxley-Parlour<br>Il Chiostro<br>Jane Lombard Gallery<br>JARILAGER Gallery<br>JD Malat Gallery<br>Jecza<br>Johansson Projects<br>Jonathan Carver Moore<br>Jupiter<br>K Contemporary<br>Kalashnikovv Gallery<br>KATES-FERRI PROJECTS<br>Ketabi Bourdet<br>k\u00f3<br>KORNFELD GALERIE BERLIN<br>Kravets Wehby Gallery<br>L21 Gallery<br>LA BALSA ARTE<br>LAMB Gallery<br>Laney Contemporary<br>LatchKey Gallery<br>Lazy Mike<br>LeRoy Neiman Center for Print Studies, Columbia University<br>Les filles du calvaire<br>Library Street Collective<br>LUCE GALLERY<br>Lyndsey Ingram<br>MAKASIINI CONTEMPORARY<br>MARC STRAUS<br>Marisa Newman Projects<br>Massey Klein<br>Max Estrella<br>MKG127<br>Morgan Lehman Gallery<br>Negr\u00f3n Pizzaro<br>NIL GALLERY<br>Niru Ratnam<br>No Man\u2019s Art Gallery<br>NOME<br>NOPLACE \u2014 Arr\u00f3niz Arte Contempor\u00e1neo<br>NF\/NIEVES FERN\u00c1NDEZ<br>Nueveochenta<br>NORD\u00c9S<br>Nunu Fine Art<br>Pablo\u2019s Birthday<br>PASTO<br>Patrick Heide Contemporary Art<br>PATRICIA SWEETOW GALLERY<br>PIBI GALLERY<br>PIERMARQ*<br>PLAN X<br>PM\/AM<br>PORTAS VILASECA<br>Portrait Society Gallery of Contemporary Art<br>Praise Shadows Art Gallery<br>Richard Heller Gallery<br>Richard Koh Fine Art<br>Rivalry Projects<br>Ronchini Gallery<br>Room57 Gallery<br>SAENGER GALERIA<br>SANATORIUM<br>SAPAR Contemporary<br>SARAHCROWN<br>SARAI Gallery<br>School of Visual Arts Galleries<br>Sean Horton<br>SECCI Gallery<br>Selenas Mountain<br>SEPTEMBER<br>SGR Galer\u00eda<br>Sim Smith<br>SKETCH<br>Southern Guild<br>Steve Turner<br>TEMA Projects<br>TENDER<br>TERN Gallery<br>THE PILL\u00ae<br>THEO<br>VERVE<br>Victoria Miro Projects<br>VIGIL GONZALES<br>Vigo Gallery<br>Voloshyn Gallery<br>WHATIFTHEWORLD<br>WIZARD<br>Woaw Gallery<br>Yancey Richardson<br>YI GALLERY<br>Yossi Milo Gallery<br>Zidoun-Bossuyt Gallery<br>ZieherSmith<br>Zielinsky<br>Zilberman<\/p>\n\n\n\n<p><a href=\"https:\/\/highxtar.com\/review-de-lo-mas-fresco-de-art-basel-miami-2022\/\">Review of the coolest Art Basel Miami 2022.<\/a><\/p>\n","protected":false},"excerpt":{"rendered":"<p>Art Basel Miami and Untitled have announced the list of galleries exhibiting at their next edition from 8-10 December 2023.<\/p>\n","protected":false},"author":22,"featured_media":394421,"comment_status":"open","ping_status":"closed","sticky":false,"template":"","format":"standard","meta":{"_acf_changed":false,"footnotes":""},"categories":[599],"tags":[3131],"class_list":["post-394423","post","type-post","status-publish","format-standard","has-post-thumbnail","hentry","category-art-en","tag-art-basel-2"],"acf":[],"yoast_head":"<!-- This site is optimized with the Yoast SEO Premium plugin  - https:\/\/yoast.com\/product\/yoast-seo-premium-wordpress\/ -->\n<title>These are the galleries that will be at Art Basel Miami 2023 - HIGHXTAR.<\/title>\n<meta name=\"description\" content=\"Art Basel Miami and Untitled have announced the list of galleries exhibiting at their next edition from 8-10 December 2023.\" \/>\n<meta name=\"robots\" content=\"index, follow, max-snippet:-1, max-image-preview:large, max-video-preview:-1\" \/>\n<link rel=\"canonical\" href=\"https:\/\/highxtar.com\/en\/these-are-the-galleries-that-will-be-at-art-basel-miami-2023\/\" \/>\n<meta property=\"og:locale\" content=\"en_US\" \/>\n<meta property=\"og:type\" content=\"article\" \/>\n<meta property=\"og:title\" content=\"These are the galleries that will be at Art Basel Miami 2023\" \/>\n<meta property=\"og:description\" content=\"Art Basel Miami and Untitled have announced the list of galleries exhibiting at their next edition from 8-10 December 2023.\" \/>\n<meta property=\"og:url\" content=\"https:\/\/highxtar.com\/en\/these-are-the-galleries-that-will-be-at-art-basel-miami-2023\/\" \/>\n<meta property=\"og:site_name\" content=\"HIGHXTAR.\" \/>\n<meta property=\"article:publisher\" content=\"https:\/\/www.facebook.com\/highxtar\" \/>\n<meta property=\"article:published_time\" content=\"2023-09-14T10:27:42+00:00\" \/>\n<meta property=\"article:modified_time\" content=\"2023-09-14T10:27:43+00:00\" \/>\n<meta property=\"og:image\" content=\"https:\/\/highxtar.com\/wp-content\/uploads\/2023\/09\/highxtar-art-basel-miami-1.jpg\" \/>\n\t<meta property=\"og:image:width\" content=\"1600\" \/>\n\t<meta property=\"og:image:height\" content=\"1200\" \/>\n\t<meta property=\"og:image:type\" content=\"image\/jpeg\" \/>\n<meta name=\"author\" content=\"Mar Piera\" \/>\n<meta name=\"twitter:card\" content=\"summary_large_image\" \/>\n<meta name=\"twitter:creator\" content=\"@highxtar_\" \/>\n<meta name=\"twitter:site\" content=\"@highxtar_\" \/>\n<meta name=\"twitter:label1\" content=\"Written by\" \/>\n\t<meta name=\"twitter:data1\" content=\"Mar Piera\" \/>\n\t<meta name=\"twitter:label2\" content=\"Est. reading time\" \/>\n\t<meta name=\"twitter:data2\" content=\"6 minutes\" \/>\n<script type=\"application\/ld+json\" class=\"yoast-schema-graph\">{\"@context\":\"https:\\\/\\\/schema.org\",\"@graph\":[{\"@type\":\"Article\",\"@id\":\"https:\\\/\\\/highxtar.com\\\/en\\\/these-are-the-galleries-that-will-be-at-art-basel-miami-2023\\\/#article\",\"isPartOf\":{\"@id\":\"https:\\\/\\\/highxtar.com\\\/en\\\/these-are-the-galleries-that-will-be-at-art-basel-miami-2023\\\/\"},\"author\":{\"name\":\"Mar Piera\",\"@id\":\"https:\\\/\\\/highxtar.com\\\/#\\\/schema\\\/person\\\/861b5d1b459a894df367f295d952c789\"},\"headline\":\"These are the galleries that will be at Art Basel Miami 2023\",\"datePublished\":\"2023-09-14T10:27:42+00:00\",\"dateModified\":\"2023-09-14T10:27:43+00:00\",\"mainEntityOfPage\":{\"@id\":\"https:\\\/\\\/highxtar.com\\\/en\\\/these-are-the-galleries-that-will-be-at-art-basel-miami-2023\\\/\"},\"wordCount\":796,\"commentCount\":0,\"publisher\":{\"@id\":\"https:\\\/\\\/highxtar.com\\\/#organization\"},\"image\":{\"@id\":\"https:\\\/\\\/highxtar.com\\\/en\\\/these-are-the-galleries-that-will-be-at-art-basel-miami-2023\\\/#primaryimage\"},\"thumbnailUrl\":\"https:\\\/\\\/highxtar.com\\\/wp-content\\\/uploads\\\/2023\\\/09\\\/highxtar-art-basel-miami-1.jpg\",\"keywords\":[\"Art Basel\"],\"articleSection\":[\"Art\"],\"inLanguage\":\"en-US\",\"potentialAction\":[{\"@type\":\"CommentAction\",\"name\":\"Comment\",\"target\":[\"https:\\\/\\\/highxtar.com\\\/en\\\/these-are-the-galleries-that-will-be-at-art-basel-miami-2023\\\/#respond\"]}],\"copyrightYear\":\"2023\",\"copyrightHolder\":{\"@id\":\"https:\\\/\\\/highxtar.com\\\/#organization\"}},{\"@type\":\"WebPage\",\"@id\":\"https:\\\/\\\/highxtar.com\\\/en\\\/these-are-the-galleries-that-will-be-at-art-basel-miami-2023\\\/\",\"url\":\"https:\\\/\\\/highxtar.com\\\/en\\\/these-are-the-galleries-that-will-be-at-art-basel-miami-2023\\\/\",\"name\":\"These are the galleries that will be at Art Basel Miami 2023 - HIGHXTAR.\",\"isPartOf\":{\"@id\":\"https:\\\/\\\/highxtar.com\\\/#website\"},\"primaryImageOfPage\":{\"@id\":\"https:\\\/\\\/highxtar.com\\\/en\\\/these-are-the-galleries-that-will-be-at-art-basel-miami-2023\\\/#primaryimage\"},\"image\":{\"@id\":\"https:\\\/\\\/highxtar.com\\\/en\\\/these-are-the-galleries-that-will-be-at-art-basel-miami-2023\\\/#primaryimage\"},\"thumbnailUrl\":\"https:\\\/\\\/highxtar.com\\\/wp-content\\\/uploads\\\/2023\\\/09\\\/highxtar-art-basel-miami-1.jpg\",\"datePublished\":\"2023-09-14T10:27:42+00:00\",\"dateModified\":\"2023-09-14T10:27:43+00:00\",\"description\":\"Art Basel Miami and Untitled have announced the list of galleries exhibiting at their next edition from 8-10 December 2023.\",\"breadcrumb\":{\"@id\":\"https:\\\/\\\/highxtar.com\\\/en\\\/these-are-the-galleries-that-will-be-at-art-basel-miami-2023\\\/#breadcrumb\"},\"inLanguage\":\"en-US\",\"potentialAction\":[{\"@type\":\"ReadAction\",\"target\":[\"https:\\\/\\\/highxtar.com\\\/en\\\/these-are-the-galleries-that-will-be-at-art-basel-miami-2023\\\/\"]}]},{\"@type\":\"ImageObject\",\"inLanguage\":\"en-US\",\"@id\":\"https:\\\/\\\/highxtar.com\\\/en\\\/these-are-the-galleries-that-will-be-at-art-basel-miami-2023\\\/#primaryimage\",\"url\":\"https:\\\/\\\/highxtar.com\\\/wp-content\\\/uploads\\\/2023\\\/09\\\/highxtar-art-basel-miami-1.jpg\",\"contentUrl\":\"https:\\\/\\\/highxtar.com\\\/wp-content\\\/uploads\\\/2023\\\/09\\\/highxtar-art-basel-miami-1.jpg\",\"width\":1600,\"height\":1200},{\"@type\":\"BreadcrumbList\",\"@id\":\"https:\\\/\\\/highxtar.com\\\/en\\\/these-are-the-galleries-that-will-be-at-art-basel-miami-2023\\\/#breadcrumb\",\"itemListElement\":[{\"@type\":\"ListItem\",\"position\":1,\"name\":\"Home\",\"item\":\"https:\\\/\\\/highxtar.com\\\/en\\\/\"},{\"@type\":\"ListItem\",\"position\":2,\"name\":\"These are the galleries that will be at Art Basel Miami 2023\"}]},{\"@type\":\"WebSite\",\"@id\":\"https:\\\/\\\/highxtar.com\\\/#website\",\"url\":\"https:\\\/\\\/highxtar.com\\\/\",\"name\":\"HIGHXTAR.\",\"description\":\"HIGHXTAR. es la voz latina de la moda y el streetwear. Devotos de las cosas que hacen la vida urbana excitante: Moda, M\u00fasica, Lifestyle, Arte &amp; Dise\u00f1o.\",\"publisher\":{\"@id\":\"https:\\\/\\\/highxtar.com\\\/#organization\"},\"potentialAction\":[{\"@type\":\"SearchAction\",\"target\":{\"@type\":\"EntryPoint\",\"urlTemplate\":\"https:\\\/\\\/highxtar.com\\\/?s={search_term_string}\"},\"query-input\":{\"@type\":\"PropertyValueSpecification\",\"valueRequired\":true,\"valueName\":\"search_term_string\"}}],\"inLanguage\":\"en-US\"},{\"@type\":\"Organization\",\"@id\":\"https:\\\/\\\/highxtar.com\\\/#organization\",\"name\":\"HIGHXTAR.\",\"url\":\"https:\\\/\\\/highxtar.com\\\/\",\"logo\":{\"@type\":\"ImageObject\",\"inLanguage\":\"en-US\",\"@id\":\"https:\\\/\\\/highxtar.com\\\/#\\\/schema\\\/logo\\\/image\\\/\",\"url\":\"https:\\\/\\\/highxtar.com\\\/wp-content\\\/uploads\\\/2016\\\/03\\\/HIGHXTAR_com_Favicon_2019.jpg\",\"contentUrl\":\"https:\\\/\\\/highxtar.com\\\/wp-content\\\/uploads\\\/2016\\\/03\\\/HIGHXTAR_com_Favicon_2019.jpg\",\"width\":1200,\"height\":1200,\"caption\":\"HIGHXTAR.\"},\"image\":{\"@id\":\"https:\\\/\\\/highxtar.com\\\/#\\\/schema\\\/logo\\\/image\\\/\"},\"sameAs\":[\"https:\\\/\\\/www.facebook.com\\\/highxtar\",\"https:\\\/\\\/x.com\\\/highxtar_\",\"https:\\\/\\\/www.instagram.com\\\/highxtar\",\"https:\\\/\\\/www.tiktok.com\\\/@highxtar\",\"https:\\\/\\\/www.youtube.com\\\/c\\\/highxtarofficial\",\"https:\\\/\\\/open.spotify.com\\\/user\\\/highxtar\"]},{\"@type\":\"Person\",\"@id\":\"https:\\\/\\\/highxtar.com\\\/#\\\/schema\\\/person\\\/861b5d1b459a894df367f295d952c789\",\"name\":\"Mar Piera\",\"description\":\"Editor &amp; Project Manager. m.piera@highxtar.com\",\"sameAs\":[\"https:\\\/\\\/www.instagram.com\\\/marpiera\\\/\"],\"url\":\"https:\\\/\\\/highxtar.com\\\/en\\\/author\\\/marpiera\\\/\"}]}<\/script>\n<!-- \/ Yoast SEO Premium plugin. -->","yoast_head_json":{"title":"These are the galleries that will be at Art Basel Miami 2023 - HIGHXTAR.","description":"Art Basel Miami and Untitled have announced the list of galleries exhibiting at their next edition from 8-10 December 2023.","robots":{"index":"index","follow":"follow","max-snippet":"max-snippet:-1","max-image-preview":"max-image-preview:large","max-video-preview":"max-video-preview:-1"},"canonical":"https:\/\/highxtar.com\/en\/these-are-the-galleries-that-will-be-at-art-basel-miami-2023\/","og_locale":"en_US","og_type":"article","og_title":"These are the galleries that will be at Art Basel Miami 2023","og_description":"Art Basel Miami and Untitled have announced the list of galleries exhibiting at their next edition from 8-10 December 2023.","og_url":"https:\/\/highxtar.com\/en\/these-are-the-galleries-that-will-be-at-art-basel-miami-2023\/","og_site_name":"HIGHXTAR.","article_publisher":"https:\/\/www.facebook.com\/highxtar","article_published_time":"2023-09-14T10:27:42+00:00","article_modified_time":"2023-09-14T10:27:43+00:00","og_image":[{"width":1600,"height":1200,"url":"https:\/\/highxtar.com\/wp-content\/uploads\/2023\/09\/highxtar-art-basel-miami-1.jpg","type":"image\/jpeg"}],"author":"Mar Piera","twitter_card":"summary_large_image","twitter_creator":"@highxtar_","twitter_site":"@highxtar_","twitter_misc":{"Written by":"Mar Piera","Est. reading time":"6 minutes"},"schema":{"@context":"https:\/\/schema.org","@graph":[{"@type":"Article","@id":"https:\/\/highxtar.com\/en\/these-are-the-galleries-that-will-be-at-art-basel-miami-2023\/#article","isPartOf":{"@id":"https:\/\/highxtar.com\/en\/these-are-the-galleries-that-will-be-at-art-basel-miami-2023\/"},"author":{"name":"Mar Piera","@id":"https:\/\/highxtar.com\/#\/schema\/person\/861b5d1b459a894df367f295d952c789"},"headline":"These are the galleries that will be at Art Basel Miami 2023","datePublished":"2023-09-14T10:27:42+00:00","dateModified":"2023-09-14T10:27:43+00:00","mainEntityOfPage":{"@id":"https:\/\/highxtar.com\/en\/these-are-the-galleries-that-will-be-at-art-basel-miami-2023\/"},"wordCount":796,"commentCount":0,"publisher":{"@id":"https:\/\/highxtar.com\/#organization"},"image":{"@id":"https:\/\/highxtar.com\/en\/these-are-the-galleries-that-will-be-at-art-basel-miami-2023\/#primaryimage"},"thumbnailUrl":"https:\/\/highxtar.com\/wp-content\/uploads\/2023\/09\/highxtar-art-basel-miami-1.jpg","keywords":["Art Basel"],"articleSection":["Art"],"inLanguage":"en-US","potentialAction":[{"@type":"CommentAction","name":"Comment","target":["https:\/\/highxtar.com\/en\/these-are-the-galleries-that-will-be-at-art-basel-miami-2023\/#respond"]}],"copyrightYear":"2023","copyrightHolder":{"@id":"https:\/\/highxtar.com\/#organization"}},{"@type":"WebPage","@id":"https:\/\/highxtar.com\/en\/these-are-the-galleries-that-will-be-at-art-basel-miami-2023\/","url":"https:\/\/highxtar.com\/en\/these-are-the-galleries-that-will-be-at-art-basel-miami-2023\/","name":"These are the galleries that will be at Art Basel Miami 2023 - HIGHXTAR.","isPartOf":{"@id":"https:\/\/highxtar.com\/#website"},"primaryImageOfPage":{"@id":"https:\/\/highxtar.com\/en\/these-are-the-galleries-that-will-be-at-art-basel-miami-2023\/#primaryimage"},"image":{"@id":"https:\/\/highxtar.com\/en\/these-are-the-galleries-that-will-be-at-art-basel-miami-2023\/#primaryimage"},"thumbnailUrl":"https:\/\/highxtar.com\/wp-content\/uploads\/2023\/09\/highxtar-art-basel-miami-1.jpg","datePublished":"2023-09-14T10:27:42+00:00","dateModified":"2023-09-14T10:27:43+00:00","description":"Art Basel Miami and Untitled have announced the list of galleries exhibiting at their next edition from 8-10 December 2023.","breadcrumb":{"@id":"https:\/\/highxtar.com\/en\/these-are-the-galleries-that-will-be-at-art-basel-miami-2023\/#breadcrumb"},"inLanguage":"en-US","potentialAction":[{"@type":"ReadAction","target":["https:\/\/highxtar.com\/en\/these-are-the-galleries-that-will-be-at-art-basel-miami-2023\/"]}]},{"@type":"ImageObject","inLanguage":"en-US","@id":"https:\/\/highxtar.com\/en\/these-are-the-galleries-that-will-be-at-art-basel-miami-2023\/#primaryimage","url":"https:\/\/highxtar.com\/wp-content\/uploads\/2023\/09\/highxtar-art-basel-miami-1.jpg","contentUrl":"https:\/\/highxtar.com\/wp-content\/uploads\/2023\/09\/highxtar-art-basel-miami-1.jpg","width":1600,"height":1200},{"@type":"BreadcrumbList","@id":"https:\/\/highxtar.com\/en\/these-are-the-galleries-that-will-be-at-art-basel-miami-2023\/#breadcrumb","itemListElement":[{"@type":"ListItem","position":1,"name":"Home","item":"https:\/\/highxtar.com\/en\/"},{"@type":"ListItem","position":2,"name":"These are the galleries that will be at Art Basel Miami 2023"}]},{"@type":"WebSite","@id":"https:\/\/highxtar.com\/#website","url":"https:\/\/highxtar.com\/","name":"HIGHXTAR.","description":"HIGHXTAR. es la voz latina de la moda y el streetwear. Devotos de las cosas que hacen la vida urbana excitante: Moda, M\u00fasica, Lifestyle, Arte &amp; Dise\u00f1o.","publisher":{"@id":"https:\/\/highxtar.com\/#organization"},"potentialAction":[{"@type":"SearchAction","target":{"@type":"EntryPoint","urlTemplate":"https:\/\/highxtar.com\/?s={search_term_string}"},"query-input":{"@type":"PropertyValueSpecification","valueRequired":true,"valueName":"search_term_string"}}],"inLanguage":"en-US"},{"@type":"Organization","@id":"https:\/\/highxtar.com\/#organization","name":"HIGHXTAR.","url":"https:\/\/highxtar.com\/","logo":{"@type":"ImageObject","inLanguage":"en-US","@id":"https:\/\/highxtar.com\/#\/schema\/logo\/image\/","url":"https:\/\/highxtar.com\/wp-content\/uploads\/2016\/03\/HIGHXTAR_com_Favicon_2019.jpg","contentUrl":"https:\/\/highxtar.com\/wp-content\/uploads\/2016\/03\/HIGHXTAR_com_Favicon_2019.jpg","width":1200,"height":1200,"caption":"HIGHXTAR."},"image":{"@id":"https:\/\/highxtar.com\/#\/schema\/logo\/image\/"},"sameAs":["https:\/\/www.facebook.com\/highxtar","https:\/\/x.com\/highxtar_","https:\/\/www.instagram.com\/highxtar","https:\/\/www.tiktok.com\/@highxtar","https:\/\/www.youtube.com\/c\/highxtarofficial","https:\/\/open.spotify.com\/user\/highxtar"]},{"@type":"Person","@id":"https:\/\/highxtar.com\/#\/schema\/person\/861b5d1b459a894df367f295d952c789","name":"Mar Piera","description":"Editor &amp; Project Manager. m.piera@highxtar.com","sameAs":["https:\/\/www.instagram.com\/marpiera\/"],"url":"https:\/\/highxtar.com\/en\/author\/marpiera\/"}]}},"_links":{"self":[{"href":"https:\/\/highxtar.com\/en\/wp-json\/wp\/v2\/posts\/394423","targetHints":{"allow":["GET"]}}],"collection":[{"href":"https:\/\/highxtar.com\/en\/wp-json\/wp\/v2\/posts"}],"about":[{"href":"https:\/\/highxtar.com\/en\/wp-json\/wp\/v2\/types\/post"}],"author":[{"embeddable":true,"href":"https:\/\/highxtar.com\/en\/wp-json\/wp\/v2\/users\/22"}],"replies":[{"embeddable":true,"href":"https:\/\/highxtar.com\/en\/wp-json\/wp\/v2\/comments?post=394423"}],"version-history":[{"count":1,"href":"https:\/\/highxtar.com\/en\/wp-json\/wp\/v2\/posts\/394423\/revisions"}],"predecessor-version":[{"id":394424,"href":"https:\/\/highxtar.com\/en\/wp-json\/wp\/v2\/posts\/394423\/revisions\/394424"}],"wp:featuredmedia":[{"embeddable":true,"href":"https:\/\/highxtar.com\/en\/wp-json\/wp\/v2\/media\/394421"}],"wp:attachment":[{"href":"https:\/\/highxtar.com\/en\/wp-json\/wp\/v2\/media?parent=394423"}],"wp:term":[{"taxonomy":"category","embeddable":true,"href":"https:\/\/highxtar.com\/en\/wp-json\/wp\/v2\/categories?post=394423"},{"taxonomy":"post_tag","embeddable":true,"href":"https:\/\/highxtar.com\/en\/wp-json\/wp\/v2\/tags?post=394423"}],"curies":[{"name":"wp","href":"https:\/\/api.w.org\/{rel}","templated":true}]}}