{"id":396139,"date":"2023-09-18T15:23:36","date_gmt":"2023-09-18T13:23:36","guid":{"rendered":"https:\/\/highxtar.com\/?p=396139"},"modified":"2023-09-18T15:23:38","modified_gmt":"2023-09-18T13:23:38","slug":"miuccia-prada-formalises-her-role-as-director-of-fondazione-prada","status":"publish","type":"post","link":"https:\/\/highxtar.com\/en\/miuccia-prada-formalises-her-role-as-director-of-fondazione-prada\/","title":{"rendered":"Miuccia Prada formalises her role as director of Fondazione Prada"},"content":{"rendered":"\n<h2 class=\"wp-block-heading\" id=\"h-miuccia-prada-has-formalised-her-role-as-director-of-the-fondazione-prada-and-confirmed-her-commitment-to-present-and-future-projects-as-she-has-done-for-the-past-three-decades\">Miuccia Prada has formalised her role as Director of the Fondazione Prada and confirmed her commitment to present and future projects, as she has done for the past three decades.<\/h2>\n\n\n\n<p>The core of Prada&#8217;s life, founded in 1993 in Milan, hosts, in addition to its magnificent fashion shows, exhibitions of contemporary art and culture. The <a href=\"https:\/\/www.fondazioneprada.org\">Fondazione Prada<\/a> could be defined in this way as a cultural institution created by Miuccia Prada and Patrizio Bertelli, which operates with the conviction that art and study are useful and necessary to understand the changes taking place in the world through new and attractive perspectives.<\/p>\n\n\n\n<p>In the words of Miuccia Prada: <strong><em>&#8220;From the very beginning, through the activities of the Fondazione I aspired to investigate human culture in all its variety and complexity. Throughout these thirty years, I have asked myself in different ways how artistic and intellectual research can influence people&#8217;s lives. To seek ever more contemporary answers to this question is the fundamental goal I have set for myself with the foundation&#8221;.<\/em><\/strong><\/p>\n\n\n<div class=\"wp-block-image\">\n<figure class=\"aligncenter size-large\"><img decoding=\"async\" width=\"1024\" height=\"682\" src=\"https:\/\/highxtar.com\/wp-content\/uploads\/2023\/09\/Fondazione-Prada-Milano-Foto-Delfino-Sisto-Legnani-DSL-Studio_3-1024x682.jpg\" alt=\"\" class=\"wp-image-396105\" srcset=\"https:\/\/highxtar.com\/wp-content\/uploads\/2023\/09\/Fondazione-Prada-Milano-Foto-Delfino-Sisto-Legnani-DSL-Studio_3-1024x682.jpg 1024w, https:\/\/highxtar.com\/wp-content\/uploads\/2023\/09\/Fondazione-Prada-Milano-Foto-Delfino-Sisto-Legnani-DSL-Studio_3-300x200.jpg 300w, https:\/\/highxtar.com\/wp-content\/uploads\/2023\/09\/Fondazione-Prada-Milano-Foto-Delfino-Sisto-Legnani-DSL-Studio_3-768x511.jpg 768w, https:\/\/highxtar.com\/wp-content\/uploads\/2023\/09\/Fondazione-Prada-Milano-Foto-Delfino-Sisto-Legnani-DSL-Studio_3-1536x1023.jpg 1536w, https:\/\/highxtar.com\/wp-content\/uploads\/2023\/09\/Fondazione-Prada-Milano-Foto-Delfino-Sisto-Legnani-DSL-Studio_3-2048x1363.jpg 2048w, https:\/\/highxtar.com\/wp-content\/uploads\/2023\/09\/Fondazione-Prada-Milano-Foto-Delfino-Sisto-Legnani-DSL-Studio_3-1440x959.jpg 1440w, https:\/\/highxtar.com\/wp-content\/uploads\/2023\/09\/Fondazione-Prada-Milano-Foto-Delfino-Sisto-Legnani-DSL-Studio_3-973x648.jpg 973w, https:\/\/highxtar.com\/wp-content\/uploads\/2023\/09\/Fondazione-Prada-Milano-Foto-Delfino-Sisto-Legnani-DSL-Studio_3-700x466.jpg 700w, https:\/\/highxtar.com\/wp-content\/uploads\/2023\/09\/Fondazione-Prada-Milano-Foto-Delfino-Sisto-Legnani-DSL-Studio_3-508x338.jpg 508w\" sizes=\"(max-width: 1024px) 100vw, 1024px\" \/><\/figure>\n<\/div>\n\n\n<p>A Steering Committee, working closely with President and Director Miuccia Prada, CEO Cristian Valsecchi, Head of Programmes Chiara Costa, and the Fondazione&#8217;s in-house team, will be integrated into the organisation of the institution to explore in depth the most important issues of contemporary culture, and investigate the burning questions of our future.<\/p>\n\n\n\n<p>The Steering Committee is composed of Giuliana Bruno, Emmet Blakeney Gleason Professor of Visual and Environmental Studies at Harvard University; Giancarlo Comi, Honorary Professor of Neurology at Universit\u00e0 Vita-Salute San Raffaele in Milan; Theaster Gates, artist, activist and professor in the Department of Visual Arts at the University of Chicago; Alejandro Gonz\u00e1lez I\u00f1\u00e1rritu, film director, screenwriter and producer; Salvatore Settis, archaeologist, art historian and professor emeritus at the Scuola Normale Superiore in Pisa.<\/p>\n\n\n<div class=\"wp-block-image\">\n<figure class=\"aligncenter size-large\"><img decoding=\"async\" width=\"768\" height=\"1024\" src=\"https:\/\/highxtar.com\/wp-content\/uploads\/2023\/09\/Fondazione-Prada-Milano-Foto-Alessandro-Saletta-e-Piercarlo-Quecchia-DSL-Studio_4-768x1024.jpg\" alt=\"\" class=\"wp-image-396107\" srcset=\"https:\/\/highxtar.com\/wp-content\/uploads\/2023\/09\/Fondazione-Prada-Milano-Foto-Alessandro-Saletta-e-Piercarlo-Quecchia-DSL-Studio_4-768x1024.jpg 768w, https:\/\/highxtar.com\/wp-content\/uploads\/2023\/09\/Fondazione-Prada-Milano-Foto-Alessandro-Saletta-e-Piercarlo-Quecchia-DSL-Studio_4-225x300.jpg 225w, https:\/\/highxtar.com\/wp-content\/uploads\/2023\/09\/Fondazione-Prada-Milano-Foto-Alessandro-Saletta-e-Piercarlo-Quecchia-DSL-Studio_4-1152x1536.jpg 1152w, https:\/\/highxtar.com\/wp-content\/uploads\/2023\/09\/Fondazione-Prada-Milano-Foto-Alessandro-Saletta-e-Piercarlo-Quecchia-DSL-Studio_4-1535x2048.jpg 1535w, https:\/\/highxtar.com\/wp-content\/uploads\/2023\/09\/Fondazione-Prada-Milano-Foto-Alessandro-Saletta-e-Piercarlo-Quecchia-DSL-Studio_4-1440x1921.jpg 1440w, https:\/\/highxtar.com\/wp-content\/uploads\/2023\/09\/Fondazione-Prada-Milano-Foto-Alessandro-Saletta-e-Piercarlo-Quecchia-DSL-Studio_4-973x1298.jpg 973w, https:\/\/highxtar.com\/wp-content\/uploads\/2023\/09\/Fondazione-Prada-Milano-Foto-Alessandro-Saletta-e-Piercarlo-Quecchia-DSL-Studio_4-700x934.jpg 700w, https:\/\/highxtar.com\/wp-content\/uploads\/2023\/09\/Fondazione-Prada-Milano-Foto-Alessandro-Saletta-e-Piercarlo-Quecchia-DSL-Studio_4-508x678.jpg 508w\" sizes=\"(max-width: 768px) 100vw, 768px\" \/><\/figure>\n<\/div>\n\n\n<p>The main functions of the committee are to identify the most stimulating areas of research to develop multidisciplinary projects that can influence the contemporary cultural debate and to indicate possible lines of experimentation and education. Each member will contribute to a theoretical debate based on his or her experience and training: from education and visual studies (Giuliana Bruno) to neuroscience (Giancarlo Comi), and from social practices (Theaster Gates) to cinema and visual languages (Alejandro Gonz\u00e1lez I\u00f1\u00e1rritu) and dialogues between cultures (Salvatore Settis).<\/p>\n\n\n\n<p>It is through continuous exchanges between people from different fields of knowledge and art that the Fondazione Prada aims to experiment with new cultural practices and to assert itself as a continuously evolving platform for sharing knowledge and advancing creative research. The Fondazione Prada evolves into a laboratory of ideas, where the coexistence of disciplines and languages generates cultural intersections and contributes to broadening the range of knowledge.<\/p>\n\n\n<div class=\"wp-block-image\">\n<figure class=\"aligncenter size-large\"><img decoding=\"async\" width=\"768\" height=\"1024\" src=\"https:\/\/highxtar.com\/wp-content\/uploads\/2023\/09\/Fondazione-Prada-Milano-Foto-Alessandro-Saletta-e-Piercarlo-Quecchia-DSL-Studio_2-768x1024.jpg\" alt=\"\" class=\"wp-image-396109\" srcset=\"https:\/\/highxtar.com\/wp-content\/uploads\/2023\/09\/Fondazione-Prada-Milano-Foto-Alessandro-Saletta-e-Piercarlo-Quecchia-DSL-Studio_2-768x1024.jpg 768w, https:\/\/highxtar.com\/wp-content\/uploads\/2023\/09\/Fondazione-Prada-Milano-Foto-Alessandro-Saletta-e-Piercarlo-Quecchia-DSL-Studio_2-225x300.jpg 225w, https:\/\/highxtar.com\/wp-content\/uploads\/2023\/09\/Fondazione-Prada-Milano-Foto-Alessandro-Saletta-e-Piercarlo-Quecchia-DSL-Studio_2-1152x1536.jpg 1152w, https:\/\/highxtar.com\/wp-content\/uploads\/2023\/09\/Fondazione-Prada-Milano-Foto-Alessandro-Saletta-e-Piercarlo-Quecchia-DSL-Studio_2-1536x2048.jpg 1536w, https:\/\/highxtar.com\/wp-content\/uploads\/2023\/09\/Fondazione-Prada-Milano-Foto-Alessandro-Saletta-e-Piercarlo-Quecchia-DSL-Studio_2-1440x1920.jpg 1440w, https:\/\/highxtar.com\/wp-content\/uploads\/2023\/09\/Fondazione-Prada-Milano-Foto-Alessandro-Saletta-e-Piercarlo-Quecchia-DSL-Studio_2-973x1297.jpg 973w, https:\/\/highxtar.com\/wp-content\/uploads\/2023\/09\/Fondazione-Prada-Milano-Foto-Alessandro-Saletta-e-Piercarlo-Quecchia-DSL-Studio_2-700x933.jpg 700w, https:\/\/highxtar.com\/wp-content\/uploads\/2023\/09\/Fondazione-Prada-Milano-Foto-Alessandro-Saletta-e-Piercarlo-Quecchia-DSL-Studio_2-508x677.jpg 508w\" sizes=\"(max-width: 768px) 100vw, 768px\" \/><\/figure>\n<\/div>\n\n\n<p><a href=\"https:\/\/highxtar.com\/este-es-un-buen-momento-para-visitar-la-fondazione-prada\/\">This is a good time to visit the Fondazione Prada.<\/a><\/p>\n","protected":false},"excerpt":{"rendered":"<p>As she has done for the past three decades, Miuccia Prada declares herself director of the Fondazione Prada and creates a Steering Committee.<\/p>\n","protected":false},"author":22,"featured_media":396104,"comment_status":"open","ping_status":"closed","sticky":false,"template":"","format":"standard","meta":{"_acf_changed":false,"footnotes":""},"categories":[599,603],"tags":[738],"class_list":["post-396139","post","type-post","status-publish","format-standard","has-post-thumbnail","hentry","category-art-en","category-fashion-en","tag-prada"],"acf":[],"yoast_head":"<!-- This site is optimized with the Yoast SEO Premium plugin  - https:\/\/yoast.com\/product\/yoast-seo-premium-wordpress\/ -->\n<title>Miuccia Prada formalises her role as director of Fondazione Prada - HIGHXTAR.<\/title>\n<meta name=\"description\" content=\"As she has done for the past three decades, Miuccia Prada declares herself director of the Fondazione Prada and creates a Steering Committee.\" \/>\n<meta name=\"robots\" content=\"index, follow, max-snippet:-1, max-image-preview:large, max-video-preview:-1\" \/>\n<link rel=\"canonical\" href=\"https:\/\/highxtar.com\/en\/miuccia-prada-formalises-her-role-as-director-of-fondazione-prada\/\" \/>\n<meta property=\"og:locale\" content=\"en_US\" \/>\n<meta property=\"og:type\" content=\"article\" \/>\n<meta property=\"og:title\" content=\"Miuccia Prada formalises her role as director of Fondazione Prada\" \/>\n<meta property=\"og:description\" content=\"As she has done for the past three decades, Miuccia Prada declares herself director of the Fondazione Prada and creates a Steering Committee.\" \/>\n<meta property=\"og:url\" content=\"https:\/\/highxtar.com\/en\/miuccia-prada-formalises-her-role-as-director-of-fondazione-prada\/\" \/>\n<meta property=\"og:site_name\" content=\"HIGHXTAR.\" \/>\n<meta property=\"article:publisher\" content=\"https:\/\/www.facebook.com\/highxtar\" \/>\n<meta property=\"article:published_time\" content=\"2023-09-18T13:23:36+00:00\" \/>\n<meta property=\"article:modified_time\" content=\"2023-09-18T13:23:38+00:00\" \/>\n<meta property=\"og:image\" content=\"https:\/\/highxtar.com\/wp-content\/uploads\/2023\/09\/highxtar-miucca-prada-fundazione-prada-1.jpg\" \/>\n\t<meta property=\"og:image:width\" content=\"1600\" \/>\n\t<meta property=\"og:image:height\" content=\"1200\" \/>\n\t<meta property=\"og:image:type\" content=\"image\/jpeg\" \/>\n<meta name=\"author\" content=\"Mar Piera\" \/>\n<meta name=\"twitter:card\" content=\"summary_large_image\" \/>\n<meta name=\"twitter:creator\" content=\"@highxtar_\" \/>\n<meta name=\"twitter:site\" content=\"@highxtar_\" \/>\n<meta name=\"twitter:label1\" content=\"Written by\" \/>\n\t<meta name=\"twitter:data1\" content=\"Mar Piera\" \/>\n\t<meta name=\"twitter:label2\" content=\"Est. reading time\" \/>\n\t<meta name=\"twitter:data2\" content=\"3 minutes\" \/>\n<script type=\"application\/ld+json\" class=\"yoast-schema-graph\">{\"@context\":\"https:\\\/\\\/schema.org\",\"@graph\":[{\"@type\":\"Article\",\"@id\":\"https:\\\/\\\/highxtar.com\\\/en\\\/miuccia-prada-formalises-her-role-as-director-of-fondazione-prada\\\/#article\",\"isPartOf\":{\"@id\":\"https:\\\/\\\/highxtar.com\\\/en\\\/miuccia-prada-formalises-her-role-as-director-of-fondazione-prada\\\/\"},\"author\":{\"name\":\"Mar Piera\",\"@id\":\"https:\\\/\\\/highxtar.com\\\/#\\\/schema\\\/person\\\/861b5d1b459a894df367f295d952c789\"},\"headline\":\"Miuccia Prada formalises her role as director of Fondazione Prada\",\"datePublished\":\"2023-09-18T13:23:36+00:00\",\"dateModified\":\"2023-09-18T13:23:38+00:00\",\"mainEntityOfPage\":{\"@id\":\"https:\\\/\\\/highxtar.com\\\/en\\\/miuccia-prada-formalises-her-role-as-director-of-fondazione-prada\\\/\"},\"wordCount\":471,\"commentCount\":0,\"publisher\":{\"@id\":\"https:\\\/\\\/highxtar.com\\\/#organization\"},\"image\":{\"@id\":\"https:\\\/\\\/highxtar.com\\\/en\\\/miuccia-prada-formalises-her-role-as-director-of-fondazione-prada\\\/#primaryimage\"},\"thumbnailUrl\":\"https:\\\/\\\/highxtar.com\\\/wp-content\\\/uploads\\\/2023\\\/09\\\/highxtar-miucca-prada-fundazione-prada-1.jpg\",\"keywords\":[\"Prada\"],\"articleSection\":[\"Art\",\"Fashion\"],\"inLanguage\":\"en-US\",\"potentialAction\":[{\"@type\":\"CommentAction\",\"name\":\"Comment\",\"target\":[\"https:\\\/\\\/highxtar.com\\\/en\\\/miuccia-prada-formalises-her-role-as-director-of-fondazione-prada\\\/#respond\"]}],\"copyrightYear\":\"2023\",\"copyrightHolder\":{\"@id\":\"https:\\\/\\\/highxtar.com\\\/#organization\"}},{\"@type\":\"WebPage\",\"@id\":\"https:\\\/\\\/highxtar.com\\\/en\\\/miuccia-prada-formalises-her-role-as-director-of-fondazione-prada\\\/\",\"url\":\"https:\\\/\\\/highxtar.com\\\/en\\\/miuccia-prada-formalises-her-role-as-director-of-fondazione-prada\\\/\",\"name\":\"Miuccia Prada formalises her role as director of Fondazione Prada - HIGHXTAR.\",\"isPartOf\":{\"@id\":\"https:\\\/\\\/highxtar.com\\\/#website\"},\"primaryImageOfPage\":{\"@id\":\"https:\\\/\\\/highxtar.com\\\/en\\\/miuccia-prada-formalises-her-role-as-director-of-fondazione-prada\\\/#primaryimage\"},\"image\":{\"@id\":\"https:\\\/\\\/highxtar.com\\\/en\\\/miuccia-prada-formalises-her-role-as-director-of-fondazione-prada\\\/#primaryimage\"},\"thumbnailUrl\":\"https:\\\/\\\/highxtar.com\\\/wp-content\\\/uploads\\\/2023\\\/09\\\/highxtar-miucca-prada-fundazione-prada-1.jpg\",\"datePublished\":\"2023-09-18T13:23:36+00:00\",\"dateModified\":\"2023-09-18T13:23:38+00:00\",\"description\":\"As she has done for the past three decades, Miuccia Prada declares herself director of the Fondazione Prada and creates a Steering Committee.\",\"breadcrumb\":{\"@id\":\"https:\\\/\\\/highxtar.com\\\/en\\\/miuccia-prada-formalises-her-role-as-director-of-fondazione-prada\\\/#breadcrumb\"},\"inLanguage\":\"en-US\",\"potentialAction\":[{\"@type\":\"ReadAction\",\"target\":[\"https:\\\/\\\/highxtar.com\\\/en\\\/miuccia-prada-formalises-her-role-as-director-of-fondazione-prada\\\/\"]}]},{\"@type\":\"ImageObject\",\"inLanguage\":\"en-US\",\"@id\":\"https:\\\/\\\/highxtar.com\\\/en\\\/miuccia-prada-formalises-her-role-as-director-of-fondazione-prada\\\/#primaryimage\",\"url\":\"https:\\\/\\\/highxtar.com\\\/wp-content\\\/uploads\\\/2023\\\/09\\\/highxtar-miucca-prada-fundazione-prada-1.jpg\",\"contentUrl\":\"https:\\\/\\\/highxtar.com\\\/wp-content\\\/uploads\\\/2023\\\/09\\\/highxtar-miucca-prada-fundazione-prada-1.jpg\",\"width\":1600,\"height\":1200},{\"@type\":\"BreadcrumbList\",\"@id\":\"https:\\\/\\\/highxtar.com\\\/en\\\/miuccia-prada-formalises-her-role-as-director-of-fondazione-prada\\\/#breadcrumb\",\"itemListElement\":[{\"@type\":\"ListItem\",\"position\":1,\"name\":\"Home\",\"item\":\"https:\\\/\\\/highxtar.com\\\/en\\\/\"},{\"@type\":\"ListItem\",\"position\":2,\"name\":\"Miuccia Prada formalises her role as director of Fondazione Prada\"}]},{\"@type\":\"WebSite\",\"@id\":\"https:\\\/\\\/highxtar.com\\\/#website\",\"url\":\"https:\\\/\\\/highxtar.com\\\/\",\"name\":\"HIGHXTAR.\",\"description\":\"HIGHXTAR. es la voz latina de la moda y el streetwear. Devotos de las cosas que hacen la vida urbana excitante: Moda, M\u00fasica, Lifestyle, Arte &amp; Dise\u00f1o.\",\"publisher\":{\"@id\":\"https:\\\/\\\/highxtar.com\\\/#organization\"},\"potentialAction\":[{\"@type\":\"SearchAction\",\"target\":{\"@type\":\"EntryPoint\",\"urlTemplate\":\"https:\\\/\\\/highxtar.com\\\/?s={search_term_string}\"},\"query-input\":{\"@type\":\"PropertyValueSpecification\",\"valueRequired\":true,\"valueName\":\"search_term_string\"}}],\"inLanguage\":\"en-US\"},{\"@type\":\"Organization\",\"@id\":\"https:\\\/\\\/highxtar.com\\\/#organization\",\"name\":\"HIGHXTAR.\",\"url\":\"https:\\\/\\\/highxtar.com\\\/\",\"logo\":{\"@type\":\"ImageObject\",\"inLanguage\":\"en-US\",\"@id\":\"https:\\\/\\\/highxtar.com\\\/#\\\/schema\\\/logo\\\/image\\\/\",\"url\":\"https:\\\/\\\/highxtar.com\\\/wp-content\\\/uploads\\\/2016\\\/03\\\/HIGHXTAR_com_Favicon_2019.jpg\",\"contentUrl\":\"https:\\\/\\\/highxtar.com\\\/wp-content\\\/uploads\\\/2016\\\/03\\\/HIGHXTAR_com_Favicon_2019.jpg\",\"width\":1200,\"height\":1200,\"caption\":\"HIGHXTAR.\"},\"image\":{\"@id\":\"https:\\\/\\\/highxtar.com\\\/#\\\/schema\\\/logo\\\/image\\\/\"},\"sameAs\":[\"https:\\\/\\\/www.facebook.com\\\/highxtar\",\"https:\\\/\\\/x.com\\\/highxtar_\",\"https:\\\/\\\/www.instagram.com\\\/highxtar\",\"https:\\\/\\\/www.tiktok.com\\\/@highxtar\",\"https:\\\/\\\/www.youtube.com\\\/c\\\/highxtarofficial\",\"https:\\\/\\\/open.spotify.com\\\/user\\\/highxtar\"]},{\"@type\":\"Person\",\"@id\":\"https:\\\/\\\/highxtar.com\\\/#\\\/schema\\\/person\\\/861b5d1b459a894df367f295d952c789\",\"name\":\"Mar Piera\",\"description\":\"Editor &amp; Project Manager. m.piera@highxtar.com\",\"sameAs\":[\"https:\\\/\\\/www.instagram.com\\\/marpiera\\\/\"],\"url\":\"https:\\\/\\\/highxtar.com\\\/en\\\/author\\\/marpiera\\\/\"}]}<\/script>\n<!-- \/ Yoast SEO Premium plugin. -->","yoast_head_json":{"title":"Miuccia Prada formalises her role as director of Fondazione Prada - HIGHXTAR.","description":"As she has done for the past three decades, Miuccia Prada declares herself director of the Fondazione Prada and creates a Steering Committee.","robots":{"index":"index","follow":"follow","max-snippet":"max-snippet:-1","max-image-preview":"max-image-preview:large","max-video-preview":"max-video-preview:-1"},"canonical":"https:\/\/highxtar.com\/en\/miuccia-prada-formalises-her-role-as-director-of-fondazione-prada\/","og_locale":"en_US","og_type":"article","og_title":"Miuccia Prada formalises her role as director of Fondazione Prada","og_description":"As she has done for the past three decades, Miuccia Prada declares herself director of the Fondazione Prada and creates a Steering Committee.","og_url":"https:\/\/highxtar.com\/en\/miuccia-prada-formalises-her-role-as-director-of-fondazione-prada\/","og_site_name":"HIGHXTAR.","article_publisher":"https:\/\/www.facebook.com\/highxtar","article_published_time":"2023-09-18T13:23:36+00:00","article_modified_time":"2023-09-18T13:23:38+00:00","og_image":[{"width":1600,"height":1200,"url":"https:\/\/highxtar.com\/wp-content\/uploads\/2023\/09\/highxtar-miucca-prada-fundazione-prada-1.jpg","type":"image\/jpeg"}],"author":"Mar Piera","twitter_card":"summary_large_image","twitter_creator":"@highxtar_","twitter_site":"@highxtar_","twitter_misc":{"Written by":"Mar Piera","Est. reading time":"3 minutes"},"schema":{"@context":"https:\/\/schema.org","@graph":[{"@type":"Article","@id":"https:\/\/highxtar.com\/en\/miuccia-prada-formalises-her-role-as-director-of-fondazione-prada\/#article","isPartOf":{"@id":"https:\/\/highxtar.com\/en\/miuccia-prada-formalises-her-role-as-director-of-fondazione-prada\/"},"author":{"name":"Mar Piera","@id":"https:\/\/highxtar.com\/#\/schema\/person\/861b5d1b459a894df367f295d952c789"},"headline":"Miuccia Prada formalises her role as director of Fondazione Prada","datePublished":"2023-09-18T13:23:36+00:00","dateModified":"2023-09-18T13:23:38+00:00","mainEntityOfPage":{"@id":"https:\/\/highxtar.com\/en\/miuccia-prada-formalises-her-role-as-director-of-fondazione-prada\/"},"wordCount":471,"commentCount":0,"publisher":{"@id":"https:\/\/highxtar.com\/#organization"},"image":{"@id":"https:\/\/highxtar.com\/en\/miuccia-prada-formalises-her-role-as-director-of-fondazione-prada\/#primaryimage"},"thumbnailUrl":"https:\/\/highxtar.com\/wp-content\/uploads\/2023\/09\/highxtar-miucca-prada-fundazione-prada-1.jpg","keywords":["Prada"],"articleSection":["Art","Fashion"],"inLanguage":"en-US","potentialAction":[{"@type":"CommentAction","name":"Comment","target":["https:\/\/highxtar.com\/en\/miuccia-prada-formalises-her-role-as-director-of-fondazione-prada\/#respond"]}],"copyrightYear":"2023","copyrightHolder":{"@id":"https:\/\/highxtar.com\/#organization"}},{"@type":"WebPage","@id":"https:\/\/highxtar.com\/en\/miuccia-prada-formalises-her-role-as-director-of-fondazione-prada\/","url":"https:\/\/highxtar.com\/en\/miuccia-prada-formalises-her-role-as-director-of-fondazione-prada\/","name":"Miuccia Prada formalises her role as director of Fondazione Prada - HIGHXTAR.","isPartOf":{"@id":"https:\/\/highxtar.com\/#website"},"primaryImageOfPage":{"@id":"https:\/\/highxtar.com\/en\/miuccia-prada-formalises-her-role-as-director-of-fondazione-prada\/#primaryimage"},"image":{"@id":"https:\/\/highxtar.com\/en\/miuccia-prada-formalises-her-role-as-director-of-fondazione-prada\/#primaryimage"},"thumbnailUrl":"https:\/\/highxtar.com\/wp-content\/uploads\/2023\/09\/highxtar-miucca-prada-fundazione-prada-1.jpg","datePublished":"2023-09-18T13:23:36+00:00","dateModified":"2023-09-18T13:23:38+00:00","description":"As she has done for the past three decades, Miuccia Prada declares herself director of the Fondazione Prada and creates a Steering Committee.","breadcrumb":{"@id":"https:\/\/highxtar.com\/en\/miuccia-prada-formalises-her-role-as-director-of-fondazione-prada\/#breadcrumb"},"inLanguage":"en-US","potentialAction":[{"@type":"ReadAction","target":["https:\/\/highxtar.com\/en\/miuccia-prada-formalises-her-role-as-director-of-fondazione-prada\/"]}]},{"@type":"ImageObject","inLanguage":"en-US","@id":"https:\/\/highxtar.com\/en\/miuccia-prada-formalises-her-role-as-director-of-fondazione-prada\/#primaryimage","url":"https:\/\/highxtar.com\/wp-content\/uploads\/2023\/09\/highxtar-miucca-prada-fundazione-prada-1.jpg","contentUrl":"https:\/\/highxtar.com\/wp-content\/uploads\/2023\/09\/highxtar-miucca-prada-fundazione-prada-1.jpg","width":1600,"height":1200},{"@type":"BreadcrumbList","@id":"https:\/\/highxtar.com\/en\/miuccia-prada-formalises-her-role-as-director-of-fondazione-prada\/#breadcrumb","itemListElement":[{"@type":"ListItem","position":1,"name":"Home","item":"https:\/\/highxtar.com\/en\/"},{"@type":"ListItem","position":2,"name":"Miuccia Prada formalises her role as director of Fondazione Prada"}]},{"@type":"WebSite","@id":"https:\/\/highxtar.com\/#website","url":"https:\/\/highxtar.com\/","name":"HIGHXTAR.","description":"HIGHXTAR. es la voz latina de la moda y el streetwear. Devotos de las cosas que hacen la vida urbana excitante: Moda, M\u00fasica, Lifestyle, Arte &amp; Dise\u00f1o.","publisher":{"@id":"https:\/\/highxtar.com\/#organization"},"potentialAction":[{"@type":"SearchAction","target":{"@type":"EntryPoint","urlTemplate":"https:\/\/highxtar.com\/?s={search_term_string}"},"query-input":{"@type":"PropertyValueSpecification","valueRequired":true,"valueName":"search_term_string"}}],"inLanguage":"en-US"},{"@type":"Organization","@id":"https:\/\/highxtar.com\/#organization","name":"HIGHXTAR.","url":"https:\/\/highxtar.com\/","logo":{"@type":"ImageObject","inLanguage":"en-US","@id":"https:\/\/highxtar.com\/#\/schema\/logo\/image\/","url":"https:\/\/highxtar.com\/wp-content\/uploads\/2016\/03\/HIGHXTAR_com_Favicon_2019.jpg","contentUrl":"https:\/\/highxtar.com\/wp-content\/uploads\/2016\/03\/HIGHXTAR_com_Favicon_2019.jpg","width":1200,"height":1200,"caption":"HIGHXTAR."},"image":{"@id":"https:\/\/highxtar.com\/#\/schema\/logo\/image\/"},"sameAs":["https:\/\/www.facebook.com\/highxtar","https:\/\/x.com\/highxtar_","https:\/\/www.instagram.com\/highxtar","https:\/\/www.tiktok.com\/@highxtar","https:\/\/www.youtube.com\/c\/highxtarofficial","https:\/\/open.spotify.com\/user\/highxtar"]},{"@type":"Person","@id":"https:\/\/highxtar.com\/#\/schema\/person\/861b5d1b459a894df367f295d952c789","name":"Mar Piera","description":"Editor &amp; Project Manager. m.piera@highxtar.com","sameAs":["https:\/\/www.instagram.com\/marpiera\/"],"url":"https:\/\/highxtar.com\/en\/author\/marpiera\/"}]}},"_links":{"self":[{"href":"https:\/\/highxtar.com\/en\/wp-json\/wp\/v2\/posts\/396139","targetHints":{"allow":["GET"]}}],"collection":[{"href":"https:\/\/highxtar.com\/en\/wp-json\/wp\/v2\/posts"}],"about":[{"href":"https:\/\/highxtar.com\/en\/wp-json\/wp\/v2\/types\/post"}],"author":[{"embeddable":true,"href":"https:\/\/highxtar.com\/en\/wp-json\/wp\/v2\/users\/22"}],"replies":[{"embeddable":true,"href":"https:\/\/highxtar.com\/en\/wp-json\/wp\/v2\/comments?post=396139"}],"version-history":[{"count":1,"href":"https:\/\/highxtar.com\/en\/wp-json\/wp\/v2\/posts\/396139\/revisions"}],"predecessor-version":[{"id":396145,"href":"https:\/\/highxtar.com\/en\/wp-json\/wp\/v2\/posts\/396139\/revisions\/396145"}],"wp:featuredmedia":[{"embeddable":true,"href":"https:\/\/highxtar.com\/en\/wp-json\/wp\/v2\/media\/396104"}],"wp:attachment":[{"href":"https:\/\/highxtar.com\/en\/wp-json\/wp\/v2\/media?parent=396139"}],"wp:term":[{"taxonomy":"category","embeddable":true,"href":"https:\/\/highxtar.com\/en\/wp-json\/wp\/v2\/categories?post=396139"},{"taxonomy":"post_tag","embeddable":true,"href":"https:\/\/highxtar.com\/en\/wp-json\/wp\/v2\/tags?post=396139"}],"curies":[{"name":"wp","href":"https:\/\/api.w.org\/{rel}","templated":true}]}}