{"id":417858,"date":"2023-11-30T11:50:13","date_gmt":"2023-11-30T10:50:13","guid":{"rendered":"https:\/\/highxtar.com\/?p=417858"},"modified":"2023-11-30T12:12:17","modified_gmt":"2023-11-30T11:12:17","slug":"c-tangana-nominado-a-un-goya-por-esta-ambicion-desmedida","status":"publish","type":"post","link":"https:\/\/highxtar.com\/en\/c-tangana-nominado-a-un-goya-por-esta-ambicion-desmedida\/","title":{"rendered":"C. Tangana nominated for a Goya for &#8216;Esta Ambici\u00f3n Desmedida&#8217;"},"content":{"rendered":"\n<h2 class=\"wp-block-heading\" id=\"h-esta-ambicion-desmedida-c-tangana-s-documentary-about-how-he-created-the-most-important-tour-of-his-career-has-been-nominated-for-a-goya-award-in-the-best-documentary-category\">Esta Ambici\u00f3n Desmedida, C. Tangana&#8217;s documentary about how he created the most important tour of his career, has been nominated for a Goya Award in the Best Documentary category.<\/h2>\n\n\n\n<p>This Thursday the official Academy nominations were announced by Luis Tosar and Anna Castillo. In the category of best documentary is Esta Ambici\u00f3n Desmedida, the documentary of C. Tangana&#8217;s tour.<\/p>\n\n\n\n<h3 class=\"wp-block-heading\">The nominees for Best Documentary<\/h3>\n\n\n\n<ul class=\"wp-block-list\">\n<li><em>Caleta Palace<\/em><\/li>\n\n\n\n<li><em>Contigo, contigo y sin m\u00ed<\/em><\/li>\n\n\n\n<li><em>Esta ambici\u00f3n desmedida<\/em><\/li>\n\n\n\n<li><em>Iberia: naturaleza infinita&nbsp;<\/em><\/li>\n\n\n\n<li><em>Mientras seas t\u00fa, el aqu\u00ed y ahora&nbsp;<\/em><\/li>\n<\/ul>\n\n\n\n<p>No surprise for Ant\u00f3n \u00c1lvarez&#8217;s team. The artist, who is seeking to carve out a career in the world of cinema, said at the premiere of Esta Ambici\u00f3n Desmedida that his new path involves immersing himself in the world of film as a director.<\/p>\n\n\n\n<h3 class=\"wp-block-heading\">The possible 9 nominations for C. Tangana&#8217;s &#8216;Esta Ambici\u00f3n Desmedida&#8217;<\/h3>\n\n\n\n<p>After the success of the El Madrile\u00f1o album, C. Tangana faces the challenge of creating the most ambitious (and ruinous) tour of his career to revolutionise the concept of live performance. This unbridled ambition is a journey that follows the artist for more than four years. From the genesis of the album in Cuba to the conceptualisation of the show, the hostility of the negotiations, the rehearsals, the awkward conversations, the most intimate celebrations and the maelstrom of concerts throughout Spain and Latin America.<\/p>\n\n\n\n<p>These are the categories in which it could be nominated:\u00a0<\/p>\n\n\n\n<p>Best Documentary Film (Ant\u00f3n \u00c1lvarez, Cristina Trenas, Isanel Utrera Alfaro, Mar\u00eda Rubio, Patricia Alfaro, Rogelio Gonz\u00e1lez, Santos Bacana) NOMINATED<\/p>\n\n\n\n<p>Best Film (Ant\u00f3n \u00c1lvarez, Cristina Trenas, Isanel Utrera Alfaro, Mar\u00eda Rubio, Patricia Alfaro, Rogelio Gonz\u00e1lez, Santos Bacana)<\/p>\n\n\n\n<p>Best New Director (Cristina Trenas, Rogelio Gonz\u00e1lez, Santos Bacana)<\/p>\n\n\n\n<p>Best Original Screenplay (Cristina Trenas, Rogelio Gonz\u00e1lez, Santos Bacana)<\/p>\n\n\n\n<p>Best Original Song (Asuntos de familia freestyle) Composed by Alizzz and C. Tangana<\/p>\n\n\n\n<p>Best Cinematography (Daniel Mer\u00e9, Diego Trenas)<\/p>\n\n\n\n<p>Best Editing (I\u00f1aki Pereira, Jorge Garc\u00eda, Maia de Zan Hatch, Pablo Gil, Rafael Martinez, Rogelio Gonz\u00e1lez, Santos Bacana)<\/p>\n\n\n\n<p>Best Sound (Fede P\u00e1jaro, Jos\u00e9 Luis Canalejo, Alberto \u00c1lvarez Regidor, Javier Rivero, Sof\u00eda Ponce, Sof\u00eda Ponce)<\/p>\n\n\n\n<p>Best Special Effects (Luis Guerrero, Pablo Lamosa)<\/p>\n\n\n\n<figure class=\"wp-block-embed is-type-video is-provider-youtube wp-block-embed-youtube wp-embed-aspect-16-9 wp-has-aspect-ratio\"><div class=\"wp-block-embed__wrapper\">\n<iframe title=\"ESTA AMBICI\u00d3N DESMEDIDA | C. Tangana | Tr\u00e1iler espa\u00f1ol | Avalon\" width=\"640\" height=\"360\" src=\"https:\/\/www.youtube.com\/embed\/EUR28YEy8gk?feature=oembed\" frameborder=\"0\" allow=\"accelerometer; autoplay; clipboard-write; encrypted-media; gyroscope; picture-in-picture; web-share\" referrerpolicy=\"strict-origin-when-cross-origin\" allowfullscreen><\/iframe>\n<\/div><\/figure>\n\n\n\n<p><a href=\"https:\/\/highxtar.com\/como-little-spain-paso-de-ser-una-productora-alternativa-a-una-institucion-creativa\/\"><strong>The meteoric rise of Little Spain: from alternative production company to creative institution.<\/strong><\/a><\/p>\n","protected":false},"excerpt":{"rendered":"<p>In the best documentary category is Esta Ambici\u00f3n Desmedida, the documentary of C. Tangana&#8217;s tour.<\/p>\n","protected":false},"author":22,"featured_media":417859,"comment_status":"open","ping_status":"closed","sticky":false,"template":"","format":"standard","meta":{"_acf_changed":false,"footnotes":""},"categories":[2,1908],"tags":[551],"class_list":["post-417858","post","type-post","status-publish","format-standard","has-post-thumbnail","hentry","category-music","category-viral","tag-c-tangana"],"acf":[],"yoast_head":"<!-- This site is optimized with the Yoast SEO Premium plugin  - https:\/\/yoast.com\/product\/yoast-seo-premium-wordpress\/ -->\n<title>C. Tangana nominated for a Goya for &#039;Esta Ambici\u00f3n Desmedida&#039; - HIGHXTAR.<\/title>\n<meta name=\"description\" content=\"In the best documentary category is Esta Ambici\u00f3n Desmedida, the documentary of C. Tangana&#039;s tour.\" \/>\n<meta name=\"robots\" content=\"index, follow, max-snippet:-1, max-image-preview:large, max-video-preview:-1\" \/>\n<link rel=\"canonical\" href=\"https:\/\/highxtar.com\/en\/c-tangana-nominado-a-un-goya-por-esta-ambicion-desmedida\/\" \/>\n<meta property=\"og:locale\" content=\"en_US\" \/>\n<meta property=\"og:type\" content=\"article\" \/>\n<meta property=\"og:title\" content=\"C. Tangana nominated for a Goya for &#039;Esta Ambici\u00f3n Desmedida&#039;\" \/>\n<meta property=\"og:description\" content=\"In the best documentary category is Esta Ambici\u00f3n Desmedida, the documentary of C. Tangana&#039;s tour.\" \/>\n<meta property=\"og:url\" content=\"https:\/\/highxtar.com\/en\/c-tangana-nominado-a-un-goya-por-esta-ambicion-desmedida\/\" \/>\n<meta property=\"og:site_name\" content=\"HIGHXTAR.\" \/>\n<meta property=\"article:publisher\" content=\"https:\/\/www.facebook.com\/highxtar\" \/>\n<meta property=\"article:published_time\" content=\"2023-11-30T10:50:13+00:00\" \/>\n<meta property=\"article:modified_time\" content=\"2023-11-30T11:12:17+00:00\" \/>\n<meta property=\"og:image\" content=\"https:\/\/highxtar.com\/wp-content\/uploads\/2023\/11\/ctangana.jpg\" \/>\n\t<meta property=\"og:image:width\" content=\"1600\" \/>\n\t<meta property=\"og:image:height\" content=\"1200\" \/>\n\t<meta property=\"og:image:type\" content=\"image\/jpeg\" \/>\n<meta name=\"author\" content=\"Mar Piera\" \/>\n<meta name=\"twitter:card\" content=\"summary_large_image\" \/>\n<meta name=\"twitter:creator\" content=\"@highxtar_\" \/>\n<meta name=\"twitter:site\" content=\"@highxtar_\" \/>\n<meta name=\"twitter:label1\" content=\"Written by\" \/>\n\t<meta name=\"twitter:data1\" content=\"Mar Piera\" \/>\n\t<meta name=\"twitter:label2\" content=\"Est. reading time\" \/>\n\t<meta name=\"twitter:data2\" content=\"2 minutes\" \/>\n<script type=\"application\/ld+json\" class=\"yoast-schema-graph\">{\"@context\":\"https:\\\/\\\/schema.org\",\"@graph\":[{\"@type\":\"Article\",\"@id\":\"https:\\\/\\\/highxtar.com\\\/en\\\/c-tangana-nominado-a-un-goya-por-esta-ambicion-desmedida\\\/#article\",\"isPartOf\":{\"@id\":\"https:\\\/\\\/highxtar.com\\\/en\\\/c-tangana-nominado-a-un-goya-por-esta-ambicion-desmedida\\\/\"},\"author\":{\"name\":\"Mar Piera\",\"@id\":\"https:\\\/\\\/highxtar.com\\\/#\\\/schema\\\/person\\\/861b5d1b459a894df367f295d952c789\"},\"headline\":\"C. Tangana nominated for a Goya for &#8216;Esta Ambici\u00f3n Desmedida&#8217;\",\"datePublished\":\"2023-11-30T10:50:13+00:00\",\"dateModified\":\"2023-11-30T11:12:17+00:00\",\"mainEntityOfPage\":{\"@id\":\"https:\\\/\\\/highxtar.com\\\/en\\\/c-tangana-nominado-a-un-goya-por-esta-ambicion-desmedida\\\/\"},\"wordCount\":405,\"commentCount\":0,\"publisher\":{\"@id\":\"https:\\\/\\\/highxtar.com\\\/#organization\"},\"image\":{\"@id\":\"https:\\\/\\\/highxtar.com\\\/en\\\/c-tangana-nominado-a-un-goya-por-esta-ambicion-desmedida\\\/#primaryimage\"},\"thumbnailUrl\":\"https:\\\/\\\/highxtar.com\\\/wp-content\\\/uploads\\\/2023\\\/11\\\/ctangana.jpg\",\"keywords\":[\"C. Tangana\"],\"articleSection\":[\"M\u00fasica\",\"Viral\"],\"inLanguage\":\"en-US\",\"potentialAction\":[{\"@type\":\"CommentAction\",\"name\":\"Comment\",\"target\":[\"https:\\\/\\\/highxtar.com\\\/en\\\/c-tangana-nominado-a-un-goya-por-esta-ambicion-desmedida\\\/#respond\"]}],\"copyrightYear\":\"2023\",\"copyrightHolder\":{\"@id\":\"https:\\\/\\\/highxtar.com\\\/#organization\"}},{\"@type\":\"WebPage\",\"@id\":\"https:\\\/\\\/highxtar.com\\\/en\\\/c-tangana-nominado-a-un-goya-por-esta-ambicion-desmedida\\\/\",\"url\":\"https:\\\/\\\/highxtar.com\\\/en\\\/c-tangana-nominado-a-un-goya-por-esta-ambicion-desmedida\\\/\",\"name\":\"C. Tangana nominated for a Goya for 'Esta Ambici\u00f3n Desmedida' - HIGHXTAR.\",\"isPartOf\":{\"@id\":\"https:\\\/\\\/highxtar.com\\\/#website\"},\"primaryImageOfPage\":{\"@id\":\"https:\\\/\\\/highxtar.com\\\/en\\\/c-tangana-nominado-a-un-goya-por-esta-ambicion-desmedida\\\/#primaryimage\"},\"image\":{\"@id\":\"https:\\\/\\\/highxtar.com\\\/en\\\/c-tangana-nominado-a-un-goya-por-esta-ambicion-desmedida\\\/#primaryimage\"},\"thumbnailUrl\":\"https:\\\/\\\/highxtar.com\\\/wp-content\\\/uploads\\\/2023\\\/11\\\/ctangana.jpg\",\"datePublished\":\"2023-11-30T10:50:13+00:00\",\"dateModified\":\"2023-11-30T11:12:17+00:00\",\"description\":\"In the best documentary category is Esta Ambici\u00f3n Desmedida, the documentary of C. Tangana's tour.\",\"breadcrumb\":{\"@id\":\"https:\\\/\\\/highxtar.com\\\/en\\\/c-tangana-nominado-a-un-goya-por-esta-ambicion-desmedida\\\/#breadcrumb\"},\"inLanguage\":\"en-US\",\"potentialAction\":[{\"@type\":\"ReadAction\",\"target\":[\"https:\\\/\\\/highxtar.com\\\/en\\\/c-tangana-nominado-a-un-goya-por-esta-ambicion-desmedida\\\/\"]}]},{\"@type\":\"ImageObject\",\"inLanguage\":\"en-US\",\"@id\":\"https:\\\/\\\/highxtar.com\\\/en\\\/c-tangana-nominado-a-un-goya-por-esta-ambicion-desmedida\\\/#primaryimage\",\"url\":\"https:\\\/\\\/highxtar.com\\\/wp-content\\\/uploads\\\/2023\\\/11\\\/ctangana.jpg\",\"contentUrl\":\"https:\\\/\\\/highxtar.com\\\/wp-content\\\/uploads\\\/2023\\\/11\\\/ctangana.jpg\",\"width\":1600,\"height\":1200},{\"@type\":\"BreadcrumbList\",\"@id\":\"https:\\\/\\\/highxtar.com\\\/en\\\/c-tangana-nominado-a-un-goya-por-esta-ambicion-desmedida\\\/#breadcrumb\",\"itemListElement\":[{\"@type\":\"ListItem\",\"position\":1,\"name\":\"Home\",\"item\":\"https:\\\/\\\/highxtar.com\\\/en\\\/\"},{\"@type\":\"ListItem\",\"position\":2,\"name\":\"C. Tangana nominated for a Goya for &#8216;Esta Ambici\u00f3n Desmedida&#8217;\"}]},{\"@type\":\"WebSite\",\"@id\":\"https:\\\/\\\/highxtar.com\\\/#website\",\"url\":\"https:\\\/\\\/highxtar.com\\\/\",\"name\":\"HIGHXTAR.\",\"description\":\"HIGHXTAR. es la voz latina de la moda y el streetwear. Devotos de las cosas que hacen la vida urbana excitante: Moda, M\u00fasica, Lifestyle, Arte &amp; Dise\u00f1o.\",\"publisher\":{\"@id\":\"https:\\\/\\\/highxtar.com\\\/#organization\"},\"potentialAction\":[{\"@type\":\"SearchAction\",\"target\":{\"@type\":\"EntryPoint\",\"urlTemplate\":\"https:\\\/\\\/highxtar.com\\\/?s={search_term_string}\"},\"query-input\":{\"@type\":\"PropertyValueSpecification\",\"valueRequired\":true,\"valueName\":\"search_term_string\"}}],\"inLanguage\":\"en-US\"},{\"@type\":\"Organization\",\"@id\":\"https:\\\/\\\/highxtar.com\\\/#organization\",\"name\":\"HIGHXTAR.\",\"url\":\"https:\\\/\\\/highxtar.com\\\/\",\"logo\":{\"@type\":\"ImageObject\",\"inLanguage\":\"en-US\",\"@id\":\"https:\\\/\\\/highxtar.com\\\/#\\\/schema\\\/logo\\\/image\\\/\",\"url\":\"https:\\\/\\\/highxtar.com\\\/wp-content\\\/uploads\\\/2016\\\/03\\\/HIGHXTAR_com_Favicon_2019.jpg\",\"contentUrl\":\"https:\\\/\\\/highxtar.com\\\/wp-content\\\/uploads\\\/2016\\\/03\\\/HIGHXTAR_com_Favicon_2019.jpg\",\"width\":1200,\"height\":1200,\"caption\":\"HIGHXTAR.\"},\"image\":{\"@id\":\"https:\\\/\\\/highxtar.com\\\/#\\\/schema\\\/logo\\\/image\\\/\"},\"sameAs\":[\"https:\\\/\\\/www.facebook.com\\\/highxtar\",\"https:\\\/\\\/x.com\\\/highxtar_\",\"https:\\\/\\\/www.instagram.com\\\/highxtar\",\"https:\\\/\\\/www.tiktok.com\\\/@highxtar\",\"https:\\\/\\\/www.youtube.com\\\/c\\\/highxtarofficial\",\"https:\\\/\\\/open.spotify.com\\\/user\\\/highxtar\"]},{\"@type\":\"Person\",\"@id\":\"https:\\\/\\\/highxtar.com\\\/#\\\/schema\\\/person\\\/861b5d1b459a894df367f295d952c789\",\"name\":\"Mar Piera\",\"description\":\"Editor &amp; Project Manager. m.piera@highxtar.com\",\"sameAs\":[\"https:\\\/\\\/www.instagram.com\\\/marpiera\\\/\"],\"url\":\"https:\\\/\\\/highxtar.com\\\/en\\\/author\\\/marpiera\\\/\"}]}<\/script>\n<!-- \/ Yoast SEO Premium plugin. -->","yoast_head_json":{"title":"C. Tangana nominated for a Goya for 'Esta Ambici\u00f3n Desmedida' - HIGHXTAR.","description":"In the best documentary category is Esta Ambici\u00f3n Desmedida, the documentary of C. Tangana's tour.","robots":{"index":"index","follow":"follow","max-snippet":"max-snippet:-1","max-image-preview":"max-image-preview:large","max-video-preview":"max-video-preview:-1"},"canonical":"https:\/\/highxtar.com\/en\/c-tangana-nominado-a-un-goya-por-esta-ambicion-desmedida\/","og_locale":"en_US","og_type":"article","og_title":"C. Tangana nominated for a Goya for 'Esta Ambici\u00f3n Desmedida'","og_description":"In the best documentary category is Esta Ambici\u00f3n Desmedida, the documentary of C. Tangana's tour.","og_url":"https:\/\/highxtar.com\/en\/c-tangana-nominado-a-un-goya-por-esta-ambicion-desmedida\/","og_site_name":"HIGHXTAR.","article_publisher":"https:\/\/www.facebook.com\/highxtar","article_published_time":"2023-11-30T10:50:13+00:00","article_modified_time":"2023-11-30T11:12:17+00:00","og_image":[{"width":1600,"height":1200,"url":"https:\/\/highxtar.com\/wp-content\/uploads\/2023\/11\/ctangana.jpg","type":"image\/jpeg"}],"author":"Mar Piera","twitter_card":"summary_large_image","twitter_creator":"@highxtar_","twitter_site":"@highxtar_","twitter_misc":{"Written by":"Mar Piera","Est. reading time":"2 minutes"},"schema":{"@context":"https:\/\/schema.org","@graph":[{"@type":"Article","@id":"https:\/\/highxtar.com\/en\/c-tangana-nominado-a-un-goya-por-esta-ambicion-desmedida\/#article","isPartOf":{"@id":"https:\/\/highxtar.com\/en\/c-tangana-nominado-a-un-goya-por-esta-ambicion-desmedida\/"},"author":{"name":"Mar Piera","@id":"https:\/\/highxtar.com\/#\/schema\/person\/861b5d1b459a894df367f295d952c789"},"headline":"C. Tangana nominated for a Goya for &#8216;Esta Ambici\u00f3n Desmedida&#8217;","datePublished":"2023-11-30T10:50:13+00:00","dateModified":"2023-11-30T11:12:17+00:00","mainEntityOfPage":{"@id":"https:\/\/highxtar.com\/en\/c-tangana-nominado-a-un-goya-por-esta-ambicion-desmedida\/"},"wordCount":405,"commentCount":0,"publisher":{"@id":"https:\/\/highxtar.com\/#organization"},"image":{"@id":"https:\/\/highxtar.com\/en\/c-tangana-nominado-a-un-goya-por-esta-ambicion-desmedida\/#primaryimage"},"thumbnailUrl":"https:\/\/highxtar.com\/wp-content\/uploads\/2023\/11\/ctangana.jpg","keywords":["C. Tangana"],"articleSection":["M\u00fasica","Viral"],"inLanguage":"en-US","potentialAction":[{"@type":"CommentAction","name":"Comment","target":["https:\/\/highxtar.com\/en\/c-tangana-nominado-a-un-goya-por-esta-ambicion-desmedida\/#respond"]}],"copyrightYear":"2023","copyrightHolder":{"@id":"https:\/\/highxtar.com\/#organization"}},{"@type":"WebPage","@id":"https:\/\/highxtar.com\/en\/c-tangana-nominado-a-un-goya-por-esta-ambicion-desmedida\/","url":"https:\/\/highxtar.com\/en\/c-tangana-nominado-a-un-goya-por-esta-ambicion-desmedida\/","name":"C. Tangana nominated for a Goya for 'Esta Ambici\u00f3n Desmedida' - HIGHXTAR.","isPartOf":{"@id":"https:\/\/highxtar.com\/#website"},"primaryImageOfPage":{"@id":"https:\/\/highxtar.com\/en\/c-tangana-nominado-a-un-goya-por-esta-ambicion-desmedida\/#primaryimage"},"image":{"@id":"https:\/\/highxtar.com\/en\/c-tangana-nominado-a-un-goya-por-esta-ambicion-desmedida\/#primaryimage"},"thumbnailUrl":"https:\/\/highxtar.com\/wp-content\/uploads\/2023\/11\/ctangana.jpg","datePublished":"2023-11-30T10:50:13+00:00","dateModified":"2023-11-30T11:12:17+00:00","description":"In the best documentary category is Esta Ambici\u00f3n Desmedida, the documentary of C. Tangana's tour.","breadcrumb":{"@id":"https:\/\/highxtar.com\/en\/c-tangana-nominado-a-un-goya-por-esta-ambicion-desmedida\/#breadcrumb"},"inLanguage":"en-US","potentialAction":[{"@type":"ReadAction","target":["https:\/\/highxtar.com\/en\/c-tangana-nominado-a-un-goya-por-esta-ambicion-desmedida\/"]}]},{"@type":"ImageObject","inLanguage":"en-US","@id":"https:\/\/highxtar.com\/en\/c-tangana-nominado-a-un-goya-por-esta-ambicion-desmedida\/#primaryimage","url":"https:\/\/highxtar.com\/wp-content\/uploads\/2023\/11\/ctangana.jpg","contentUrl":"https:\/\/highxtar.com\/wp-content\/uploads\/2023\/11\/ctangana.jpg","width":1600,"height":1200},{"@type":"BreadcrumbList","@id":"https:\/\/highxtar.com\/en\/c-tangana-nominado-a-un-goya-por-esta-ambicion-desmedida\/#breadcrumb","itemListElement":[{"@type":"ListItem","position":1,"name":"Home","item":"https:\/\/highxtar.com\/en\/"},{"@type":"ListItem","position":2,"name":"C. Tangana nominated for a Goya for &#8216;Esta Ambici\u00f3n Desmedida&#8217;"}]},{"@type":"WebSite","@id":"https:\/\/highxtar.com\/#website","url":"https:\/\/highxtar.com\/","name":"HIGHXTAR.","description":"HIGHXTAR. es la voz latina de la moda y el streetwear. Devotos de las cosas que hacen la vida urbana excitante: Moda, M\u00fasica, Lifestyle, Arte &amp; Dise\u00f1o.","publisher":{"@id":"https:\/\/highxtar.com\/#organization"},"potentialAction":[{"@type":"SearchAction","target":{"@type":"EntryPoint","urlTemplate":"https:\/\/highxtar.com\/?s={search_term_string}"},"query-input":{"@type":"PropertyValueSpecification","valueRequired":true,"valueName":"search_term_string"}}],"inLanguage":"en-US"},{"@type":"Organization","@id":"https:\/\/highxtar.com\/#organization","name":"HIGHXTAR.","url":"https:\/\/highxtar.com\/","logo":{"@type":"ImageObject","inLanguage":"en-US","@id":"https:\/\/highxtar.com\/#\/schema\/logo\/image\/","url":"https:\/\/highxtar.com\/wp-content\/uploads\/2016\/03\/HIGHXTAR_com_Favicon_2019.jpg","contentUrl":"https:\/\/highxtar.com\/wp-content\/uploads\/2016\/03\/HIGHXTAR_com_Favicon_2019.jpg","width":1200,"height":1200,"caption":"HIGHXTAR."},"image":{"@id":"https:\/\/highxtar.com\/#\/schema\/logo\/image\/"},"sameAs":["https:\/\/www.facebook.com\/highxtar","https:\/\/x.com\/highxtar_","https:\/\/www.instagram.com\/highxtar","https:\/\/www.tiktok.com\/@highxtar","https:\/\/www.youtube.com\/c\/highxtarofficial","https:\/\/open.spotify.com\/user\/highxtar"]},{"@type":"Person","@id":"https:\/\/highxtar.com\/#\/schema\/person\/861b5d1b459a894df367f295d952c789","name":"Mar Piera","description":"Editor &amp; Project Manager. m.piera@highxtar.com","sameAs":["https:\/\/www.instagram.com\/marpiera\/"],"url":"https:\/\/highxtar.com\/en\/author\/marpiera\/"}]}},"_links":{"self":[{"href":"https:\/\/highxtar.com\/en\/wp-json\/wp\/v2\/posts\/417858","targetHints":{"allow":["GET"]}}],"collection":[{"href":"https:\/\/highxtar.com\/en\/wp-json\/wp\/v2\/posts"}],"about":[{"href":"https:\/\/highxtar.com\/en\/wp-json\/wp\/v2\/types\/post"}],"author":[{"embeddable":true,"href":"https:\/\/highxtar.com\/en\/wp-json\/wp\/v2\/users\/22"}],"replies":[{"embeddable":true,"href":"https:\/\/highxtar.com\/en\/wp-json\/wp\/v2\/comments?post=417858"}],"version-history":[{"count":1,"href":"https:\/\/highxtar.com\/en\/wp-json\/wp\/v2\/posts\/417858\/revisions"}],"predecessor-version":[{"id":417865,"href":"https:\/\/highxtar.com\/en\/wp-json\/wp\/v2\/posts\/417858\/revisions\/417865"}],"wp:featuredmedia":[{"embeddable":true,"href":"https:\/\/highxtar.com\/en\/wp-json\/wp\/v2\/media\/417859"}],"wp:attachment":[{"href":"https:\/\/highxtar.com\/en\/wp-json\/wp\/v2\/media?parent=417858"}],"wp:term":[{"taxonomy":"category","embeddable":true,"href":"https:\/\/highxtar.com\/en\/wp-json\/wp\/v2\/categories?post=417858"},{"taxonomy":"post_tag","embeddable":true,"href":"https:\/\/highxtar.com\/en\/wp-json\/wp\/v2\/tags?post=417858"}],"curies":[{"name":"wp","href":"https:\/\/api.w.org\/{rel}","templated":true}]}}