{"id":451046,"date":"2024-05-27T12:37:57","date_gmt":"2024-05-27T10:37:57","guid":{"rendered":"https:\/\/highxtar.com\/?p=451046"},"modified":"2024-05-27T12:37:58","modified_gmt":"2024-05-27T10:37:58","slug":"barca-launches-the-second-edition-of-the-festival-collection","status":"publish","type":"post","link":"https:\/\/highxtar.com\/en\/barca-launches-the-second-edition-of-the-festival-collection\/","title":{"rendered":"Bar\u00e7a launches the second edition of the Festival collection"},"content":{"rendered":"\n<p> The music festival season is approaching and Bar\u00e7a has once again created a collection for the SS24 season aimed at the new generations who want to wear the Bar\u00e7a colours at different moments beyond the sporting ones. Barcelona is one of the centres of the music scene and the partnership with Spotify makes this current, young and urban line even more special.<\/p>\n\n\n\n<figure class=\"wp-block-image size-large\"><img decoding=\"async\" width=\"1024\" height=\"683\" src=\"https:\/\/highxtar.com\/wp-content\/uploads\/2024\/05\/Banner_E-Commerce_Colecciones_Festival_1920x880_Desktop.jpg-copia-1024x683.jpg\" alt=\"\" class=\"wp-image-451032\" srcset=\"https:\/\/highxtar.com\/wp-content\/uploads\/2024\/05\/Banner_E-Commerce_Colecciones_Festival_1920x880_Desktop.jpg-copia-1024x683.jpg 1024w, https:\/\/highxtar.com\/wp-content\/uploads\/2024\/05\/Banner_E-Commerce_Colecciones_Festival_1920x880_Desktop.jpg-copia-300x200.jpg 300w, https:\/\/highxtar.com\/wp-content\/uploads\/2024\/05\/Banner_E-Commerce_Colecciones_Festival_1920x880_Desktop.jpg-copia-768x512.jpg 768w, https:\/\/highxtar.com\/wp-content\/uploads\/2024\/05\/Banner_E-Commerce_Colecciones_Festival_1920x880_Desktop.jpg-copia-1440x960.jpg 1440w, https:\/\/highxtar.com\/wp-content\/uploads\/2024\/05\/Banner_E-Commerce_Colecciones_Festival_1920x880_Desktop.jpg-copia-973x649.jpg 973w, https:\/\/highxtar.com\/wp-content\/uploads\/2024\/05\/Banner_E-Commerce_Colecciones_Festival_1920x880_Desktop.jpg-copia-700x467.jpg 700w, https:\/\/highxtar.com\/wp-content\/uploads\/2024\/05\/Banner_E-Commerce_Colecciones_Festival_1920x880_Desktop.jpg-copia-508x339.jpg 508w, https:\/\/highxtar.com\/wp-content\/uploads\/2024\/05\/Banner_E-Commerce_Colecciones_Festival_1920x880_Desktop.jpg-copia.jpg 1500w\" sizes=\"(max-width: 1024px) 100vw, 1024px\" \/><\/figure>\n\n\n\n<p>Football is an element of today&#8217;s urban fashion and with the Festival 2.0 collection, Bar\u00e7a aims to incorporate elements of passion for the colours into everyday fashion and position the collection as a trend and fashion option for football enthusiasts.<\/p>\n\n\n\n<p>The capsule is made up of various options for the cul\u00e9s. Comfortable garments and silhouettes that offer a casual and fun look, all of them also incorporate distinctive FC Barcelona elements such as the use of the blue and blue colours or the introduction of the crest in the prints.<\/p>\n\n\n\n<p>For this year&#8217;s collection, players from the men&#8217;s and women&#8217;s first team, such as Pau Cubars\u00ed, Victor Roque, H\u00e9ctor Fort, Marc Guiu, Fridolina Rolf\u00f6, Keira Walsh, Ingrid Engen, Caroline Graham Hansen and Esmee Brugts, have been involved as the models.<\/p>\n\n\n\n<figure class=\"wp-block-gallery has-nested-images columns-1 is-cropped is-style-galeria-horizontal wp-block-gallery-1 is-layout-flex wp-block-gallery-is-layout-flex\">\n<figure class=\"wp-block-image size-full\"><img decoding=\"async\" width=\"1500\" height=\"938\" data-id=\"451040\" src=\"https:\/\/highxtar.com\/wp-content\/uploads\/2024\/05\/IMG_0317.jpg-copia.jpg\" alt=\"\" class=\"wp-image-451040\" srcset=\"https:\/\/highxtar.com\/wp-content\/uploads\/2024\/05\/IMG_0317.jpg-copia.jpg 1500w, https:\/\/highxtar.com\/wp-content\/uploads\/2024\/05\/IMG_0317.jpg-copia-300x188.jpg 300w, https:\/\/highxtar.com\/wp-content\/uploads\/2024\/05\/IMG_0317.jpg-copia-1024x640.jpg 1024w, https:\/\/highxtar.com\/wp-content\/uploads\/2024\/05\/IMG_0317.jpg-copia-768x480.jpg 768w, https:\/\/highxtar.com\/wp-content\/uploads\/2024\/05\/IMG_0317.jpg-copia-1440x900.jpg 1440w, https:\/\/highxtar.com\/wp-content\/uploads\/2024\/05\/IMG_0317.jpg-copia-973x608.jpg 973w, https:\/\/highxtar.com\/wp-content\/uploads\/2024\/05\/IMG_0317.jpg-copia-700x438.jpg 700w, https:\/\/highxtar.com\/wp-content\/uploads\/2024\/05\/IMG_0317.jpg-copia-508x318.jpg 508w\" sizes=\"(max-width: 1500px) 100vw, 1500px\" \/><\/figure>\n\n\n\n<figure class=\"wp-block-image size-full\"><img decoding=\"async\" width=\"1500\" height=\"938\" data-id=\"451034\" src=\"https:\/\/highxtar.com\/wp-content\/uploads\/2024\/05\/IMG_0624.jpg-copia.jpg\" alt=\"\" class=\"wp-image-451034\" srcset=\"https:\/\/highxtar.com\/wp-content\/uploads\/2024\/05\/IMG_0624.jpg-copia.jpg 1500w, https:\/\/highxtar.com\/wp-content\/uploads\/2024\/05\/IMG_0624.jpg-copia-300x188.jpg 300w, https:\/\/highxtar.com\/wp-content\/uploads\/2024\/05\/IMG_0624.jpg-copia-1024x640.jpg 1024w, https:\/\/highxtar.com\/wp-content\/uploads\/2024\/05\/IMG_0624.jpg-copia-768x480.jpg 768w, https:\/\/highxtar.com\/wp-content\/uploads\/2024\/05\/IMG_0624.jpg-copia-1440x900.jpg 1440w, https:\/\/highxtar.com\/wp-content\/uploads\/2024\/05\/IMG_0624.jpg-copia-973x608.jpg 973w, https:\/\/highxtar.com\/wp-content\/uploads\/2024\/05\/IMG_0624.jpg-copia-700x438.jpg 700w, https:\/\/highxtar.com\/wp-content\/uploads\/2024\/05\/IMG_0624.jpg-copia-508x318.jpg 508w\" sizes=\"(max-width: 1500px) 100vw, 1500px\" \/><\/figure>\n\n\n\n<figure class=\"wp-block-image size-full\"><img decoding=\"async\" width=\"1500\" height=\"938\" data-id=\"451036\" src=\"https:\/\/highxtar.com\/wp-content\/uploads\/2024\/05\/IMG_9040.jpg-copia.jpg\" alt=\"\" class=\"wp-image-451036\" srcset=\"https:\/\/highxtar.com\/wp-content\/uploads\/2024\/05\/IMG_9040.jpg-copia.jpg 1500w, https:\/\/highxtar.com\/wp-content\/uploads\/2024\/05\/IMG_9040.jpg-copia-300x188.jpg 300w, https:\/\/highxtar.com\/wp-content\/uploads\/2024\/05\/IMG_9040.jpg-copia-1024x640.jpg 1024w, https:\/\/highxtar.com\/wp-content\/uploads\/2024\/05\/IMG_9040.jpg-copia-768x480.jpg 768w, https:\/\/highxtar.com\/wp-content\/uploads\/2024\/05\/IMG_9040.jpg-copia-1440x900.jpg 1440w, https:\/\/highxtar.com\/wp-content\/uploads\/2024\/05\/IMG_9040.jpg-copia-973x608.jpg 973w, https:\/\/highxtar.com\/wp-content\/uploads\/2024\/05\/IMG_9040.jpg-copia-700x438.jpg 700w, https:\/\/highxtar.com\/wp-content\/uploads\/2024\/05\/IMG_9040.jpg-copia-508x318.jpg 508w\" sizes=\"(max-width: 1500px) 100vw, 1500px\" \/><\/figure>\n\n\n\n<figure class=\"wp-block-image size-full\"><img decoding=\"async\" width=\"1500\" height=\"938\" data-id=\"451039\" src=\"https:\/\/highxtar.com\/wp-content\/uploads\/2024\/05\/IMG_9117.jpg-copia.jpg\" alt=\"\" class=\"wp-image-451039\" srcset=\"https:\/\/highxtar.com\/wp-content\/uploads\/2024\/05\/IMG_9117.jpg-copia.jpg 1500w, https:\/\/highxtar.com\/wp-content\/uploads\/2024\/05\/IMG_9117.jpg-copia-300x188.jpg 300w, https:\/\/highxtar.com\/wp-content\/uploads\/2024\/05\/IMG_9117.jpg-copia-1024x640.jpg 1024w, https:\/\/highxtar.com\/wp-content\/uploads\/2024\/05\/IMG_9117.jpg-copia-768x480.jpg 768w, https:\/\/highxtar.com\/wp-content\/uploads\/2024\/05\/IMG_9117.jpg-copia-1440x900.jpg 1440w, https:\/\/highxtar.com\/wp-content\/uploads\/2024\/05\/IMG_9117.jpg-copia-973x608.jpg 973w, https:\/\/highxtar.com\/wp-content\/uploads\/2024\/05\/IMG_9117.jpg-copia-700x438.jpg 700w, https:\/\/highxtar.com\/wp-content\/uploads\/2024\/05\/IMG_9117.jpg-copia-508x318.jpg 508w\" sizes=\"(max-width: 1500px) 100vw, 1500px\" \/><\/figure>\n\n\n\n<figure class=\"wp-block-image size-large\"><img decoding=\"async\" width=\"1024\" height=\"640\" data-id=\"451038\" src=\"https:\/\/highxtar.com\/wp-content\/uploads\/2024\/05\/IMG_9906-2.jpg-copia-1024x640.jpg\" alt=\"\" class=\"wp-image-451038\" srcset=\"https:\/\/highxtar.com\/wp-content\/uploads\/2024\/05\/IMG_9906-2.jpg-copia-1024x640.jpg 1024w, https:\/\/highxtar.com\/wp-content\/uploads\/2024\/05\/IMG_9906-2.jpg-copia-300x188.jpg 300w, https:\/\/highxtar.com\/wp-content\/uploads\/2024\/05\/IMG_9906-2.jpg-copia-768x480.jpg 768w, https:\/\/highxtar.com\/wp-content\/uploads\/2024\/05\/IMG_9906-2.jpg-copia-1440x900.jpg 1440w, https:\/\/highxtar.com\/wp-content\/uploads\/2024\/05\/IMG_9906-2.jpg-copia-973x608.jpg 973w, https:\/\/highxtar.com\/wp-content\/uploads\/2024\/05\/IMG_9906-2.jpg-copia-700x438.jpg 700w, https:\/\/highxtar.com\/wp-content\/uploads\/2024\/05\/IMG_9906-2.jpg-copia-508x318.jpg 508w, https:\/\/highxtar.com\/wp-content\/uploads\/2024\/05\/IMG_9906-2.jpg-copia.jpg 1500w\" sizes=\"(max-width: 1024px) 100vw, 1024px\" \/><\/figure>\n<\/figure>\n\n\n\n<p>All the pieces in the collection are available in the Bar\u00e7a Stores of the Club as well as in the <strong><a href=\"http:\/\/www.store.fcbarcelona.com\/\">Bar\u00e7a<\/a><\/strong> online shop.<\/p>\n\n\n\n<p><a href=\"https:\/\/highxtar.com\/ya-esta-disponible-la-camiseta-del-barca-x-rosalia-por-2-000e\/\"><strong>Bar\u00e7a x Rosal\u00eda t-shirt is now available for \u20ac2,000.<\/strong><\/a><\/p>\n","protected":false},"excerpt":{"rendered":"<p>After the success of last season, the Club wanted to repeat with an urban line aimed at the new generations.<\/p>\n","protected":false},"author":22,"featured_media":451045,"comment_status":"open","ping_status":"closed","sticky":false,"template":"","format":"standard","meta":{"_acf_changed":false,"footnotes":""},"categories":[603],"tags":[],"class_list":["post-451046","post","type-post","status-publish","format-standard","has-post-thumbnail","hentry","category-fashion-en"],"acf":[],"yoast_head":"<!-- This site is optimized with the Yoast SEO Premium plugin  - https:\/\/yoast.com\/product\/yoast-seo-premium-wordpress\/ -->\n<title>Bar\u00e7a launches the second edition of the Festival collection - HIGHXTAR.<\/title>\n<meta name=\"description\" content=\"After the success of last season, the Club wanted to repeat with an urban line aimed at the new generations.\" \/>\n<meta name=\"robots\" content=\"index, follow, max-snippet:-1, max-image-preview:large, max-video-preview:-1\" \/>\n<link rel=\"canonical\" href=\"https:\/\/highxtar.com\/en\/barca-launches-the-second-edition-of-the-festival-collection\/\" \/>\n<meta property=\"og:locale\" content=\"en_US\" \/>\n<meta property=\"og:type\" content=\"article\" \/>\n<meta property=\"og:title\" content=\"Bar\u00e7a launches the second edition of the Festival collection\" \/>\n<meta property=\"og:description\" content=\"After the success of last season, the Club wanted to repeat with an urban line aimed at the new generations.\" \/>\n<meta property=\"og:url\" content=\"https:\/\/highxtar.com\/en\/barca-launches-the-second-edition-of-the-festival-collection\/\" \/>\n<meta property=\"og:site_name\" content=\"HIGHXTAR.\" \/>\n<meta property=\"article:publisher\" content=\"https:\/\/www.facebook.com\/highxtar\" \/>\n<meta property=\"article:published_time\" content=\"2024-05-27T10:37:57+00:00\" \/>\n<meta property=\"article:modified_time\" content=\"2024-05-27T10:37:58+00:00\" \/>\n<meta property=\"og:image\" content=\"https:\/\/highxtar.com\/wp-content\/uploads\/2024\/05\/highxtar-barca-coleccion-festival-1.jpg\" \/>\n\t<meta property=\"og:image:width\" content=\"1600\" \/>\n\t<meta property=\"og:image:height\" content=\"1200\" \/>\n\t<meta property=\"og:image:type\" content=\"image\/jpeg\" \/>\n<meta name=\"author\" content=\"Mar Piera\" \/>\n<meta name=\"twitter:card\" content=\"summary_large_image\" \/>\n<meta name=\"twitter:creator\" content=\"@highxtar_\" \/>\n<meta name=\"twitter:site\" content=\"@highxtar_\" \/>\n<meta name=\"twitter:label1\" content=\"Written by\" \/>\n\t<meta name=\"twitter:data1\" content=\"Mar Piera\" \/>\n\t<meta name=\"twitter:label2\" content=\"Est. reading time\" \/>\n\t<meta name=\"twitter:data2\" content=\"3 minutes\" \/>\n<script type=\"application\/ld+json\" class=\"yoast-schema-graph\">{\"@context\":\"https:\\\/\\\/schema.org\",\"@graph\":[{\"@type\":\"Article\",\"@id\":\"https:\\\/\\\/highxtar.com\\\/en\\\/barca-launches-the-second-edition-of-the-festival-collection\\\/#article\",\"isPartOf\":{\"@id\":\"https:\\\/\\\/highxtar.com\\\/en\\\/barca-launches-the-second-edition-of-the-festival-collection\\\/\"},\"author\":{\"name\":\"Mar Piera\",\"@id\":\"https:\\\/\\\/highxtar.com\\\/#\\\/schema\\\/person\\\/861b5d1b459a894df367f295d952c789\"},\"headline\":\"Bar\u00e7a launches the second edition of the Festival collection\",\"datePublished\":\"2024-05-27T10:37:57+00:00\",\"dateModified\":\"2024-05-27T10:37:58+00:00\",\"mainEntityOfPage\":{\"@id\":\"https:\\\/\\\/highxtar.com\\\/en\\\/barca-launches-the-second-edition-of-the-festival-collection\\\/\"},\"wordCount\":245,\"commentCount\":0,\"publisher\":{\"@id\":\"https:\\\/\\\/highxtar.com\\\/#organization\"},\"image\":{\"@id\":\"https:\\\/\\\/highxtar.com\\\/en\\\/barca-launches-the-second-edition-of-the-festival-collection\\\/#primaryimage\"},\"thumbnailUrl\":\"https:\\\/\\\/highxtar.com\\\/wp-content\\\/uploads\\\/2024\\\/05\\\/highxtar-barca-coleccion-festival-1.jpg\",\"articleSection\":[\"Fashion\"],\"inLanguage\":\"en-US\",\"potentialAction\":[{\"@type\":\"CommentAction\",\"name\":\"Comment\",\"target\":[\"https:\\\/\\\/highxtar.com\\\/en\\\/barca-launches-the-second-edition-of-the-festival-collection\\\/#respond\"]}],\"copyrightYear\":\"2024\",\"copyrightHolder\":{\"@id\":\"https:\\\/\\\/highxtar.com\\\/#organization\"}},{\"@type\":\"WebPage\",\"@id\":\"https:\\\/\\\/highxtar.com\\\/en\\\/barca-launches-the-second-edition-of-the-festival-collection\\\/\",\"url\":\"https:\\\/\\\/highxtar.com\\\/en\\\/barca-launches-the-second-edition-of-the-festival-collection\\\/\",\"name\":\"Bar\u00e7a launches the second edition of the Festival collection - HIGHXTAR.\",\"isPartOf\":{\"@id\":\"https:\\\/\\\/highxtar.com\\\/#website\"},\"primaryImageOfPage\":{\"@id\":\"https:\\\/\\\/highxtar.com\\\/en\\\/barca-launches-the-second-edition-of-the-festival-collection\\\/#primaryimage\"},\"image\":{\"@id\":\"https:\\\/\\\/highxtar.com\\\/en\\\/barca-launches-the-second-edition-of-the-festival-collection\\\/#primaryimage\"},\"thumbnailUrl\":\"https:\\\/\\\/highxtar.com\\\/wp-content\\\/uploads\\\/2024\\\/05\\\/highxtar-barca-coleccion-festival-1.jpg\",\"datePublished\":\"2024-05-27T10:37:57+00:00\",\"dateModified\":\"2024-05-27T10:37:58+00:00\",\"description\":\"After the success of last season, the Club wanted to repeat with an urban line aimed at the new generations.\",\"breadcrumb\":{\"@id\":\"https:\\\/\\\/highxtar.com\\\/en\\\/barca-launches-the-second-edition-of-the-festival-collection\\\/#breadcrumb\"},\"inLanguage\":\"en-US\",\"potentialAction\":[{\"@type\":\"ReadAction\",\"target\":[\"https:\\\/\\\/highxtar.com\\\/en\\\/barca-launches-the-second-edition-of-the-festival-collection\\\/\"]}]},{\"@type\":\"ImageObject\",\"inLanguage\":\"en-US\",\"@id\":\"https:\\\/\\\/highxtar.com\\\/en\\\/barca-launches-the-second-edition-of-the-festival-collection\\\/#primaryimage\",\"url\":\"https:\\\/\\\/highxtar.com\\\/wp-content\\\/uploads\\\/2024\\\/05\\\/highxtar-barca-coleccion-festival-1.jpg\",\"contentUrl\":\"https:\\\/\\\/highxtar.com\\\/wp-content\\\/uploads\\\/2024\\\/05\\\/highxtar-barca-coleccion-festival-1.jpg\",\"width\":1600,\"height\":1200},{\"@type\":\"BreadcrumbList\",\"@id\":\"https:\\\/\\\/highxtar.com\\\/en\\\/barca-launches-the-second-edition-of-the-festival-collection\\\/#breadcrumb\",\"itemListElement\":[{\"@type\":\"ListItem\",\"position\":1,\"name\":\"Home\",\"item\":\"https:\\\/\\\/highxtar.com\\\/en\\\/\"},{\"@type\":\"ListItem\",\"position\":2,\"name\":\"Bar\u00e7a launches the second edition of the Festival collection\"}]},{\"@type\":\"WebSite\",\"@id\":\"https:\\\/\\\/highxtar.com\\\/#website\",\"url\":\"https:\\\/\\\/highxtar.com\\\/\",\"name\":\"HIGHXTAR.\",\"description\":\"HIGHXTAR. es la voz latina de la moda y el streetwear. Devotos de las cosas que hacen la vida urbana excitante: Moda, M\u00fasica, Lifestyle, Arte &amp; Dise\u00f1o.\",\"publisher\":{\"@id\":\"https:\\\/\\\/highxtar.com\\\/#organization\"},\"potentialAction\":[{\"@type\":\"SearchAction\",\"target\":{\"@type\":\"EntryPoint\",\"urlTemplate\":\"https:\\\/\\\/highxtar.com\\\/?s={search_term_string}\"},\"query-input\":{\"@type\":\"PropertyValueSpecification\",\"valueRequired\":true,\"valueName\":\"search_term_string\"}}],\"inLanguage\":\"en-US\"},{\"@type\":\"Organization\",\"@id\":\"https:\\\/\\\/highxtar.com\\\/#organization\",\"name\":\"HIGHXTAR.\",\"url\":\"https:\\\/\\\/highxtar.com\\\/\",\"logo\":{\"@type\":\"ImageObject\",\"inLanguage\":\"en-US\",\"@id\":\"https:\\\/\\\/highxtar.com\\\/#\\\/schema\\\/logo\\\/image\\\/\",\"url\":\"https:\\\/\\\/highxtar.com\\\/wp-content\\\/uploads\\\/2016\\\/03\\\/HIGHXTAR_com_Favicon_2019.jpg\",\"contentUrl\":\"https:\\\/\\\/highxtar.com\\\/wp-content\\\/uploads\\\/2016\\\/03\\\/HIGHXTAR_com_Favicon_2019.jpg\",\"width\":1200,\"height\":1200,\"caption\":\"HIGHXTAR.\"},\"image\":{\"@id\":\"https:\\\/\\\/highxtar.com\\\/#\\\/schema\\\/logo\\\/image\\\/\"},\"sameAs\":[\"https:\\\/\\\/www.facebook.com\\\/highxtar\",\"https:\\\/\\\/x.com\\\/highxtar_\",\"https:\\\/\\\/www.instagram.com\\\/highxtar\",\"https:\\\/\\\/www.tiktok.com\\\/@highxtar\",\"https:\\\/\\\/www.youtube.com\\\/c\\\/highxtarofficial\",\"https:\\\/\\\/open.spotify.com\\\/user\\\/highxtar\"]},{\"@type\":\"Person\",\"@id\":\"https:\\\/\\\/highxtar.com\\\/#\\\/schema\\\/person\\\/861b5d1b459a894df367f295d952c789\",\"name\":\"Mar Piera\",\"description\":\"Editor &amp; Project Manager. m.piera@highxtar.com\",\"sameAs\":[\"https:\\\/\\\/www.instagram.com\\\/marpiera\\\/\"],\"url\":\"https:\\\/\\\/highxtar.com\\\/en\\\/author\\\/marpiera\\\/\"}]}<\/script>\n<!-- \/ Yoast SEO Premium plugin. -->","yoast_head_json":{"title":"Bar\u00e7a launches the second edition of the Festival collection - HIGHXTAR.","description":"After the success of last season, the Club wanted to repeat with an urban line aimed at the new generations.","robots":{"index":"index","follow":"follow","max-snippet":"max-snippet:-1","max-image-preview":"max-image-preview:large","max-video-preview":"max-video-preview:-1"},"canonical":"https:\/\/highxtar.com\/en\/barca-launches-the-second-edition-of-the-festival-collection\/","og_locale":"en_US","og_type":"article","og_title":"Bar\u00e7a launches the second edition of the Festival collection","og_description":"After the success of last season, the Club wanted to repeat with an urban line aimed at the new generations.","og_url":"https:\/\/highxtar.com\/en\/barca-launches-the-second-edition-of-the-festival-collection\/","og_site_name":"HIGHXTAR.","article_publisher":"https:\/\/www.facebook.com\/highxtar","article_published_time":"2024-05-27T10:37:57+00:00","article_modified_time":"2024-05-27T10:37:58+00:00","og_image":[{"width":1600,"height":1200,"url":"https:\/\/highxtar.com\/wp-content\/uploads\/2024\/05\/highxtar-barca-coleccion-festival-1.jpg","type":"image\/jpeg"}],"author":"Mar Piera","twitter_card":"summary_large_image","twitter_creator":"@highxtar_","twitter_site":"@highxtar_","twitter_misc":{"Written by":"Mar Piera","Est. reading time":"3 minutes"},"schema":{"@context":"https:\/\/schema.org","@graph":[{"@type":"Article","@id":"https:\/\/highxtar.com\/en\/barca-launches-the-second-edition-of-the-festival-collection\/#article","isPartOf":{"@id":"https:\/\/highxtar.com\/en\/barca-launches-the-second-edition-of-the-festival-collection\/"},"author":{"name":"Mar Piera","@id":"https:\/\/highxtar.com\/#\/schema\/person\/861b5d1b459a894df367f295d952c789"},"headline":"Bar\u00e7a launches the second edition of the Festival collection","datePublished":"2024-05-27T10:37:57+00:00","dateModified":"2024-05-27T10:37:58+00:00","mainEntityOfPage":{"@id":"https:\/\/highxtar.com\/en\/barca-launches-the-second-edition-of-the-festival-collection\/"},"wordCount":245,"commentCount":0,"publisher":{"@id":"https:\/\/highxtar.com\/#organization"},"image":{"@id":"https:\/\/highxtar.com\/en\/barca-launches-the-second-edition-of-the-festival-collection\/#primaryimage"},"thumbnailUrl":"https:\/\/highxtar.com\/wp-content\/uploads\/2024\/05\/highxtar-barca-coleccion-festival-1.jpg","articleSection":["Fashion"],"inLanguage":"en-US","potentialAction":[{"@type":"CommentAction","name":"Comment","target":["https:\/\/highxtar.com\/en\/barca-launches-the-second-edition-of-the-festival-collection\/#respond"]}],"copyrightYear":"2024","copyrightHolder":{"@id":"https:\/\/highxtar.com\/#organization"}},{"@type":"WebPage","@id":"https:\/\/highxtar.com\/en\/barca-launches-the-second-edition-of-the-festival-collection\/","url":"https:\/\/highxtar.com\/en\/barca-launches-the-second-edition-of-the-festival-collection\/","name":"Bar\u00e7a launches the second edition of the Festival collection - HIGHXTAR.","isPartOf":{"@id":"https:\/\/highxtar.com\/#website"},"primaryImageOfPage":{"@id":"https:\/\/highxtar.com\/en\/barca-launches-the-second-edition-of-the-festival-collection\/#primaryimage"},"image":{"@id":"https:\/\/highxtar.com\/en\/barca-launches-the-second-edition-of-the-festival-collection\/#primaryimage"},"thumbnailUrl":"https:\/\/highxtar.com\/wp-content\/uploads\/2024\/05\/highxtar-barca-coleccion-festival-1.jpg","datePublished":"2024-05-27T10:37:57+00:00","dateModified":"2024-05-27T10:37:58+00:00","description":"After the success of last season, the Club wanted to repeat with an urban line aimed at the new generations.","breadcrumb":{"@id":"https:\/\/highxtar.com\/en\/barca-launches-the-second-edition-of-the-festival-collection\/#breadcrumb"},"inLanguage":"en-US","potentialAction":[{"@type":"ReadAction","target":["https:\/\/highxtar.com\/en\/barca-launches-the-second-edition-of-the-festival-collection\/"]}]},{"@type":"ImageObject","inLanguage":"en-US","@id":"https:\/\/highxtar.com\/en\/barca-launches-the-second-edition-of-the-festival-collection\/#primaryimage","url":"https:\/\/highxtar.com\/wp-content\/uploads\/2024\/05\/highxtar-barca-coleccion-festival-1.jpg","contentUrl":"https:\/\/highxtar.com\/wp-content\/uploads\/2024\/05\/highxtar-barca-coleccion-festival-1.jpg","width":1600,"height":1200},{"@type":"BreadcrumbList","@id":"https:\/\/highxtar.com\/en\/barca-launches-the-second-edition-of-the-festival-collection\/#breadcrumb","itemListElement":[{"@type":"ListItem","position":1,"name":"Home","item":"https:\/\/highxtar.com\/en\/"},{"@type":"ListItem","position":2,"name":"Bar\u00e7a launches the second edition of the Festival collection"}]},{"@type":"WebSite","@id":"https:\/\/highxtar.com\/#website","url":"https:\/\/highxtar.com\/","name":"HIGHXTAR.","description":"HIGHXTAR. es la voz latina de la moda y el streetwear. Devotos de las cosas que hacen la vida urbana excitante: Moda, M\u00fasica, Lifestyle, Arte &amp; Dise\u00f1o.","publisher":{"@id":"https:\/\/highxtar.com\/#organization"},"potentialAction":[{"@type":"SearchAction","target":{"@type":"EntryPoint","urlTemplate":"https:\/\/highxtar.com\/?s={search_term_string}"},"query-input":{"@type":"PropertyValueSpecification","valueRequired":true,"valueName":"search_term_string"}}],"inLanguage":"en-US"},{"@type":"Organization","@id":"https:\/\/highxtar.com\/#organization","name":"HIGHXTAR.","url":"https:\/\/highxtar.com\/","logo":{"@type":"ImageObject","inLanguage":"en-US","@id":"https:\/\/highxtar.com\/#\/schema\/logo\/image\/","url":"https:\/\/highxtar.com\/wp-content\/uploads\/2016\/03\/HIGHXTAR_com_Favicon_2019.jpg","contentUrl":"https:\/\/highxtar.com\/wp-content\/uploads\/2016\/03\/HIGHXTAR_com_Favicon_2019.jpg","width":1200,"height":1200,"caption":"HIGHXTAR."},"image":{"@id":"https:\/\/highxtar.com\/#\/schema\/logo\/image\/"},"sameAs":["https:\/\/www.facebook.com\/highxtar","https:\/\/x.com\/highxtar_","https:\/\/www.instagram.com\/highxtar","https:\/\/www.tiktok.com\/@highxtar","https:\/\/www.youtube.com\/c\/highxtarofficial","https:\/\/open.spotify.com\/user\/highxtar"]},{"@type":"Person","@id":"https:\/\/highxtar.com\/#\/schema\/person\/861b5d1b459a894df367f295d952c789","name":"Mar Piera","description":"Editor &amp; Project Manager. m.piera@highxtar.com","sameAs":["https:\/\/www.instagram.com\/marpiera\/"],"url":"https:\/\/highxtar.com\/en\/author\/marpiera\/"}]}},"_links":{"self":[{"href":"https:\/\/highxtar.com\/en\/wp-json\/wp\/v2\/posts\/451046","targetHints":{"allow":["GET"]}}],"collection":[{"href":"https:\/\/highxtar.com\/en\/wp-json\/wp\/v2\/posts"}],"about":[{"href":"https:\/\/highxtar.com\/en\/wp-json\/wp\/v2\/types\/post"}],"author":[{"embeddable":true,"href":"https:\/\/highxtar.com\/en\/wp-json\/wp\/v2\/users\/22"}],"replies":[{"embeddable":true,"href":"https:\/\/highxtar.com\/en\/wp-json\/wp\/v2\/comments?post=451046"}],"version-history":[{"count":1,"href":"https:\/\/highxtar.com\/en\/wp-json\/wp\/v2\/posts\/451046\/revisions"}],"predecessor-version":[{"id":451047,"href":"https:\/\/highxtar.com\/en\/wp-json\/wp\/v2\/posts\/451046\/revisions\/451047"}],"wp:featuredmedia":[{"embeddable":true,"href":"https:\/\/highxtar.com\/en\/wp-json\/wp\/v2\/media\/451045"}],"wp:attachment":[{"href":"https:\/\/highxtar.com\/en\/wp-json\/wp\/v2\/media?parent=451046"}],"wp:term":[{"taxonomy":"category","embeddable":true,"href":"https:\/\/highxtar.com\/en\/wp-json\/wp\/v2\/categories?post=451046"},{"taxonomy":"post_tag","embeddable":true,"href":"https:\/\/highxtar.com\/en\/wp-json\/wp\/v2\/tags?post=451046"}],"curies":[{"name":"wp","href":"https:\/\/api.w.org\/{rel}","templated":true}]}}