{"id":466189,"date":"2024-08-28T16:11:44","date_gmt":"2024-08-28T14:11:44","guid":{"rendered":"https:\/\/highxtar.com\/?p=466189"},"modified":"2024-08-28T16:11:44","modified_gmt":"2024-08-28T14:11:44","slug":"how-the-louis-vuitton-americas-cup-was-celebrated-in-barcelona","status":"publish","type":"post","link":"https:\/\/highxtar.com\/en\/how-the-louis-vuitton-americas-cup-was-celebrated-in-barcelona\/","title":{"rendered":"How the Louis Vuitton America&#8217;s Cup was celebrated in Barcelona"},"content":{"rendered":"\n<h2 class=\"wp-block-heading\" id=\"h-tibidabo-welcomed-numerous-celebrities-for-the-exclusive-sporting-event\">Tibidabo welcomed numerous celebrities for the exclusive sporting event.<\/h2>\n\n\n\n<figure class=\"wp-block-gallery has-nested-images columns-2 is-cropped wp-block-gallery-1 is-layout-flex wp-block-gallery-is-layout-flex\">\n<figure class=\"wp-block-image size-full\"><img decoding=\"async\" width=\"1200\" height=\"1800\" data-id=\"466184\" src=\"https:\/\/highxtar.com\/wp-content\/uploads\/2024\/08\/highxtar-lv-americas-cup-bcn-1.jpg\" alt=\"\" class=\"wp-image-466184\" srcset=\"https:\/\/highxtar.com\/wp-content\/uploads\/2024\/08\/highxtar-lv-americas-cup-bcn-1.jpg 1200w, https:\/\/highxtar.com\/wp-content\/uploads\/2024\/08\/highxtar-lv-americas-cup-bcn-1-200x300.jpg 200w, https:\/\/highxtar.com\/wp-content\/uploads\/2024\/08\/highxtar-lv-americas-cup-bcn-1-683x1024.jpg 683w, https:\/\/highxtar.com\/wp-content\/uploads\/2024\/08\/highxtar-lv-americas-cup-bcn-1-768x1152.jpg 768w, https:\/\/highxtar.com\/wp-content\/uploads\/2024\/08\/highxtar-lv-americas-cup-bcn-1-1024x1536.jpg 1024w, https:\/\/highxtar.com\/wp-content\/uploads\/2024\/08\/highxtar-lv-americas-cup-bcn-1-973x1460.jpg 973w, https:\/\/highxtar.com\/wp-content\/uploads\/2024\/08\/highxtar-lv-americas-cup-bcn-1-700x1050.jpg 700w, https:\/\/highxtar.com\/wp-content\/uploads\/2024\/08\/highxtar-lv-americas-cup-bcn-1-508x762.jpg 508w\" sizes=\"(max-width: 1200px) 100vw, 1200px\" \/><\/figure>\n\n\n\n<figure class=\"wp-block-image size-full\"><img decoding=\"async\" width=\"1200\" height=\"1800\" data-id=\"466167\" src=\"https:\/\/highxtar.com\/wp-content\/uploads\/2024\/08\/highxtar-lv-americas-cup-bcn-2.jpg\" alt=\"\" class=\"wp-image-466167\" srcset=\"https:\/\/highxtar.com\/wp-content\/uploads\/2024\/08\/highxtar-lv-americas-cup-bcn-2.jpg 1200w, https:\/\/highxtar.com\/wp-content\/uploads\/2024\/08\/highxtar-lv-americas-cup-bcn-2-200x300.jpg 200w, https:\/\/highxtar.com\/wp-content\/uploads\/2024\/08\/highxtar-lv-americas-cup-bcn-2-683x1024.jpg 683w, https:\/\/highxtar.com\/wp-content\/uploads\/2024\/08\/highxtar-lv-americas-cup-bcn-2-768x1152.jpg 768w, https:\/\/highxtar.com\/wp-content\/uploads\/2024\/08\/highxtar-lv-americas-cup-bcn-2-1024x1536.jpg 1024w, https:\/\/highxtar.com\/wp-content\/uploads\/2024\/08\/highxtar-lv-americas-cup-bcn-2-973x1460.jpg 973w, https:\/\/highxtar.com\/wp-content\/uploads\/2024\/08\/highxtar-lv-americas-cup-bcn-2-700x1050.jpg 700w, https:\/\/highxtar.com\/wp-content\/uploads\/2024\/08\/highxtar-lv-americas-cup-bcn-2-508x762.jpg 508w\" sizes=\"(max-width: 1200px) 100vw, 1200px\" \/><\/figure>\n\n\n\n<figure class=\"wp-block-image size-large\"><img decoding=\"async\" width=\"683\" height=\"1024\" data-id=\"466177\" src=\"https:\/\/highxtar.com\/wp-content\/uploads\/2024\/08\/highxtar-lv-americas-cup-bcn-3-683x1024.jpg\" alt=\"\" class=\"wp-image-466177\" srcset=\"https:\/\/highxtar.com\/wp-content\/uploads\/2024\/08\/highxtar-lv-americas-cup-bcn-3-683x1024.jpg 683w, https:\/\/highxtar.com\/wp-content\/uploads\/2024\/08\/highxtar-lv-americas-cup-bcn-3-200x300.jpg 200w, https:\/\/highxtar.com\/wp-content\/uploads\/2024\/08\/highxtar-lv-americas-cup-bcn-3-768x1152.jpg 768w, https:\/\/highxtar.com\/wp-content\/uploads\/2024\/08\/highxtar-lv-americas-cup-bcn-3-1024x1536.jpg 1024w, https:\/\/highxtar.com\/wp-content\/uploads\/2024\/08\/highxtar-lv-americas-cup-bcn-3-973x1460.jpg 973w, https:\/\/highxtar.com\/wp-content\/uploads\/2024\/08\/highxtar-lv-americas-cup-bcn-3-700x1050.jpg 700w, https:\/\/highxtar.com\/wp-content\/uploads\/2024\/08\/highxtar-lv-americas-cup-bcn-3-508x762.jpg 508w, https:\/\/highxtar.com\/wp-content\/uploads\/2024\/08\/highxtar-lv-americas-cup-bcn-3.jpg 1200w\" sizes=\"(max-width: 683px) 100vw, 683px\" \/><\/figure>\n\n\n\n<figure class=\"wp-block-image size-full\"><img decoding=\"async\" width=\"1200\" height=\"1800\" data-id=\"466178\" src=\"https:\/\/highxtar.com\/wp-content\/uploads\/2024\/08\/highxtar-lv-americas-cup-bcn-4.jpg\" alt=\"\" class=\"wp-image-466178\" srcset=\"https:\/\/highxtar.com\/wp-content\/uploads\/2024\/08\/highxtar-lv-americas-cup-bcn-4.jpg 1200w, https:\/\/highxtar.com\/wp-content\/uploads\/2024\/08\/highxtar-lv-americas-cup-bcn-4-200x300.jpg 200w, https:\/\/highxtar.com\/wp-content\/uploads\/2024\/08\/highxtar-lv-americas-cup-bcn-4-683x1024.jpg 683w, https:\/\/highxtar.com\/wp-content\/uploads\/2024\/08\/highxtar-lv-americas-cup-bcn-4-768x1152.jpg 768w, https:\/\/highxtar.com\/wp-content\/uploads\/2024\/08\/highxtar-lv-americas-cup-bcn-4-1024x1536.jpg 1024w, https:\/\/highxtar.com\/wp-content\/uploads\/2024\/08\/highxtar-lv-americas-cup-bcn-4-973x1460.jpg 973w, https:\/\/highxtar.com\/wp-content\/uploads\/2024\/08\/highxtar-lv-americas-cup-bcn-4-700x1050.jpg 700w, https:\/\/highxtar.com\/wp-content\/uploads\/2024\/08\/highxtar-lv-americas-cup-bcn-4-508x762.jpg 508w\" sizes=\"(max-width: 1200px) 100vw, 1200px\" \/><\/figure>\n\n\n\n<figure class=\"wp-block-image size-full\"><img decoding=\"async\" width=\"1200\" height=\"1800\" data-id=\"466168\" src=\"https:\/\/highxtar.com\/wp-content\/uploads\/2024\/08\/GEORGINA-AMOROS-Gerard-Estadella.jpg\" alt=\"\" class=\"wp-image-466168\" srcset=\"https:\/\/highxtar.com\/wp-content\/uploads\/2024\/08\/GEORGINA-AMOROS-Gerard-Estadella.jpg 1200w, https:\/\/highxtar.com\/wp-content\/uploads\/2024\/08\/GEORGINA-AMOROS-Gerard-Estadella-200x300.jpg 200w, https:\/\/highxtar.com\/wp-content\/uploads\/2024\/08\/GEORGINA-AMOROS-Gerard-Estadella-683x1024.jpg 683w, https:\/\/highxtar.com\/wp-content\/uploads\/2024\/08\/GEORGINA-AMOROS-Gerard-Estadella-768x1152.jpg 768w, https:\/\/highxtar.com\/wp-content\/uploads\/2024\/08\/GEORGINA-AMOROS-Gerard-Estadella-1024x1536.jpg 1024w, https:\/\/highxtar.com\/wp-content\/uploads\/2024\/08\/GEORGINA-AMOROS-Gerard-Estadella-973x1460.jpg 973w, https:\/\/highxtar.com\/wp-content\/uploads\/2024\/08\/GEORGINA-AMOROS-Gerard-Estadella-700x1050.jpg 700w, https:\/\/highxtar.com\/wp-content\/uploads\/2024\/08\/GEORGINA-AMOROS-Gerard-Estadella-508x762.jpg 508w\" sizes=\"(max-width: 1200px) 100vw, 1200px\" \/><\/figure>\n\n\n\n<figure class=\"wp-block-image size-full\"><img decoding=\"async\" width=\"1200\" height=\"1800\" data-id=\"466171\" src=\"https:\/\/highxtar.com\/wp-content\/uploads\/2024\/08\/highxtar-lv-americas-cup-bcn-5.jpg\" alt=\"\" class=\"wp-image-466171\" srcset=\"https:\/\/highxtar.com\/wp-content\/uploads\/2024\/08\/highxtar-lv-americas-cup-bcn-5.jpg 1200w, https:\/\/highxtar.com\/wp-content\/uploads\/2024\/08\/highxtar-lv-americas-cup-bcn-5-200x300.jpg 200w, https:\/\/highxtar.com\/wp-content\/uploads\/2024\/08\/highxtar-lv-americas-cup-bcn-5-683x1024.jpg 683w, https:\/\/highxtar.com\/wp-content\/uploads\/2024\/08\/highxtar-lv-americas-cup-bcn-5-768x1152.jpg 768w, https:\/\/highxtar.com\/wp-content\/uploads\/2024\/08\/highxtar-lv-americas-cup-bcn-5-1024x1536.jpg 1024w, https:\/\/highxtar.com\/wp-content\/uploads\/2024\/08\/highxtar-lv-americas-cup-bcn-5-973x1460.jpg 973w, https:\/\/highxtar.com\/wp-content\/uploads\/2024\/08\/highxtar-lv-americas-cup-bcn-5-700x1050.jpg 700w, https:\/\/highxtar.com\/wp-content\/uploads\/2024\/08\/highxtar-lv-americas-cup-bcn-5-508x762.jpg 508w\" sizes=\"(max-width: 1200px) 100vw, 1200px\" \/><\/figure>\n\n\n\n<figure class=\"wp-block-image size-large\"><img decoding=\"async\" width=\"683\" height=\"1024\" data-id=\"466165\" src=\"https:\/\/highxtar.com\/wp-content\/uploads\/2024\/08\/highxtar-lv-americas-cup-bcn-6-683x1024.jpg\" alt=\"\" class=\"wp-image-466165\" srcset=\"https:\/\/highxtar.com\/wp-content\/uploads\/2024\/08\/highxtar-lv-americas-cup-bcn-6-683x1024.jpg 683w, https:\/\/highxtar.com\/wp-content\/uploads\/2024\/08\/highxtar-lv-americas-cup-bcn-6-200x300.jpg 200w, https:\/\/highxtar.com\/wp-content\/uploads\/2024\/08\/highxtar-lv-americas-cup-bcn-6-768x1152.jpg 768w, https:\/\/highxtar.com\/wp-content\/uploads\/2024\/08\/highxtar-lv-americas-cup-bcn-6-1024x1536.jpg 1024w, https:\/\/highxtar.com\/wp-content\/uploads\/2024\/08\/highxtar-lv-americas-cup-bcn-6-973x1460.jpg 973w, https:\/\/highxtar.com\/wp-content\/uploads\/2024\/08\/highxtar-lv-americas-cup-bcn-6-700x1050.jpg 700w, https:\/\/highxtar.com\/wp-content\/uploads\/2024\/08\/highxtar-lv-americas-cup-bcn-6-508x762.jpg 508w, https:\/\/highxtar.com\/wp-content\/uploads\/2024\/08\/highxtar-lv-americas-cup-bcn-6.jpg 1200w\" sizes=\"(max-width: 683px) 100vw, 683px\" \/><\/figure>\n\n\n\n<figure class=\"wp-block-image size-full\"><img decoding=\"async\" width=\"1200\" height=\"1800\" data-id=\"466180\" src=\"https:\/\/highxtar.com\/wp-content\/uploads\/2024\/08\/highxtar-lv-americas-cup-bcn-7.jpg\" alt=\"\" class=\"wp-image-466180\" srcset=\"https:\/\/highxtar.com\/wp-content\/uploads\/2024\/08\/highxtar-lv-americas-cup-bcn-7.jpg 1200w, https:\/\/highxtar.com\/wp-content\/uploads\/2024\/08\/highxtar-lv-americas-cup-bcn-7-200x300.jpg 200w, https:\/\/highxtar.com\/wp-content\/uploads\/2024\/08\/highxtar-lv-americas-cup-bcn-7-683x1024.jpg 683w, https:\/\/highxtar.com\/wp-content\/uploads\/2024\/08\/highxtar-lv-americas-cup-bcn-7-768x1152.jpg 768w, https:\/\/highxtar.com\/wp-content\/uploads\/2024\/08\/highxtar-lv-americas-cup-bcn-7-1024x1536.jpg 1024w, https:\/\/highxtar.com\/wp-content\/uploads\/2024\/08\/highxtar-lv-americas-cup-bcn-7-973x1460.jpg 973w, https:\/\/highxtar.com\/wp-content\/uploads\/2024\/08\/highxtar-lv-americas-cup-bcn-7-700x1050.jpg 700w, https:\/\/highxtar.com\/wp-content\/uploads\/2024\/08\/highxtar-lv-americas-cup-bcn-7-508x762.jpg 508w\" sizes=\"(max-width: 1200px) 100vw, 1200px\" \/><\/figure>\n\n\n\n<figure class=\"wp-block-image size-full\"><img decoding=\"async\" width=\"1200\" height=\"1800\" data-id=\"466172\" src=\"https:\/\/highxtar.com\/wp-content\/uploads\/2024\/08\/highxtar-lv-americas-cup-bcn-8.jpg\" alt=\"\" class=\"wp-image-466172\" srcset=\"https:\/\/highxtar.com\/wp-content\/uploads\/2024\/08\/highxtar-lv-americas-cup-bcn-8.jpg 1200w, https:\/\/highxtar.com\/wp-content\/uploads\/2024\/08\/highxtar-lv-americas-cup-bcn-8-200x300.jpg 200w, https:\/\/highxtar.com\/wp-content\/uploads\/2024\/08\/highxtar-lv-americas-cup-bcn-8-683x1024.jpg 683w, https:\/\/highxtar.com\/wp-content\/uploads\/2024\/08\/highxtar-lv-americas-cup-bcn-8-768x1152.jpg 768w, https:\/\/highxtar.com\/wp-content\/uploads\/2024\/08\/highxtar-lv-americas-cup-bcn-8-1024x1536.jpg 1024w, https:\/\/highxtar.com\/wp-content\/uploads\/2024\/08\/highxtar-lv-americas-cup-bcn-8-973x1460.jpg 973w, https:\/\/highxtar.com\/wp-content\/uploads\/2024\/08\/highxtar-lv-americas-cup-bcn-8-700x1050.jpg 700w, https:\/\/highxtar.com\/wp-content\/uploads\/2024\/08\/highxtar-lv-americas-cup-bcn-8-508x762.jpg 508w\" sizes=\"(max-width: 1200px) 100vw, 1200px\" \/><\/figure>\n\n\n\n<figure class=\"wp-block-image size-large\"><img decoding=\"async\" width=\"683\" height=\"1024\" data-id=\"466166\" src=\"https:\/\/highxtar.com\/wp-content\/uploads\/2024\/08\/highxtar-lv-americas-cup-bcn-9-683x1024.jpg\" alt=\"\" class=\"wp-image-466166\" srcset=\"https:\/\/highxtar.com\/wp-content\/uploads\/2024\/08\/highxtar-lv-americas-cup-bcn-9-683x1024.jpg 683w, https:\/\/highxtar.com\/wp-content\/uploads\/2024\/08\/highxtar-lv-americas-cup-bcn-9-200x300.jpg 200w, https:\/\/highxtar.com\/wp-content\/uploads\/2024\/08\/highxtar-lv-americas-cup-bcn-9-768x1152.jpg 768w, https:\/\/highxtar.com\/wp-content\/uploads\/2024\/08\/highxtar-lv-americas-cup-bcn-9-1024x1536.jpg 1024w, https:\/\/highxtar.com\/wp-content\/uploads\/2024\/08\/highxtar-lv-americas-cup-bcn-9-973x1460.jpg 973w, https:\/\/highxtar.com\/wp-content\/uploads\/2024\/08\/highxtar-lv-americas-cup-bcn-9-700x1050.jpg 700w, https:\/\/highxtar.com\/wp-content\/uploads\/2024\/08\/highxtar-lv-americas-cup-bcn-9-508x762.jpg 508w, https:\/\/highxtar.com\/wp-content\/uploads\/2024\/08\/highxtar-lv-americas-cup-bcn-9.jpg 1200w\" sizes=\"(max-width: 683px) 100vw, 683px\" \/><\/figure>\n\n\n\n<figure class=\"wp-block-image size-full\"><img decoding=\"async\" width=\"1200\" height=\"1800\" data-id=\"466181\" src=\"https:\/\/highxtar.com\/wp-content\/uploads\/2024\/08\/highxtar-lv-americas-cup-bcn-11.jpg\" alt=\"\" class=\"wp-image-466181\" srcset=\"https:\/\/highxtar.com\/wp-content\/uploads\/2024\/08\/highxtar-lv-americas-cup-bcn-11.jpg 1200w, https:\/\/highxtar.com\/wp-content\/uploads\/2024\/08\/highxtar-lv-americas-cup-bcn-11-200x300.jpg 200w, https:\/\/highxtar.com\/wp-content\/uploads\/2024\/08\/highxtar-lv-americas-cup-bcn-11-683x1024.jpg 683w, https:\/\/highxtar.com\/wp-content\/uploads\/2024\/08\/highxtar-lv-americas-cup-bcn-11-768x1152.jpg 768w, https:\/\/highxtar.com\/wp-content\/uploads\/2024\/08\/highxtar-lv-americas-cup-bcn-11-1024x1536.jpg 1024w, https:\/\/highxtar.com\/wp-content\/uploads\/2024\/08\/highxtar-lv-americas-cup-bcn-11-973x1460.jpg 973w, https:\/\/highxtar.com\/wp-content\/uploads\/2024\/08\/highxtar-lv-americas-cup-bcn-11-700x1050.jpg 700w, https:\/\/highxtar.com\/wp-content\/uploads\/2024\/08\/highxtar-lv-americas-cup-bcn-11-508x762.jpg 508w\" sizes=\"(max-width: 1200px) 100vw, 1200px\" \/><\/figure>\n\n\n\n<figure class=\"wp-block-image size-full\"><img decoding=\"async\" width=\"1200\" height=\"1800\" data-id=\"466175\" src=\"https:\/\/highxtar.com\/wp-content\/uploads\/2024\/08\/highxtar-lv-americas-cup-bcn-10.jpg\" alt=\"\" class=\"wp-image-466175\" srcset=\"https:\/\/highxtar.com\/wp-content\/uploads\/2024\/08\/highxtar-lv-americas-cup-bcn-10.jpg 1200w, https:\/\/highxtar.com\/wp-content\/uploads\/2024\/08\/highxtar-lv-americas-cup-bcn-10-200x300.jpg 200w, https:\/\/highxtar.com\/wp-content\/uploads\/2024\/08\/highxtar-lv-americas-cup-bcn-10-683x1024.jpg 683w, https:\/\/highxtar.com\/wp-content\/uploads\/2024\/08\/highxtar-lv-americas-cup-bcn-10-768x1152.jpg 768w, https:\/\/highxtar.com\/wp-content\/uploads\/2024\/08\/highxtar-lv-americas-cup-bcn-10-1024x1536.jpg 1024w, https:\/\/highxtar.com\/wp-content\/uploads\/2024\/08\/highxtar-lv-americas-cup-bcn-10-973x1460.jpg 973w, https:\/\/highxtar.com\/wp-content\/uploads\/2024\/08\/highxtar-lv-americas-cup-bcn-10-700x1050.jpg 700w, https:\/\/highxtar.com\/wp-content\/uploads\/2024\/08\/highxtar-lv-americas-cup-bcn-10-508x762.jpg 508w\" sizes=\"(max-width: 1200px) 100vw, 1200px\" \/><\/figure>\n<\/figure>\n\n\n\n<p>The inauguration of the <strong>Louis Vuitton America&#8217;s Cup <\/strong>was celebrated in style yesterday in one of the most emblematic places in <strong>Barcelona<\/strong>, where renowned personalities from the world of fashion, sport, cinema and show business gathered. No one wanted to miss this special meeting at the top of the city, with panoramic views, an exquisite gourmet gastronomic offer, the fun attractions of the park and the surprise performance of <em><a href=\"https:\/\/lafura.com\"><strong>La Fura Dels<\/strong> <strong>Baus<\/strong><\/a><\/em>.<\/p>\n\n\n\n<p>Among the attendees were <strong>Mar\u00eda Pedraza<\/strong>, <strong>Greta Fern\u00e1ndez<\/strong>, <strong>Miguel Bernardeau<\/strong>, <strong>Nina Urgell<\/strong>, <strong>Gala Gonz\u00e1lez<\/strong>, <strong>Georgina Amor\u00f3s<\/strong>, <strong>Leticia<\/strong> <strong>Sala<\/strong>, <strong>Ignasi Monreal<\/strong>, <strong>Eric Masip<\/strong>, <strong>Pau Echaniz<\/strong>, <strong>Le\u00f3n Marchand<\/strong> and <strong>Julieta Gracia<\/strong>, among many other well-known faces.<\/p>\n\n\n\n<p>Scroll down the gallery above and discover all the details of the party and its carefully designed scenography marked by the colours that inspire the <strong><a href=\"https:\/\/highxtar.com\/en\/louis-vuitton-announces-its-return-to-the-americas-cup\/\">America&#8217;s Cup<\/a><\/strong> and the nautical universe.<\/p>\n","protected":false},"excerpt":{"rendered":"<p>Among the attendees were Mar\u00eda Pedraza, Greta Fern\u00e1ndez, Miguel Bernardeau, Nina Urgell and Gala Gonz\u00e1lez.<\/p>\n","protected":false},"author":27,"featured_media":466187,"comment_status":"open","ping_status":"closed","sticky":false,"template":"","format":"standard","meta":{"_acf_changed":false,"footnotes":""},"categories":[603],"tags":[1875,945],"class_list":["post-466189","post","type-post","status-publish","format-standard","has-post-thumbnail","hentry","category-fashion-en","tag-barcelona-en","tag-louis-vuitton-en"],"acf":[],"yoast_head":"<!-- This site is optimized with the Yoast SEO Premium plugin  - https:\/\/yoast.com\/product\/yoast-seo-premium-wordpress\/ -->\n<title>How the Louis Vuitton America&#039;s Cup was celebrated in Barcelona - HIGHXTAR.<\/title>\n<meta name=\"description\" content=\"Among the attendees were Mar\u00eda Pedraza, Greta Fern\u00e1ndez, Miguel Bernardeau, Nina Urgell and Gala Gonz\u00e1lez.\" \/>\n<meta name=\"robots\" content=\"index, follow, max-snippet:-1, max-image-preview:large, max-video-preview:-1\" \/>\n<link rel=\"canonical\" href=\"https:\/\/highxtar.com\/en\/how-the-louis-vuitton-americas-cup-was-celebrated-in-barcelona\/\" \/>\n<meta property=\"og:locale\" content=\"en_US\" \/>\n<meta property=\"og:type\" content=\"article\" \/>\n<meta property=\"og:title\" content=\"How the Louis Vuitton America&#039;s Cup was celebrated in Barcelona\" \/>\n<meta property=\"og:description\" content=\"Among the attendees were Mar\u00eda Pedraza, Greta Fern\u00e1ndez, Miguel Bernardeau, Nina Urgell and Gala Gonz\u00e1lez.\" \/>\n<meta property=\"og:url\" content=\"https:\/\/highxtar.com\/en\/how-the-louis-vuitton-americas-cup-was-celebrated-in-barcelona\/\" \/>\n<meta property=\"og:site_name\" content=\"HIGHXTAR.\" \/>\n<meta property=\"article:publisher\" content=\"https:\/\/www.facebook.com\/highxtar\" \/>\n<meta property=\"article:published_time\" content=\"2024-08-28T14:11:44+00:00\" \/>\n<meta property=\"og:image\" content=\"https:\/\/highxtar.com\/wp-content\/uploads\/2024\/08\/thumb-lv-americas-cup-barcelona-2024.jpg\" \/>\n\t<meta property=\"og:image:width\" content=\"1600\" \/>\n\t<meta property=\"og:image:height\" content=\"1200\" \/>\n\t<meta property=\"og:image:type\" content=\"image\/jpeg\" \/>\n<meta name=\"author\" content=\"Paloma Molinos\" \/>\n<meta name=\"twitter:card\" content=\"summary_large_image\" \/>\n<meta name=\"twitter:creator\" content=\"@highxtar_\" \/>\n<meta name=\"twitter:site\" content=\"@highxtar_\" \/>\n<meta name=\"twitter:label1\" content=\"Written by\" \/>\n\t<meta name=\"twitter:data1\" content=\"Paloma Molinos\" \/>\n\t<meta name=\"twitter:label2\" content=\"Est. reading time\" \/>\n\t<meta name=\"twitter:data2\" content=\"4 minutes\" \/>\n<script type=\"application\/ld+json\" class=\"yoast-schema-graph\">{\"@context\":\"https:\\\/\\\/schema.org\",\"@graph\":[{\"@type\":\"Article\",\"@id\":\"https:\\\/\\\/highxtar.com\\\/en\\\/how-the-louis-vuitton-americas-cup-was-celebrated-in-barcelona\\\/#article\",\"isPartOf\":{\"@id\":\"https:\\\/\\\/highxtar.com\\\/en\\\/how-the-louis-vuitton-americas-cup-was-celebrated-in-barcelona\\\/\"},\"author\":{\"name\":\"Paloma Molinos\",\"@id\":\"https:\\\/\\\/highxtar.com\\\/#\\\/schema\\\/person\\\/03620ade40f456fa32f3e8fbf1a6f07c\"},\"headline\":\"How the Louis Vuitton America&#8217;s Cup was celebrated in Barcelona\",\"datePublished\":\"2024-08-28T14:11:44+00:00\",\"mainEntityOfPage\":{\"@id\":\"https:\\\/\\\/highxtar.com\\\/en\\\/how-the-louis-vuitton-americas-cup-was-celebrated-in-barcelona\\\/\"},\"wordCount\":165,\"commentCount\":0,\"publisher\":{\"@id\":\"https:\\\/\\\/highxtar.com\\\/#organization\"},\"image\":{\"@id\":\"https:\\\/\\\/highxtar.com\\\/en\\\/how-the-louis-vuitton-americas-cup-was-celebrated-in-barcelona\\\/#primaryimage\"},\"thumbnailUrl\":\"https:\\\/\\\/highxtar.com\\\/wp-content\\\/uploads\\\/2024\\\/08\\\/thumb-lv-americas-cup-barcelona-2024.jpg\",\"keywords\":[\"Barcelona\",\"Louis Vuitton\"],\"articleSection\":[\"Fashion\"],\"inLanguage\":\"en-US\",\"potentialAction\":[{\"@type\":\"CommentAction\",\"name\":\"Comment\",\"target\":[\"https:\\\/\\\/highxtar.com\\\/en\\\/how-the-louis-vuitton-americas-cup-was-celebrated-in-barcelona\\\/#respond\"]}],\"copyrightYear\":\"2024\",\"copyrightHolder\":{\"@id\":\"https:\\\/\\\/highxtar.com\\\/#organization\"}},{\"@type\":\"WebPage\",\"@id\":\"https:\\\/\\\/highxtar.com\\\/en\\\/how-the-louis-vuitton-americas-cup-was-celebrated-in-barcelona\\\/\",\"url\":\"https:\\\/\\\/highxtar.com\\\/en\\\/how-the-louis-vuitton-americas-cup-was-celebrated-in-barcelona\\\/\",\"name\":\"How the Louis Vuitton America's Cup was celebrated in Barcelona - HIGHXTAR.\",\"isPartOf\":{\"@id\":\"https:\\\/\\\/highxtar.com\\\/#website\"},\"primaryImageOfPage\":{\"@id\":\"https:\\\/\\\/highxtar.com\\\/en\\\/how-the-louis-vuitton-americas-cup-was-celebrated-in-barcelona\\\/#primaryimage\"},\"image\":{\"@id\":\"https:\\\/\\\/highxtar.com\\\/en\\\/how-the-louis-vuitton-americas-cup-was-celebrated-in-barcelona\\\/#primaryimage\"},\"thumbnailUrl\":\"https:\\\/\\\/highxtar.com\\\/wp-content\\\/uploads\\\/2024\\\/08\\\/thumb-lv-americas-cup-barcelona-2024.jpg\",\"datePublished\":\"2024-08-28T14:11:44+00:00\",\"description\":\"Among the attendees were Mar\u00eda Pedraza, Greta Fern\u00e1ndez, Miguel Bernardeau, Nina Urgell and Gala Gonz\u00e1lez.\",\"breadcrumb\":{\"@id\":\"https:\\\/\\\/highxtar.com\\\/en\\\/how-the-louis-vuitton-americas-cup-was-celebrated-in-barcelona\\\/#breadcrumb\"},\"inLanguage\":\"en-US\",\"potentialAction\":[{\"@type\":\"ReadAction\",\"target\":[\"https:\\\/\\\/highxtar.com\\\/en\\\/how-the-louis-vuitton-americas-cup-was-celebrated-in-barcelona\\\/\"]}]},{\"@type\":\"ImageObject\",\"inLanguage\":\"en-US\",\"@id\":\"https:\\\/\\\/highxtar.com\\\/en\\\/how-the-louis-vuitton-americas-cup-was-celebrated-in-barcelona\\\/#primaryimage\",\"url\":\"https:\\\/\\\/highxtar.com\\\/wp-content\\\/uploads\\\/2024\\\/08\\\/thumb-lv-americas-cup-barcelona-2024.jpg\",\"contentUrl\":\"https:\\\/\\\/highxtar.com\\\/wp-content\\\/uploads\\\/2024\\\/08\\\/thumb-lv-americas-cup-barcelona-2024.jpg\",\"width\":1600,\"height\":1200},{\"@type\":\"BreadcrumbList\",\"@id\":\"https:\\\/\\\/highxtar.com\\\/en\\\/how-the-louis-vuitton-americas-cup-was-celebrated-in-barcelona\\\/#breadcrumb\",\"itemListElement\":[{\"@type\":\"ListItem\",\"position\":1,\"name\":\"Home\",\"item\":\"https:\\\/\\\/highxtar.com\\\/en\\\/\"},{\"@type\":\"ListItem\",\"position\":2,\"name\":\"How the Louis Vuitton America&#8217;s Cup was celebrated in Barcelona\"}]},{\"@type\":\"WebSite\",\"@id\":\"https:\\\/\\\/highxtar.com\\\/#website\",\"url\":\"https:\\\/\\\/highxtar.com\\\/\",\"name\":\"HIGHXTAR.\",\"description\":\"HIGHXTAR. es la voz latina de la moda y el streetwear. Devotos de las cosas que hacen la vida urbana excitante: Moda, M\u00fasica, Lifestyle, Arte &amp; Dise\u00f1o.\",\"publisher\":{\"@id\":\"https:\\\/\\\/highxtar.com\\\/#organization\"},\"potentialAction\":[{\"@type\":\"SearchAction\",\"target\":{\"@type\":\"EntryPoint\",\"urlTemplate\":\"https:\\\/\\\/highxtar.com\\\/?s={search_term_string}\"},\"query-input\":{\"@type\":\"PropertyValueSpecification\",\"valueRequired\":true,\"valueName\":\"search_term_string\"}}],\"inLanguage\":\"en-US\"},{\"@type\":\"Organization\",\"@id\":\"https:\\\/\\\/highxtar.com\\\/#organization\",\"name\":\"HIGHXTAR.\",\"url\":\"https:\\\/\\\/highxtar.com\\\/\",\"logo\":{\"@type\":\"ImageObject\",\"inLanguage\":\"en-US\",\"@id\":\"https:\\\/\\\/highxtar.com\\\/#\\\/schema\\\/logo\\\/image\\\/\",\"url\":\"https:\\\/\\\/highxtar.com\\\/wp-content\\\/uploads\\\/2016\\\/03\\\/HIGHXTAR_com_Favicon_2019.jpg\",\"contentUrl\":\"https:\\\/\\\/highxtar.com\\\/wp-content\\\/uploads\\\/2016\\\/03\\\/HIGHXTAR_com_Favicon_2019.jpg\",\"width\":1200,\"height\":1200,\"caption\":\"HIGHXTAR.\"},\"image\":{\"@id\":\"https:\\\/\\\/highxtar.com\\\/#\\\/schema\\\/logo\\\/image\\\/\"},\"sameAs\":[\"https:\\\/\\\/www.facebook.com\\\/highxtar\",\"https:\\\/\\\/x.com\\\/highxtar_\",\"https:\\\/\\\/www.instagram.com\\\/highxtar\",\"https:\\\/\\\/www.tiktok.com\\\/@highxtar\",\"https:\\\/\\\/www.youtube.com\\\/c\\\/highxtarofficial\",\"https:\\\/\\\/open.spotify.com\\\/user\\\/highxtar\"]},{\"@type\":\"Person\",\"@id\":\"https:\\\/\\\/highxtar.com\\\/#\\\/schema\\\/person\\\/03620ade40f456fa32f3e8fbf1a6f07c\",\"name\":\"Paloma Molinos\",\"description\":\"Head of Content &amp; Project Manager p.molinos@highxtar.com\",\"url\":\"https:\\\/\\\/highxtar.com\\\/en\\\/author\\\/palomamolinos\\\/\"}]}<\/script>\n<!-- \/ Yoast SEO Premium plugin. -->","yoast_head_json":{"title":"How the Louis Vuitton America's Cup was celebrated in Barcelona - HIGHXTAR.","description":"Among the attendees were Mar\u00eda Pedraza, Greta Fern\u00e1ndez, Miguel Bernardeau, Nina Urgell and Gala Gonz\u00e1lez.","robots":{"index":"index","follow":"follow","max-snippet":"max-snippet:-1","max-image-preview":"max-image-preview:large","max-video-preview":"max-video-preview:-1"},"canonical":"https:\/\/highxtar.com\/en\/how-the-louis-vuitton-americas-cup-was-celebrated-in-barcelona\/","og_locale":"en_US","og_type":"article","og_title":"How the Louis Vuitton America's Cup was celebrated in Barcelona","og_description":"Among the attendees were Mar\u00eda Pedraza, Greta Fern\u00e1ndez, Miguel Bernardeau, Nina Urgell and Gala Gonz\u00e1lez.","og_url":"https:\/\/highxtar.com\/en\/how-the-louis-vuitton-americas-cup-was-celebrated-in-barcelona\/","og_site_name":"HIGHXTAR.","article_publisher":"https:\/\/www.facebook.com\/highxtar","article_published_time":"2024-08-28T14:11:44+00:00","og_image":[{"width":1600,"height":1200,"url":"https:\/\/highxtar.com\/wp-content\/uploads\/2024\/08\/thumb-lv-americas-cup-barcelona-2024.jpg","type":"image\/jpeg"}],"author":"Paloma Molinos","twitter_card":"summary_large_image","twitter_creator":"@highxtar_","twitter_site":"@highxtar_","twitter_misc":{"Written by":"Paloma Molinos","Est. reading time":"4 minutes"},"schema":{"@context":"https:\/\/schema.org","@graph":[{"@type":"Article","@id":"https:\/\/highxtar.com\/en\/how-the-louis-vuitton-americas-cup-was-celebrated-in-barcelona\/#article","isPartOf":{"@id":"https:\/\/highxtar.com\/en\/how-the-louis-vuitton-americas-cup-was-celebrated-in-barcelona\/"},"author":{"name":"Paloma Molinos","@id":"https:\/\/highxtar.com\/#\/schema\/person\/03620ade40f456fa32f3e8fbf1a6f07c"},"headline":"How the Louis Vuitton America&#8217;s Cup was celebrated in Barcelona","datePublished":"2024-08-28T14:11:44+00:00","mainEntityOfPage":{"@id":"https:\/\/highxtar.com\/en\/how-the-louis-vuitton-americas-cup-was-celebrated-in-barcelona\/"},"wordCount":165,"commentCount":0,"publisher":{"@id":"https:\/\/highxtar.com\/#organization"},"image":{"@id":"https:\/\/highxtar.com\/en\/how-the-louis-vuitton-americas-cup-was-celebrated-in-barcelona\/#primaryimage"},"thumbnailUrl":"https:\/\/highxtar.com\/wp-content\/uploads\/2024\/08\/thumb-lv-americas-cup-barcelona-2024.jpg","keywords":["Barcelona","Louis Vuitton"],"articleSection":["Fashion"],"inLanguage":"en-US","potentialAction":[{"@type":"CommentAction","name":"Comment","target":["https:\/\/highxtar.com\/en\/how-the-louis-vuitton-americas-cup-was-celebrated-in-barcelona\/#respond"]}],"copyrightYear":"2024","copyrightHolder":{"@id":"https:\/\/highxtar.com\/#organization"}},{"@type":"WebPage","@id":"https:\/\/highxtar.com\/en\/how-the-louis-vuitton-americas-cup-was-celebrated-in-barcelona\/","url":"https:\/\/highxtar.com\/en\/how-the-louis-vuitton-americas-cup-was-celebrated-in-barcelona\/","name":"How the Louis Vuitton America's Cup was celebrated in Barcelona - HIGHXTAR.","isPartOf":{"@id":"https:\/\/highxtar.com\/#website"},"primaryImageOfPage":{"@id":"https:\/\/highxtar.com\/en\/how-the-louis-vuitton-americas-cup-was-celebrated-in-barcelona\/#primaryimage"},"image":{"@id":"https:\/\/highxtar.com\/en\/how-the-louis-vuitton-americas-cup-was-celebrated-in-barcelona\/#primaryimage"},"thumbnailUrl":"https:\/\/highxtar.com\/wp-content\/uploads\/2024\/08\/thumb-lv-americas-cup-barcelona-2024.jpg","datePublished":"2024-08-28T14:11:44+00:00","description":"Among the attendees were Mar\u00eda Pedraza, Greta Fern\u00e1ndez, Miguel Bernardeau, Nina Urgell and Gala Gonz\u00e1lez.","breadcrumb":{"@id":"https:\/\/highxtar.com\/en\/how-the-louis-vuitton-americas-cup-was-celebrated-in-barcelona\/#breadcrumb"},"inLanguage":"en-US","potentialAction":[{"@type":"ReadAction","target":["https:\/\/highxtar.com\/en\/how-the-louis-vuitton-americas-cup-was-celebrated-in-barcelona\/"]}]},{"@type":"ImageObject","inLanguage":"en-US","@id":"https:\/\/highxtar.com\/en\/how-the-louis-vuitton-americas-cup-was-celebrated-in-barcelona\/#primaryimage","url":"https:\/\/highxtar.com\/wp-content\/uploads\/2024\/08\/thumb-lv-americas-cup-barcelona-2024.jpg","contentUrl":"https:\/\/highxtar.com\/wp-content\/uploads\/2024\/08\/thumb-lv-americas-cup-barcelona-2024.jpg","width":1600,"height":1200},{"@type":"BreadcrumbList","@id":"https:\/\/highxtar.com\/en\/how-the-louis-vuitton-americas-cup-was-celebrated-in-barcelona\/#breadcrumb","itemListElement":[{"@type":"ListItem","position":1,"name":"Home","item":"https:\/\/highxtar.com\/en\/"},{"@type":"ListItem","position":2,"name":"How the Louis Vuitton America&#8217;s Cup was celebrated in Barcelona"}]},{"@type":"WebSite","@id":"https:\/\/highxtar.com\/#website","url":"https:\/\/highxtar.com\/","name":"HIGHXTAR.","description":"HIGHXTAR. es la voz latina de la moda y el streetwear. Devotos de las cosas que hacen la vida urbana excitante: Moda, M\u00fasica, Lifestyle, Arte &amp; Dise\u00f1o.","publisher":{"@id":"https:\/\/highxtar.com\/#organization"},"potentialAction":[{"@type":"SearchAction","target":{"@type":"EntryPoint","urlTemplate":"https:\/\/highxtar.com\/?s={search_term_string}"},"query-input":{"@type":"PropertyValueSpecification","valueRequired":true,"valueName":"search_term_string"}}],"inLanguage":"en-US"},{"@type":"Organization","@id":"https:\/\/highxtar.com\/#organization","name":"HIGHXTAR.","url":"https:\/\/highxtar.com\/","logo":{"@type":"ImageObject","inLanguage":"en-US","@id":"https:\/\/highxtar.com\/#\/schema\/logo\/image\/","url":"https:\/\/highxtar.com\/wp-content\/uploads\/2016\/03\/HIGHXTAR_com_Favicon_2019.jpg","contentUrl":"https:\/\/highxtar.com\/wp-content\/uploads\/2016\/03\/HIGHXTAR_com_Favicon_2019.jpg","width":1200,"height":1200,"caption":"HIGHXTAR."},"image":{"@id":"https:\/\/highxtar.com\/#\/schema\/logo\/image\/"},"sameAs":["https:\/\/www.facebook.com\/highxtar","https:\/\/x.com\/highxtar_","https:\/\/www.instagram.com\/highxtar","https:\/\/www.tiktok.com\/@highxtar","https:\/\/www.youtube.com\/c\/highxtarofficial","https:\/\/open.spotify.com\/user\/highxtar"]},{"@type":"Person","@id":"https:\/\/highxtar.com\/#\/schema\/person\/03620ade40f456fa32f3e8fbf1a6f07c","name":"Paloma Molinos","description":"Head of Content &amp; Project Manager p.molinos@highxtar.com","url":"https:\/\/highxtar.com\/en\/author\/palomamolinos\/"}]}},"_links":{"self":[{"href":"https:\/\/highxtar.com\/en\/wp-json\/wp\/v2\/posts\/466189","targetHints":{"allow":["GET"]}}],"collection":[{"href":"https:\/\/highxtar.com\/en\/wp-json\/wp\/v2\/posts"}],"about":[{"href":"https:\/\/highxtar.com\/en\/wp-json\/wp\/v2\/types\/post"}],"author":[{"embeddable":true,"href":"https:\/\/highxtar.com\/en\/wp-json\/wp\/v2\/users\/27"}],"replies":[{"embeddable":true,"href":"https:\/\/highxtar.com\/en\/wp-json\/wp\/v2\/comments?post=466189"}],"version-history":[{"count":1,"href":"https:\/\/highxtar.com\/en\/wp-json\/wp\/v2\/posts\/466189\/revisions"}],"predecessor-version":[{"id":466190,"href":"https:\/\/highxtar.com\/en\/wp-json\/wp\/v2\/posts\/466189\/revisions\/466190"}],"wp:featuredmedia":[{"embeddable":true,"href":"https:\/\/highxtar.com\/en\/wp-json\/wp\/v2\/media\/466187"}],"wp:attachment":[{"href":"https:\/\/highxtar.com\/en\/wp-json\/wp\/v2\/media?parent=466189"}],"wp:term":[{"taxonomy":"category","embeddable":true,"href":"https:\/\/highxtar.com\/en\/wp-json\/wp\/v2\/categories?post=466189"},{"taxonomy":"post_tag","embeddable":true,"href":"https:\/\/highxtar.com\/en\/wp-json\/wp\/v2\/tags?post=466189"}],"curies":[{"name":"wp","href":"https:\/\/api.w.org\/{rel}","templated":true}]}}