{"id":468019,"date":"2024-09-09T12:15:43","date_gmt":"2024-09-09T10:15:43","guid":{"rendered":"https:\/\/highxtar.com\/?p=468019"},"modified":"2024-09-09T12:15:43","modified_gmt":"2024-09-09T10:15:43","slug":"loreal-paris-to-hold-its-fashion-show-open-to-the-public-at-the-paris-opera-house","status":"publish","type":"post","link":"https:\/\/highxtar.com\/en\/loreal-paris-to-hold-its-fashion-show-open-to-the-public-at-the-paris-opera-house\/","title":{"rendered":"L&#8217;Or\u00e9al Paris to hold its fashion show open to the public at the Paris Opera House"},"content":{"rendered":"\n<p><a href=\"https:\/\/www.loreal-paris.es\/?gad_source=1&amp;gbraid=0AAAAAC_2hbm0rhATf-cCeroaOsRdQmBzv&amp;gclid=CjwKCAjwufq2BhAmEiwAnZqw8mFOUDX099SK16tqO-n93c13G-CtCWXe-5aAsaC0CtXI9c_l82puzRoC1O8QAvD_BwE\"><strong>L&#8217;Or\u00e9al Paris<\/strong><\/a> invites us to celebrate women&#8217;s empowerment, inclusivity and sisterhood at the Place de l&#8217;Op\u00e9ra, welcoming the brand&#8217;s family of spokeswomen, fashion designers and beauty experts, who will come together to make a feminine and feminist statement. In front of the world&#8217;s most famous opera house, home of the free-spirited Carmen and the rebellious Juliet, Le D\u00e9fil\u00e9 L&#8217;Or\u00e9al Paris will be a display of extraordinary femininity and exquisite looks. This significant event will be open and streamed live on Instagram, the brand&#8217;s website and Roblox.<\/p>\n\n\n\n<p>The brand&#8217;s international spokeswomen, a representation of diversity and inclusion, who will take to the catwalk will include Le\u00efla Bekhti, Alia Bhatt, Marie Bochet, Cindy Bruna, Viola Davis, Jane Fonda, Luma Grothe, Kendall Jenner, Liya Kebede, Aja Naomi King, Eva Longoria, Andie MacDowell, Aishwarya Rai, Bebe Vio and Yseult. They will be joined by other inspirational women, spokeswomen from different countries and influencers, to convey, all together, a strong message of empowered beauty. Representing Spain, Lola Moreno, known as Lola Lolita, will take to the catwalk for the third time.<\/p>\n\n\n\n<p>In the city of Madrid, the streaming of Le D\u00e9fil\u00e9 can be followed on the screens of the cinemas in Plaza de Callao. The brand, in its desire to unite and democratise the world of beauty and fashion, will organise a live viewing that will be accompanied by a giant Eiffel Tower where attendees will be able to take photos. All those who come will also be able to try out the brand&#8217;s new products in a space set up by L&#8217;Or\u00e9al Paris, where make-up artists will show the new trends that will set the tone for the coming months.<\/p>\n\n\n\n<figure class=\"wp-block-embed is-type-rich is-provider-instagram wp-block-embed-instagram\"><div class=\"wp-block-embed__wrapper\">\n<div class=\"sbi-embed-wrap\"><blockquote class=\"instagram-media sbi-embed\" data-instgrm-captioned data-instgrm-permalink=\"https:\/\/www.instagram.com\/p\/C_nQwC1Mbsy\/?utm_source=ig_embed&amp;utm_campaign=loading\" data-instgrm-version=\"14\" style=\" background:#FFF; border:0; border-radius:3px; box-shadow:0 0 1px 0 rgba(0,0,0,0.5),0 1px 10px 0 rgba(0,0,0,0.15); margin: 1px; max-width:640px; min-width:326px; padding:0; width:99.375%; width:-webkit-calc(100% - 2px); width:calc(100% - 2px);\"><div style=\"padding:16px;\"> <a href=\"https:\/\/www.instagram.com\/p\/C_nQwC1Mbsy\/?utm_source=ig_embed&amp;utm_campaign=loading\" style=\" background:#FFFFFF; line-height:0; padding:0 0; text-align:center; text-decoration:none; width:100%;\" target=\"_blank\"> <div style=\" display: flex; flex-direction: row; align-items: center;\"> <div style=\"background-color: #F4F4F4; border-radius: 50%; flex-grow: 0; height: 40px; margin-right: 14px; width: 40px;\"><\/div> <div style=\"display: flex; flex-direction: column; flex-grow: 1; justify-content: center;\"> <div style=\" background-color: #F4F4F4; border-radius: 4px; flex-grow: 0; height: 14px; margin-bottom: 6px; width: 100px;\"><\/div> <div style=\" background-color: #F4F4F4; border-radius: 4px; flex-grow: 0; height: 14px; width: 60px;\"><\/div><\/div><\/div><div style=\"padding: 19% 0;\"><\/div> <div style=\"display:block; height:50px; margin:0 auto 12px; width:50px;\"><svg width=\"50px\" height=\"50px\" viewBox=\"0 0 60 60\" version=\"1.1\" xmlns=\"https:\/\/www.w3.org\/2000\/svg\" xmlns:xlink=\"https:\/\/www.w3.org\/1999\/xlink\"><g stroke=\"none\" stroke-width=\"1\" fill=\"none\" fill-rule=\"evenodd\"><g transform=\"translate(-511.000000, -20.000000)\" fill=\"#000000\"><g><path d=\"M556.869,30.41 C554.814,30.41 553.148,32.076 553.148,34.131 C553.148,36.186 554.814,37.852 556.869,37.852 C558.924,37.852 560.59,36.186 560.59,34.131 C560.59,32.076 558.924,30.41 556.869,30.41 M541,60.657 C535.114,60.657 530.342,55.887 530.342,50 C530.342,44.114 535.114,39.342 541,39.342 C546.887,39.342 551.658,44.114 551.658,50 C551.658,55.887 546.887,60.657 541,60.657 M541,33.886 C532.1,33.886 524.886,41.1 524.886,50 C524.886,58.899 532.1,66.113 541,66.113 C549.9,66.113 557.115,58.899 557.115,50 C557.115,41.1 549.9,33.886 541,33.886 M565.378,62.101 C565.244,65.022 564.756,66.606 564.346,67.663 C563.803,69.06 563.154,70.057 562.106,71.106 C561.058,72.155 560.06,72.803 558.662,73.347 C557.607,73.757 556.021,74.244 553.102,74.378 C549.944,74.521 548.997,74.552 541,74.552 C533.003,74.552 532.056,74.521 528.898,74.378 C525.979,74.244 524.393,73.757 523.338,73.347 C521.94,72.803 520.942,72.155 519.894,71.106 C518.846,70.057 518.197,69.06 517.654,67.663 C517.244,66.606 516.755,65.022 516.623,62.101 C516.479,58.943 516.448,57.996 516.448,50 C516.448,42.003 516.479,41.056 516.623,37.899 C516.755,34.978 517.244,33.391 517.654,32.338 C518.197,30.938 518.846,29.942 519.894,28.894 C520.942,27.846 521.94,27.196 523.338,26.654 C524.393,26.244 525.979,25.756 528.898,25.623 C532.057,25.479 533.004,25.448 541,25.448 C548.997,25.448 549.943,25.479 553.102,25.623 C556.021,25.756 557.607,26.244 558.662,26.654 C560.06,27.196 561.058,27.846 562.106,28.894 C563.154,29.942 563.803,30.938 564.346,32.338 C564.756,33.391 565.244,34.978 565.378,37.899 C565.522,41.056 565.552,42.003 565.552,50 C565.552,57.996 565.522,58.943 565.378,62.101 M570.82,37.631 C570.674,34.438 570.167,32.258 569.425,30.349 C568.659,28.377 567.633,26.702 565.965,25.035 C564.297,23.368 562.623,22.342 560.652,21.575 C558.743,20.834 556.562,20.326 553.369,20.18 C550.169,20.033 549.148,20 541,20 C532.853,20 531.831,20.033 528.631,20.18 C525.438,20.326 523.257,20.834 521.349,21.575 C519.376,22.342 517.703,23.368 516.035,25.035 C514.368,26.702 513.342,28.377 512.574,30.349 C511.834,32.258 511.326,34.438 511.181,37.631 C511.035,40.831 511,41.851 511,50 C511,58.147 511.035,59.17 511.181,62.369 C511.326,65.562 511.834,67.743 512.574,69.651 C513.342,71.625 514.368,73.296 516.035,74.965 C517.703,76.634 519.376,77.658 521.349,78.425 C523.257,79.167 525.438,79.673 528.631,79.82 C531.831,79.965 532.853,80.001 541,80.001 C549.148,80.001 550.169,79.965 553.369,79.82 C556.562,79.673 558.743,79.167 560.652,78.425 C562.623,77.658 564.297,76.634 565.965,74.965 C567.633,73.296 568.659,71.625 569.425,69.651 C570.167,67.743 570.674,65.562 570.82,62.369 C570.966,59.17 571,58.147 571,50 C571,41.851 570.966,40.831 570.82,37.631\"><\/path><\/g><\/g><\/g><\/svg><\/div><div style=\"padding-top: 8px;\"> <div style=\" color:#3897f0; font-family:Arial,sans-serif; font-size:14px; font-style:normal; font-weight:550; line-height:18px;\">View this post on Instagram<\/div><\/div><div style=\"padding: 12.5% 0;\"><\/div> <div style=\"display: flex; flex-direction: row; margin-bottom: 14px; align-items: center;\"><div> <div style=\"background-color: #F4F4F4; border-radius: 50%; height: 12.5px; width: 12.5px; transform: translateX(0px) translateY(7px);\"><\/div> <div style=\"background-color: #F4F4F4; height: 12.5px; transform: rotate(-45deg) translateX(3px) translateY(1px); width: 12.5px; flex-grow: 0; margin-right: 14px; margin-left: 2px;\"><\/div> <div style=\"background-color: #F4F4F4; border-radius: 50%; height: 12.5px; width: 12.5px; transform: translateX(9px) translateY(-18px);\"><\/div><\/div><div style=\"margin-left: 8px;\"> <div style=\" background-color: #F4F4F4; border-radius: 50%; flex-grow: 0; height: 20px; width: 20px;\"><\/div> <div style=\" width: 0; height: 0; border-top: 2px solid transparent; border-left: 6px solid #f4f4f4; border-bottom: 2px solid transparent; transform: translateX(16px) translateY(-4px) rotate(30deg)\"><\/div><\/div><div style=\"margin-left: auto;\"> <div style=\" width: 0px; border-top: 8px solid #F4F4F4; border-right: 8px solid transparent; transform: translateY(16px);\"><\/div> <div style=\" background-color: #F4F4F4; flex-grow: 0; height: 12px; width: 16px; transform: translateY(-4px);\"><\/div> <div style=\" width: 0; height: 0; border-top: 8px solid #F4F4F4; border-left: 8px solid transparent; transform: translateY(-4px) translateX(8px);\"><\/div><\/div><\/div> <div style=\"display: flex; flex-direction: column; flex-grow: 1; justify-content: center; margin-bottom: 24px;\"> <div style=\" background-color: #F4F4F4; border-radius: 4px; flex-grow: 0; height: 14px; margin-bottom: 6px; width: 224px;\"><\/div> <div style=\" background-color: #F4F4F4; border-radius: 4px; flex-grow: 0; height: 14px; width: 144px;\"><\/div><\/div><\/a><p style=\" color:#c9c8cd; font-family:Arial,sans-serif; font-size:14px; line-height:17px; margin-bottom:0; margin-top:8px; overflow:hidden; padding:8px 0 7px; text-align:center; text-overflow:ellipsis; white-space:nowrap;\"><a href=\"https:\/\/www.instagram.com\/p\/C_nQwC1Mbsy\/?utm_source=ig_embed&amp;utm_campaign=loading\" style=\" color:#c9c8cd; font-family:Arial,sans-serif; font-size:14px; font-style:normal; font-weight:normal; line-height:17px; text-decoration:none;\" target=\"_blank\">A post shared by L&#39;Ore\u0301al Paris Official (@lorealparis)<\/a><\/p><\/div><\/blockquote><script async src=\"\/\/platform.instagram.com\/en_US\/embeds.js\"><\/script><\/div>\n<\/div><\/figure>\n\n\n\n<p>And before the fashion show, there will be a surprise in the Plaza de Callao. Are you ready?<\/p>\n\n\n\n<p><a href=\"https:\/\/highxtar.com\/seis-labiales-de-loreal-paris-para-celebrar-el-lipstick-day\/\"><strong>We tell you our favourites from L&#8217;Oreal Paris.<\/strong><\/a><\/p>\n","protected":false},"excerpt":{"rendered":"<p>For the seventh time since 2017, Le D\u00e9fil\u00e9 \u2018Desfila tu Val\u00eda\u2019 will celebrate sisterhood, as well as the union between excellence in beauty and fashion.<\/p>\n","protected":false},"author":22,"featured_media":468016,"comment_status":"open","ping_status":"closed","sticky":false,"template":"","format":"standard","meta":{"_acf_changed":false,"footnotes":""},"categories":[1982],"tags":[],"class_list":["post-468019","post","type-post","status-publish","format-standard","has-post-thumbnail","hentry","category-beauty-en"],"acf":[],"yoast_head":"<!-- This site is optimized with the Yoast SEO Premium plugin  - https:\/\/yoast.com\/product\/yoast-seo-premium-wordpress\/ -->\n<title>L&#039;Or\u00e9al Paris to hold its fashion show open to the public at the Paris Opera House - HIGHXTAR.<\/title>\n<meta name=\"description\" content=\"For the seventh time since 2017, Le D\u00e9fil\u00e9 \u2018Desfila tu Val\u00eda\u2019 will celebrate sisterhood, as well as the union between excellence in beauty and fashion.\" \/>\n<meta name=\"robots\" content=\"index, follow, max-snippet:-1, max-image-preview:large, max-video-preview:-1\" \/>\n<link rel=\"canonical\" href=\"https:\/\/highxtar.com\/en\/loreal-paris-to-hold-its-fashion-show-open-to-the-public-at-the-paris-opera-house\/\" \/>\n<meta property=\"og:locale\" content=\"en_US\" \/>\n<meta property=\"og:type\" content=\"article\" \/>\n<meta property=\"og:title\" content=\"L&#039;Or\u00e9al Paris to hold its fashion show open to the public at the Paris Opera House\" \/>\n<meta property=\"og:description\" content=\"For the seventh time since 2017, Le D\u00e9fil\u00e9 \u2018Desfila tu Val\u00eda\u2019 will celebrate sisterhood, as well as the union between excellence in beauty and fashion.\" \/>\n<meta property=\"og:url\" content=\"https:\/\/highxtar.com\/en\/loreal-paris-to-hold-its-fashion-show-open-to-the-public-at-the-paris-opera-house\/\" \/>\n<meta property=\"og:site_name\" content=\"HIGHXTAR.\" \/>\n<meta property=\"article:publisher\" content=\"https:\/\/www.facebook.com\/highxtar\" \/>\n<meta property=\"article:published_time\" content=\"2024-09-09T10:15:43+00:00\" \/>\n<meta property=\"og:image\" content=\"https:\/\/highxtar.com\/wp-content\/uploads\/2024\/09\/highxtar-loreal-paris-1.jpg\" \/>\n\t<meta property=\"og:image:width\" content=\"1600\" \/>\n\t<meta property=\"og:image:height\" content=\"1200\" \/>\n\t<meta property=\"og:image:type\" content=\"image\/jpeg\" \/>\n<meta name=\"author\" content=\"Mar Piera\" \/>\n<meta name=\"twitter:card\" content=\"summary_large_image\" \/>\n<meta name=\"twitter:creator\" content=\"@highxtar_\" \/>\n<meta name=\"twitter:site\" content=\"@highxtar_\" \/>\n<meta name=\"twitter:label1\" content=\"Written by\" \/>\n\t<meta name=\"twitter:data1\" content=\"Mar Piera\" \/>\n\t<meta name=\"twitter:label2\" content=\"Est. reading time\" \/>\n\t<meta name=\"twitter:data2\" content=\"2 minutes\" \/>\n<script type=\"application\/ld+json\" class=\"yoast-schema-graph\">{\"@context\":\"https:\\\/\\\/schema.org\",\"@graph\":[{\"@type\":\"Article\",\"@id\":\"https:\\\/\\\/highxtar.com\\\/en\\\/loreal-paris-to-hold-its-fashion-show-open-to-the-public-at-the-paris-opera-house\\\/#article\",\"isPartOf\":{\"@id\":\"https:\\\/\\\/highxtar.com\\\/en\\\/loreal-paris-to-hold-its-fashion-show-open-to-the-public-at-the-paris-opera-house\\\/\"},\"author\":{\"name\":\"Mar Piera\",\"@id\":\"https:\\\/\\\/highxtar.com\\\/#\\\/schema\\\/person\\\/861b5d1b459a894df367f295d952c789\"},\"headline\":\"L&#8217;Or\u00e9al Paris to hold its fashion show open to the public at the Paris Opera House\",\"datePublished\":\"2024-09-09T10:15:43+00:00\",\"mainEntityOfPage\":{\"@id\":\"https:\\\/\\\/highxtar.com\\\/en\\\/loreal-paris-to-hold-its-fashion-show-open-to-the-public-at-the-paris-opera-house\\\/\"},\"wordCount\":346,\"commentCount\":0,\"publisher\":{\"@id\":\"https:\\\/\\\/highxtar.com\\\/#organization\"},\"image\":{\"@id\":\"https:\\\/\\\/highxtar.com\\\/en\\\/loreal-paris-to-hold-its-fashion-show-open-to-the-public-at-the-paris-opera-house\\\/#primaryimage\"},\"thumbnailUrl\":\"https:\\\/\\\/highxtar.com\\\/wp-content\\\/uploads\\\/2024\\\/09\\\/highxtar-loreal-paris-1.jpg\",\"articleSection\":[\"Beauty\"],\"inLanguage\":\"en-US\",\"potentialAction\":[{\"@type\":\"CommentAction\",\"name\":\"Comment\",\"target\":[\"https:\\\/\\\/highxtar.com\\\/en\\\/loreal-paris-to-hold-its-fashion-show-open-to-the-public-at-the-paris-opera-house\\\/#respond\"]}],\"copyrightYear\":\"2024\",\"copyrightHolder\":{\"@id\":\"https:\\\/\\\/highxtar.com\\\/#organization\"}},{\"@type\":\"WebPage\",\"@id\":\"https:\\\/\\\/highxtar.com\\\/en\\\/loreal-paris-to-hold-its-fashion-show-open-to-the-public-at-the-paris-opera-house\\\/\",\"url\":\"https:\\\/\\\/highxtar.com\\\/en\\\/loreal-paris-to-hold-its-fashion-show-open-to-the-public-at-the-paris-opera-house\\\/\",\"name\":\"L'Or\u00e9al Paris to hold its fashion show open to the public at the Paris Opera House - HIGHXTAR.\",\"isPartOf\":{\"@id\":\"https:\\\/\\\/highxtar.com\\\/#website\"},\"primaryImageOfPage\":{\"@id\":\"https:\\\/\\\/highxtar.com\\\/en\\\/loreal-paris-to-hold-its-fashion-show-open-to-the-public-at-the-paris-opera-house\\\/#primaryimage\"},\"image\":{\"@id\":\"https:\\\/\\\/highxtar.com\\\/en\\\/loreal-paris-to-hold-its-fashion-show-open-to-the-public-at-the-paris-opera-house\\\/#primaryimage\"},\"thumbnailUrl\":\"https:\\\/\\\/highxtar.com\\\/wp-content\\\/uploads\\\/2024\\\/09\\\/highxtar-loreal-paris-1.jpg\",\"datePublished\":\"2024-09-09T10:15:43+00:00\",\"description\":\"For the seventh time since 2017, Le D\u00e9fil\u00e9 \u2018Desfila tu Val\u00eda\u2019 will celebrate sisterhood, as well as the union between excellence in beauty and fashion.\",\"breadcrumb\":{\"@id\":\"https:\\\/\\\/highxtar.com\\\/en\\\/loreal-paris-to-hold-its-fashion-show-open-to-the-public-at-the-paris-opera-house\\\/#breadcrumb\"},\"inLanguage\":\"en-US\",\"potentialAction\":[{\"@type\":\"ReadAction\",\"target\":[\"https:\\\/\\\/highxtar.com\\\/en\\\/loreal-paris-to-hold-its-fashion-show-open-to-the-public-at-the-paris-opera-house\\\/\"]}]},{\"@type\":\"ImageObject\",\"inLanguage\":\"en-US\",\"@id\":\"https:\\\/\\\/highxtar.com\\\/en\\\/loreal-paris-to-hold-its-fashion-show-open-to-the-public-at-the-paris-opera-house\\\/#primaryimage\",\"url\":\"https:\\\/\\\/highxtar.com\\\/wp-content\\\/uploads\\\/2024\\\/09\\\/highxtar-loreal-paris-1.jpg\",\"contentUrl\":\"https:\\\/\\\/highxtar.com\\\/wp-content\\\/uploads\\\/2024\\\/09\\\/highxtar-loreal-paris-1.jpg\",\"width\":1600,\"height\":1200},{\"@type\":\"BreadcrumbList\",\"@id\":\"https:\\\/\\\/highxtar.com\\\/en\\\/loreal-paris-to-hold-its-fashion-show-open-to-the-public-at-the-paris-opera-house\\\/#breadcrumb\",\"itemListElement\":[{\"@type\":\"ListItem\",\"position\":1,\"name\":\"Home\",\"item\":\"https:\\\/\\\/highxtar.com\\\/en\\\/\"},{\"@type\":\"ListItem\",\"position\":2,\"name\":\"L&#8217;Or\u00e9al Paris to hold its fashion show open to the public at the Paris Opera House\"}]},{\"@type\":\"WebSite\",\"@id\":\"https:\\\/\\\/highxtar.com\\\/#website\",\"url\":\"https:\\\/\\\/highxtar.com\\\/\",\"name\":\"HIGHXTAR.\",\"description\":\"HIGHXTAR. es la voz latina de la moda y el streetwear. Devotos de las cosas que hacen la vida urbana excitante: Moda, M\u00fasica, Lifestyle, Arte &amp; Dise\u00f1o.\",\"publisher\":{\"@id\":\"https:\\\/\\\/highxtar.com\\\/#organization\"},\"potentialAction\":[{\"@type\":\"SearchAction\",\"target\":{\"@type\":\"EntryPoint\",\"urlTemplate\":\"https:\\\/\\\/highxtar.com\\\/?s={search_term_string}\"},\"query-input\":{\"@type\":\"PropertyValueSpecification\",\"valueRequired\":true,\"valueName\":\"search_term_string\"}}],\"inLanguage\":\"en-US\"},{\"@type\":\"Organization\",\"@id\":\"https:\\\/\\\/highxtar.com\\\/#organization\",\"name\":\"HIGHXTAR.\",\"url\":\"https:\\\/\\\/highxtar.com\\\/\",\"logo\":{\"@type\":\"ImageObject\",\"inLanguage\":\"en-US\",\"@id\":\"https:\\\/\\\/highxtar.com\\\/#\\\/schema\\\/logo\\\/image\\\/\",\"url\":\"https:\\\/\\\/highxtar.com\\\/wp-content\\\/uploads\\\/2016\\\/03\\\/HIGHXTAR_com_Favicon_2019.jpg\",\"contentUrl\":\"https:\\\/\\\/highxtar.com\\\/wp-content\\\/uploads\\\/2016\\\/03\\\/HIGHXTAR_com_Favicon_2019.jpg\",\"width\":1200,\"height\":1200,\"caption\":\"HIGHXTAR.\"},\"image\":{\"@id\":\"https:\\\/\\\/highxtar.com\\\/#\\\/schema\\\/logo\\\/image\\\/\"},\"sameAs\":[\"https:\\\/\\\/www.facebook.com\\\/highxtar\",\"https:\\\/\\\/x.com\\\/highxtar_\",\"https:\\\/\\\/www.instagram.com\\\/highxtar\",\"https:\\\/\\\/www.tiktok.com\\\/@highxtar\",\"https:\\\/\\\/www.youtube.com\\\/c\\\/highxtarofficial\",\"https:\\\/\\\/open.spotify.com\\\/user\\\/highxtar\"]},{\"@type\":\"Person\",\"@id\":\"https:\\\/\\\/highxtar.com\\\/#\\\/schema\\\/person\\\/861b5d1b459a894df367f295d952c789\",\"name\":\"Mar Piera\",\"description\":\"Editor &amp; Project Manager. m.piera@highxtar.com\",\"sameAs\":[\"https:\\\/\\\/www.instagram.com\\\/marpiera\\\/\"],\"url\":\"https:\\\/\\\/highxtar.com\\\/en\\\/author\\\/marpiera\\\/\"}]}<\/script>\n<!-- \/ Yoast SEO Premium plugin. -->","yoast_head_json":{"title":"L'Or\u00e9al Paris to hold its fashion show open to the public at the Paris Opera House - HIGHXTAR.","description":"For the seventh time since 2017, Le D\u00e9fil\u00e9 \u2018Desfila tu Val\u00eda\u2019 will celebrate sisterhood, as well as the union between excellence in beauty and fashion.","robots":{"index":"index","follow":"follow","max-snippet":"max-snippet:-1","max-image-preview":"max-image-preview:large","max-video-preview":"max-video-preview:-1"},"canonical":"https:\/\/highxtar.com\/en\/loreal-paris-to-hold-its-fashion-show-open-to-the-public-at-the-paris-opera-house\/","og_locale":"en_US","og_type":"article","og_title":"L'Or\u00e9al Paris to hold its fashion show open to the public at the Paris Opera House","og_description":"For the seventh time since 2017, Le D\u00e9fil\u00e9 \u2018Desfila tu Val\u00eda\u2019 will celebrate sisterhood, as well as the union between excellence in beauty and fashion.","og_url":"https:\/\/highxtar.com\/en\/loreal-paris-to-hold-its-fashion-show-open-to-the-public-at-the-paris-opera-house\/","og_site_name":"HIGHXTAR.","article_publisher":"https:\/\/www.facebook.com\/highxtar","article_published_time":"2024-09-09T10:15:43+00:00","og_image":[{"width":1600,"height":1200,"url":"https:\/\/highxtar.com\/wp-content\/uploads\/2024\/09\/highxtar-loreal-paris-1.jpg","type":"image\/jpeg"}],"author":"Mar Piera","twitter_card":"summary_large_image","twitter_creator":"@highxtar_","twitter_site":"@highxtar_","twitter_misc":{"Written by":"Mar Piera","Est. reading time":"2 minutes"},"schema":{"@context":"https:\/\/schema.org","@graph":[{"@type":"Article","@id":"https:\/\/highxtar.com\/en\/loreal-paris-to-hold-its-fashion-show-open-to-the-public-at-the-paris-opera-house\/#article","isPartOf":{"@id":"https:\/\/highxtar.com\/en\/loreal-paris-to-hold-its-fashion-show-open-to-the-public-at-the-paris-opera-house\/"},"author":{"name":"Mar Piera","@id":"https:\/\/highxtar.com\/#\/schema\/person\/861b5d1b459a894df367f295d952c789"},"headline":"L&#8217;Or\u00e9al Paris to hold its fashion show open to the public at the Paris Opera House","datePublished":"2024-09-09T10:15:43+00:00","mainEntityOfPage":{"@id":"https:\/\/highxtar.com\/en\/loreal-paris-to-hold-its-fashion-show-open-to-the-public-at-the-paris-opera-house\/"},"wordCount":346,"commentCount":0,"publisher":{"@id":"https:\/\/highxtar.com\/#organization"},"image":{"@id":"https:\/\/highxtar.com\/en\/loreal-paris-to-hold-its-fashion-show-open-to-the-public-at-the-paris-opera-house\/#primaryimage"},"thumbnailUrl":"https:\/\/highxtar.com\/wp-content\/uploads\/2024\/09\/highxtar-loreal-paris-1.jpg","articleSection":["Beauty"],"inLanguage":"en-US","potentialAction":[{"@type":"CommentAction","name":"Comment","target":["https:\/\/highxtar.com\/en\/loreal-paris-to-hold-its-fashion-show-open-to-the-public-at-the-paris-opera-house\/#respond"]}],"copyrightYear":"2024","copyrightHolder":{"@id":"https:\/\/highxtar.com\/#organization"}},{"@type":"WebPage","@id":"https:\/\/highxtar.com\/en\/loreal-paris-to-hold-its-fashion-show-open-to-the-public-at-the-paris-opera-house\/","url":"https:\/\/highxtar.com\/en\/loreal-paris-to-hold-its-fashion-show-open-to-the-public-at-the-paris-opera-house\/","name":"L'Or\u00e9al Paris to hold its fashion show open to the public at the Paris Opera House - HIGHXTAR.","isPartOf":{"@id":"https:\/\/highxtar.com\/#website"},"primaryImageOfPage":{"@id":"https:\/\/highxtar.com\/en\/loreal-paris-to-hold-its-fashion-show-open-to-the-public-at-the-paris-opera-house\/#primaryimage"},"image":{"@id":"https:\/\/highxtar.com\/en\/loreal-paris-to-hold-its-fashion-show-open-to-the-public-at-the-paris-opera-house\/#primaryimage"},"thumbnailUrl":"https:\/\/highxtar.com\/wp-content\/uploads\/2024\/09\/highxtar-loreal-paris-1.jpg","datePublished":"2024-09-09T10:15:43+00:00","description":"For the seventh time since 2017, Le D\u00e9fil\u00e9 \u2018Desfila tu Val\u00eda\u2019 will celebrate sisterhood, as well as the union between excellence in beauty and fashion.","breadcrumb":{"@id":"https:\/\/highxtar.com\/en\/loreal-paris-to-hold-its-fashion-show-open-to-the-public-at-the-paris-opera-house\/#breadcrumb"},"inLanguage":"en-US","potentialAction":[{"@type":"ReadAction","target":["https:\/\/highxtar.com\/en\/loreal-paris-to-hold-its-fashion-show-open-to-the-public-at-the-paris-opera-house\/"]}]},{"@type":"ImageObject","inLanguage":"en-US","@id":"https:\/\/highxtar.com\/en\/loreal-paris-to-hold-its-fashion-show-open-to-the-public-at-the-paris-opera-house\/#primaryimage","url":"https:\/\/highxtar.com\/wp-content\/uploads\/2024\/09\/highxtar-loreal-paris-1.jpg","contentUrl":"https:\/\/highxtar.com\/wp-content\/uploads\/2024\/09\/highxtar-loreal-paris-1.jpg","width":1600,"height":1200},{"@type":"BreadcrumbList","@id":"https:\/\/highxtar.com\/en\/loreal-paris-to-hold-its-fashion-show-open-to-the-public-at-the-paris-opera-house\/#breadcrumb","itemListElement":[{"@type":"ListItem","position":1,"name":"Home","item":"https:\/\/highxtar.com\/en\/"},{"@type":"ListItem","position":2,"name":"L&#8217;Or\u00e9al Paris to hold its fashion show open to the public at the Paris Opera House"}]},{"@type":"WebSite","@id":"https:\/\/highxtar.com\/#website","url":"https:\/\/highxtar.com\/","name":"HIGHXTAR.","description":"HIGHXTAR. es la voz latina de la moda y el streetwear. Devotos de las cosas que hacen la vida urbana excitante: Moda, M\u00fasica, Lifestyle, Arte &amp; Dise\u00f1o.","publisher":{"@id":"https:\/\/highxtar.com\/#organization"},"potentialAction":[{"@type":"SearchAction","target":{"@type":"EntryPoint","urlTemplate":"https:\/\/highxtar.com\/?s={search_term_string}"},"query-input":{"@type":"PropertyValueSpecification","valueRequired":true,"valueName":"search_term_string"}}],"inLanguage":"en-US"},{"@type":"Organization","@id":"https:\/\/highxtar.com\/#organization","name":"HIGHXTAR.","url":"https:\/\/highxtar.com\/","logo":{"@type":"ImageObject","inLanguage":"en-US","@id":"https:\/\/highxtar.com\/#\/schema\/logo\/image\/","url":"https:\/\/highxtar.com\/wp-content\/uploads\/2016\/03\/HIGHXTAR_com_Favicon_2019.jpg","contentUrl":"https:\/\/highxtar.com\/wp-content\/uploads\/2016\/03\/HIGHXTAR_com_Favicon_2019.jpg","width":1200,"height":1200,"caption":"HIGHXTAR."},"image":{"@id":"https:\/\/highxtar.com\/#\/schema\/logo\/image\/"},"sameAs":["https:\/\/www.facebook.com\/highxtar","https:\/\/x.com\/highxtar_","https:\/\/www.instagram.com\/highxtar","https:\/\/www.tiktok.com\/@highxtar","https:\/\/www.youtube.com\/c\/highxtarofficial","https:\/\/open.spotify.com\/user\/highxtar"]},{"@type":"Person","@id":"https:\/\/highxtar.com\/#\/schema\/person\/861b5d1b459a894df367f295d952c789","name":"Mar Piera","description":"Editor &amp; Project Manager. m.piera@highxtar.com","sameAs":["https:\/\/www.instagram.com\/marpiera\/"],"url":"https:\/\/highxtar.com\/en\/author\/marpiera\/"}]}},"_links":{"self":[{"href":"https:\/\/highxtar.com\/en\/wp-json\/wp\/v2\/posts\/468019","targetHints":{"allow":["GET"]}}],"collection":[{"href":"https:\/\/highxtar.com\/en\/wp-json\/wp\/v2\/posts"}],"about":[{"href":"https:\/\/highxtar.com\/en\/wp-json\/wp\/v2\/types\/post"}],"author":[{"embeddable":true,"href":"https:\/\/highxtar.com\/en\/wp-json\/wp\/v2\/users\/22"}],"replies":[{"embeddable":true,"href":"https:\/\/highxtar.com\/en\/wp-json\/wp\/v2\/comments?post=468019"}],"version-history":[{"count":1,"href":"https:\/\/highxtar.com\/en\/wp-json\/wp\/v2\/posts\/468019\/revisions"}],"predecessor-version":[{"id":468020,"href":"https:\/\/highxtar.com\/en\/wp-json\/wp\/v2\/posts\/468019\/revisions\/468020"}],"wp:featuredmedia":[{"embeddable":true,"href":"https:\/\/highxtar.com\/en\/wp-json\/wp\/v2\/media\/468016"}],"wp:attachment":[{"href":"https:\/\/highxtar.com\/en\/wp-json\/wp\/v2\/media?parent=468019"}],"wp:term":[{"taxonomy":"category","embeddable":true,"href":"https:\/\/highxtar.com\/en\/wp-json\/wp\/v2\/categories?post=468019"},{"taxonomy":"post_tag","embeddable":true,"href":"https:\/\/highxtar.com\/en\/wp-json\/wp\/v2\/tags?post=468019"}],"curies":[{"name":"wp","href":"https:\/\/api.w.org\/{rel}","templated":true}]}}