{"id":472289,"date":"2024-09-25T14:08:17","date_gmt":"2024-09-25T12:08:17","guid":{"rendered":"https:\/\/highxtar.com\/?p=472289"},"modified":"2024-09-25T14:08:19","modified_gmt":"2024-09-25T12:08:19","slug":"alicante-to-host-the-rocanrola-festival-in-october","status":"publish","type":"post","link":"https:\/\/highxtar.com\/en\/alicante-to-host-the-rocanrola-festival-in-october\/","title":{"rendered":"Alicante to host the Rocanrola Festival in October"},"content":{"rendered":"\n<p>On 10, 11 and 12 October, the third edition of the Rocanrola Festival will take place, an event that will once again make history in our country with the most complete line-up of national rap, together with the \u2018Living Park\u2019 space that will pay tribute to hip hop culture and the parallel activities of Rocanrola City.<\/p>\n\n\n\n<p>Over three days there will be concerts by artists such as Natos y Waor, SFDK, Fernandocosta, Mala Rodr\u00edguez, Kaze, Ayax, Prok, Delaossa, Toteking, Recycled J, Hoke, Juancho Marqu\u00e9s, Foyone, Hard GZ, Fyahbwoy, Rapsusklei, El Chojin, Lia Kali, Al Safir, Jarfaiter, Sho-Hai, Falsalarma, Sof\u00eda Gabanna or Ill Peke\u00f1o &amp; Ergo Pro, among the more than fifty-five artists who will perform on the three stages.<\/p>\n\n\n\n<p>The Rocanrola Festival will see some very special moments, such as the farewell to the music of SFDK, who will celebrate their 30th anniversary in Alicante, the definitive retirement of Toteking, but not before presenting their latest album \u2018Luces Fuera\u2019, or the more than foreseeable stop along the way by Natos y Waor.<\/p>\n\n\n\n<h2 class=\"wp-block-heading has-text-align-center\" id=\"h-living-park\">Living Park<\/h2>\n\n\n\n<p>Once again, the festival will have a large space called Living Park, dedicated to exploring urban culture with a wide-ranging programme of activities that go beyond the music.<\/p>\n\n\n\n<p>From urban sports, with exhibitions with the best athletes in their categories, to 3&#215;3 basketball with pure street talent, dunkers and freestyle demonstrations, as well as a free throw contest, a skate and BMX track over 30 metres long, with exhibitions and monitors, urban dance by the team of teachers from the Funkadelik school in Alicante, a battle of freestyle promises with 32 participants, graffiti with the Barcelona artist Inocuo who will perform a 30-metre work and much more.<\/p>\n\n\n\n<p>For the comfort of the attendees, the festival will have a camping and glamping area, as well as a restaurant area and other complementary services, to promote an immersive experience and encourage coexistence among all attendees.<\/p>\n\n\n\n<h2 class=\"wp-block-heading has-text-align-center\" id=\"h-rocanrola-city\">Rocanrola City<\/h2>\n\n\n\n<p>On Saturday 5 October from 10am to 8pm the Espacio Seneca in Alicante will offer an open day in advance of the Rocanrola Festival.<\/p>\n\n\n\n<p>The programme, throughout the day, includes: graffiti exhibition by Barbiturikills, poetry recital and poetry book presentation by Charly EFE, talk with Dani Sainz from Sacramento Studios, round tables with Luisaker and with Santa Salut and K1za, urban dance masterclass by Funkadelik Dance Studio, inauguration of Rocanrola&#8217;s photographic exhibition, screening of the documentary \u2018La cuarta barra\u2019, with unpublished images, curiosities about the creation process and debate with its producers Thais Pe\u00f1alver and Santi Garc\u00eda, and finally a meeting of the public with the artists.<\/p>\n\n\n\n<p>The Rocanrola festival continues its upward trajectory and has surpassed all the expectations of the previous edition, as it is on the verge of being sold out and the organisers are finalising all the details to put together what will be an experience that will remain in the memories of hip hop and urban culture lovers.<\/p>\n\n\n\n<p>Find out all the details of the festival and the different types of tickets at <a href=\"https:\/\/rocanrola.com\"><strong>www.rocanrola.com.<\/strong><\/a><\/p>\n","protected":false},"excerpt":{"rendered":"<p>A new edition of this festival that will consolidate the proposal as a reference point for the rap genre throughout the national territory.<\/p>\n","protected":false},"author":22,"featured_media":472287,"comment_status":"open","ping_status":"closed","sticky":false,"template":"","format":"standard","meta":{"_acf_changed":false,"footnotes":""},"categories":[604],"tags":[],"class_list":["post-472289","post","type-post","status-publish","format-standard","has-post-thumbnail","hentry","category-music-en"],"acf":[],"yoast_head":"<!-- This site is optimized with the Yoast SEO Premium plugin  - https:\/\/yoast.com\/product\/yoast-seo-premium-wordpress\/ -->\n<title>Alicante to host the Rocanrola Festival in October - HIGHXTAR.<\/title>\n<meta name=\"description\" content=\"A new edition of this festival that will consolidate the proposal as a reference point for the rap genre throughout the national territory.\" \/>\n<meta name=\"robots\" content=\"index, follow, max-snippet:-1, max-image-preview:large, max-video-preview:-1\" \/>\n<link rel=\"canonical\" href=\"https:\/\/highxtar.com\/en\/alicante-to-host-the-rocanrola-festival-in-october\/\" \/>\n<meta property=\"og:locale\" content=\"en_US\" \/>\n<meta property=\"og:type\" content=\"article\" \/>\n<meta property=\"og:title\" content=\"Alicante to host the Rocanrola Festival in October\" \/>\n<meta property=\"og:description\" content=\"A new edition of this festival that will consolidate the proposal as a reference point for the rap genre throughout the national territory.\" \/>\n<meta property=\"og:url\" content=\"https:\/\/highxtar.com\/en\/alicante-to-host-the-rocanrola-festival-in-october\/\" \/>\n<meta property=\"og:site_name\" content=\"HIGHXTAR.\" \/>\n<meta property=\"article:publisher\" content=\"https:\/\/www.facebook.com\/highxtar\" \/>\n<meta property=\"article:published_time\" content=\"2024-09-25T12:08:17+00:00\" \/>\n<meta property=\"article:modified_time\" content=\"2024-09-25T12:08:19+00:00\" \/>\n<meta property=\"og:image\" content=\"https:\/\/highxtar.com\/wp-content\/uploads\/2024\/09\/highxtar-roncofla.jpg\" \/>\n\t<meta property=\"og:image:width\" content=\"1600\" \/>\n\t<meta property=\"og:image:height\" content=\"1200\" \/>\n\t<meta property=\"og:image:type\" content=\"image\/jpeg\" \/>\n<meta name=\"author\" content=\"Mar Piera\" \/>\n<meta name=\"twitter:card\" content=\"summary_large_image\" \/>\n<meta name=\"twitter:creator\" content=\"@highxtar_\" \/>\n<meta name=\"twitter:site\" content=\"@highxtar_\" \/>\n<meta name=\"twitter:label1\" content=\"Written by\" \/>\n\t<meta name=\"twitter:data1\" content=\"Mar Piera\" \/>\n\t<meta name=\"twitter:label2\" content=\"Est. reading time\" \/>\n\t<meta name=\"twitter:data2\" content=\"3 minutes\" \/>\n<script type=\"application\/ld+json\" class=\"yoast-schema-graph\">{\"@context\":\"https:\\\/\\\/schema.org\",\"@graph\":[{\"@type\":\"Article\",\"@id\":\"https:\\\/\\\/highxtar.com\\\/en\\\/alicante-to-host-the-rocanrola-festival-in-october\\\/#article\",\"isPartOf\":{\"@id\":\"https:\\\/\\\/highxtar.com\\\/en\\\/alicante-to-host-the-rocanrola-festival-in-october\\\/\"},\"author\":{\"name\":\"Mar Piera\",\"@id\":\"https:\\\/\\\/highxtar.com\\\/#\\\/schema\\\/person\\\/861b5d1b459a894df367f295d952c789\"},\"headline\":\"Alicante to host the Rocanrola Festival in October\",\"datePublished\":\"2024-09-25T12:08:17+00:00\",\"dateModified\":\"2024-09-25T12:08:19+00:00\",\"mainEntityOfPage\":{\"@id\":\"https:\\\/\\\/highxtar.com\\\/en\\\/alicante-to-host-the-rocanrola-festival-in-october\\\/\"},\"wordCount\":510,\"commentCount\":0,\"publisher\":{\"@id\":\"https:\\\/\\\/highxtar.com\\\/#organization\"},\"image\":{\"@id\":\"https:\\\/\\\/highxtar.com\\\/en\\\/alicante-to-host-the-rocanrola-festival-in-october\\\/#primaryimage\"},\"thumbnailUrl\":\"https:\\\/\\\/highxtar.com\\\/wp-content\\\/uploads\\\/2024\\\/09\\\/highxtar-roncofla.jpg\",\"articleSection\":[\"Music\"],\"inLanguage\":\"en-US\",\"potentialAction\":[{\"@type\":\"CommentAction\",\"name\":\"Comment\",\"target\":[\"https:\\\/\\\/highxtar.com\\\/en\\\/alicante-to-host-the-rocanrola-festival-in-october\\\/#respond\"]}],\"copyrightYear\":\"2024\",\"copyrightHolder\":{\"@id\":\"https:\\\/\\\/highxtar.com\\\/#organization\"}},{\"@type\":\"WebPage\",\"@id\":\"https:\\\/\\\/highxtar.com\\\/en\\\/alicante-to-host-the-rocanrola-festival-in-october\\\/\",\"url\":\"https:\\\/\\\/highxtar.com\\\/en\\\/alicante-to-host-the-rocanrola-festival-in-october\\\/\",\"name\":\"Alicante to host the Rocanrola Festival in October - HIGHXTAR.\",\"isPartOf\":{\"@id\":\"https:\\\/\\\/highxtar.com\\\/#website\"},\"primaryImageOfPage\":{\"@id\":\"https:\\\/\\\/highxtar.com\\\/en\\\/alicante-to-host-the-rocanrola-festival-in-october\\\/#primaryimage\"},\"image\":{\"@id\":\"https:\\\/\\\/highxtar.com\\\/en\\\/alicante-to-host-the-rocanrola-festival-in-october\\\/#primaryimage\"},\"thumbnailUrl\":\"https:\\\/\\\/highxtar.com\\\/wp-content\\\/uploads\\\/2024\\\/09\\\/highxtar-roncofla.jpg\",\"datePublished\":\"2024-09-25T12:08:17+00:00\",\"dateModified\":\"2024-09-25T12:08:19+00:00\",\"description\":\"A new edition of this festival that will consolidate the proposal as a reference point for the rap genre throughout the national territory.\",\"breadcrumb\":{\"@id\":\"https:\\\/\\\/highxtar.com\\\/en\\\/alicante-to-host-the-rocanrola-festival-in-october\\\/#breadcrumb\"},\"inLanguage\":\"en-US\",\"potentialAction\":[{\"@type\":\"ReadAction\",\"target\":[\"https:\\\/\\\/highxtar.com\\\/en\\\/alicante-to-host-the-rocanrola-festival-in-october\\\/\"]}]},{\"@type\":\"ImageObject\",\"inLanguage\":\"en-US\",\"@id\":\"https:\\\/\\\/highxtar.com\\\/en\\\/alicante-to-host-the-rocanrola-festival-in-october\\\/#primaryimage\",\"url\":\"https:\\\/\\\/highxtar.com\\\/wp-content\\\/uploads\\\/2024\\\/09\\\/highxtar-roncofla.jpg\",\"contentUrl\":\"https:\\\/\\\/highxtar.com\\\/wp-content\\\/uploads\\\/2024\\\/09\\\/highxtar-roncofla.jpg\",\"width\":1600,\"height\":1200},{\"@type\":\"BreadcrumbList\",\"@id\":\"https:\\\/\\\/highxtar.com\\\/en\\\/alicante-to-host-the-rocanrola-festival-in-october\\\/#breadcrumb\",\"itemListElement\":[{\"@type\":\"ListItem\",\"position\":1,\"name\":\"Home\",\"item\":\"https:\\\/\\\/highxtar.com\\\/en\\\/\"},{\"@type\":\"ListItem\",\"position\":2,\"name\":\"Alicante to host the Rocanrola Festival in October\"}]},{\"@type\":\"WebSite\",\"@id\":\"https:\\\/\\\/highxtar.com\\\/#website\",\"url\":\"https:\\\/\\\/highxtar.com\\\/\",\"name\":\"HIGHXTAR.\",\"description\":\"HIGHXTAR. es la voz latina de la moda y el streetwear. Devotos de las cosas que hacen la vida urbana excitante: Moda, M\u00fasica, Lifestyle, Arte &amp; Dise\u00f1o.\",\"publisher\":{\"@id\":\"https:\\\/\\\/highxtar.com\\\/#organization\"},\"potentialAction\":[{\"@type\":\"SearchAction\",\"target\":{\"@type\":\"EntryPoint\",\"urlTemplate\":\"https:\\\/\\\/highxtar.com\\\/?s={search_term_string}\"},\"query-input\":{\"@type\":\"PropertyValueSpecification\",\"valueRequired\":true,\"valueName\":\"search_term_string\"}}],\"inLanguage\":\"en-US\"},{\"@type\":\"Organization\",\"@id\":\"https:\\\/\\\/highxtar.com\\\/#organization\",\"name\":\"HIGHXTAR.\",\"url\":\"https:\\\/\\\/highxtar.com\\\/\",\"logo\":{\"@type\":\"ImageObject\",\"inLanguage\":\"en-US\",\"@id\":\"https:\\\/\\\/highxtar.com\\\/#\\\/schema\\\/logo\\\/image\\\/\",\"url\":\"https:\\\/\\\/highxtar.com\\\/wp-content\\\/uploads\\\/2016\\\/03\\\/HIGHXTAR_com_Favicon_2019.jpg\",\"contentUrl\":\"https:\\\/\\\/highxtar.com\\\/wp-content\\\/uploads\\\/2016\\\/03\\\/HIGHXTAR_com_Favicon_2019.jpg\",\"width\":1200,\"height\":1200,\"caption\":\"HIGHXTAR.\"},\"image\":{\"@id\":\"https:\\\/\\\/highxtar.com\\\/#\\\/schema\\\/logo\\\/image\\\/\"},\"sameAs\":[\"https:\\\/\\\/www.facebook.com\\\/highxtar\",\"https:\\\/\\\/x.com\\\/highxtar_\",\"https:\\\/\\\/www.instagram.com\\\/highxtar\",\"https:\\\/\\\/www.tiktok.com\\\/@highxtar\",\"https:\\\/\\\/www.youtube.com\\\/c\\\/highxtarofficial\",\"https:\\\/\\\/open.spotify.com\\\/user\\\/highxtar\"]},{\"@type\":\"Person\",\"@id\":\"https:\\\/\\\/highxtar.com\\\/#\\\/schema\\\/person\\\/861b5d1b459a894df367f295d952c789\",\"name\":\"Mar Piera\",\"description\":\"Editor &amp; Project Manager. m.piera@highxtar.com\",\"sameAs\":[\"https:\\\/\\\/www.instagram.com\\\/marpiera\\\/\"],\"url\":\"https:\\\/\\\/highxtar.com\\\/en\\\/author\\\/marpiera\\\/\"}]}<\/script>\n<!-- \/ Yoast SEO Premium plugin. -->","yoast_head_json":{"title":"Alicante to host the Rocanrola Festival in October - HIGHXTAR.","description":"A new edition of this festival that will consolidate the proposal as a reference point for the rap genre throughout the national territory.","robots":{"index":"index","follow":"follow","max-snippet":"max-snippet:-1","max-image-preview":"max-image-preview:large","max-video-preview":"max-video-preview:-1"},"canonical":"https:\/\/highxtar.com\/en\/alicante-to-host-the-rocanrola-festival-in-october\/","og_locale":"en_US","og_type":"article","og_title":"Alicante to host the Rocanrola Festival in October","og_description":"A new edition of this festival that will consolidate the proposal as a reference point for the rap genre throughout the national territory.","og_url":"https:\/\/highxtar.com\/en\/alicante-to-host-the-rocanrola-festival-in-october\/","og_site_name":"HIGHXTAR.","article_publisher":"https:\/\/www.facebook.com\/highxtar","article_published_time":"2024-09-25T12:08:17+00:00","article_modified_time":"2024-09-25T12:08:19+00:00","og_image":[{"width":1600,"height":1200,"url":"https:\/\/highxtar.com\/wp-content\/uploads\/2024\/09\/highxtar-roncofla.jpg","type":"image\/jpeg"}],"author":"Mar Piera","twitter_card":"summary_large_image","twitter_creator":"@highxtar_","twitter_site":"@highxtar_","twitter_misc":{"Written by":"Mar Piera","Est. reading time":"3 minutes"},"schema":{"@context":"https:\/\/schema.org","@graph":[{"@type":"Article","@id":"https:\/\/highxtar.com\/en\/alicante-to-host-the-rocanrola-festival-in-october\/#article","isPartOf":{"@id":"https:\/\/highxtar.com\/en\/alicante-to-host-the-rocanrola-festival-in-october\/"},"author":{"name":"Mar Piera","@id":"https:\/\/highxtar.com\/#\/schema\/person\/861b5d1b459a894df367f295d952c789"},"headline":"Alicante to host the Rocanrola Festival in October","datePublished":"2024-09-25T12:08:17+00:00","dateModified":"2024-09-25T12:08:19+00:00","mainEntityOfPage":{"@id":"https:\/\/highxtar.com\/en\/alicante-to-host-the-rocanrola-festival-in-october\/"},"wordCount":510,"commentCount":0,"publisher":{"@id":"https:\/\/highxtar.com\/#organization"},"image":{"@id":"https:\/\/highxtar.com\/en\/alicante-to-host-the-rocanrola-festival-in-october\/#primaryimage"},"thumbnailUrl":"https:\/\/highxtar.com\/wp-content\/uploads\/2024\/09\/highxtar-roncofla.jpg","articleSection":["Music"],"inLanguage":"en-US","potentialAction":[{"@type":"CommentAction","name":"Comment","target":["https:\/\/highxtar.com\/en\/alicante-to-host-the-rocanrola-festival-in-october\/#respond"]}],"copyrightYear":"2024","copyrightHolder":{"@id":"https:\/\/highxtar.com\/#organization"}},{"@type":"WebPage","@id":"https:\/\/highxtar.com\/en\/alicante-to-host-the-rocanrola-festival-in-october\/","url":"https:\/\/highxtar.com\/en\/alicante-to-host-the-rocanrola-festival-in-october\/","name":"Alicante to host the Rocanrola Festival in October - HIGHXTAR.","isPartOf":{"@id":"https:\/\/highxtar.com\/#website"},"primaryImageOfPage":{"@id":"https:\/\/highxtar.com\/en\/alicante-to-host-the-rocanrola-festival-in-october\/#primaryimage"},"image":{"@id":"https:\/\/highxtar.com\/en\/alicante-to-host-the-rocanrola-festival-in-october\/#primaryimage"},"thumbnailUrl":"https:\/\/highxtar.com\/wp-content\/uploads\/2024\/09\/highxtar-roncofla.jpg","datePublished":"2024-09-25T12:08:17+00:00","dateModified":"2024-09-25T12:08:19+00:00","description":"A new edition of this festival that will consolidate the proposal as a reference point for the rap genre throughout the national territory.","breadcrumb":{"@id":"https:\/\/highxtar.com\/en\/alicante-to-host-the-rocanrola-festival-in-october\/#breadcrumb"},"inLanguage":"en-US","potentialAction":[{"@type":"ReadAction","target":["https:\/\/highxtar.com\/en\/alicante-to-host-the-rocanrola-festival-in-october\/"]}]},{"@type":"ImageObject","inLanguage":"en-US","@id":"https:\/\/highxtar.com\/en\/alicante-to-host-the-rocanrola-festival-in-october\/#primaryimage","url":"https:\/\/highxtar.com\/wp-content\/uploads\/2024\/09\/highxtar-roncofla.jpg","contentUrl":"https:\/\/highxtar.com\/wp-content\/uploads\/2024\/09\/highxtar-roncofla.jpg","width":1600,"height":1200},{"@type":"BreadcrumbList","@id":"https:\/\/highxtar.com\/en\/alicante-to-host-the-rocanrola-festival-in-october\/#breadcrumb","itemListElement":[{"@type":"ListItem","position":1,"name":"Home","item":"https:\/\/highxtar.com\/en\/"},{"@type":"ListItem","position":2,"name":"Alicante to host the Rocanrola Festival in October"}]},{"@type":"WebSite","@id":"https:\/\/highxtar.com\/#website","url":"https:\/\/highxtar.com\/","name":"HIGHXTAR.","description":"HIGHXTAR. es la voz latina de la moda y el streetwear. Devotos de las cosas que hacen la vida urbana excitante: Moda, M\u00fasica, Lifestyle, Arte &amp; Dise\u00f1o.","publisher":{"@id":"https:\/\/highxtar.com\/#organization"},"potentialAction":[{"@type":"SearchAction","target":{"@type":"EntryPoint","urlTemplate":"https:\/\/highxtar.com\/?s={search_term_string}"},"query-input":{"@type":"PropertyValueSpecification","valueRequired":true,"valueName":"search_term_string"}}],"inLanguage":"en-US"},{"@type":"Organization","@id":"https:\/\/highxtar.com\/#organization","name":"HIGHXTAR.","url":"https:\/\/highxtar.com\/","logo":{"@type":"ImageObject","inLanguage":"en-US","@id":"https:\/\/highxtar.com\/#\/schema\/logo\/image\/","url":"https:\/\/highxtar.com\/wp-content\/uploads\/2016\/03\/HIGHXTAR_com_Favicon_2019.jpg","contentUrl":"https:\/\/highxtar.com\/wp-content\/uploads\/2016\/03\/HIGHXTAR_com_Favicon_2019.jpg","width":1200,"height":1200,"caption":"HIGHXTAR."},"image":{"@id":"https:\/\/highxtar.com\/#\/schema\/logo\/image\/"},"sameAs":["https:\/\/www.facebook.com\/highxtar","https:\/\/x.com\/highxtar_","https:\/\/www.instagram.com\/highxtar","https:\/\/www.tiktok.com\/@highxtar","https:\/\/www.youtube.com\/c\/highxtarofficial","https:\/\/open.spotify.com\/user\/highxtar"]},{"@type":"Person","@id":"https:\/\/highxtar.com\/#\/schema\/person\/861b5d1b459a894df367f295d952c789","name":"Mar Piera","description":"Editor &amp; Project Manager. m.piera@highxtar.com","sameAs":["https:\/\/www.instagram.com\/marpiera\/"],"url":"https:\/\/highxtar.com\/en\/author\/marpiera\/"}]}},"_links":{"self":[{"href":"https:\/\/highxtar.com\/en\/wp-json\/wp\/v2\/posts\/472289","targetHints":{"allow":["GET"]}}],"collection":[{"href":"https:\/\/highxtar.com\/en\/wp-json\/wp\/v2\/posts"}],"about":[{"href":"https:\/\/highxtar.com\/en\/wp-json\/wp\/v2\/types\/post"}],"author":[{"embeddable":true,"href":"https:\/\/highxtar.com\/en\/wp-json\/wp\/v2\/users\/22"}],"replies":[{"embeddable":true,"href":"https:\/\/highxtar.com\/en\/wp-json\/wp\/v2\/comments?post=472289"}],"version-history":[{"count":1,"href":"https:\/\/highxtar.com\/en\/wp-json\/wp\/v2\/posts\/472289\/revisions"}],"predecessor-version":[{"id":472290,"href":"https:\/\/highxtar.com\/en\/wp-json\/wp\/v2\/posts\/472289\/revisions\/472290"}],"wp:featuredmedia":[{"embeddable":true,"href":"https:\/\/highxtar.com\/en\/wp-json\/wp\/v2\/media\/472287"}],"wp:attachment":[{"href":"https:\/\/highxtar.com\/en\/wp-json\/wp\/v2\/media?parent=472289"}],"wp:term":[{"taxonomy":"category","embeddable":true,"href":"https:\/\/highxtar.com\/en\/wp-json\/wp\/v2\/categories?post=472289"},{"taxonomy":"post_tag","embeddable":true,"href":"https:\/\/highxtar.com\/en\/wp-json\/wp\/v2\/tags?post=472289"}],"curies":[{"name":"wp","href":"https:\/\/api.w.org\/{rel}","templated":true}]}}