{"id":496195,"date":"2025-02-05T13:49:56","date_gmt":"2025-02-05T12:49:56","guid":{"rendered":"https:\/\/highxtar.com\/?p=496195"},"modified":"2025-02-05T13:49:57","modified_gmt":"2025-02-05T12:49:57","slug":"alvaro-diaz-will-return-to-spain-in-2025-with-sayonara-tour","status":"publish","type":"post","link":"https:\/\/highxtar.com\/en\/alvaro-diaz-will-return-to-spain-in-2025-with-sayonara-tour\/","title":{"rendered":"\u00c1lvaro D\u00edaz will return to Spain in 2025 with \u2018Sayonara Tour\u2019"},"content":{"rendered":"\n<p>After a tremendously successful 2024, <a href=\"https:\/\/www.instagram.com\/alvaritodiaz\/\"><strong>\u00c1lvaro D\u00edaz<\/strong><\/a>, is preparing to tour his critically acclaimed second album, \u2018SAYONARA\u2019. The first leg of the tour kicks off in Buenos Aires, Argentina on 6 March and will make 12 stops in 10 countries. His Latin American tour is followed by a tour of Spain which kicks off on April 15th and features 6 stops including Seville, Malaga, Valencia, Bilbao, Madrid and Barcelona. Upon returning from Spain, Diaz will debut at El Coliseo with two massive shows, Puerto Rico&#8217;s most famous and iconic venue. The first night, which sold out in one hour (11,000 tickets), will take place on Friday 23 May, followed by the second night on Saturday 24 May, which will sell out soon.<\/p>\n\n\n\n<p>The SAYONARA Tour will be accompanied by a great audiovisual production, something for which D\u00edaz has always been praised. SAYONARA&#8217;, his second studio album and 20-track masterpiece, was nominated twice for a Latin GRAMMY last year and accumulated more than 800 million global plays, received a gold certification in the U.S. from the RIAA Latin and a platinum certification for his hit single \u201cBYAK\u201d featuring Rauw Alejandro. In addition, the album was crowned #1 among Rolling Stone&#8217;s Top 50 Latin Albums of 2024, #1 among Rolling Stone En Espa\u00f1ol&#8217;s Greatest Spanish Albums of 2024 &amp; Rolling Stone En Espa\u00f1ol&#8217;s Top 50 Spanish Songs of 2024 &amp; #16 among Rolling Stone&#8217;s Top 100 Albums of 2024, the highest position for a Spanish-language album.<\/p>\n\n\n\n<figure class=\"wp-block-image alignwide size-large\"><img decoding=\"async\" width=\"818\" height=\"1024\" src=\"https:\/\/highxtar.com\/wp-content\/uploads\/2025\/02\/highxtar-alvaro-diaz-818x1024.jpeg\" alt=\"\" class=\"wp-image-496191\" srcset=\"https:\/\/highxtar.com\/wp-content\/uploads\/2025\/02\/highxtar-alvaro-diaz-818x1024.jpeg 818w, https:\/\/highxtar.com\/wp-content\/uploads\/2025\/02\/highxtar-alvaro-diaz-240x300.jpeg 240w, https:\/\/highxtar.com\/wp-content\/uploads\/2025\/02\/highxtar-alvaro-diaz-768x962.jpeg 768w, https:\/\/highxtar.com\/wp-content\/uploads\/2025\/02\/highxtar-alvaro-diaz-1226x1536.jpeg 1226w, https:\/\/highxtar.com\/wp-content\/uploads\/2025\/02\/highxtar-alvaro-diaz-973x1219.jpeg 973w, https:\/\/highxtar.com\/wp-content\/uploads\/2025\/02\/highxtar-alvaro-diaz-700x877.jpeg 700w, https:\/\/highxtar.com\/wp-content\/uploads\/2025\/02\/highxtar-alvaro-diaz-508x636.jpeg 508w, https:\/\/highxtar.com\/wp-content\/uploads\/2025\/02\/highxtar-alvaro-diaz.jpeg 1276w\" sizes=\"(max-width: 818px) 100vw, 818px\" \/><\/figure>\n\n\n\n<h2 class=\"wp-block-heading has-text-align-center\" id=\"h-sayonara-tour-2025\">SAYONARA TOUR 2025<\/h2>\n\n\n\n<p class=\"has-text-align-center\">LATIN AMERICA<br>3\/6\/25 &#8211; Complejo C &#8211; Buenos Aires, Argentina<br>3\/8\/25 &#8211; Caupolican &#8211; Santiago, Chile<br>3\/13\/25 \u2013 City Hall El Rodeo &#8211; Medellin, Colombia<br>3\/14\/25 &#8211; Royal Center &#8211; Bogota, Colombia<br>3\/16\/25 &#8211; Anfiteatro Parque de la Exposici\u00f3n &#8211; Lima, Peru SOLD OUT<br>3\/17\/25 &#8211; Anfiteatro Parque de la Exposici\u00f3n &#8211; Lima, Peru<br>3\/19\/25 &#8211; Rio Campo &#8211; San Jose, Costa Rica<br>3\/21\/25 &#8211; BeSport &#8211; El Salvador, El Salvador<br>3\/22\/25 \u2013 Explanada Cardales de Cayala &#8211; Guatemala City, Guatemala SOLD OUT<br>3\/23\/25 &#8211; Aliexis Arguello Gym &#8211; Managua, Nicaragua<br>3\/27\/25 &#8211; Hard Rock Cafe, Santo Domingo, Dominican Republic<br>3\/29\/25 \u2013 Agora Casa de la Cultura \u2013 Quito, Ecuador SOLD OUT<\/p>\n\n\n\n<p class=\"has-text-align-center\">SPAIN<br>4\/15\/25 &#8211; Sala Pondr\u00e1 &#8211; Sevilla, Es<br>4\/16\/25 &#8211; Par\u00eds 15 Pondr\u00e1 &#8211; M\u00e1laga, Es<br>4\/17\/25 &#8211; Spook Club &#8211; Valencia, Es<br>4\/19\/25 &#8211; Santana 27 &#8211; Bilbao, Es<br>4\/22\/25 &#8211; Palacio Vistalegre &#8211; Madrid, Es<br>4\/23\/25 &#8211; Razzmatazz &#8211; Barcelona, Es<\/p>\n\n\n\n<p class=\"has-text-align-center\">PR<br>5\/23\/25 \u2013 El Coliseo, San Juan, Puerto Rico SOLD OUT<br>5\/24\/25 \u2013 El Coliseo, San Juan, Puerto Rico<\/p>\n\n\n\n<h2 class=\"wp-block-heading has-text-align-center\" id=\"h-stay-tuned-for-more-news-from-alvaro-diaz-coming-soon\">Stay tuned for more news from \u00c1lvaro D\u00edaz coming soon!<\/h2>\n\n\n\n<p><a href=\"https:\/\/highxtar.com\/alvaro-diaz-hace-su-debut-en-tiny-desk-de-npr\/\"><strong>\u00c1lvaro D\u00edaz makes his debut on NPR&#8217;s Tiny Desk.<\/strong><\/a><\/p>\n","protected":false},"excerpt":{"rendered":"<p>The Spanish tour kicks off on 15 April and has 6 stops including Seville, Malaga, Valencia, Bilbao, Madrid and Barcelona.<\/p>\n","protected":false},"author":22,"featured_media":496190,"comment_status":"open","ping_status":"closed","sticky":false,"template":"","format":"standard","meta":{"_acf_changed":false,"footnotes":""},"categories":[604],"tags":[],"class_list":["post-496195","post","type-post","status-publish","format-standard","has-post-thumbnail","hentry","category-music-en"],"acf":[],"yoast_head":"<!-- This site is optimized with the Yoast SEO Premium plugin  - https:\/\/yoast.com\/product\/yoast-seo-premium-wordpress\/ -->\n<title>\u00c1lvaro D\u00edaz will return to Spain in 2025 with \u2018Sayonara Tour\u2019 - HIGHXTAR.<\/title>\n<meta name=\"description\" content=\"The Spanish tour kicks off on 15 April and has 6 stops including Seville, Malaga, Valencia, Bilbao, Madrid and Barcelona.\" \/>\n<meta name=\"robots\" content=\"index, follow, max-snippet:-1, max-image-preview:large, max-video-preview:-1\" \/>\n<link rel=\"canonical\" href=\"https:\/\/highxtar.com\/en\/alvaro-diaz-will-return-to-spain-in-2025-with-sayonara-tour\/\" \/>\n<meta property=\"og:locale\" content=\"en_US\" \/>\n<meta property=\"og:type\" content=\"article\" \/>\n<meta property=\"og:title\" content=\"\u00c1lvaro D\u00edaz will return to Spain in 2025 with \u2018Sayonara Tour\u2019\" \/>\n<meta property=\"og:description\" content=\"The Spanish tour kicks off on 15 April and has 6 stops including Seville, Malaga, Valencia, Bilbao, Madrid and Barcelona.\" \/>\n<meta property=\"og:url\" content=\"https:\/\/highxtar.com\/en\/alvaro-diaz-will-return-to-spain-in-2025-with-sayonara-tour\/\" \/>\n<meta property=\"og:site_name\" content=\"HIGHXTAR.\" \/>\n<meta property=\"article:publisher\" content=\"https:\/\/www.facebook.com\/highxtar\" \/>\n<meta property=\"article:published_time\" content=\"2025-02-05T12:49:56+00:00\" \/>\n<meta property=\"article:modified_time\" content=\"2025-02-05T12:49:57+00:00\" \/>\n<meta property=\"og:image\" content=\"https:\/\/highxtar.com\/wp-content\/uploads\/2025\/02\/highxtar-alvarito-diaz-1.jpg\" \/>\n\t<meta property=\"og:image:width\" content=\"1600\" \/>\n\t<meta property=\"og:image:height\" content=\"1200\" \/>\n\t<meta property=\"og:image:type\" content=\"image\/jpeg\" \/>\n<meta name=\"author\" content=\"Mar Piera\" \/>\n<meta name=\"twitter:card\" content=\"summary_large_image\" \/>\n<meta name=\"twitter:creator\" content=\"@highxtar_\" \/>\n<meta name=\"twitter:site\" content=\"@highxtar_\" \/>\n<meta name=\"twitter:label1\" content=\"Written by\" \/>\n\t<meta name=\"twitter:data1\" content=\"Mar Piera\" \/>\n\t<meta name=\"twitter:label2\" content=\"Est. reading time\" \/>\n\t<meta name=\"twitter:data2\" content=\"3 minutes\" \/>\n<script type=\"application\/ld+json\" class=\"yoast-schema-graph\">{\"@context\":\"https:\\\/\\\/schema.org\",\"@graph\":[{\"@type\":\"Article\",\"@id\":\"https:\\\/\\\/highxtar.com\\\/en\\\/alvaro-diaz-will-return-to-spain-in-2025-with-sayonara-tour\\\/#article\",\"isPartOf\":{\"@id\":\"https:\\\/\\\/highxtar.com\\\/en\\\/alvaro-diaz-will-return-to-spain-in-2025-with-sayonara-tour\\\/\"},\"author\":{\"name\":\"Mar Piera\",\"@id\":\"https:\\\/\\\/highxtar.com\\\/#\\\/schema\\\/person\\\/861b5d1b459a894df367f295d952c789\"},\"headline\":\"\u00c1lvaro D\u00edaz will return to Spain in 2025 with \u2018Sayonara Tour\u2019\",\"datePublished\":\"2025-02-05T12:49:56+00:00\",\"dateModified\":\"2025-02-05T12:49:57+00:00\",\"mainEntityOfPage\":{\"@id\":\"https:\\\/\\\/highxtar.com\\\/en\\\/alvaro-diaz-will-return-to-spain-in-2025-with-sayonara-tour\\\/\"},\"wordCount\":420,\"commentCount\":0,\"publisher\":{\"@id\":\"https:\\\/\\\/highxtar.com\\\/#organization\"},\"image\":{\"@id\":\"https:\\\/\\\/highxtar.com\\\/en\\\/alvaro-diaz-will-return-to-spain-in-2025-with-sayonara-tour\\\/#primaryimage\"},\"thumbnailUrl\":\"https:\\\/\\\/highxtar.com\\\/wp-content\\\/uploads\\\/2025\\\/02\\\/highxtar-alvarito-diaz-1.jpg\",\"articleSection\":[\"Music\"],\"inLanguage\":\"en-US\",\"potentialAction\":[{\"@type\":\"CommentAction\",\"name\":\"Comment\",\"target\":[\"https:\\\/\\\/highxtar.com\\\/en\\\/alvaro-diaz-will-return-to-spain-in-2025-with-sayonara-tour\\\/#respond\"]}],\"copyrightYear\":\"2025\",\"copyrightHolder\":{\"@id\":\"https:\\\/\\\/highxtar.com\\\/#organization\"}},{\"@type\":\"WebPage\",\"@id\":\"https:\\\/\\\/highxtar.com\\\/en\\\/alvaro-diaz-will-return-to-spain-in-2025-with-sayonara-tour\\\/\",\"url\":\"https:\\\/\\\/highxtar.com\\\/en\\\/alvaro-diaz-will-return-to-spain-in-2025-with-sayonara-tour\\\/\",\"name\":\"\u00c1lvaro D\u00edaz will return to Spain in 2025 with \u2018Sayonara Tour\u2019 - HIGHXTAR.\",\"isPartOf\":{\"@id\":\"https:\\\/\\\/highxtar.com\\\/#website\"},\"primaryImageOfPage\":{\"@id\":\"https:\\\/\\\/highxtar.com\\\/en\\\/alvaro-diaz-will-return-to-spain-in-2025-with-sayonara-tour\\\/#primaryimage\"},\"image\":{\"@id\":\"https:\\\/\\\/highxtar.com\\\/en\\\/alvaro-diaz-will-return-to-spain-in-2025-with-sayonara-tour\\\/#primaryimage\"},\"thumbnailUrl\":\"https:\\\/\\\/highxtar.com\\\/wp-content\\\/uploads\\\/2025\\\/02\\\/highxtar-alvarito-diaz-1.jpg\",\"datePublished\":\"2025-02-05T12:49:56+00:00\",\"dateModified\":\"2025-02-05T12:49:57+00:00\",\"description\":\"The Spanish tour kicks off on 15 April and has 6 stops including Seville, Malaga, Valencia, Bilbao, Madrid and Barcelona.\",\"breadcrumb\":{\"@id\":\"https:\\\/\\\/highxtar.com\\\/en\\\/alvaro-diaz-will-return-to-spain-in-2025-with-sayonara-tour\\\/#breadcrumb\"},\"inLanguage\":\"en-US\",\"potentialAction\":[{\"@type\":\"ReadAction\",\"target\":[\"https:\\\/\\\/highxtar.com\\\/en\\\/alvaro-diaz-will-return-to-spain-in-2025-with-sayonara-tour\\\/\"]}]},{\"@type\":\"ImageObject\",\"inLanguage\":\"en-US\",\"@id\":\"https:\\\/\\\/highxtar.com\\\/en\\\/alvaro-diaz-will-return-to-spain-in-2025-with-sayonara-tour\\\/#primaryimage\",\"url\":\"https:\\\/\\\/highxtar.com\\\/wp-content\\\/uploads\\\/2025\\\/02\\\/highxtar-alvarito-diaz-1.jpg\",\"contentUrl\":\"https:\\\/\\\/highxtar.com\\\/wp-content\\\/uploads\\\/2025\\\/02\\\/highxtar-alvarito-diaz-1.jpg\",\"width\":1600,\"height\":1200},{\"@type\":\"BreadcrumbList\",\"@id\":\"https:\\\/\\\/highxtar.com\\\/en\\\/alvaro-diaz-will-return-to-spain-in-2025-with-sayonara-tour\\\/#breadcrumb\",\"itemListElement\":[{\"@type\":\"ListItem\",\"position\":1,\"name\":\"Home\",\"item\":\"https:\\\/\\\/highxtar.com\\\/en\\\/\"},{\"@type\":\"ListItem\",\"position\":2,\"name\":\"\u00c1lvaro D\u00edaz will return to Spain in 2025 with \u2018Sayonara Tour\u2019\"}]},{\"@type\":\"WebSite\",\"@id\":\"https:\\\/\\\/highxtar.com\\\/#website\",\"url\":\"https:\\\/\\\/highxtar.com\\\/\",\"name\":\"HIGHXTAR.\",\"description\":\"HIGHXTAR. es la voz latina de la moda y el streetwear. Devotos de las cosas que hacen la vida urbana excitante: Moda, M\u00fasica, Lifestyle, Arte &amp; Dise\u00f1o.\",\"publisher\":{\"@id\":\"https:\\\/\\\/highxtar.com\\\/#organization\"},\"potentialAction\":[{\"@type\":\"SearchAction\",\"target\":{\"@type\":\"EntryPoint\",\"urlTemplate\":\"https:\\\/\\\/highxtar.com\\\/?s={search_term_string}\"},\"query-input\":{\"@type\":\"PropertyValueSpecification\",\"valueRequired\":true,\"valueName\":\"search_term_string\"}}],\"inLanguage\":\"en-US\"},{\"@type\":\"Organization\",\"@id\":\"https:\\\/\\\/highxtar.com\\\/#organization\",\"name\":\"HIGHXTAR.\",\"url\":\"https:\\\/\\\/highxtar.com\\\/\",\"logo\":{\"@type\":\"ImageObject\",\"inLanguage\":\"en-US\",\"@id\":\"https:\\\/\\\/highxtar.com\\\/#\\\/schema\\\/logo\\\/image\\\/\",\"url\":\"https:\\\/\\\/highxtar.com\\\/wp-content\\\/uploads\\\/2016\\\/03\\\/HIGHXTAR_com_Favicon_2019.jpg\",\"contentUrl\":\"https:\\\/\\\/highxtar.com\\\/wp-content\\\/uploads\\\/2016\\\/03\\\/HIGHXTAR_com_Favicon_2019.jpg\",\"width\":1200,\"height\":1200,\"caption\":\"HIGHXTAR.\"},\"image\":{\"@id\":\"https:\\\/\\\/highxtar.com\\\/#\\\/schema\\\/logo\\\/image\\\/\"},\"sameAs\":[\"https:\\\/\\\/www.facebook.com\\\/highxtar\",\"https:\\\/\\\/x.com\\\/highxtar_\",\"https:\\\/\\\/www.instagram.com\\\/highxtar\",\"https:\\\/\\\/www.tiktok.com\\\/@highxtar\",\"https:\\\/\\\/www.youtube.com\\\/c\\\/highxtarofficial\",\"https:\\\/\\\/open.spotify.com\\\/user\\\/highxtar\"]},{\"@type\":\"Person\",\"@id\":\"https:\\\/\\\/highxtar.com\\\/#\\\/schema\\\/person\\\/861b5d1b459a894df367f295d952c789\",\"name\":\"Mar Piera\",\"description\":\"Editor &amp; Project Manager. m.piera@highxtar.com\",\"sameAs\":[\"https:\\\/\\\/www.instagram.com\\\/marpiera\\\/\"],\"url\":\"https:\\\/\\\/highxtar.com\\\/en\\\/author\\\/marpiera\\\/\"}]}<\/script>\n<!-- \/ Yoast SEO Premium plugin. -->","yoast_head_json":{"title":"\u00c1lvaro D\u00edaz will return to Spain in 2025 with \u2018Sayonara Tour\u2019 - HIGHXTAR.","description":"The Spanish tour kicks off on 15 April and has 6 stops including Seville, Malaga, Valencia, Bilbao, Madrid and Barcelona.","robots":{"index":"index","follow":"follow","max-snippet":"max-snippet:-1","max-image-preview":"max-image-preview:large","max-video-preview":"max-video-preview:-1"},"canonical":"https:\/\/highxtar.com\/en\/alvaro-diaz-will-return-to-spain-in-2025-with-sayonara-tour\/","og_locale":"en_US","og_type":"article","og_title":"\u00c1lvaro D\u00edaz will return to Spain in 2025 with \u2018Sayonara Tour\u2019","og_description":"The Spanish tour kicks off on 15 April and has 6 stops including Seville, Malaga, Valencia, Bilbao, Madrid and Barcelona.","og_url":"https:\/\/highxtar.com\/en\/alvaro-diaz-will-return-to-spain-in-2025-with-sayonara-tour\/","og_site_name":"HIGHXTAR.","article_publisher":"https:\/\/www.facebook.com\/highxtar","article_published_time":"2025-02-05T12:49:56+00:00","article_modified_time":"2025-02-05T12:49:57+00:00","og_image":[{"width":1600,"height":1200,"url":"https:\/\/highxtar.com\/wp-content\/uploads\/2025\/02\/highxtar-alvarito-diaz-1.jpg","type":"image\/jpeg"}],"author":"Mar Piera","twitter_card":"summary_large_image","twitter_creator":"@highxtar_","twitter_site":"@highxtar_","twitter_misc":{"Written by":"Mar Piera","Est. reading time":"3 minutes"},"schema":{"@context":"https:\/\/schema.org","@graph":[{"@type":"Article","@id":"https:\/\/highxtar.com\/en\/alvaro-diaz-will-return-to-spain-in-2025-with-sayonara-tour\/#article","isPartOf":{"@id":"https:\/\/highxtar.com\/en\/alvaro-diaz-will-return-to-spain-in-2025-with-sayonara-tour\/"},"author":{"name":"Mar Piera","@id":"https:\/\/highxtar.com\/#\/schema\/person\/861b5d1b459a894df367f295d952c789"},"headline":"\u00c1lvaro D\u00edaz will return to Spain in 2025 with \u2018Sayonara Tour\u2019","datePublished":"2025-02-05T12:49:56+00:00","dateModified":"2025-02-05T12:49:57+00:00","mainEntityOfPage":{"@id":"https:\/\/highxtar.com\/en\/alvaro-diaz-will-return-to-spain-in-2025-with-sayonara-tour\/"},"wordCount":420,"commentCount":0,"publisher":{"@id":"https:\/\/highxtar.com\/#organization"},"image":{"@id":"https:\/\/highxtar.com\/en\/alvaro-diaz-will-return-to-spain-in-2025-with-sayonara-tour\/#primaryimage"},"thumbnailUrl":"https:\/\/highxtar.com\/wp-content\/uploads\/2025\/02\/highxtar-alvarito-diaz-1.jpg","articleSection":["Music"],"inLanguage":"en-US","potentialAction":[{"@type":"CommentAction","name":"Comment","target":["https:\/\/highxtar.com\/en\/alvaro-diaz-will-return-to-spain-in-2025-with-sayonara-tour\/#respond"]}],"copyrightYear":"2025","copyrightHolder":{"@id":"https:\/\/highxtar.com\/#organization"}},{"@type":"WebPage","@id":"https:\/\/highxtar.com\/en\/alvaro-diaz-will-return-to-spain-in-2025-with-sayonara-tour\/","url":"https:\/\/highxtar.com\/en\/alvaro-diaz-will-return-to-spain-in-2025-with-sayonara-tour\/","name":"\u00c1lvaro D\u00edaz will return to Spain in 2025 with \u2018Sayonara Tour\u2019 - HIGHXTAR.","isPartOf":{"@id":"https:\/\/highxtar.com\/#website"},"primaryImageOfPage":{"@id":"https:\/\/highxtar.com\/en\/alvaro-diaz-will-return-to-spain-in-2025-with-sayonara-tour\/#primaryimage"},"image":{"@id":"https:\/\/highxtar.com\/en\/alvaro-diaz-will-return-to-spain-in-2025-with-sayonara-tour\/#primaryimage"},"thumbnailUrl":"https:\/\/highxtar.com\/wp-content\/uploads\/2025\/02\/highxtar-alvarito-diaz-1.jpg","datePublished":"2025-02-05T12:49:56+00:00","dateModified":"2025-02-05T12:49:57+00:00","description":"The Spanish tour kicks off on 15 April and has 6 stops including Seville, Malaga, Valencia, Bilbao, Madrid and Barcelona.","breadcrumb":{"@id":"https:\/\/highxtar.com\/en\/alvaro-diaz-will-return-to-spain-in-2025-with-sayonara-tour\/#breadcrumb"},"inLanguage":"en-US","potentialAction":[{"@type":"ReadAction","target":["https:\/\/highxtar.com\/en\/alvaro-diaz-will-return-to-spain-in-2025-with-sayonara-tour\/"]}]},{"@type":"ImageObject","inLanguage":"en-US","@id":"https:\/\/highxtar.com\/en\/alvaro-diaz-will-return-to-spain-in-2025-with-sayonara-tour\/#primaryimage","url":"https:\/\/highxtar.com\/wp-content\/uploads\/2025\/02\/highxtar-alvarito-diaz-1.jpg","contentUrl":"https:\/\/highxtar.com\/wp-content\/uploads\/2025\/02\/highxtar-alvarito-diaz-1.jpg","width":1600,"height":1200},{"@type":"BreadcrumbList","@id":"https:\/\/highxtar.com\/en\/alvaro-diaz-will-return-to-spain-in-2025-with-sayonara-tour\/#breadcrumb","itemListElement":[{"@type":"ListItem","position":1,"name":"Home","item":"https:\/\/highxtar.com\/en\/"},{"@type":"ListItem","position":2,"name":"\u00c1lvaro D\u00edaz will return to Spain in 2025 with \u2018Sayonara Tour\u2019"}]},{"@type":"WebSite","@id":"https:\/\/highxtar.com\/#website","url":"https:\/\/highxtar.com\/","name":"HIGHXTAR.","description":"HIGHXTAR. es la voz latina de la moda y el streetwear. Devotos de las cosas que hacen la vida urbana excitante: Moda, M\u00fasica, Lifestyle, Arte &amp; Dise\u00f1o.","publisher":{"@id":"https:\/\/highxtar.com\/#organization"},"potentialAction":[{"@type":"SearchAction","target":{"@type":"EntryPoint","urlTemplate":"https:\/\/highxtar.com\/?s={search_term_string}"},"query-input":{"@type":"PropertyValueSpecification","valueRequired":true,"valueName":"search_term_string"}}],"inLanguage":"en-US"},{"@type":"Organization","@id":"https:\/\/highxtar.com\/#organization","name":"HIGHXTAR.","url":"https:\/\/highxtar.com\/","logo":{"@type":"ImageObject","inLanguage":"en-US","@id":"https:\/\/highxtar.com\/#\/schema\/logo\/image\/","url":"https:\/\/highxtar.com\/wp-content\/uploads\/2016\/03\/HIGHXTAR_com_Favicon_2019.jpg","contentUrl":"https:\/\/highxtar.com\/wp-content\/uploads\/2016\/03\/HIGHXTAR_com_Favicon_2019.jpg","width":1200,"height":1200,"caption":"HIGHXTAR."},"image":{"@id":"https:\/\/highxtar.com\/#\/schema\/logo\/image\/"},"sameAs":["https:\/\/www.facebook.com\/highxtar","https:\/\/x.com\/highxtar_","https:\/\/www.instagram.com\/highxtar","https:\/\/www.tiktok.com\/@highxtar","https:\/\/www.youtube.com\/c\/highxtarofficial","https:\/\/open.spotify.com\/user\/highxtar"]},{"@type":"Person","@id":"https:\/\/highxtar.com\/#\/schema\/person\/861b5d1b459a894df367f295d952c789","name":"Mar Piera","description":"Editor &amp; Project Manager. m.piera@highxtar.com","sameAs":["https:\/\/www.instagram.com\/marpiera\/"],"url":"https:\/\/highxtar.com\/en\/author\/marpiera\/"}]}},"_links":{"self":[{"href":"https:\/\/highxtar.com\/en\/wp-json\/wp\/v2\/posts\/496195","targetHints":{"allow":["GET"]}}],"collection":[{"href":"https:\/\/highxtar.com\/en\/wp-json\/wp\/v2\/posts"}],"about":[{"href":"https:\/\/highxtar.com\/en\/wp-json\/wp\/v2\/types\/post"}],"author":[{"embeddable":true,"href":"https:\/\/highxtar.com\/en\/wp-json\/wp\/v2\/users\/22"}],"replies":[{"embeddable":true,"href":"https:\/\/highxtar.com\/en\/wp-json\/wp\/v2\/comments?post=496195"}],"version-history":[{"count":1,"href":"https:\/\/highxtar.com\/en\/wp-json\/wp\/v2\/posts\/496195\/revisions"}],"predecessor-version":[{"id":496196,"href":"https:\/\/highxtar.com\/en\/wp-json\/wp\/v2\/posts\/496195\/revisions\/496196"}],"wp:featuredmedia":[{"embeddable":true,"href":"https:\/\/highxtar.com\/en\/wp-json\/wp\/v2\/media\/496190"}],"wp:attachment":[{"href":"https:\/\/highxtar.com\/en\/wp-json\/wp\/v2\/media?parent=496195"}],"wp:term":[{"taxonomy":"category","embeddable":true,"href":"https:\/\/highxtar.com\/en\/wp-json\/wp\/v2\/categories?post=496195"},{"taxonomy":"post_tag","embeddable":true,"href":"https:\/\/highxtar.com\/en\/wp-json\/wp\/v2\/tags?post=496195"}],"curies":[{"name":"wp","href":"https:\/\/api.w.org\/{rel}","templated":true}]}}