{"id":516070,"date":"2025-06-19T13:00:17","date_gmt":"2025-06-19T11:00:17","guid":{"rendered":"https:\/\/highxtar.com\/?p=516070"},"modified":"2025-06-19T13:00:18","modified_gmt":"2025-06-19T11:00:18","slug":"yerai-cortes-to-perform-at-the-palau-de-la-musica-catalana","status":"publish","type":"post","link":"https:\/\/highxtar.com\/en\/yerai-cortes-to-perform-at-the-palau-de-la-musica-catalana\/","title":{"rendered":"Yerai Cort\u00e9s to perform at the Palau de la M\u00fasica Catalana"},"content":{"rendered":"\n<p>Yerai Cort\u00e9s returns to the Barcelona Jazz Festival with a dream date: his first concert at the iconic Palau de la M\u00fasica Catalana. His &#8220;Coral Guitar&#8221; tour is taking him to some of the most prestigious festivals and venues in the country. The performance can be enjoyed in this iconic space, with the clapping and choirs of Macarena Campos, Mar\u00eda Reyes, Nerea Dom\u00ednguez, Elena Ollero, Salom\u00e9 Ram\u00edrez, and Marina Perea.<\/p>\n\n\n\n<p>2025 is undoubtedly a key year in the career of Yerai Cort\u00e9s, who has established himself as one of the most innovative and exciting flamenco guitarists of his generation. The artist already has a vast career that has led him to collaborate and perform with artists from diverse genres: from flamenco innovators and disruptors, musicians such as C. Tangana, Judeline, and Ralphie Choo, to contemporary electronic geniuses such as Floating Points.<\/p>\n\n\n\n<figure class=\"wp-block-embed is-type-video is-provider-youtube wp-block-embed-youtube wp-embed-aspect-16-9 wp-has-aspect-ratio\"><div class=\"wp-block-embed__wrapper\">\n<iframe title=\"Yerai Cort\u00e9s - Sonar por Buler\u00edas (Video Oficial)\" width=\"640\" height=\"360\" src=\"https:\/\/www.youtube.com\/embed\/KGymSkHrvis?feature=oembed\" frameborder=\"0\" allow=\"accelerometer; autoplay; clipboard-write; encrypted-media; gyroscope; picture-in-picture; web-share\" referrerpolicy=\"strict-origin-when-cross-origin\" allowfullscreen><\/iframe>\n<\/div><\/figure>\n\n\n\n<h2 class=\"wp-block-heading has-text-align-center\" id=\"h-upcoming-dates\">Upcoming Dates<\/h2>\n\n\n\n<p class=\"has-text-align-center\"><strong>04\/07\u00a0 Guitarra Coral \u2014 Vilanova i la Geltr\u00fa,\u00a0<a href=\"https:\/\/whispernotagency.us9.list-manage.com\/track\/click?u=7bd532afd633a8b8389ed16fe&amp;id=df32d286c1&amp;e=ae763301c2\" target=\"_blank\" rel=\"noreferrer noopener\">Vida Festival<\/a><br>05\/07\u00a0 Guitarra Coral \u2014 Madrid,\u00a0<a href=\"https:\/\/whispernotagency.us9.list-manage.com\/track\/click?u=7bd532afd633a8b8389ed16fe&amp;id=89b2976c43&amp;e=ae763301c2\" target=\"_blank\" rel=\"noreferrer noopener\">R\u00edo Babel<\/a><br>10\/07\u00a0 Solo \u2014 Ciutadella,\u00a0<a href=\"https:\/\/whispernotagency.us9.list-manage.com\/track\/click?u=7bd532afd633a8b8389ed16fe&amp;id=1143154151&amp;e=ae763301c2\" target=\"_blank\" rel=\"noreferrer noopener\">Lithica<\/a><br>14\/07\u00a0 Solo \u2014 Montreux (Switzerland),\u00a0<a href=\"https:\/\/whispernotagency.us9.list-manage.com\/track\/click?u=7bd532afd633a8b8389ed16fe&amp;id=a3efc1277e&amp;e=ae763301c2\" target=\"_blank\" rel=\"noreferrer noopener\">Jazz Festival<\/a><br>17\/07\u00a0 Guitarra Coral \u2014 Arles (France),\u00a0<a href=\"https:\/\/whispernotagency.us9.list-manage.com\/track\/click?u=7bd532afd633a8b8389ed16fe&amp;id=c9dd756f7d&amp;e=ae763301c2\" target=\"_blank\" rel=\"noreferrer noopener\">Th\u00e9\u00e2tre Antique<\/a><br>20\/07\u00a0 Guitarra Coral \u2014 Cartagena,\u00a0<a href=\"https:\/\/whispernotagency.us9.list-manage.com\/track\/click?u=7bd532afd633a8b8389ed16fe&amp;id=eb5497d8f2&amp;e=ae763301c2\" target=\"_blank\" rel=\"noreferrer noopener\">Auditorio Paco Mart\u00edn<\/a><br>24\/07\u00a0 Guitarra Coral \u2014 San Sebasti\u00e1n,\u00a0<a href=\"https:\/\/whispernotagency.us9.list-manage.com\/track\/click?u=7bd532afd633a8b8389ed16fe&amp;id=24fbf097e5&amp;e=ae763301c2\" target=\"_blank\" rel=\"noreferrer noopener\">Auditorio Kursaal<\/a><br>25\/07\u00a0 Guitarra Coral \u2014 Sallent de G\u00e1llego,\u00a0<a href=\"https:\/\/whispernotagency.us9.list-manage.com\/track\/click?u=7bd532afd633a8b8389ed16fe&amp;id=c7c7f706a7&amp;e=ae763301c2\" target=\"_blank\" rel=\"noreferrer noopener\">Pirineos Sur<\/a><br>31\/07\u00a0 Solo \u2014 Alhaur\u00edn de la Torre,\u00a0<a href=\"https:\/\/whispernotagency.us9.list-manage.com\/track\/click?u=7bd532afd633a8b8389ed16fe&amp;id=390fb5a77c&amp;e=ae763301c2\" target=\"_blank\" rel=\"noreferrer noopener\">Finca El Port\u00f3n<\/a><br>03\/08\u00a0 Solo \u2014 Palma de Mallorca,\u00a0<a href=\"https:\/\/whispernotagency.us9.list-manage.com\/track\/click?u=7bd532afd633a8b8389ed16fe&amp;id=6adc88ab9a&amp;e=ae763301c2\" target=\"_blank\" rel=\"noreferrer noopener\">Atlantida Film Fest<\/a><br>05\/08\u00a0 Solo \u2014\u00a0 Madrid,\u00a0<a href=\"https:\/\/whispernotagency.us9.list-manage.com\/track\/click?u=7bd532afd633a8b8389ed16fe&amp;id=e1e857c35c&amp;e=ae763301c2\" target=\"_blank\" rel=\"noreferrer noopener\">Veranos de la Villa<\/a><br>07\/08\u00a0 Guitarra Coral \u2014 Sagunto,\u00a0<a href=\"https:\/\/whispernotagency.us9.list-manage.com\/track\/click?u=7bd532afd633a8b8389ed16fe&amp;id=a4bfe343bf&amp;e=ae763301c2\" target=\"_blank\" rel=\"noreferrer noopener\">Sagunt a Escena<\/a><br>09\/08\u00a0 Guitarra Coral \u2014 Les Piles,\u00a0<a href=\"https:\/\/whispernotagency.us9.list-manage.com\/track\/click?u=7bd532afd633a8b8389ed16fe&amp;id=c3b1f72620&amp;e=ae763301c2\" target=\"_blank\" rel=\"noreferrer noopener\">Danseu, Les Piles<\/a><br>10\/08\u00a0 Solo \u2014 Giarre (Sicily),\u00a0<a href=\"https:\/\/whispernotagency.us9.list-manage.com\/track\/click?u=7bd532afd633a8b8389ed16fe&amp;id=940560392b&amp;e=ae763301c2\" target=\"_blank\" rel=\"noreferrer noopener\">Radicepura Garden Festival<\/a><br>14\/08\u00a0 Guitarra Coral \u2014 Jerez de la Frontera,\u00a0<a href=\"https:\/\/whispernotagency.us9.list-manage.com\/track\/click?u=7bd532afd633a8b8389ed16fe&amp;id=410d797baf&amp;e=ae763301c2\" target=\"_blank\" rel=\"noreferrer noopener\">Festival Tio Pepe<\/a><br>23\/08\u00a0 Guitarra Coral \u2014 Sotogrande,\u00a0<a href=\"https:\/\/whispernotagency.us9.list-manage.com\/track\/click?u=7bd532afd633a8b8389ed16fe&amp;id=be77c048c1&amp;e=ae763301c2\" target=\"_blank\" rel=\"noreferrer noopener\">Trocadero<\/a><br>26\/08\u00a0 Guitarra Coral \u2014 Pamplona,\u00a0<a href=\"https:\/\/whispernotagency.us9.list-manage.com\/track\/click?u=7bd532afd633a8b8389ed16fe&amp;id=379e8b4e84&amp;e=ae763301c2\" target=\"_blank\" rel=\"noreferrer noopener\">Teatro Gayarre<\/a><br>28\/08\u00a0 Guitarra Coral \u2014 A Coru\u00f1a,\u00a0<a href=\"https:\/\/whispernotagency.us9.list-manage.com\/track\/click?u=7bd532afd633a8b8389ed16fe&amp;id=927ff3b3f4&amp;e=ae763301c2\" target=\"_blank\" rel=\"noreferrer noopener\">Beat Out Week<\/a><br>26\/09\u00a0 Guitarra Coral \u2014 Soria,\u00a0<a href=\"https:\/\/whispernotagency.us9.list-manage.com\/track\/click?u=7bd532afd633a8b8389ed16fe&amp;id=70ba3dd31a&amp;e=ae763301c2\" target=\"_blank\" rel=\"noreferrer noopener\">Festival Oto\u00f1o Musical Soriano<\/a><br>29\/11\u00a0 Guitarra Coral \u2014 Sevilla,\u00a0<a href=\"https:\/\/whispernotagency.us9.list-manage.com\/track\/click?u=7bd532afd633a8b8389ed16fe&amp;id=4f57a38b90&amp;e=ae763301c2\" target=\"_blank\" rel=\"noreferrer noopener\">Teatro Central<\/a><br>30\/11\u00a0 Guitarra Coral \u2014 Sevilla,\u00a0<a href=\"https:\/\/whispernotagency.us9.list-manage.com\/track\/click?u=7bd532afd633a8b8389ed16fe&amp;id=1000994b00&amp;e=ae763301c2\" target=\"_blank\" rel=\"noreferrer noopener\">Teatro Central<\/a><br>09\/12\u00a0 Guitarra Coral \u2014 Barcelona,\u00a0<a href=\"https:\/\/whispernotagency.us9.list-manage.com\/track\/click?u=7bd532afd633a8b8389ed16fe&amp;id=0e36b7b97d&amp;e=ae763301c2\" target=\"_blank\" rel=\"noreferrer noopener\">Palau de la M\u00fasica<\/a><\/strong><\/p>\n\n\n\n<p><a href=\"https:\/\/highxtar.com\/en\/la-guitarra-flamenca-de-yerai-cortes-a-hit-in-the-charts-and-nominations\/\"><strong>Yerai Cort\u00e9s proves that flamenco remains an ever-evolving artistic expression, capable of connect with diverse audiences.<\/strong><\/a><\/p>\n","protected":false},"excerpt":{"rendered":"<p>The artist returns to the Barcelona Jazz Festival with a dream date: his first concert at the iconic Palau de la M\u00fasica Catalana.<\/p>\n","protected":false},"author":22,"featured_media":516068,"comment_status":"open","ping_status":"closed","sticky":false,"template":"","format":"standard","meta":{"_acf_changed":false,"footnotes":""},"categories":[604],"tags":[],"class_list":["post-516070","post","type-post","status-publish","format-standard","has-post-thumbnail","hentry","category-music-en"],"acf":[],"yoast_head":"<!-- This site is optimized with the Yoast SEO Premium plugin  - https:\/\/yoast.com\/product\/yoast-seo-premium-wordpress\/ -->\n<title>Yerai Cort\u00e9s to perform at the Palau de la M\u00fasica Catalana - HIGHXTAR.<\/title>\n<meta name=\"description\" content=\"The artist returns to the Barcelona Jazz Festival with a dream date: his first concert at the iconic Palau de la M\u00fasica Catalana.\" \/>\n<meta name=\"robots\" content=\"index, follow, max-snippet:-1, max-image-preview:large, max-video-preview:-1\" \/>\n<link rel=\"canonical\" href=\"https:\/\/highxtar.com\/en\/yerai-cortes-to-perform-at-the-palau-de-la-musica-catalana\/\" \/>\n<meta property=\"og:locale\" content=\"en_US\" \/>\n<meta property=\"og:type\" content=\"article\" \/>\n<meta property=\"og:title\" content=\"Yerai Cort\u00e9s to perform at the Palau de la M\u00fasica Catalana\" \/>\n<meta property=\"og:description\" content=\"The artist returns to the Barcelona Jazz Festival with a dream date: his first concert at the iconic Palau de la M\u00fasica Catalana.\" \/>\n<meta property=\"og:url\" content=\"https:\/\/highxtar.com\/en\/yerai-cortes-to-perform-at-the-palau-de-la-musica-catalana\/\" \/>\n<meta property=\"og:site_name\" content=\"HIGHXTAR.\" \/>\n<meta property=\"article:publisher\" content=\"https:\/\/www.facebook.com\/highxtar\" \/>\n<meta property=\"article:published_time\" content=\"2025-06-19T11:00:17+00:00\" \/>\n<meta property=\"article:modified_time\" content=\"2025-06-19T11:00:18+00:00\" \/>\n<meta property=\"og:image\" content=\"https:\/\/highxtar.com\/wp-content\/uploads\/2025\/06\/highxtar-yerai-cortes-destacada.jpg\" \/>\n\t<meta property=\"og:image:width\" content=\"1600\" \/>\n\t<meta property=\"og:image:height\" content=\"1200\" \/>\n\t<meta property=\"og:image:type\" content=\"image\/jpeg\" \/>\n<meta name=\"author\" content=\"Mar Piera\" \/>\n<meta name=\"twitter:card\" content=\"summary_large_image\" \/>\n<meta name=\"twitter:creator\" content=\"@highxtar_\" \/>\n<meta name=\"twitter:site\" content=\"@highxtar_\" \/>\n<meta name=\"twitter:label1\" content=\"Written by\" \/>\n\t<meta name=\"twitter:data1\" content=\"Mar Piera\" \/>\n\t<meta name=\"twitter:label2\" content=\"Est. reading time\" \/>\n\t<meta name=\"twitter:data2\" content=\"2 minutes\" \/>\n<script type=\"application\/ld+json\" class=\"yoast-schema-graph\">{\"@context\":\"https:\\\/\\\/schema.org\",\"@graph\":[{\"@type\":\"Article\",\"@id\":\"https:\\\/\\\/highxtar.com\\\/en\\\/yerai-cortes-to-perform-at-the-palau-de-la-musica-catalana\\\/#article\",\"isPartOf\":{\"@id\":\"https:\\\/\\\/highxtar.com\\\/en\\\/yerai-cortes-to-perform-at-the-palau-de-la-musica-catalana\\\/\"},\"author\":{\"name\":\"Mar Piera\",\"@id\":\"https:\\\/\\\/highxtar.com\\\/#\\\/schema\\\/person\\\/861b5d1b459a894df367f295d952c789\"},\"headline\":\"Yerai Cort\u00e9s to perform at the Palau de la M\u00fasica Catalana\",\"datePublished\":\"2025-06-19T11:00:17+00:00\",\"dateModified\":\"2025-06-19T11:00:18+00:00\",\"mainEntityOfPage\":{\"@id\":\"https:\\\/\\\/highxtar.com\\\/en\\\/yerai-cortes-to-perform-at-the-palau-de-la-musica-catalana\\\/\"},\"wordCount\":330,\"commentCount\":0,\"publisher\":{\"@id\":\"https:\\\/\\\/highxtar.com\\\/#organization\"},\"image\":{\"@id\":\"https:\\\/\\\/highxtar.com\\\/en\\\/yerai-cortes-to-perform-at-the-palau-de-la-musica-catalana\\\/#primaryimage\"},\"thumbnailUrl\":\"https:\\\/\\\/highxtar.com\\\/wp-content\\\/uploads\\\/2025\\\/06\\\/highxtar-yerai-cortes-destacada.jpg\",\"articleSection\":[\"Music\"],\"inLanguage\":\"en-US\",\"potentialAction\":[{\"@type\":\"CommentAction\",\"name\":\"Comment\",\"target\":[\"https:\\\/\\\/highxtar.com\\\/en\\\/yerai-cortes-to-perform-at-the-palau-de-la-musica-catalana\\\/#respond\"]}],\"copyrightYear\":\"2025\",\"copyrightHolder\":{\"@id\":\"https:\\\/\\\/highxtar.com\\\/#organization\"}},{\"@type\":\"WebPage\",\"@id\":\"https:\\\/\\\/highxtar.com\\\/en\\\/yerai-cortes-to-perform-at-the-palau-de-la-musica-catalana\\\/\",\"url\":\"https:\\\/\\\/highxtar.com\\\/en\\\/yerai-cortes-to-perform-at-the-palau-de-la-musica-catalana\\\/\",\"name\":\"Yerai Cort\u00e9s to perform at the Palau de la M\u00fasica Catalana - HIGHXTAR.\",\"isPartOf\":{\"@id\":\"https:\\\/\\\/highxtar.com\\\/#website\"},\"primaryImageOfPage\":{\"@id\":\"https:\\\/\\\/highxtar.com\\\/en\\\/yerai-cortes-to-perform-at-the-palau-de-la-musica-catalana\\\/#primaryimage\"},\"image\":{\"@id\":\"https:\\\/\\\/highxtar.com\\\/en\\\/yerai-cortes-to-perform-at-the-palau-de-la-musica-catalana\\\/#primaryimage\"},\"thumbnailUrl\":\"https:\\\/\\\/highxtar.com\\\/wp-content\\\/uploads\\\/2025\\\/06\\\/highxtar-yerai-cortes-destacada.jpg\",\"datePublished\":\"2025-06-19T11:00:17+00:00\",\"dateModified\":\"2025-06-19T11:00:18+00:00\",\"description\":\"The artist returns to the Barcelona Jazz Festival with a dream date: his first concert at the iconic Palau de la M\u00fasica Catalana.\",\"breadcrumb\":{\"@id\":\"https:\\\/\\\/highxtar.com\\\/en\\\/yerai-cortes-to-perform-at-the-palau-de-la-musica-catalana\\\/#breadcrumb\"},\"inLanguage\":\"en-US\",\"potentialAction\":[{\"@type\":\"ReadAction\",\"target\":[\"https:\\\/\\\/highxtar.com\\\/en\\\/yerai-cortes-to-perform-at-the-palau-de-la-musica-catalana\\\/\"]}]},{\"@type\":\"ImageObject\",\"inLanguage\":\"en-US\",\"@id\":\"https:\\\/\\\/highxtar.com\\\/en\\\/yerai-cortes-to-perform-at-the-palau-de-la-musica-catalana\\\/#primaryimage\",\"url\":\"https:\\\/\\\/highxtar.com\\\/wp-content\\\/uploads\\\/2025\\\/06\\\/highxtar-yerai-cortes-destacada.jpg\",\"contentUrl\":\"https:\\\/\\\/highxtar.com\\\/wp-content\\\/uploads\\\/2025\\\/06\\\/highxtar-yerai-cortes-destacada.jpg\",\"width\":1600,\"height\":1200},{\"@type\":\"BreadcrumbList\",\"@id\":\"https:\\\/\\\/highxtar.com\\\/en\\\/yerai-cortes-to-perform-at-the-palau-de-la-musica-catalana\\\/#breadcrumb\",\"itemListElement\":[{\"@type\":\"ListItem\",\"position\":1,\"name\":\"Home\",\"item\":\"https:\\\/\\\/highxtar.com\\\/en\\\/\"},{\"@type\":\"ListItem\",\"position\":2,\"name\":\"Yerai Cort\u00e9s to perform at the Palau de la M\u00fasica Catalana\"}]},{\"@type\":\"WebSite\",\"@id\":\"https:\\\/\\\/highxtar.com\\\/#website\",\"url\":\"https:\\\/\\\/highxtar.com\\\/\",\"name\":\"HIGHXTAR.\",\"description\":\"HIGHXTAR. es la voz latina de la moda y el streetwear. Devotos de las cosas que hacen la vida urbana excitante: Moda, M\u00fasica, Lifestyle, Arte &amp; Dise\u00f1o.\",\"publisher\":{\"@id\":\"https:\\\/\\\/highxtar.com\\\/#organization\"},\"potentialAction\":[{\"@type\":\"SearchAction\",\"target\":{\"@type\":\"EntryPoint\",\"urlTemplate\":\"https:\\\/\\\/highxtar.com\\\/?s={search_term_string}\"},\"query-input\":{\"@type\":\"PropertyValueSpecification\",\"valueRequired\":true,\"valueName\":\"search_term_string\"}}],\"inLanguage\":\"en-US\"},{\"@type\":\"Organization\",\"@id\":\"https:\\\/\\\/highxtar.com\\\/#organization\",\"name\":\"HIGHXTAR.\",\"url\":\"https:\\\/\\\/highxtar.com\\\/\",\"logo\":{\"@type\":\"ImageObject\",\"inLanguage\":\"en-US\",\"@id\":\"https:\\\/\\\/highxtar.com\\\/#\\\/schema\\\/logo\\\/image\\\/\",\"url\":\"https:\\\/\\\/highxtar.com\\\/wp-content\\\/uploads\\\/2016\\\/03\\\/HIGHXTAR_com_Favicon_2019.jpg\",\"contentUrl\":\"https:\\\/\\\/highxtar.com\\\/wp-content\\\/uploads\\\/2016\\\/03\\\/HIGHXTAR_com_Favicon_2019.jpg\",\"width\":1200,\"height\":1200,\"caption\":\"HIGHXTAR.\"},\"image\":{\"@id\":\"https:\\\/\\\/highxtar.com\\\/#\\\/schema\\\/logo\\\/image\\\/\"},\"sameAs\":[\"https:\\\/\\\/www.facebook.com\\\/highxtar\",\"https:\\\/\\\/x.com\\\/highxtar_\",\"https:\\\/\\\/www.instagram.com\\\/highxtar\",\"https:\\\/\\\/www.tiktok.com\\\/@highxtar\",\"https:\\\/\\\/www.youtube.com\\\/c\\\/highxtarofficial\",\"https:\\\/\\\/open.spotify.com\\\/user\\\/highxtar\"]},{\"@type\":\"Person\",\"@id\":\"https:\\\/\\\/highxtar.com\\\/#\\\/schema\\\/person\\\/861b5d1b459a894df367f295d952c789\",\"name\":\"Mar Piera\",\"description\":\"Editor &amp; Project Manager. m.piera@highxtar.com\",\"sameAs\":[\"https:\\\/\\\/www.instagram.com\\\/marpiera\\\/\"],\"url\":\"https:\\\/\\\/highxtar.com\\\/en\\\/author\\\/marpiera\\\/\"}]}<\/script>\n<!-- \/ Yoast SEO Premium plugin. -->","yoast_head_json":{"title":"Yerai Cort\u00e9s to perform at the Palau de la M\u00fasica Catalana - HIGHXTAR.","description":"The artist returns to the Barcelona Jazz Festival with a dream date: his first concert at the iconic Palau de la M\u00fasica Catalana.","robots":{"index":"index","follow":"follow","max-snippet":"max-snippet:-1","max-image-preview":"max-image-preview:large","max-video-preview":"max-video-preview:-1"},"canonical":"https:\/\/highxtar.com\/en\/yerai-cortes-to-perform-at-the-palau-de-la-musica-catalana\/","og_locale":"en_US","og_type":"article","og_title":"Yerai Cort\u00e9s to perform at the Palau de la M\u00fasica Catalana","og_description":"The artist returns to the Barcelona Jazz Festival with a dream date: his first concert at the iconic Palau de la M\u00fasica Catalana.","og_url":"https:\/\/highxtar.com\/en\/yerai-cortes-to-perform-at-the-palau-de-la-musica-catalana\/","og_site_name":"HIGHXTAR.","article_publisher":"https:\/\/www.facebook.com\/highxtar","article_published_time":"2025-06-19T11:00:17+00:00","article_modified_time":"2025-06-19T11:00:18+00:00","og_image":[{"width":1600,"height":1200,"url":"https:\/\/highxtar.com\/wp-content\/uploads\/2025\/06\/highxtar-yerai-cortes-destacada.jpg","type":"image\/jpeg"}],"author":"Mar Piera","twitter_card":"summary_large_image","twitter_creator":"@highxtar_","twitter_site":"@highxtar_","twitter_misc":{"Written by":"Mar Piera","Est. reading time":"2 minutes"},"schema":{"@context":"https:\/\/schema.org","@graph":[{"@type":"Article","@id":"https:\/\/highxtar.com\/en\/yerai-cortes-to-perform-at-the-palau-de-la-musica-catalana\/#article","isPartOf":{"@id":"https:\/\/highxtar.com\/en\/yerai-cortes-to-perform-at-the-palau-de-la-musica-catalana\/"},"author":{"name":"Mar Piera","@id":"https:\/\/highxtar.com\/#\/schema\/person\/861b5d1b459a894df367f295d952c789"},"headline":"Yerai Cort\u00e9s to perform at the Palau de la M\u00fasica Catalana","datePublished":"2025-06-19T11:00:17+00:00","dateModified":"2025-06-19T11:00:18+00:00","mainEntityOfPage":{"@id":"https:\/\/highxtar.com\/en\/yerai-cortes-to-perform-at-the-palau-de-la-musica-catalana\/"},"wordCount":330,"commentCount":0,"publisher":{"@id":"https:\/\/highxtar.com\/#organization"},"image":{"@id":"https:\/\/highxtar.com\/en\/yerai-cortes-to-perform-at-the-palau-de-la-musica-catalana\/#primaryimage"},"thumbnailUrl":"https:\/\/highxtar.com\/wp-content\/uploads\/2025\/06\/highxtar-yerai-cortes-destacada.jpg","articleSection":["Music"],"inLanguage":"en-US","potentialAction":[{"@type":"CommentAction","name":"Comment","target":["https:\/\/highxtar.com\/en\/yerai-cortes-to-perform-at-the-palau-de-la-musica-catalana\/#respond"]}],"copyrightYear":"2025","copyrightHolder":{"@id":"https:\/\/highxtar.com\/#organization"}},{"@type":"WebPage","@id":"https:\/\/highxtar.com\/en\/yerai-cortes-to-perform-at-the-palau-de-la-musica-catalana\/","url":"https:\/\/highxtar.com\/en\/yerai-cortes-to-perform-at-the-palau-de-la-musica-catalana\/","name":"Yerai Cort\u00e9s to perform at the Palau de la M\u00fasica Catalana - HIGHXTAR.","isPartOf":{"@id":"https:\/\/highxtar.com\/#website"},"primaryImageOfPage":{"@id":"https:\/\/highxtar.com\/en\/yerai-cortes-to-perform-at-the-palau-de-la-musica-catalana\/#primaryimage"},"image":{"@id":"https:\/\/highxtar.com\/en\/yerai-cortes-to-perform-at-the-palau-de-la-musica-catalana\/#primaryimage"},"thumbnailUrl":"https:\/\/highxtar.com\/wp-content\/uploads\/2025\/06\/highxtar-yerai-cortes-destacada.jpg","datePublished":"2025-06-19T11:00:17+00:00","dateModified":"2025-06-19T11:00:18+00:00","description":"The artist returns to the Barcelona Jazz Festival with a dream date: his first concert at the iconic Palau de la M\u00fasica Catalana.","breadcrumb":{"@id":"https:\/\/highxtar.com\/en\/yerai-cortes-to-perform-at-the-palau-de-la-musica-catalana\/#breadcrumb"},"inLanguage":"en-US","potentialAction":[{"@type":"ReadAction","target":["https:\/\/highxtar.com\/en\/yerai-cortes-to-perform-at-the-palau-de-la-musica-catalana\/"]}]},{"@type":"ImageObject","inLanguage":"en-US","@id":"https:\/\/highxtar.com\/en\/yerai-cortes-to-perform-at-the-palau-de-la-musica-catalana\/#primaryimage","url":"https:\/\/highxtar.com\/wp-content\/uploads\/2025\/06\/highxtar-yerai-cortes-destacada.jpg","contentUrl":"https:\/\/highxtar.com\/wp-content\/uploads\/2025\/06\/highxtar-yerai-cortes-destacada.jpg","width":1600,"height":1200},{"@type":"BreadcrumbList","@id":"https:\/\/highxtar.com\/en\/yerai-cortes-to-perform-at-the-palau-de-la-musica-catalana\/#breadcrumb","itemListElement":[{"@type":"ListItem","position":1,"name":"Home","item":"https:\/\/highxtar.com\/en\/"},{"@type":"ListItem","position":2,"name":"Yerai Cort\u00e9s to perform at the Palau de la M\u00fasica Catalana"}]},{"@type":"WebSite","@id":"https:\/\/highxtar.com\/#website","url":"https:\/\/highxtar.com\/","name":"HIGHXTAR.","description":"HIGHXTAR. es la voz latina de la moda y el streetwear. Devotos de las cosas que hacen la vida urbana excitante: Moda, M\u00fasica, Lifestyle, Arte &amp; Dise\u00f1o.","publisher":{"@id":"https:\/\/highxtar.com\/#organization"},"potentialAction":[{"@type":"SearchAction","target":{"@type":"EntryPoint","urlTemplate":"https:\/\/highxtar.com\/?s={search_term_string}"},"query-input":{"@type":"PropertyValueSpecification","valueRequired":true,"valueName":"search_term_string"}}],"inLanguage":"en-US"},{"@type":"Organization","@id":"https:\/\/highxtar.com\/#organization","name":"HIGHXTAR.","url":"https:\/\/highxtar.com\/","logo":{"@type":"ImageObject","inLanguage":"en-US","@id":"https:\/\/highxtar.com\/#\/schema\/logo\/image\/","url":"https:\/\/highxtar.com\/wp-content\/uploads\/2016\/03\/HIGHXTAR_com_Favicon_2019.jpg","contentUrl":"https:\/\/highxtar.com\/wp-content\/uploads\/2016\/03\/HIGHXTAR_com_Favicon_2019.jpg","width":1200,"height":1200,"caption":"HIGHXTAR."},"image":{"@id":"https:\/\/highxtar.com\/#\/schema\/logo\/image\/"},"sameAs":["https:\/\/www.facebook.com\/highxtar","https:\/\/x.com\/highxtar_","https:\/\/www.instagram.com\/highxtar","https:\/\/www.tiktok.com\/@highxtar","https:\/\/www.youtube.com\/c\/highxtarofficial","https:\/\/open.spotify.com\/user\/highxtar"]},{"@type":"Person","@id":"https:\/\/highxtar.com\/#\/schema\/person\/861b5d1b459a894df367f295d952c789","name":"Mar Piera","description":"Editor &amp; Project Manager. m.piera@highxtar.com","sameAs":["https:\/\/www.instagram.com\/marpiera\/"],"url":"https:\/\/highxtar.com\/en\/author\/marpiera\/"}]}},"_links":{"self":[{"href":"https:\/\/highxtar.com\/en\/wp-json\/wp\/v2\/posts\/516070","targetHints":{"allow":["GET"]}}],"collection":[{"href":"https:\/\/highxtar.com\/en\/wp-json\/wp\/v2\/posts"}],"about":[{"href":"https:\/\/highxtar.com\/en\/wp-json\/wp\/v2\/types\/post"}],"author":[{"embeddable":true,"href":"https:\/\/highxtar.com\/en\/wp-json\/wp\/v2\/users\/22"}],"replies":[{"embeddable":true,"href":"https:\/\/highxtar.com\/en\/wp-json\/wp\/v2\/comments?post=516070"}],"version-history":[{"count":2,"href":"https:\/\/highxtar.com\/en\/wp-json\/wp\/v2\/posts\/516070\/revisions"}],"predecessor-version":[{"id":516072,"href":"https:\/\/highxtar.com\/en\/wp-json\/wp\/v2\/posts\/516070\/revisions\/516072"}],"wp:featuredmedia":[{"embeddable":true,"href":"https:\/\/highxtar.com\/en\/wp-json\/wp\/v2\/media\/516068"}],"wp:attachment":[{"href":"https:\/\/highxtar.com\/en\/wp-json\/wp\/v2\/media?parent=516070"}],"wp:term":[{"taxonomy":"category","embeddable":true,"href":"https:\/\/highxtar.com\/en\/wp-json\/wp\/v2\/categories?post=516070"},{"taxonomy":"post_tag","embeddable":true,"href":"https:\/\/highxtar.com\/en\/wp-json\/wp\/v2\/tags?post=516070"}],"curies":[{"name":"wp","href":"https:\/\/api.w.org\/{rel}","templated":true}]}}