{"id":520097,"date":"2025-07-14T09:38:48","date_gmt":"2025-07-14T07:38:48","guid":{"rendered":"https:\/\/highxtar.com\/?p=520097"},"modified":"2025-07-14T09:38:49","modified_gmt":"2025-07-14T07:38:49","slug":"mas-alas-is-leiti-senes-new-single-with-polima-west-coast","status":"publish","type":"post","link":"https:\/\/highxtar.com\/en\/mas-alas-is-leiti-senes-new-single-with-polima-west-coast\/","title":{"rendered":"&#8216;M\u00e1s Alas&#8217; is Le\u00efti S\u00e8ne&#8217;s new single with Polim\u00e1 West Coast"},"content":{"rendered":"\n<p>After two years of silence, <strong><a href=\"https:\/\/www.instagram.com\/leitisene\/?hl=es\">Le\u00efti S\u00e8ne<\/a><\/strong> returns with \u2018M\u00e1s Alas\u2019, her first single with Universal Music and the beginning of a new musical cycle. In collaboration with Chilean Polim\u00e1 Westcoast, this song marks a return full of purpose, with a message that speaks of strength, spirituality and the power of building from the community.<\/p>\n\n\n\n<figure class=\"wp-block-embed is-type-video is-provider-youtube wp-block-embed-youtube wp-embed-aspect-16-9 wp-has-aspect-ratio\"><div class=\"wp-block-embed__wrapper\">\n<iframe title=\"LE\u00cfTI, Polim\u00e1 Westcoast - M\u00e1s alas (V\u00eddeo Oficial)\" width=\"640\" height=\"360\" src=\"https:\/\/www.youtube.com\/embed\/CXd8gBxmTmE?feature=oembed\" frameborder=\"0\" allow=\"accelerometer; autoplay; clipboard-write; encrypted-media; gyroscope; picture-in-picture; web-share\" referrerpolicy=\"strict-origin-when-cross-origin\" allowfullscreen><\/iframe>\n<\/div><\/figure>\n\n\n\n<p>The track is a celebration of the reunion between two artists with parallel careers and a bond that goes beyond music. Le\u00efti and Polim\u00e1 join their voices in a fresh sound, rooted in soul, funk and afro beats, developed by regular producer Kar Lee (aka Carly). The central phrase of the track, \u2018give me wings to see you, more wings to see you\u2019, functions as a spiritual mantra, a call to move forward with faith and purpose.<\/p>\n\n\n\n<p>&#8220;I want people listening to this song to feel a sense of depth. We are in a time where everything is aesthetic, everything is about form. I want to reconnect with the message, with something that gives meaning to the chaos we live in&#8221;, says Le\u00efti about this new creative stage.<\/p>\n\n\n\n<p>Far from being just a new track, \u2018M\u00e1s Alas\u2019 encapsulates Le\u00efti&#8217;s inner journey: an artistic and spiritual transformation. After two years of silence and an intense process of vital and creative growth, Le\u00efti returns with more clarity than ever: with a more conscious approach, and with her label Epiphany (born from the Cutemobb collective), now operating alongside Universal.<\/p>\n\n\n\n<figure class=\"wp-block-gallery has-nested-images columns-2 is-cropped is-style-galeria-normal wp-block-gallery-1 is-layout-flex wp-block-gallery-is-layout-flex\">\n<figure class=\"wp-block-image size-full\"><img decoding=\"async\" width=\"1536\" height=\"2048\" data-id=\"520087\" src=\"https:\/\/highxtar.com\/wp-content\/uploads\/2025\/07\/highxtar-leiti-polima-WhatsApp-Image-2025-07-11-at-10.56.55-1.jpeg\" alt=\"\" class=\"wp-image-520087\" srcset=\"https:\/\/highxtar.com\/wp-content\/uploads\/2025\/07\/highxtar-leiti-polima-WhatsApp-Image-2025-07-11-at-10.56.55-1.jpeg 1536w, https:\/\/highxtar.com\/wp-content\/uploads\/2025\/07\/highxtar-leiti-polima-WhatsApp-Image-2025-07-11-at-10.56.55-1-225x300.jpeg 225w, https:\/\/highxtar.com\/wp-content\/uploads\/2025\/07\/highxtar-leiti-polima-WhatsApp-Image-2025-07-11-at-10.56.55-1-768x1024.jpeg 768w, https:\/\/highxtar.com\/wp-content\/uploads\/2025\/07\/highxtar-leiti-polima-WhatsApp-Image-2025-07-11-at-10.56.55-1-1152x1536.jpeg 1152w, https:\/\/highxtar.com\/wp-content\/uploads\/2025\/07\/highxtar-leiti-polima-WhatsApp-Image-2025-07-11-at-10.56.55-1-1440x1920.jpeg 1440w, https:\/\/highxtar.com\/wp-content\/uploads\/2025\/07\/highxtar-leiti-polima-WhatsApp-Image-2025-07-11-at-10.56.55-1-973x1297.jpeg 973w, https:\/\/highxtar.com\/wp-content\/uploads\/2025\/07\/highxtar-leiti-polima-WhatsApp-Image-2025-07-11-at-10.56.55-1-700x933.jpeg 700w, https:\/\/highxtar.com\/wp-content\/uploads\/2025\/07\/highxtar-leiti-polima-WhatsApp-Image-2025-07-11-at-10.56.55-1-508x677.jpeg 508w\" sizes=\"(max-width: 1536px) 100vw, 1536px\" \/><\/figure>\n\n\n\n<figure class=\"wp-block-image size-full\"><img decoding=\"async\" width=\"1152\" height=\"2048\" data-id=\"520085\" src=\"https:\/\/highxtar.com\/wp-content\/uploads\/2025\/07\/highxtar-leiti-polima-WhatsApp-Image-2025-07-11-at-10.56.55.jpeg\" alt=\"\" class=\"wp-image-520085\" srcset=\"https:\/\/highxtar.com\/wp-content\/uploads\/2025\/07\/highxtar-leiti-polima-WhatsApp-Image-2025-07-11-at-10.56.55.jpeg 1152w, https:\/\/highxtar.com\/wp-content\/uploads\/2025\/07\/highxtar-leiti-polima-WhatsApp-Image-2025-07-11-at-10.56.55-169x300.jpeg 169w, https:\/\/highxtar.com\/wp-content\/uploads\/2025\/07\/highxtar-leiti-polima-WhatsApp-Image-2025-07-11-at-10.56.55-576x1024.jpeg 576w, https:\/\/highxtar.com\/wp-content\/uploads\/2025\/07\/highxtar-leiti-polima-WhatsApp-Image-2025-07-11-at-10.56.55-768x1365.jpeg 768w, https:\/\/highxtar.com\/wp-content\/uploads\/2025\/07\/highxtar-leiti-polima-WhatsApp-Image-2025-07-11-at-10.56.55-864x1536.jpeg 864w, https:\/\/highxtar.com\/wp-content\/uploads\/2025\/07\/highxtar-leiti-polima-WhatsApp-Image-2025-07-11-at-10.56.55-973x1730.jpeg 973w, https:\/\/highxtar.com\/wp-content\/uploads\/2025\/07\/highxtar-leiti-polima-WhatsApp-Image-2025-07-11-at-10.56.55-700x1244.jpeg 700w, https:\/\/highxtar.com\/wp-content\/uploads\/2025\/07\/highxtar-leiti-polima-WhatsApp-Image-2025-07-11-at-10.56.55-508x903.jpeg 508w\" sizes=\"(max-width: 1152px) 100vw, 1152px\" \/><\/figure>\n\n\n\n<figure class=\"wp-block-image size-full\"><img decoding=\"async\" width=\"1366\" height=\"2048\" data-id=\"520089\" src=\"https:\/\/highxtar.com\/wp-content\/uploads\/2025\/07\/highxtar-leiti-polima-WhatsApp-Image-2025-07-11-at-10.56.54.jpeg\" alt=\"\" class=\"wp-image-520089\" srcset=\"https:\/\/highxtar.com\/wp-content\/uploads\/2025\/07\/highxtar-leiti-polima-WhatsApp-Image-2025-07-11-at-10.56.54.jpeg 1366w, https:\/\/highxtar.com\/wp-content\/uploads\/2025\/07\/highxtar-leiti-polima-WhatsApp-Image-2025-07-11-at-10.56.54-200x300.jpeg 200w, https:\/\/highxtar.com\/wp-content\/uploads\/2025\/07\/highxtar-leiti-polima-WhatsApp-Image-2025-07-11-at-10.56.54-683x1024.jpeg 683w, https:\/\/highxtar.com\/wp-content\/uploads\/2025\/07\/highxtar-leiti-polima-WhatsApp-Image-2025-07-11-at-10.56.54-768x1151.jpeg 768w, https:\/\/highxtar.com\/wp-content\/uploads\/2025\/07\/highxtar-leiti-polima-WhatsApp-Image-2025-07-11-at-10.56.54-1025x1536.jpeg 1025w, https:\/\/highxtar.com\/wp-content\/uploads\/2025\/07\/highxtar-leiti-polima-WhatsApp-Image-2025-07-11-at-10.56.54-973x1459.jpeg 973w, https:\/\/highxtar.com\/wp-content\/uploads\/2025\/07\/highxtar-leiti-polima-WhatsApp-Image-2025-07-11-at-10.56.54-700x1049.jpeg 700w, https:\/\/highxtar.com\/wp-content\/uploads\/2025\/07\/highxtar-leiti-polima-WhatsApp-Image-2025-07-11-at-10.56.54-508x762.jpeg 508w\" sizes=\"(max-width: 1366px) 100vw, 1366px\" \/><\/figure>\n<\/figure>\n\n\n\n<p>To celebrate this release, Le\u00efti S\u00e8ne and Polim\u00e1 Westcoast held a free surprise party at Club Malasa\u00f1a (Madrid) the day before. This celebration was accompanied by DJ sets by AIR + Sita Abell\u00e1n + Sindicato del Baile.<\/p>\n\n\n\n<p><a href=\"https:\/\/highxtar.com\/en\/fegg-diaye-market-in-senegal-inspires-tareet-s-new-collection\/\"><strong>The F\u00ebgg Diaye 10 collection tells the story of a garment in just 10 looks, from the raw material to its reinvention.<\/strong><\/a><\/p>\n","protected":false},"excerpt":{"rendered":"<p>&#8216;M\u00e1s Alas&#8217; is the first preview of Le\u00efti&#8217;s next project, where community, art and identity are stronger than ever.<\/p>\n","protected":false},"author":22,"featured_media":520095,"comment_status":"open","ping_status":"closed","sticky":false,"template":"","format":"standard","meta":{"_acf_changed":false,"footnotes":""},"categories":[604],"tags":[],"class_list":["post-520097","post","type-post","status-publish","format-standard","has-post-thumbnail","hentry","category-music-en"],"acf":[],"yoast_head":"<!-- This site is optimized with the Yoast SEO Premium plugin  - https:\/\/yoast.com\/product\/yoast-seo-premium-wordpress\/ -->\n<title>&#039;M\u00e1s Alas&#039; is Le\u00efti S\u00e8ne&#039;s new single with Polim\u00e1 West Coast - HIGHXTAR.<\/title>\n<meta name=\"description\" content=\"&#039;M\u00e1s Alas&#039; is the first preview of Le\u00efti&#039;s next project, where community, art and identity are stronger than ever.\" \/>\n<meta name=\"robots\" content=\"index, follow, max-snippet:-1, max-image-preview:large, max-video-preview:-1\" \/>\n<link rel=\"canonical\" href=\"https:\/\/highxtar.com\/en\/mas-alas-is-leiti-senes-new-single-with-polima-west-coast\/\" \/>\n<meta property=\"og:locale\" content=\"en_US\" \/>\n<meta property=\"og:type\" content=\"article\" \/>\n<meta property=\"og:title\" content=\"&#039;M\u00e1s Alas&#039; is Le\u00efti S\u00e8ne&#039;s new single with Polim\u00e1 West Coast\" \/>\n<meta property=\"og:description\" content=\"&#039;M\u00e1s Alas&#039; is the first preview of Le\u00efti&#039;s next project, where community, art and identity are stronger than ever.\" \/>\n<meta property=\"og:url\" content=\"https:\/\/highxtar.com\/en\/mas-alas-is-leiti-senes-new-single-with-polima-west-coast\/\" \/>\n<meta property=\"og:site_name\" content=\"HIGHXTAR.\" \/>\n<meta property=\"article:publisher\" content=\"https:\/\/www.facebook.com\/highxtar\" \/>\n<meta property=\"article:published_time\" content=\"2025-07-14T07:38:48+00:00\" \/>\n<meta property=\"article:modified_time\" content=\"2025-07-14T07:38:49+00:00\" \/>\n<meta property=\"og:image\" content=\"https:\/\/highxtar.com\/wp-content\/uploads\/2025\/07\/highxtar-leiti-sene-polima-westcoast-destacada.jpg\" \/>\n\t<meta property=\"og:image:width\" content=\"1600\" \/>\n\t<meta property=\"og:image:height\" content=\"1200\" \/>\n\t<meta property=\"og:image:type\" content=\"image\/jpeg\" \/>\n<meta name=\"author\" content=\"Mar Piera\" \/>\n<meta name=\"twitter:card\" content=\"summary_large_image\" \/>\n<meta name=\"twitter:creator\" content=\"@highxtar_\" \/>\n<meta name=\"twitter:site\" content=\"@highxtar_\" \/>\n<meta name=\"twitter:label1\" content=\"Written by\" \/>\n\t<meta name=\"twitter:data1\" content=\"Mar Piera\" \/>\n\t<meta name=\"twitter:label2\" content=\"Est. reading time\" \/>\n\t<meta name=\"twitter:data2\" content=\"3 minutes\" \/>\n<script type=\"application\/ld+json\" class=\"yoast-schema-graph\">{\"@context\":\"https:\\\/\\\/schema.org\",\"@graph\":[{\"@type\":\"Article\",\"@id\":\"https:\\\/\\\/highxtar.com\\\/en\\\/mas-alas-is-leiti-senes-new-single-with-polima-west-coast\\\/#article\",\"isPartOf\":{\"@id\":\"https:\\\/\\\/highxtar.com\\\/en\\\/mas-alas-is-leiti-senes-new-single-with-polima-west-coast\\\/\"},\"author\":{\"name\":\"Mar Piera\",\"@id\":\"https:\\\/\\\/highxtar.com\\\/#\\\/schema\\\/person\\\/861b5d1b459a894df367f295d952c789\"},\"headline\":\"&#8216;M\u00e1s Alas&#8217; is Le\u00efti S\u00e8ne&#8217;s new single with Polim\u00e1 West Coast\",\"datePublished\":\"2025-07-14T07:38:48+00:00\",\"dateModified\":\"2025-07-14T07:38:49+00:00\",\"mainEntityOfPage\":{\"@id\":\"https:\\\/\\\/highxtar.com\\\/en\\\/mas-alas-is-leiti-senes-new-single-with-polima-west-coast\\\/\"},\"wordCount\":340,\"commentCount\":0,\"publisher\":{\"@id\":\"https:\\\/\\\/highxtar.com\\\/#organization\"},\"image\":{\"@id\":\"https:\\\/\\\/highxtar.com\\\/en\\\/mas-alas-is-leiti-senes-new-single-with-polima-west-coast\\\/#primaryimage\"},\"thumbnailUrl\":\"https:\\\/\\\/highxtar.com\\\/wp-content\\\/uploads\\\/2025\\\/07\\\/highxtar-leiti-sene-polima-westcoast-destacada.jpg\",\"articleSection\":[\"Music\"],\"inLanguage\":\"en-US\",\"potentialAction\":[{\"@type\":\"CommentAction\",\"name\":\"Comment\",\"target\":[\"https:\\\/\\\/highxtar.com\\\/en\\\/mas-alas-is-leiti-senes-new-single-with-polima-west-coast\\\/#respond\"]}],\"copyrightYear\":\"2025\",\"copyrightHolder\":{\"@id\":\"https:\\\/\\\/highxtar.com\\\/#organization\"}},{\"@type\":\"WebPage\",\"@id\":\"https:\\\/\\\/highxtar.com\\\/en\\\/mas-alas-is-leiti-senes-new-single-with-polima-west-coast\\\/\",\"url\":\"https:\\\/\\\/highxtar.com\\\/en\\\/mas-alas-is-leiti-senes-new-single-with-polima-west-coast\\\/\",\"name\":\"'M\u00e1s Alas' is Le\u00efti S\u00e8ne's new single with Polim\u00e1 West Coast - HIGHXTAR.\",\"isPartOf\":{\"@id\":\"https:\\\/\\\/highxtar.com\\\/#website\"},\"primaryImageOfPage\":{\"@id\":\"https:\\\/\\\/highxtar.com\\\/en\\\/mas-alas-is-leiti-senes-new-single-with-polima-west-coast\\\/#primaryimage\"},\"image\":{\"@id\":\"https:\\\/\\\/highxtar.com\\\/en\\\/mas-alas-is-leiti-senes-new-single-with-polima-west-coast\\\/#primaryimage\"},\"thumbnailUrl\":\"https:\\\/\\\/highxtar.com\\\/wp-content\\\/uploads\\\/2025\\\/07\\\/highxtar-leiti-sene-polima-westcoast-destacada.jpg\",\"datePublished\":\"2025-07-14T07:38:48+00:00\",\"dateModified\":\"2025-07-14T07:38:49+00:00\",\"description\":\"'M\u00e1s Alas' is the first preview of Le\u00efti's next project, where community, art and identity are stronger than ever.\",\"breadcrumb\":{\"@id\":\"https:\\\/\\\/highxtar.com\\\/en\\\/mas-alas-is-leiti-senes-new-single-with-polima-west-coast\\\/#breadcrumb\"},\"inLanguage\":\"en-US\",\"potentialAction\":[{\"@type\":\"ReadAction\",\"target\":[\"https:\\\/\\\/highxtar.com\\\/en\\\/mas-alas-is-leiti-senes-new-single-with-polima-west-coast\\\/\"]}]},{\"@type\":\"ImageObject\",\"inLanguage\":\"en-US\",\"@id\":\"https:\\\/\\\/highxtar.com\\\/en\\\/mas-alas-is-leiti-senes-new-single-with-polima-west-coast\\\/#primaryimage\",\"url\":\"https:\\\/\\\/highxtar.com\\\/wp-content\\\/uploads\\\/2025\\\/07\\\/highxtar-leiti-sene-polima-westcoast-destacada.jpg\",\"contentUrl\":\"https:\\\/\\\/highxtar.com\\\/wp-content\\\/uploads\\\/2025\\\/07\\\/highxtar-leiti-sene-polima-westcoast-destacada.jpg\",\"width\":1600,\"height\":1200},{\"@type\":\"BreadcrumbList\",\"@id\":\"https:\\\/\\\/highxtar.com\\\/en\\\/mas-alas-is-leiti-senes-new-single-with-polima-west-coast\\\/#breadcrumb\",\"itemListElement\":[{\"@type\":\"ListItem\",\"position\":1,\"name\":\"Home\",\"item\":\"https:\\\/\\\/highxtar.com\\\/en\\\/\"},{\"@type\":\"ListItem\",\"position\":2,\"name\":\"&#8216;M\u00e1s Alas&#8217; is Le\u00efti S\u00e8ne&#8217;s new single with Polim\u00e1 West Coast\"}]},{\"@type\":\"WebSite\",\"@id\":\"https:\\\/\\\/highxtar.com\\\/#website\",\"url\":\"https:\\\/\\\/highxtar.com\\\/\",\"name\":\"HIGHXTAR.\",\"description\":\"HIGHXTAR. es la voz latina de la moda y el streetwear. Devotos de las cosas que hacen la vida urbana excitante: Moda, M\u00fasica, Lifestyle, Arte &amp; Dise\u00f1o.\",\"publisher\":{\"@id\":\"https:\\\/\\\/highxtar.com\\\/#organization\"},\"potentialAction\":[{\"@type\":\"SearchAction\",\"target\":{\"@type\":\"EntryPoint\",\"urlTemplate\":\"https:\\\/\\\/highxtar.com\\\/?s={search_term_string}\"},\"query-input\":{\"@type\":\"PropertyValueSpecification\",\"valueRequired\":true,\"valueName\":\"search_term_string\"}}],\"inLanguage\":\"en-US\"},{\"@type\":\"Organization\",\"@id\":\"https:\\\/\\\/highxtar.com\\\/#organization\",\"name\":\"HIGHXTAR.\",\"url\":\"https:\\\/\\\/highxtar.com\\\/\",\"logo\":{\"@type\":\"ImageObject\",\"inLanguage\":\"en-US\",\"@id\":\"https:\\\/\\\/highxtar.com\\\/#\\\/schema\\\/logo\\\/image\\\/\",\"url\":\"https:\\\/\\\/highxtar.com\\\/wp-content\\\/uploads\\\/2016\\\/03\\\/HIGHXTAR_com_Favicon_2019.jpg\",\"contentUrl\":\"https:\\\/\\\/highxtar.com\\\/wp-content\\\/uploads\\\/2016\\\/03\\\/HIGHXTAR_com_Favicon_2019.jpg\",\"width\":1200,\"height\":1200,\"caption\":\"HIGHXTAR.\"},\"image\":{\"@id\":\"https:\\\/\\\/highxtar.com\\\/#\\\/schema\\\/logo\\\/image\\\/\"},\"sameAs\":[\"https:\\\/\\\/www.facebook.com\\\/highxtar\",\"https:\\\/\\\/x.com\\\/highxtar_\",\"https:\\\/\\\/www.instagram.com\\\/highxtar\",\"https:\\\/\\\/www.tiktok.com\\\/@highxtar\",\"https:\\\/\\\/www.youtube.com\\\/c\\\/highxtarofficial\",\"https:\\\/\\\/open.spotify.com\\\/user\\\/highxtar\"]},{\"@type\":\"Person\",\"@id\":\"https:\\\/\\\/highxtar.com\\\/#\\\/schema\\\/person\\\/861b5d1b459a894df367f295d952c789\",\"name\":\"Mar Piera\",\"description\":\"Editor &amp; Project Manager. m.piera@highxtar.com\",\"sameAs\":[\"https:\\\/\\\/www.instagram.com\\\/marpiera\\\/\"],\"url\":\"https:\\\/\\\/highxtar.com\\\/en\\\/author\\\/marpiera\\\/\"}]}<\/script>\n<!-- \/ Yoast SEO Premium plugin. -->","yoast_head_json":{"title":"'M\u00e1s Alas' is Le\u00efti S\u00e8ne's new single with Polim\u00e1 West Coast - HIGHXTAR.","description":"'M\u00e1s Alas' is the first preview of Le\u00efti's next project, where community, art and identity are stronger than ever.","robots":{"index":"index","follow":"follow","max-snippet":"max-snippet:-1","max-image-preview":"max-image-preview:large","max-video-preview":"max-video-preview:-1"},"canonical":"https:\/\/highxtar.com\/en\/mas-alas-is-leiti-senes-new-single-with-polima-west-coast\/","og_locale":"en_US","og_type":"article","og_title":"'M\u00e1s Alas' is Le\u00efti S\u00e8ne's new single with Polim\u00e1 West Coast","og_description":"'M\u00e1s Alas' is the first preview of Le\u00efti's next project, where community, art and identity are stronger than ever.","og_url":"https:\/\/highxtar.com\/en\/mas-alas-is-leiti-senes-new-single-with-polima-west-coast\/","og_site_name":"HIGHXTAR.","article_publisher":"https:\/\/www.facebook.com\/highxtar","article_published_time":"2025-07-14T07:38:48+00:00","article_modified_time":"2025-07-14T07:38:49+00:00","og_image":[{"width":1600,"height":1200,"url":"https:\/\/highxtar.com\/wp-content\/uploads\/2025\/07\/highxtar-leiti-sene-polima-westcoast-destacada.jpg","type":"image\/jpeg"}],"author":"Mar Piera","twitter_card":"summary_large_image","twitter_creator":"@highxtar_","twitter_site":"@highxtar_","twitter_misc":{"Written by":"Mar Piera","Est. reading time":"3 minutes"},"schema":{"@context":"https:\/\/schema.org","@graph":[{"@type":"Article","@id":"https:\/\/highxtar.com\/en\/mas-alas-is-leiti-senes-new-single-with-polima-west-coast\/#article","isPartOf":{"@id":"https:\/\/highxtar.com\/en\/mas-alas-is-leiti-senes-new-single-with-polima-west-coast\/"},"author":{"name":"Mar Piera","@id":"https:\/\/highxtar.com\/#\/schema\/person\/861b5d1b459a894df367f295d952c789"},"headline":"&#8216;M\u00e1s Alas&#8217; is Le\u00efti S\u00e8ne&#8217;s new single with Polim\u00e1 West Coast","datePublished":"2025-07-14T07:38:48+00:00","dateModified":"2025-07-14T07:38:49+00:00","mainEntityOfPage":{"@id":"https:\/\/highxtar.com\/en\/mas-alas-is-leiti-senes-new-single-with-polima-west-coast\/"},"wordCount":340,"commentCount":0,"publisher":{"@id":"https:\/\/highxtar.com\/#organization"},"image":{"@id":"https:\/\/highxtar.com\/en\/mas-alas-is-leiti-senes-new-single-with-polima-west-coast\/#primaryimage"},"thumbnailUrl":"https:\/\/highxtar.com\/wp-content\/uploads\/2025\/07\/highxtar-leiti-sene-polima-westcoast-destacada.jpg","articleSection":["Music"],"inLanguage":"en-US","potentialAction":[{"@type":"CommentAction","name":"Comment","target":["https:\/\/highxtar.com\/en\/mas-alas-is-leiti-senes-new-single-with-polima-west-coast\/#respond"]}],"copyrightYear":"2025","copyrightHolder":{"@id":"https:\/\/highxtar.com\/#organization"}},{"@type":"WebPage","@id":"https:\/\/highxtar.com\/en\/mas-alas-is-leiti-senes-new-single-with-polima-west-coast\/","url":"https:\/\/highxtar.com\/en\/mas-alas-is-leiti-senes-new-single-with-polima-west-coast\/","name":"'M\u00e1s Alas' is Le\u00efti S\u00e8ne's new single with Polim\u00e1 West Coast - HIGHXTAR.","isPartOf":{"@id":"https:\/\/highxtar.com\/#website"},"primaryImageOfPage":{"@id":"https:\/\/highxtar.com\/en\/mas-alas-is-leiti-senes-new-single-with-polima-west-coast\/#primaryimage"},"image":{"@id":"https:\/\/highxtar.com\/en\/mas-alas-is-leiti-senes-new-single-with-polima-west-coast\/#primaryimage"},"thumbnailUrl":"https:\/\/highxtar.com\/wp-content\/uploads\/2025\/07\/highxtar-leiti-sene-polima-westcoast-destacada.jpg","datePublished":"2025-07-14T07:38:48+00:00","dateModified":"2025-07-14T07:38:49+00:00","description":"'M\u00e1s Alas' is the first preview of Le\u00efti's next project, where community, art and identity are stronger than ever.","breadcrumb":{"@id":"https:\/\/highxtar.com\/en\/mas-alas-is-leiti-senes-new-single-with-polima-west-coast\/#breadcrumb"},"inLanguage":"en-US","potentialAction":[{"@type":"ReadAction","target":["https:\/\/highxtar.com\/en\/mas-alas-is-leiti-senes-new-single-with-polima-west-coast\/"]}]},{"@type":"ImageObject","inLanguage":"en-US","@id":"https:\/\/highxtar.com\/en\/mas-alas-is-leiti-senes-new-single-with-polima-west-coast\/#primaryimage","url":"https:\/\/highxtar.com\/wp-content\/uploads\/2025\/07\/highxtar-leiti-sene-polima-westcoast-destacada.jpg","contentUrl":"https:\/\/highxtar.com\/wp-content\/uploads\/2025\/07\/highxtar-leiti-sene-polima-westcoast-destacada.jpg","width":1600,"height":1200},{"@type":"BreadcrumbList","@id":"https:\/\/highxtar.com\/en\/mas-alas-is-leiti-senes-new-single-with-polima-west-coast\/#breadcrumb","itemListElement":[{"@type":"ListItem","position":1,"name":"Home","item":"https:\/\/highxtar.com\/en\/"},{"@type":"ListItem","position":2,"name":"&#8216;M\u00e1s Alas&#8217; is Le\u00efti S\u00e8ne&#8217;s new single with Polim\u00e1 West Coast"}]},{"@type":"WebSite","@id":"https:\/\/highxtar.com\/#website","url":"https:\/\/highxtar.com\/","name":"HIGHXTAR.","description":"HIGHXTAR. es la voz latina de la moda y el streetwear. Devotos de las cosas que hacen la vida urbana excitante: Moda, M\u00fasica, Lifestyle, Arte &amp; Dise\u00f1o.","publisher":{"@id":"https:\/\/highxtar.com\/#organization"},"potentialAction":[{"@type":"SearchAction","target":{"@type":"EntryPoint","urlTemplate":"https:\/\/highxtar.com\/?s={search_term_string}"},"query-input":{"@type":"PropertyValueSpecification","valueRequired":true,"valueName":"search_term_string"}}],"inLanguage":"en-US"},{"@type":"Organization","@id":"https:\/\/highxtar.com\/#organization","name":"HIGHXTAR.","url":"https:\/\/highxtar.com\/","logo":{"@type":"ImageObject","inLanguage":"en-US","@id":"https:\/\/highxtar.com\/#\/schema\/logo\/image\/","url":"https:\/\/highxtar.com\/wp-content\/uploads\/2016\/03\/HIGHXTAR_com_Favicon_2019.jpg","contentUrl":"https:\/\/highxtar.com\/wp-content\/uploads\/2016\/03\/HIGHXTAR_com_Favicon_2019.jpg","width":1200,"height":1200,"caption":"HIGHXTAR."},"image":{"@id":"https:\/\/highxtar.com\/#\/schema\/logo\/image\/"},"sameAs":["https:\/\/www.facebook.com\/highxtar","https:\/\/x.com\/highxtar_","https:\/\/www.instagram.com\/highxtar","https:\/\/www.tiktok.com\/@highxtar","https:\/\/www.youtube.com\/c\/highxtarofficial","https:\/\/open.spotify.com\/user\/highxtar"]},{"@type":"Person","@id":"https:\/\/highxtar.com\/#\/schema\/person\/861b5d1b459a894df367f295d952c789","name":"Mar Piera","description":"Editor &amp; Project Manager. m.piera@highxtar.com","sameAs":["https:\/\/www.instagram.com\/marpiera\/"],"url":"https:\/\/highxtar.com\/en\/author\/marpiera\/"}]}},"_links":{"self":[{"href":"https:\/\/highxtar.com\/en\/wp-json\/wp\/v2\/posts\/520097","targetHints":{"allow":["GET"]}}],"collection":[{"href":"https:\/\/highxtar.com\/en\/wp-json\/wp\/v2\/posts"}],"about":[{"href":"https:\/\/highxtar.com\/en\/wp-json\/wp\/v2\/types\/post"}],"author":[{"embeddable":true,"href":"https:\/\/highxtar.com\/en\/wp-json\/wp\/v2\/users\/22"}],"replies":[{"embeddable":true,"href":"https:\/\/highxtar.com\/en\/wp-json\/wp\/v2\/comments?post=520097"}],"version-history":[{"count":2,"href":"https:\/\/highxtar.com\/en\/wp-json\/wp\/v2\/posts\/520097\/revisions"}],"predecessor-version":[{"id":520100,"href":"https:\/\/highxtar.com\/en\/wp-json\/wp\/v2\/posts\/520097\/revisions\/520100"}],"wp:featuredmedia":[{"embeddable":true,"href":"https:\/\/highxtar.com\/en\/wp-json\/wp\/v2\/media\/520095"}],"wp:attachment":[{"href":"https:\/\/highxtar.com\/en\/wp-json\/wp\/v2\/media?parent=520097"}],"wp:term":[{"taxonomy":"category","embeddable":true,"href":"https:\/\/highxtar.com\/en\/wp-json\/wp\/v2\/categories?post=520097"},{"taxonomy":"post_tag","embeddable":true,"href":"https:\/\/highxtar.com\/en\/wp-json\/wp\/v2\/tags?post=520097"}],"curies":[{"name":"wp","href":"https:\/\/api.w.org\/{rel}","templated":true}]}}