{"id":530018,"date":"2025-09-08T10:36:45","date_gmt":"2025-09-08T08:36:45","guid":{"rendered":"https:\/\/highxtar.com\/?p=530018"},"modified":"2025-09-08T10:46:02","modified_gmt":"2025-09-08T08:46:02","slug":"apertura-madrid-gallery-weekend-2025-returns-with-an-exceptional-programme","status":"publish","type":"post","link":"https:\/\/highxtar.com\/en\/apertura-madrid-gallery-weekend-2025-returns-with-an-exceptional-programme\/","title":{"rendered":"Madrid Gallery Weekend 2025 returns with an exceptional programme"},"content":{"rendered":"\n<p>Once again, Madrid will become the major meeting point for contemporary art with the celebration of Apertura Madrid Gallery Weekend from 11 to 14 September 2025. Its 16th edition, which is particularly significant as it coincides with the 25th anniversary of Arte Madrid, will mark the start of the art season with the participation of the 55 galleries that form part of the Madrid Art Galleries Association.<\/p>\n\n\n\n<p>For sixteen years, Apertura Madrid Gallery Weekend &#8211; which attracted more than 24,000 visitors in its last edition &#8211; has grown exponentially to become an unmissable event showcasing the work of established and emerging national and international galleries.<\/p>\n\n\n\n<p>This year&#8217;s edition will feature 9 group exhibitions and 46 solo exhibitions by 95 leading national and international artists such as Joan Mir\u00f3, Esther Ferrer, Isidoro Valc\u00e1rcel Medina, Juan Manuel Castro Prieto, Manuel Rivera, Mart\u00edn Chirino, Aur\u00e8lia Mu\u00f1oz, Patricia Gadea, Daniel Canogar and Cristina Lucas, as well as other mid-career and emerging artists such as Paula Anta, Los Brav\u00fa, Irene Molina and Jos\u00e9 Luis Valverde. With 58% of the artists being international, figures such as Julie Mehretu, Cy Twombly, Miriam B\u00e4ckstr\u00f6m and Chant Avedissian will also be present.<\/p>\n\n\n\n<p>In addition to the joint opening of the galleries, Apertura is rounded off with a programme of free activities and extended opening hours throughout the event: Thursday from 1:30 pm to 10 pm, Friday and Saturday from 11 am to 8 pm, and Sunday from 11 am to 2 pm.<\/p>\n\n\n\n<p>Established as a benchmark in the city&#8217;s artistic and cultural calendar, Apertura Madrid Gallery Weekend will put contemporary art centre stage at different locations throughout the city for four days, thanks to a programme of exhibitions that seeks to bring art closer to the general public and strengthen dialogue with other cultural disciplines.<\/p>\n\n\n\n<p>\u2018Madrid beats to the rhythm of an incomparable creative energy. From painting to performance, digital art and installations, in Madrid the traditional meets the contemporary, the classic meets the experimental, giving rise to a unique context in which artists can explore, rethink the world and propose new possible futures,\u2019 says the association&#8217;s board of directors.<\/p>\n\n\n\n<figure class=\"wp-block-image alignwide size-full\"><img decoding=\"async\" width=\"660\" height=\"935\" src=\"https:\/\/highxtar.com\/wp-content\/uploads\/2025\/09\/cover_programa_es.jpg\" alt=\"\" class=\"wp-image-530011\" srcset=\"https:\/\/highxtar.com\/wp-content\/uploads\/2025\/09\/cover_programa_es.jpg 660w, https:\/\/highxtar.com\/wp-content\/uploads\/2025\/09\/cover_programa_es-212x300.jpg 212w, https:\/\/highxtar.com\/wp-content\/uploads\/2025\/09\/cover_programa_es-508x720.jpg 508w\" sizes=\"(max-width: 660px) 100vw, 660px\" \/><\/figure>\n\n\n\n<h2 class=\"wp-block-heading has-text-align-center\" id=\"h-art-in-every-corner-of-the-city\">Art in every corner of the city<\/h2>\n\n\n\n<p>A wide range of activities will take place in different neighbourhoods of the capital during Apertura Madrid Gallery Weekend, which will add new features to the programme in different galleries, such as the Apertura Kids programme, a tour of the exhibitions aimed at children aged 8 to 14, and an open-air exhibition in the garden of the L\u00e1zaro Galdiano Museum, where 14 sculptures by artists represented by the association&#8217;s galleries will be on display.<\/p>\n\n\n\n<p>Another highlight is the ARCO GalleryWalks programme, organised in collaboration with the ARCO Foundation, which invites visitors to discover the contemporary art ecosystem in an intimate and participatory way with new guided tours of the galleries. The Pablo Palazuelo Foundation will also offer guided tours of the Bankinter headquarters and the Open-Air Sculpture Museum on Paseo de la Castellana.<\/p>\n\n\n\n<p>On the other hand, following last year&#8217;s excellent reception, the Gallery Notebook is back, an initiative in collaboration with the Community of Madrid and ARCO that invites visitors to explore the work of galleries in depth. This limited edition notebook aims to encourage knowledge of the city&#8217;s gallery scene, accompanying visitors on their tour and offering the chance to participate in a draw for a ticket to ARCOmadrid 2026.<\/p>\n\n\n\n<p>To help the public organise their route and enjoy the artistic offerings, Arte Madrid has its own app\u2014free and available all year round on Google Play and the App Store\u2014where you can consult the full programme and information about the event and related activities. To complete its digital presence, Apertura Madrid Gallery Weekend once again has its own event on Exhibify, a tool developed by ITGallery that is the first free online art sales portal for galleries.<\/p>\n\n\n\n<p>In addition to the gallery exhibitions, there is a programme of activities designed to promote contemporary art in other spaces around the city. This year, La Casa Encendida joins the tour, an institution that will inaugurate Oro tejido con paja (Gold Woven with Straw) on 10 September. The exhibition, which is actually two exhibitions, brings together the work of Elena Mendizabal and Joan Rom, two artists whose practice is mainly sculptural, very active in their respective contexts, the Basque Country and Catalonia, in the 1980s and 1990s. Each exhibition brings together a selection of their most recent works, some of which are unpublished, in dialogue with a piece from an earlier period.<\/p>\n\n\n\n<figure class=\"wp-block-image alignwide size-full\"><img decoding=\"async\" width=\"800\" height=\"533\" src=\"https:\/\/highxtar.com\/wp-content\/uploads\/2025\/09\/unnamed-10-1.png\" alt=\"\" class=\"wp-image-530015\" srcset=\"https:\/\/highxtar.com\/wp-content\/uploads\/2025\/09\/unnamed-10-1.png 800w, https:\/\/highxtar.com\/wp-content\/uploads\/2025\/09\/unnamed-10-1-300x200.png 300w, https:\/\/highxtar.com\/wp-content\/uploads\/2025\/09\/unnamed-10-1-768x512.png 768w, https:\/\/highxtar.com\/wp-content\/uploads\/2025\/09\/unnamed-10-1-700x466.png 700w, https:\/\/highxtar.com\/wp-content\/uploads\/2025\/09\/unnamed-10-1-508x338.png 508w\" sizes=\"(max-width: 800px) 100vw, 800px\" \/><\/figure>\n\n\n\n<h2 class=\"wp-block-heading has-text-align-center\" id=\"h-strengthening-ties-with-latin-america\">Strengthening ties with Latin America<\/h2>\n\n\n\n<p>This year, Apertura will place special emphasis on strengthening ties with Latin America and positioning Spain as a gateway for Latin American art to Europe. To this end, leading professionals, agents and institutions will be in attendance to gain first-hand knowledge of our art scene and facilitate connections between institutions and contexts in an effort to pave the way for the artists in our galleries. In this way, the city becomes the epicentre of art through the diverse exhibition programme offered by the event.<\/p>\n\n\n\n<p>The promotion and revitalisation of the contemporary Spanish art scene is one of the values of Apertura Madrid Gallery Weekend, which joins the gallery weekends in Barcelona and Valencia through the consecutive celebration of the three events in the same month: Apertura Madrid Gallery Weekend, from 11 to 14 September; Barcelona Gallery Weekend, from 18 to 21 September; and Abierto Valencia, from 25 September to 3 October. This is a joint effort to strengthen the recognition and visibility of Spanish contemporary art nationally and internationally and to highlight the role of galleries as a point of connection and cultural exchange capable of transcending borders and offering a global vision of the contemporary art scene.<\/p>\n\n\n\n<p>In short, Apertura Madrid Gallery Weekend is not just an annual event: it is the gateway to a city where art is present all year round, and whose galleries are always ready to welcome anyone who wants to visit them. \u2018Here, art is not just a form of expression, but a living language that connects the city with the world, generating the critical thinking that mobilises our society,\u2019 says the board.<\/p>\n\n\n\n<p>Apertura Madrid Gallery Weekend is supported, collaborated with and sponsored by private companies as well as the Ministry of Culture and Sport, the Community of Madrid, Madrid City Council, Fundaci\u00f3n ARCO, ARCOmadrid, Alhambra, Museo L\u00e1zaro Galdiano, La Casa Encendida, Fundaci\u00f3n Pablo Palazuelo, Arte al l\u00edmite, Arte informado, Arte en Di\u00e1logo, Umbigo, Seaya, Exhibify, IT Gallery, Options and Bodegas LAN.<\/p>\n\n\n\n<p><a href=\"https:\/\/highxtar.com\/en\/slawn-and-opake-join-forces-in-taboo\/\"><strong>We talk exclusively with Opake about TABOO, his latest project with Slawn, and the power of art to question the forbidden.<\/strong><\/a><\/p>\n","protected":false},"excerpt":{"rendered":"<p>The galleries that make up the Arte Madrid association will simultaneously open their exhibition calendar on 11 September.<\/p>\n","protected":false},"author":22,"featured_media":530008,"comment_status":"open","ping_status":"closed","sticky":false,"template":"","format":"standard","meta":{"_acf_changed":false,"footnotes":""},"categories":[599],"tags":[],"class_list":["post-530018","post","type-post","status-publish","format-standard","has-post-thumbnail","hentry","category-art-en"],"acf":[],"yoast_head":"<!-- This site is optimized with the Yoast SEO Premium plugin  - https:\/\/yoast.com\/product\/yoast-seo-premium-wordpress\/ -->\n<title>Madrid Gallery Weekend 2025 returns with an exceptional programme - HIGHXTAR.<\/title>\n<meta name=\"description\" content=\"The galleries that make up the Arte Madrid association will simultaneously open their exhibition calendar on 11 September.\" \/>\n<meta name=\"robots\" content=\"index, follow, max-snippet:-1, max-image-preview:large, max-video-preview:-1\" \/>\n<link rel=\"canonical\" href=\"https:\/\/highxtar.com\/en\/apertura-madrid-gallery-weekend-2025-returns-with-an-exceptional-programme\/\" \/>\n<meta property=\"og:locale\" content=\"en_US\" \/>\n<meta property=\"og:type\" content=\"article\" \/>\n<meta property=\"og:title\" content=\"Madrid Gallery Weekend 2025 returns with an exceptional programme\" \/>\n<meta property=\"og:description\" content=\"The galleries that make up the Arte Madrid association will simultaneously open their exhibition calendar on 11 September.\" \/>\n<meta property=\"og:url\" content=\"https:\/\/highxtar.com\/en\/apertura-madrid-gallery-weekend-2025-returns-with-an-exceptional-programme\/\" \/>\n<meta property=\"og:site_name\" content=\"HIGHXTAR.\" \/>\n<meta property=\"article:publisher\" content=\"https:\/\/www.facebook.com\/highxtar\" \/>\n<meta property=\"article:published_time\" content=\"2025-09-08T08:36:45+00:00\" \/>\n<meta property=\"article:modified_time\" content=\"2025-09-08T08:46:02+00:00\" \/>\n<meta property=\"og:image\" content=\"https:\/\/highxtar.com\/wp-content\/uploads\/2025\/09\/highxtar-madrid-gallery.jpg\" \/>\n\t<meta property=\"og:image:width\" content=\"1600\" \/>\n\t<meta property=\"og:image:height\" content=\"1200\" \/>\n\t<meta property=\"og:image:type\" content=\"image\/jpeg\" \/>\n<meta name=\"author\" content=\"Mar Piera\" \/>\n<meta name=\"twitter:card\" content=\"summary_large_image\" \/>\n<meta name=\"twitter:creator\" content=\"@highxtar_\" \/>\n<meta name=\"twitter:site\" content=\"@highxtar_\" \/>\n<meta name=\"twitter:label1\" content=\"Written by\" \/>\n\t<meta name=\"twitter:data1\" content=\"Mar Piera\" \/>\n\t<meta name=\"twitter:label2\" content=\"Est. reading time\" \/>\n\t<meta name=\"twitter:data2\" content=\"6 minutes\" \/>\n<script type=\"application\/ld+json\" class=\"yoast-schema-graph\">{\"@context\":\"https:\\\/\\\/schema.org\",\"@graph\":[{\"@type\":\"Article\",\"@id\":\"https:\\\/\\\/highxtar.com\\\/en\\\/apertura-madrid-gallery-weekend-2025-returns-with-an-exceptional-programme\\\/#article\",\"isPartOf\":{\"@id\":\"https:\\\/\\\/highxtar.com\\\/en\\\/apertura-madrid-gallery-weekend-2025-returns-with-an-exceptional-programme\\\/\"},\"author\":{\"name\":\"Mar Piera\",\"@id\":\"https:\\\/\\\/highxtar.com\\\/#\\\/schema\\\/person\\\/861b5d1b459a894df367f295d952c789\"},\"headline\":\"Madrid Gallery Weekend 2025 returns with an exceptional programme\",\"datePublished\":\"2025-09-08T08:36:45+00:00\",\"dateModified\":\"2025-09-08T08:46:02+00:00\",\"mainEntityOfPage\":{\"@id\":\"https:\\\/\\\/highxtar.com\\\/en\\\/apertura-madrid-gallery-weekend-2025-returns-with-an-exceptional-programme\\\/\"},\"wordCount\":1105,\"commentCount\":0,\"publisher\":{\"@id\":\"https:\\\/\\\/highxtar.com\\\/#organization\"},\"image\":{\"@id\":\"https:\\\/\\\/highxtar.com\\\/en\\\/apertura-madrid-gallery-weekend-2025-returns-with-an-exceptional-programme\\\/#primaryimage\"},\"thumbnailUrl\":\"https:\\\/\\\/highxtar.com\\\/wp-content\\\/uploads\\\/2025\\\/09\\\/highxtar-madrid-gallery.jpg\",\"articleSection\":[\"Art\"],\"inLanguage\":\"en-US\",\"potentialAction\":[{\"@type\":\"CommentAction\",\"name\":\"Comment\",\"target\":[\"https:\\\/\\\/highxtar.com\\\/en\\\/apertura-madrid-gallery-weekend-2025-returns-with-an-exceptional-programme\\\/#respond\"]}],\"copyrightYear\":\"2025\",\"copyrightHolder\":{\"@id\":\"https:\\\/\\\/highxtar.com\\\/#organization\"}},{\"@type\":\"WebPage\",\"@id\":\"https:\\\/\\\/highxtar.com\\\/en\\\/apertura-madrid-gallery-weekend-2025-returns-with-an-exceptional-programme\\\/\",\"url\":\"https:\\\/\\\/highxtar.com\\\/en\\\/apertura-madrid-gallery-weekend-2025-returns-with-an-exceptional-programme\\\/\",\"name\":\"Madrid Gallery Weekend 2025 returns with an exceptional programme - HIGHXTAR.\",\"isPartOf\":{\"@id\":\"https:\\\/\\\/highxtar.com\\\/#website\"},\"primaryImageOfPage\":{\"@id\":\"https:\\\/\\\/highxtar.com\\\/en\\\/apertura-madrid-gallery-weekend-2025-returns-with-an-exceptional-programme\\\/#primaryimage\"},\"image\":{\"@id\":\"https:\\\/\\\/highxtar.com\\\/en\\\/apertura-madrid-gallery-weekend-2025-returns-with-an-exceptional-programme\\\/#primaryimage\"},\"thumbnailUrl\":\"https:\\\/\\\/highxtar.com\\\/wp-content\\\/uploads\\\/2025\\\/09\\\/highxtar-madrid-gallery.jpg\",\"datePublished\":\"2025-09-08T08:36:45+00:00\",\"dateModified\":\"2025-09-08T08:46:02+00:00\",\"description\":\"The galleries that make up the Arte Madrid association will simultaneously open their exhibition calendar on 11 September.\",\"breadcrumb\":{\"@id\":\"https:\\\/\\\/highxtar.com\\\/en\\\/apertura-madrid-gallery-weekend-2025-returns-with-an-exceptional-programme\\\/#breadcrumb\"},\"inLanguage\":\"en-US\",\"potentialAction\":[{\"@type\":\"ReadAction\",\"target\":[\"https:\\\/\\\/highxtar.com\\\/en\\\/apertura-madrid-gallery-weekend-2025-returns-with-an-exceptional-programme\\\/\"]}]},{\"@type\":\"ImageObject\",\"inLanguage\":\"en-US\",\"@id\":\"https:\\\/\\\/highxtar.com\\\/en\\\/apertura-madrid-gallery-weekend-2025-returns-with-an-exceptional-programme\\\/#primaryimage\",\"url\":\"https:\\\/\\\/highxtar.com\\\/wp-content\\\/uploads\\\/2025\\\/09\\\/highxtar-madrid-gallery.jpg\",\"contentUrl\":\"https:\\\/\\\/highxtar.com\\\/wp-content\\\/uploads\\\/2025\\\/09\\\/highxtar-madrid-gallery.jpg\",\"width\":1600,\"height\":1200},{\"@type\":\"BreadcrumbList\",\"@id\":\"https:\\\/\\\/highxtar.com\\\/en\\\/apertura-madrid-gallery-weekend-2025-returns-with-an-exceptional-programme\\\/#breadcrumb\",\"itemListElement\":[{\"@type\":\"ListItem\",\"position\":1,\"name\":\"Home\",\"item\":\"https:\\\/\\\/highxtar.com\\\/en\\\/\"},{\"@type\":\"ListItem\",\"position\":2,\"name\":\"Madrid Gallery Weekend 2025 returns with an exceptional programme\"}]},{\"@type\":\"WebSite\",\"@id\":\"https:\\\/\\\/highxtar.com\\\/#website\",\"url\":\"https:\\\/\\\/highxtar.com\\\/\",\"name\":\"HIGHXTAR.\",\"description\":\"HIGHXTAR. es la voz latina de la moda y el streetwear. Devotos de las cosas que hacen la vida urbana excitante: Moda, M\u00fasica, Lifestyle, Arte &amp; Dise\u00f1o.\",\"publisher\":{\"@id\":\"https:\\\/\\\/highxtar.com\\\/#organization\"},\"potentialAction\":[{\"@type\":\"SearchAction\",\"target\":{\"@type\":\"EntryPoint\",\"urlTemplate\":\"https:\\\/\\\/highxtar.com\\\/?s={search_term_string}\"},\"query-input\":{\"@type\":\"PropertyValueSpecification\",\"valueRequired\":true,\"valueName\":\"search_term_string\"}}],\"inLanguage\":\"en-US\"},{\"@type\":\"Organization\",\"@id\":\"https:\\\/\\\/highxtar.com\\\/#organization\",\"name\":\"HIGHXTAR.\",\"url\":\"https:\\\/\\\/highxtar.com\\\/\",\"logo\":{\"@type\":\"ImageObject\",\"inLanguage\":\"en-US\",\"@id\":\"https:\\\/\\\/highxtar.com\\\/#\\\/schema\\\/logo\\\/image\\\/\",\"url\":\"https:\\\/\\\/highxtar.com\\\/wp-content\\\/uploads\\\/2016\\\/03\\\/HIGHXTAR_com_Favicon_2019.jpg\",\"contentUrl\":\"https:\\\/\\\/highxtar.com\\\/wp-content\\\/uploads\\\/2016\\\/03\\\/HIGHXTAR_com_Favicon_2019.jpg\",\"width\":1200,\"height\":1200,\"caption\":\"HIGHXTAR.\"},\"image\":{\"@id\":\"https:\\\/\\\/highxtar.com\\\/#\\\/schema\\\/logo\\\/image\\\/\"},\"sameAs\":[\"https:\\\/\\\/www.facebook.com\\\/highxtar\",\"https:\\\/\\\/x.com\\\/highxtar_\",\"https:\\\/\\\/www.instagram.com\\\/highxtar\",\"https:\\\/\\\/www.tiktok.com\\\/@highxtar\",\"https:\\\/\\\/www.youtube.com\\\/c\\\/highxtarofficial\",\"https:\\\/\\\/open.spotify.com\\\/user\\\/highxtar\"]},{\"@type\":\"Person\",\"@id\":\"https:\\\/\\\/highxtar.com\\\/#\\\/schema\\\/person\\\/861b5d1b459a894df367f295d952c789\",\"name\":\"Mar Piera\",\"description\":\"Editor &amp; Project Manager. m.piera@highxtar.com\",\"sameAs\":[\"https:\\\/\\\/www.instagram.com\\\/marpiera\\\/\"],\"url\":\"https:\\\/\\\/highxtar.com\\\/en\\\/author\\\/marpiera\\\/\"}]}<\/script>\n<!-- \/ Yoast SEO Premium plugin. -->","yoast_head_json":{"title":"Madrid Gallery Weekend 2025 returns with an exceptional programme - HIGHXTAR.","description":"The galleries that make up the Arte Madrid association will simultaneously open their exhibition calendar on 11 September.","robots":{"index":"index","follow":"follow","max-snippet":"max-snippet:-1","max-image-preview":"max-image-preview:large","max-video-preview":"max-video-preview:-1"},"canonical":"https:\/\/highxtar.com\/en\/apertura-madrid-gallery-weekend-2025-returns-with-an-exceptional-programme\/","og_locale":"en_US","og_type":"article","og_title":"Madrid Gallery Weekend 2025 returns with an exceptional programme","og_description":"The galleries that make up the Arte Madrid association will simultaneously open their exhibition calendar on 11 September.","og_url":"https:\/\/highxtar.com\/en\/apertura-madrid-gallery-weekend-2025-returns-with-an-exceptional-programme\/","og_site_name":"HIGHXTAR.","article_publisher":"https:\/\/www.facebook.com\/highxtar","article_published_time":"2025-09-08T08:36:45+00:00","article_modified_time":"2025-09-08T08:46:02+00:00","og_image":[{"width":1600,"height":1200,"url":"https:\/\/highxtar.com\/wp-content\/uploads\/2025\/09\/highxtar-madrid-gallery.jpg","type":"image\/jpeg"}],"author":"Mar Piera","twitter_card":"summary_large_image","twitter_creator":"@highxtar_","twitter_site":"@highxtar_","twitter_misc":{"Written by":"Mar Piera","Est. reading time":"6 minutes"},"schema":{"@context":"https:\/\/schema.org","@graph":[{"@type":"Article","@id":"https:\/\/highxtar.com\/en\/apertura-madrid-gallery-weekend-2025-returns-with-an-exceptional-programme\/#article","isPartOf":{"@id":"https:\/\/highxtar.com\/en\/apertura-madrid-gallery-weekend-2025-returns-with-an-exceptional-programme\/"},"author":{"name":"Mar Piera","@id":"https:\/\/highxtar.com\/#\/schema\/person\/861b5d1b459a894df367f295d952c789"},"headline":"Madrid Gallery Weekend 2025 returns with an exceptional programme","datePublished":"2025-09-08T08:36:45+00:00","dateModified":"2025-09-08T08:46:02+00:00","mainEntityOfPage":{"@id":"https:\/\/highxtar.com\/en\/apertura-madrid-gallery-weekend-2025-returns-with-an-exceptional-programme\/"},"wordCount":1105,"commentCount":0,"publisher":{"@id":"https:\/\/highxtar.com\/#organization"},"image":{"@id":"https:\/\/highxtar.com\/en\/apertura-madrid-gallery-weekend-2025-returns-with-an-exceptional-programme\/#primaryimage"},"thumbnailUrl":"https:\/\/highxtar.com\/wp-content\/uploads\/2025\/09\/highxtar-madrid-gallery.jpg","articleSection":["Art"],"inLanguage":"en-US","potentialAction":[{"@type":"CommentAction","name":"Comment","target":["https:\/\/highxtar.com\/en\/apertura-madrid-gallery-weekend-2025-returns-with-an-exceptional-programme\/#respond"]}],"copyrightYear":"2025","copyrightHolder":{"@id":"https:\/\/highxtar.com\/#organization"}},{"@type":"WebPage","@id":"https:\/\/highxtar.com\/en\/apertura-madrid-gallery-weekend-2025-returns-with-an-exceptional-programme\/","url":"https:\/\/highxtar.com\/en\/apertura-madrid-gallery-weekend-2025-returns-with-an-exceptional-programme\/","name":"Madrid Gallery Weekend 2025 returns with an exceptional programme - HIGHXTAR.","isPartOf":{"@id":"https:\/\/highxtar.com\/#website"},"primaryImageOfPage":{"@id":"https:\/\/highxtar.com\/en\/apertura-madrid-gallery-weekend-2025-returns-with-an-exceptional-programme\/#primaryimage"},"image":{"@id":"https:\/\/highxtar.com\/en\/apertura-madrid-gallery-weekend-2025-returns-with-an-exceptional-programme\/#primaryimage"},"thumbnailUrl":"https:\/\/highxtar.com\/wp-content\/uploads\/2025\/09\/highxtar-madrid-gallery.jpg","datePublished":"2025-09-08T08:36:45+00:00","dateModified":"2025-09-08T08:46:02+00:00","description":"The galleries that make up the Arte Madrid association will simultaneously open their exhibition calendar on 11 September.","breadcrumb":{"@id":"https:\/\/highxtar.com\/en\/apertura-madrid-gallery-weekend-2025-returns-with-an-exceptional-programme\/#breadcrumb"},"inLanguage":"en-US","potentialAction":[{"@type":"ReadAction","target":["https:\/\/highxtar.com\/en\/apertura-madrid-gallery-weekend-2025-returns-with-an-exceptional-programme\/"]}]},{"@type":"ImageObject","inLanguage":"en-US","@id":"https:\/\/highxtar.com\/en\/apertura-madrid-gallery-weekend-2025-returns-with-an-exceptional-programme\/#primaryimage","url":"https:\/\/highxtar.com\/wp-content\/uploads\/2025\/09\/highxtar-madrid-gallery.jpg","contentUrl":"https:\/\/highxtar.com\/wp-content\/uploads\/2025\/09\/highxtar-madrid-gallery.jpg","width":1600,"height":1200},{"@type":"BreadcrumbList","@id":"https:\/\/highxtar.com\/en\/apertura-madrid-gallery-weekend-2025-returns-with-an-exceptional-programme\/#breadcrumb","itemListElement":[{"@type":"ListItem","position":1,"name":"Home","item":"https:\/\/highxtar.com\/en\/"},{"@type":"ListItem","position":2,"name":"Madrid Gallery Weekend 2025 returns with an exceptional programme"}]},{"@type":"WebSite","@id":"https:\/\/highxtar.com\/#website","url":"https:\/\/highxtar.com\/","name":"HIGHXTAR.","description":"HIGHXTAR. es la voz latina de la moda y el streetwear. Devotos de las cosas que hacen la vida urbana excitante: Moda, M\u00fasica, Lifestyle, Arte &amp; Dise\u00f1o.","publisher":{"@id":"https:\/\/highxtar.com\/#organization"},"potentialAction":[{"@type":"SearchAction","target":{"@type":"EntryPoint","urlTemplate":"https:\/\/highxtar.com\/?s={search_term_string}"},"query-input":{"@type":"PropertyValueSpecification","valueRequired":true,"valueName":"search_term_string"}}],"inLanguage":"en-US"},{"@type":"Organization","@id":"https:\/\/highxtar.com\/#organization","name":"HIGHXTAR.","url":"https:\/\/highxtar.com\/","logo":{"@type":"ImageObject","inLanguage":"en-US","@id":"https:\/\/highxtar.com\/#\/schema\/logo\/image\/","url":"https:\/\/highxtar.com\/wp-content\/uploads\/2016\/03\/HIGHXTAR_com_Favicon_2019.jpg","contentUrl":"https:\/\/highxtar.com\/wp-content\/uploads\/2016\/03\/HIGHXTAR_com_Favicon_2019.jpg","width":1200,"height":1200,"caption":"HIGHXTAR."},"image":{"@id":"https:\/\/highxtar.com\/#\/schema\/logo\/image\/"},"sameAs":["https:\/\/www.facebook.com\/highxtar","https:\/\/x.com\/highxtar_","https:\/\/www.instagram.com\/highxtar","https:\/\/www.tiktok.com\/@highxtar","https:\/\/www.youtube.com\/c\/highxtarofficial","https:\/\/open.spotify.com\/user\/highxtar"]},{"@type":"Person","@id":"https:\/\/highxtar.com\/#\/schema\/person\/861b5d1b459a894df367f295d952c789","name":"Mar Piera","description":"Editor &amp; Project Manager. m.piera@highxtar.com","sameAs":["https:\/\/www.instagram.com\/marpiera\/"],"url":"https:\/\/highxtar.com\/en\/author\/marpiera\/"}]}},"_links":{"self":[{"href":"https:\/\/highxtar.com\/en\/wp-json\/wp\/v2\/posts\/530018","targetHints":{"allow":["GET"]}}],"collection":[{"href":"https:\/\/highxtar.com\/en\/wp-json\/wp\/v2\/posts"}],"about":[{"href":"https:\/\/highxtar.com\/en\/wp-json\/wp\/v2\/types\/post"}],"author":[{"embeddable":true,"href":"https:\/\/highxtar.com\/en\/wp-json\/wp\/v2\/users\/22"}],"replies":[{"embeddable":true,"href":"https:\/\/highxtar.com\/en\/wp-json\/wp\/v2\/comments?post=530018"}],"version-history":[{"count":2,"href":"https:\/\/highxtar.com\/en\/wp-json\/wp\/v2\/posts\/530018\/revisions"}],"predecessor-version":[{"id":530036,"href":"https:\/\/highxtar.com\/en\/wp-json\/wp\/v2\/posts\/530018\/revisions\/530036"}],"wp:featuredmedia":[{"embeddable":true,"href":"https:\/\/highxtar.com\/en\/wp-json\/wp\/v2\/media\/530008"}],"wp:attachment":[{"href":"https:\/\/highxtar.com\/en\/wp-json\/wp\/v2\/media?parent=530018"}],"wp:term":[{"taxonomy":"category","embeddable":true,"href":"https:\/\/highxtar.com\/en\/wp-json\/wp\/v2\/categories?post=530018"},{"taxonomy":"post_tag","embeddable":true,"href":"https:\/\/highxtar.com\/en\/wp-json\/wp\/v2\/tags?post=530018"}],"curies":[{"name":"wp","href":"https:\/\/api.w.org\/{rel}","templated":true}]}}