{"id":534651,"date":"2025-09-24T11:16:40","date_gmt":"2025-09-24T09:16:40","guid":{"rendered":"https:\/\/highxtar.com\/?p=534651"},"modified":"2025-09-24T11:16:41","modified_gmt":"2025-09-24T09:16:41","slug":"gucci-apresenta-the-tiger-uma-familia-uma-marca-e-o-preco-de-sustentar-tudo-isso","status":"publish","type":"post","link":"https:\/\/highxtar.com\/pt-pt\/gucci-apresenta-the-tiger-uma-familia-uma-marca-e-o-preco-de-sustentar-tudo-isso\/","title":{"rendered":"Gucci apresenta \u00abThe Tiger\u00bb: uma fam\u00edlia, uma marca e o pre\u00e7o de sustentar tudo isso"},"content":{"rendered":"\n<p>Numa noite milanesa que combinou o cerimonial com o cinematogr\u00e1fico, a Gucci ofereceu mais do que uma estreia. No hist\u00f3rico Palazzo Mezzanotte, a marca italiana apresentou The Tiger, uma curta-metragem dirigida por Spike Jonze e Halina Reijn, com um elenco multigeracional de alto calibre e looks retirados da mais recente cole\u00e7\u00e3o de Demna para a casa, intitulada <a href=\"Gucci: La Famiglia.\">Gucci: La Famiglia. <\/a>A ocasi\u00e3o marcou n\u00e3o s\u00f3 um novo cap\u00edtulo na narrativa est\u00e9tica da maison, mas tamb\u00e9m uma declara\u00e7\u00e3o sobre o papel expansivo que a moda desempenha na constru\u00e7\u00e3o da identidade, do poder e do afeto.<\/p>\n\n\n\n<figure class=\"wp-block-embed is-type-video is-provider-youtube wp-block-embed-youtube wp-embed-aspect-16-9 wp-has-aspect-ratio\"><div class=\"wp-block-embed__wrapper\">\n<iframe title=\"Stay Tuned: THE TIGER\" width=\"640\" height=\"360\" src=\"https:\/\/www.youtube.com\/embed\/QxsoDwtte-k?feature=oembed\" frameborder=\"0\" allow=\"accelerometer; autoplay; clipboard-write; encrypted-media; gyroscope; picture-in-picture; web-share\" referrerpolicy=\"strict-origin-when-cross-origin\" allowfullscreen><\/iframe>\n<\/div><\/figure>\n\n\n\n<p>O filme, que estreou oficialmente durante a Semana da Moda de Mil\u00e3o, apresenta um retrato cru e teatral da figura de Barbara Gucci \u2014 interpretada por Demi Moore \u2014, presidente da Gucci International e chairwoman da Calif\u00f3rnia. Barbara convoca os seus filhos e uma convidada especial para celebrar o seu anivers\u00e1rio na resid\u00eancia da fam\u00edlia. O que come\u00e7a como uma noite impec\u00e1vel, calibrada com a precis\u00e3o de um editorial de moda, vai deteriorando-se at\u00e9 revelar as fraturas emocionais e estruturais de uma fam\u00edlia governada tanto pelo legado como pela ansiedade de o manter.<\/p>\n\n\n\n<p>Ao contr\u00e1rio dos filmes de moda tradicionais, que tendem a privilegiar a imagem em detrimento da narrativa, The Tiger \u00e9 uma obra substancialmente liter\u00e1ria. Em seus 28 minutos, Jonze e Reijn constroem um ambiente de claustrofobia emocional, onde os sil\u00eancios pesam tanto quanto os di\u00e1logos. A dire\u00e7\u00e3o opta por uma est\u00e9tica que lembra o cinema europeu dos anos 70 \u2014 com planos longos, cores suaves e uma tens\u00e3o dram\u00e1tica contida \u2014, enquanto o roteiro parece guiado por uma quest\u00e3o central: o que acontece quando a moda deixa de ser um s\u00edmbolo de sucesso e se torna um escudo contra o colapso pessoal?<\/p>\n\n\n\n<figure class=\"wp-block-gallery has-nested-images columns-2 is-cropped is-style-galeria-normal wp-block-gallery-1 is-layout-flex wp-block-gallery-is-layout-flex\">\n<figure class=\"wp-block-image size-full\"><img decoding=\"async\" width=\"960\" height=\"1200\" data-id=\"534483\" src=\"https:\/\/highxtar.com\/wp-content\/uploads\/2025\/09\/HIGHXTAR-GUCCI-THE-TIGER-PR_1080x1350.jpg\" alt=\"\" class=\"wp-image-534483\" srcset=\"https:\/\/highxtar.com\/wp-content\/uploads\/2025\/09\/HIGHXTAR-GUCCI-THE-TIGER-PR_1080x1350.jpg 960w, https:\/\/highxtar.com\/wp-content\/uploads\/2025\/09\/HIGHXTAR-GUCCI-THE-TIGER-PR_1080x1350-240x300.jpg 240w, https:\/\/highxtar.com\/wp-content\/uploads\/2025\/09\/HIGHXTAR-GUCCI-THE-TIGER-PR_1080x1350-819x1024.jpg 819w, https:\/\/highxtar.com\/wp-content\/uploads\/2025\/09\/HIGHXTAR-GUCCI-THE-TIGER-PR_1080x1350-768x960.jpg 768w, https:\/\/highxtar.com\/wp-content\/uploads\/2025\/09\/HIGHXTAR-GUCCI-THE-TIGER-PR_1080x1350-700x875.jpg 700w, https:\/\/highxtar.com\/wp-content\/uploads\/2025\/09\/HIGHXTAR-GUCCI-THE-TIGER-PR_1080x1350-508x635.jpg 508w\" sizes=\"(max-width: 960px) 100vw, 960px\" \/><\/figure>\n\n\n\n<figure class=\"wp-block-image size-full\"><img decoding=\"async\" width=\"960\" height=\"1200\" data-id=\"534474\" src=\"https:\/\/highxtar.com\/wp-content\/uploads\/2025\/09\/HIGHXTAR-GUCCI-THE-TIGER-PR_1080x13503.jpg\" alt=\"\" class=\"wp-image-534474\" srcset=\"https:\/\/highxtar.com\/wp-content\/uploads\/2025\/09\/HIGHXTAR-GUCCI-THE-TIGER-PR_1080x13503.jpg 960w, https:\/\/highxtar.com\/wp-content\/uploads\/2025\/09\/HIGHXTAR-GUCCI-THE-TIGER-PR_1080x13503-240x300.jpg 240w, https:\/\/highxtar.com\/wp-content\/uploads\/2025\/09\/HIGHXTAR-GUCCI-THE-TIGER-PR_1080x13503-819x1024.jpg 819w, https:\/\/highxtar.com\/wp-content\/uploads\/2025\/09\/HIGHXTAR-GUCCI-THE-TIGER-PR_1080x13503-768x960.jpg 768w, https:\/\/highxtar.com\/wp-content\/uploads\/2025\/09\/HIGHXTAR-GUCCI-THE-TIGER-PR_1080x13503-700x875.jpg 700w, https:\/\/highxtar.com\/wp-content\/uploads\/2025\/09\/HIGHXTAR-GUCCI-THE-TIGER-PR_1080x13503-508x635.jpg 508w\" sizes=\"(max-width: 960px) 100vw, 960px\" \/><\/figure>\n\n\n\n<figure class=\"wp-block-image size-full\"><img decoding=\"async\" width=\"960\" height=\"1200\" data-id=\"534473\" src=\"https:\/\/highxtar.com\/wp-content\/uploads\/2025\/09\/HIGHXTAR-GUCCI-THE-TIGER-PR_1080x13504.jpg\" alt=\"\" class=\"wp-image-534473\" srcset=\"https:\/\/highxtar.com\/wp-content\/uploads\/2025\/09\/HIGHXTAR-GUCCI-THE-TIGER-PR_1080x13504.jpg 960w, https:\/\/highxtar.com\/wp-content\/uploads\/2025\/09\/HIGHXTAR-GUCCI-THE-TIGER-PR_1080x13504-240x300.jpg 240w, https:\/\/highxtar.com\/wp-content\/uploads\/2025\/09\/HIGHXTAR-GUCCI-THE-TIGER-PR_1080x13504-819x1024.jpg 819w, https:\/\/highxtar.com\/wp-content\/uploads\/2025\/09\/HIGHXTAR-GUCCI-THE-TIGER-PR_1080x13504-768x960.jpg 768w, https:\/\/highxtar.com\/wp-content\/uploads\/2025\/09\/HIGHXTAR-GUCCI-THE-TIGER-PR_1080x13504-700x875.jpg 700w, https:\/\/highxtar.com\/wp-content\/uploads\/2025\/09\/HIGHXTAR-GUCCI-THE-TIGER-PR_1080x13504-508x635.jpg 508w\" sizes=\"(max-width: 960px) 100vw, 960px\" \/><\/figure>\n\n\n\n<figure class=\"wp-block-image size-full\"><img decoding=\"async\" width=\"960\" height=\"1200\" data-id=\"534481\" src=\"https:\/\/highxtar.com\/wp-content\/uploads\/2025\/09\/HIGHXTAR-GUCCI-THE-TIGER-PR_1080x13505.jpg\" alt=\"\" class=\"wp-image-534481\" srcset=\"https:\/\/highxtar.com\/wp-content\/uploads\/2025\/09\/HIGHXTAR-GUCCI-THE-TIGER-PR_1080x13505.jpg 960w, https:\/\/highxtar.com\/wp-content\/uploads\/2025\/09\/HIGHXTAR-GUCCI-THE-TIGER-PR_1080x13505-240x300.jpg 240w, https:\/\/highxtar.com\/wp-content\/uploads\/2025\/09\/HIGHXTAR-GUCCI-THE-TIGER-PR_1080x13505-819x1024.jpg 819w, https:\/\/highxtar.com\/wp-content\/uploads\/2025\/09\/HIGHXTAR-GUCCI-THE-TIGER-PR_1080x13505-768x960.jpg 768w, https:\/\/highxtar.com\/wp-content\/uploads\/2025\/09\/HIGHXTAR-GUCCI-THE-TIGER-PR_1080x13505-700x875.jpg 700w, https:\/\/highxtar.com\/wp-content\/uploads\/2025\/09\/HIGHXTAR-GUCCI-THE-TIGER-PR_1080x13505-508x635.jpg 508w\" sizes=\"(max-width: 960px) 100vw, 960px\" \/><\/figure>\n\n\n\n<figure class=\"wp-block-image size-full\"><img decoding=\"async\" width=\"960\" height=\"1200\" data-id=\"534488\" src=\"https:\/\/highxtar.com\/wp-content\/uploads\/2025\/09\/HIGHXTAR-GUCCI-THE-TIGER-PR_1080x13506.jpg\" alt=\"\" class=\"wp-image-534488\" srcset=\"https:\/\/highxtar.com\/wp-content\/uploads\/2025\/09\/HIGHXTAR-GUCCI-THE-TIGER-PR_1080x13506.jpg 960w, https:\/\/highxtar.com\/wp-content\/uploads\/2025\/09\/HIGHXTAR-GUCCI-THE-TIGER-PR_1080x13506-240x300.jpg 240w, https:\/\/highxtar.com\/wp-content\/uploads\/2025\/09\/HIGHXTAR-GUCCI-THE-TIGER-PR_1080x13506-819x1024.jpg 819w, https:\/\/highxtar.com\/wp-content\/uploads\/2025\/09\/HIGHXTAR-GUCCI-THE-TIGER-PR_1080x13506-768x960.jpg 768w, https:\/\/highxtar.com\/wp-content\/uploads\/2025\/09\/HIGHXTAR-GUCCI-THE-TIGER-PR_1080x13506-700x875.jpg 700w, https:\/\/highxtar.com\/wp-content\/uploads\/2025\/09\/HIGHXTAR-GUCCI-THE-TIGER-PR_1080x13506-508x635.jpg 508w\" sizes=\"(max-width: 960px) 100vw, 960px\" \/><\/figure>\n\n\n\n<figure class=\"wp-block-image size-full\"><img decoding=\"async\" width=\"960\" height=\"1200\" data-id=\"534464\" src=\"https:\/\/highxtar.com\/wp-content\/uploads\/2025\/09\/HIGHXTAR-GUCCI-THE-TIGER-PR_1080x13507.jpg\" alt=\"\" class=\"wp-image-534464\" srcset=\"https:\/\/highxtar.com\/wp-content\/uploads\/2025\/09\/HIGHXTAR-GUCCI-THE-TIGER-PR_1080x13507.jpg 960w, https:\/\/highxtar.com\/wp-content\/uploads\/2025\/09\/HIGHXTAR-GUCCI-THE-TIGER-PR_1080x13507-240x300.jpg 240w, https:\/\/highxtar.com\/wp-content\/uploads\/2025\/09\/HIGHXTAR-GUCCI-THE-TIGER-PR_1080x13507-819x1024.jpg 819w, https:\/\/highxtar.com\/wp-content\/uploads\/2025\/09\/HIGHXTAR-GUCCI-THE-TIGER-PR_1080x13507-768x960.jpg 768w, https:\/\/highxtar.com\/wp-content\/uploads\/2025\/09\/HIGHXTAR-GUCCI-THE-TIGER-PR_1080x13507-700x875.jpg 700w, https:\/\/highxtar.com\/wp-content\/uploads\/2025\/09\/HIGHXTAR-GUCCI-THE-TIGER-PR_1080x13507-508x635.jpg 508w\" sizes=\"(max-width: 960px) 100vw, 960px\" \/><\/figure>\n\n\n\n<figure class=\"wp-block-image size-full\"><img decoding=\"async\" width=\"960\" height=\"1200\" data-id=\"534478\" src=\"https:\/\/highxtar.com\/wp-content\/uploads\/2025\/09\/HIGHXTAR-GUCCI-THE-TIGER-PR_1080x13508.jpg\" alt=\"\" class=\"wp-image-534478\" srcset=\"https:\/\/highxtar.com\/wp-content\/uploads\/2025\/09\/HIGHXTAR-GUCCI-THE-TIGER-PR_1080x13508.jpg 960w, https:\/\/highxtar.com\/wp-content\/uploads\/2025\/09\/HIGHXTAR-GUCCI-THE-TIGER-PR_1080x13508-240x300.jpg 240w, https:\/\/highxtar.com\/wp-content\/uploads\/2025\/09\/HIGHXTAR-GUCCI-THE-TIGER-PR_1080x13508-819x1024.jpg 819w, https:\/\/highxtar.com\/wp-content\/uploads\/2025\/09\/HIGHXTAR-GUCCI-THE-TIGER-PR_1080x13508-768x960.jpg 768w, https:\/\/highxtar.com\/wp-content\/uploads\/2025\/09\/HIGHXTAR-GUCCI-THE-TIGER-PR_1080x13508-700x875.jpg 700w, https:\/\/highxtar.com\/wp-content\/uploads\/2025\/09\/HIGHXTAR-GUCCI-THE-TIGER-PR_1080x13508-508x635.jpg 508w\" sizes=\"(max-width: 960px) 100vw, 960px\" \/><\/figure>\n\n\n\n<figure class=\"wp-block-image size-full\"><img decoding=\"async\" width=\"960\" height=\"1200\" data-id=\"534467\" src=\"https:\/\/highxtar.com\/wp-content\/uploads\/2025\/09\/HIGHXTAR-GUCCI-THE-TIGER-PR_1080x13509.jpg\" alt=\"\" class=\"wp-image-534467\" srcset=\"https:\/\/highxtar.com\/wp-content\/uploads\/2025\/09\/HIGHXTAR-GUCCI-THE-TIGER-PR_1080x13509.jpg 960w, https:\/\/highxtar.com\/wp-content\/uploads\/2025\/09\/HIGHXTAR-GUCCI-THE-TIGER-PR_1080x13509-240x300.jpg 240w, https:\/\/highxtar.com\/wp-content\/uploads\/2025\/09\/HIGHXTAR-GUCCI-THE-TIGER-PR_1080x13509-819x1024.jpg 819w, https:\/\/highxtar.com\/wp-content\/uploads\/2025\/09\/HIGHXTAR-GUCCI-THE-TIGER-PR_1080x13509-768x960.jpg 768w, https:\/\/highxtar.com\/wp-content\/uploads\/2025\/09\/HIGHXTAR-GUCCI-THE-TIGER-PR_1080x13509-700x875.jpg 700w, https:\/\/highxtar.com\/wp-content\/uploads\/2025\/09\/HIGHXTAR-GUCCI-THE-TIGER-PR_1080x13509-508x635.jpg 508w\" sizes=\"(max-width: 960px) 100vw, 960px\" \/><\/figure>\n\n\n\n<figure class=\"wp-block-image size-full\"><img decoding=\"async\" width=\"960\" height=\"1200\" data-id=\"534470\" src=\"https:\/\/highxtar.com\/wp-content\/uploads\/2025\/09\/HIGHXTAR-GUCCI-THE-TIGER-PR_1080x135010.jpg\" alt=\"\" class=\"wp-image-534470\" srcset=\"https:\/\/highxtar.com\/wp-content\/uploads\/2025\/09\/HIGHXTAR-GUCCI-THE-TIGER-PR_1080x135010.jpg 960w, https:\/\/highxtar.com\/wp-content\/uploads\/2025\/09\/HIGHXTAR-GUCCI-THE-TIGER-PR_1080x135010-240x300.jpg 240w, https:\/\/highxtar.com\/wp-content\/uploads\/2025\/09\/HIGHXTAR-GUCCI-THE-TIGER-PR_1080x135010-819x1024.jpg 819w, https:\/\/highxtar.com\/wp-content\/uploads\/2025\/09\/HIGHXTAR-GUCCI-THE-TIGER-PR_1080x135010-768x960.jpg 768w, https:\/\/highxtar.com\/wp-content\/uploads\/2025\/09\/HIGHXTAR-GUCCI-THE-TIGER-PR_1080x135010-700x875.jpg 700w, https:\/\/highxtar.com\/wp-content\/uploads\/2025\/09\/HIGHXTAR-GUCCI-THE-TIGER-PR_1080x135010-508x635.jpg 508w\" sizes=\"(max-width: 960px) 100vw, 960px\" \/><\/figure>\n<\/figure>\n\n\n\n<p>Demna, cuja chegada \u00e0 Gucci foi um dos momentos mais debatidos da ind\u00fastria na \u00faltima d\u00e9cada, continua a tra\u00e7ar uma linha entre o biogr\u00e1fico e o institucional. A cole\u00e7\u00e3o La Famiglia, apresentada pela primeira vez em junho, manifesta-se aqui como um sistema de sinais visuais que dialoga com o enredo do filme. Blazers de ombros estruturados em l\u00e3 virgem, vestidos inspirados no guarda-roupa das nonnas italianas, mantos eclesi\u00e1sticos reinterpretados com lantejoulas e saias de seda amarrotada com ar de rel\u00edquia: tudo remete a uma nostalgia transformada em trauma.<\/p>\n\n\n\n<p>O elenco \u00e9 incompar\u00e1vel. Edward Norton como o filho primog\u00e9nito, lac\u00f3nico e ressentido; Elliot Page num papel de observador silencioso que funciona como a consci\u00eancia externa da fam\u00edlia; Keke Palmer como o elemento disruptivo que desencadeia a desestabiliza\u00e7\u00e3o do ecossistema Gucci. Tamb\u00e9m est\u00e3o Julianne Nicholson, Heather Lawless, Alia Shawkat e Kendall Jenner, esta \u00faltima interpretando a si mesma. Alex Consani consegue deixar uma impress\u00e3o duradoura com sua pequena, mas significativa apari\u00e7\u00e3o. O elenco prop\u00f5e uma leitura interseccional do poder, da linhagem e da performatividade.<\/p>\n\n\n\n<figure class=\"wp-block-gallery has-nested-images columns-2 is-cropped is-style-galeria-normal wp-block-gallery-2 is-layout-flex wp-block-gallery-is-layout-flex\">\n<figure class=\"wp-block-image size-full\"><img decoding=\"async\" width=\"800\" height=\"1200\" data-id=\"534517\" src=\"https:\/\/highxtar.com\/wp-content\/uploads\/2025\/09\/HIGHXTAR-GUCCI-THE-TIGER-Gucci_The-Tiger-Premiere_Front-Row_-68.jpg\" alt=\"\" class=\"wp-image-534517\" srcset=\"https:\/\/highxtar.com\/wp-content\/uploads\/2025\/09\/HIGHXTAR-GUCCI-THE-TIGER-Gucci_The-Tiger-Premiere_Front-Row_-68.jpg 800w, https:\/\/highxtar.com\/wp-content\/uploads\/2025\/09\/HIGHXTAR-GUCCI-THE-TIGER-Gucci_The-Tiger-Premiere_Front-Row_-68-200x300.jpg 200w, https:\/\/highxtar.com\/wp-content\/uploads\/2025\/09\/HIGHXTAR-GUCCI-THE-TIGER-Gucci_The-Tiger-Premiere_Front-Row_-68-683x1024.jpg 683w, https:\/\/highxtar.com\/wp-content\/uploads\/2025\/09\/HIGHXTAR-GUCCI-THE-TIGER-Gucci_The-Tiger-Premiere_Front-Row_-68-768x1152.jpg 768w, https:\/\/highxtar.com\/wp-content\/uploads\/2025\/09\/HIGHXTAR-GUCCI-THE-TIGER-Gucci_The-Tiger-Premiere_Front-Row_-68-700x1050.jpg 700w, https:\/\/highxtar.com\/wp-content\/uploads\/2025\/09\/HIGHXTAR-GUCCI-THE-TIGER-Gucci_The-Tiger-Premiere_Front-Row_-68-508x762.jpg 508w\" sizes=\"(max-width: 800px) 100vw, 800px\" \/><figcaption class=\"wp-element-caption\">MILAN, ITALY &#8211; SEPTEMBER 23: Serena Williams attends the Gucci Spring Summer 2026 photocall during the Milan Fashion Week at Palazzo Mezzanotte on September 23, 2025 in Milan, Italy. (Photo by Daniele Venturelli\/Getty Images for Gucci)<\/figcaption><\/figure>\n\n\n\n<figure class=\"wp-block-image size-full\"><img decoding=\"async\" width=\"800\" height=\"1200\" data-id=\"534514\" src=\"https:\/\/highxtar.com\/wp-content\/uploads\/2025\/09\/HIGHXTAR-GUCCI-THE-TIGER-Gucci_The-Tiger-Premiere_Front-Row_-Lila-Moss-and-Alex-Consani.jpg\" alt=\"\" class=\"wp-image-534514\" srcset=\"https:\/\/highxtar.com\/wp-content\/uploads\/2025\/09\/HIGHXTAR-GUCCI-THE-TIGER-Gucci_The-Tiger-Premiere_Front-Row_-Lila-Moss-and-Alex-Consani.jpg 800w, https:\/\/highxtar.com\/wp-content\/uploads\/2025\/09\/HIGHXTAR-GUCCI-THE-TIGER-Gucci_The-Tiger-Premiere_Front-Row_-Lila-Moss-and-Alex-Consani-200x300.jpg 200w, https:\/\/highxtar.com\/wp-content\/uploads\/2025\/09\/HIGHXTAR-GUCCI-THE-TIGER-Gucci_The-Tiger-Premiere_Front-Row_-Lila-Moss-and-Alex-Consani-683x1024.jpg 683w, https:\/\/highxtar.com\/wp-content\/uploads\/2025\/09\/HIGHXTAR-GUCCI-THE-TIGER-Gucci_The-Tiger-Premiere_Front-Row_-Lila-Moss-and-Alex-Consani-768x1152.jpg 768w, https:\/\/highxtar.com\/wp-content\/uploads\/2025\/09\/HIGHXTAR-GUCCI-THE-TIGER-Gucci_The-Tiger-Premiere_Front-Row_-Lila-Moss-and-Alex-Consani-700x1050.jpg 700w, https:\/\/highxtar.com\/wp-content\/uploads\/2025\/09\/HIGHXTAR-GUCCI-THE-TIGER-Gucci_The-Tiger-Premiere_Front-Row_-Lila-Moss-and-Alex-Consani-508x762.jpg 508w\" sizes=\"(max-width: 800px) 100vw, 800px\" \/><figcaption class=\"wp-element-caption\">MILAN, ITALY &#8211; SEPTEMBER 23: Lila Moss and Alex Consani attend the Gucci Spring Summer 2026 event during the Milan Fashion Week at Palazzo Mezzanotte on September 23, 2025 in Milan, Italy. (Photo by Victor Boyko\/Getty Images for Gucci)<\/figcaption><\/figure>\n\n\n\n<figure class=\"wp-block-image size-full\"><img decoding=\"async\" width=\"800\" height=\"1200\" data-id=\"534511\" src=\"https:\/\/highxtar.com\/wp-content\/uploads\/2025\/09\/HIGHXTAR-GUCCI-THE-TIGER-Gucci_The-Tiger-Premiere_Front-Row_-Loic-Paulmier-and-Mariacarla-Boscono.jpg\" alt=\"\" class=\"wp-image-534511\" srcset=\"https:\/\/highxtar.com\/wp-content\/uploads\/2025\/09\/HIGHXTAR-GUCCI-THE-TIGER-Gucci_The-Tiger-Premiere_Front-Row_-Loic-Paulmier-and-Mariacarla-Boscono.jpg 800w, https:\/\/highxtar.com\/wp-content\/uploads\/2025\/09\/HIGHXTAR-GUCCI-THE-TIGER-Gucci_The-Tiger-Premiere_Front-Row_-Loic-Paulmier-and-Mariacarla-Boscono-200x300.jpg 200w, https:\/\/highxtar.com\/wp-content\/uploads\/2025\/09\/HIGHXTAR-GUCCI-THE-TIGER-Gucci_The-Tiger-Premiere_Front-Row_-Loic-Paulmier-and-Mariacarla-Boscono-683x1024.jpg 683w, https:\/\/highxtar.com\/wp-content\/uploads\/2025\/09\/HIGHXTAR-GUCCI-THE-TIGER-Gucci_The-Tiger-Premiere_Front-Row_-Loic-Paulmier-and-Mariacarla-Boscono-768x1152.jpg 768w, https:\/\/highxtar.com\/wp-content\/uploads\/2025\/09\/HIGHXTAR-GUCCI-THE-TIGER-Gucci_The-Tiger-Premiere_Front-Row_-Loic-Paulmier-and-Mariacarla-Boscono-700x1050.jpg 700w, https:\/\/highxtar.com\/wp-content\/uploads\/2025\/09\/HIGHXTAR-GUCCI-THE-TIGER-Gucci_The-Tiger-Premiere_Front-Row_-Loic-Paulmier-and-Mariacarla-Boscono-508x762.jpg 508w\" sizes=\"(max-width: 800px) 100vw, 800px\" \/><figcaption class=\"wp-element-caption\">MILAN, ITALY &#8211; SEPTEMBER 23: Lo\u00efc Paulmier and Mariacarla Boscono attend the Gucci Spring Summer 2026 event during the Milan Fashion Week at Palazzo Mezzanotte on September 23, 2025 in Milan, Italy. (Photo by Victor Boyko\/Getty Images for Gucci)<\/figcaption><\/figure>\n\n\n\n<figure class=\"wp-block-image size-full\"><img decoding=\"async\" width=\"800\" height=\"1200\" data-id=\"534556\" src=\"https:\/\/highxtar.com\/wp-content\/uploads\/2025\/09\/HIGHXTAR-GUCCI-THE-TIGER-Gucci_The-Tiger-Premiere_Front-Row_Achol-Kuir-2.jpg\" alt=\"\" class=\"wp-image-534556\" srcset=\"https:\/\/highxtar.com\/wp-content\/uploads\/2025\/09\/HIGHXTAR-GUCCI-THE-TIGER-Gucci_The-Tiger-Premiere_Front-Row_Achol-Kuir-2.jpg 800w, https:\/\/highxtar.com\/wp-content\/uploads\/2025\/09\/HIGHXTAR-GUCCI-THE-TIGER-Gucci_The-Tiger-Premiere_Front-Row_Achol-Kuir-2-200x300.jpg 200w, https:\/\/highxtar.com\/wp-content\/uploads\/2025\/09\/HIGHXTAR-GUCCI-THE-TIGER-Gucci_The-Tiger-Premiere_Front-Row_Achol-Kuir-2-683x1024.jpg 683w, https:\/\/highxtar.com\/wp-content\/uploads\/2025\/09\/HIGHXTAR-GUCCI-THE-TIGER-Gucci_The-Tiger-Premiere_Front-Row_Achol-Kuir-2-768x1152.jpg 768w, https:\/\/highxtar.com\/wp-content\/uploads\/2025\/09\/HIGHXTAR-GUCCI-THE-TIGER-Gucci_The-Tiger-Premiere_Front-Row_Achol-Kuir-2-700x1050.jpg 700w, https:\/\/highxtar.com\/wp-content\/uploads\/2025\/09\/HIGHXTAR-GUCCI-THE-TIGER-Gucci_The-Tiger-Premiere_Front-Row_Achol-Kuir-2-508x762.jpg 508w\" sizes=\"(max-width: 800px) 100vw, 800px\" \/><figcaption class=\"wp-element-caption\">MILAN, ITALY &#8211; SEPTEMBER 23: Achol Kuir attends the Gucci Spring Summer 2026 photocall during the Milan Fashion Week at Palazzo Mezzanotte on September 23, 2025 in Milan, Italy. (Photo by Daniele Venturelli\/Getty Images for Gucci)<\/figcaption><\/figure>\n\n\n\n<figure class=\"wp-block-image size-full\"><img decoding=\"async\" width=\"800\" height=\"1200\" data-id=\"534544\" src=\"https:\/\/highxtar.com\/wp-content\/uploads\/2025\/09\/HIGHXTAR-GUCCI-THE-TIGER-Gucci_The-Tiger-Premiere_Front-Row_Agel-Akol-1.jpg\" alt=\"\" class=\"wp-image-534544\" srcset=\"https:\/\/highxtar.com\/wp-content\/uploads\/2025\/09\/HIGHXTAR-GUCCI-THE-TIGER-Gucci_The-Tiger-Premiere_Front-Row_Agel-Akol-1.jpg 800w, https:\/\/highxtar.com\/wp-content\/uploads\/2025\/09\/HIGHXTAR-GUCCI-THE-TIGER-Gucci_The-Tiger-Premiere_Front-Row_Agel-Akol-1-200x300.jpg 200w, https:\/\/highxtar.com\/wp-content\/uploads\/2025\/09\/HIGHXTAR-GUCCI-THE-TIGER-Gucci_The-Tiger-Premiere_Front-Row_Agel-Akol-1-683x1024.jpg 683w, https:\/\/highxtar.com\/wp-content\/uploads\/2025\/09\/HIGHXTAR-GUCCI-THE-TIGER-Gucci_The-Tiger-Premiere_Front-Row_Agel-Akol-1-768x1152.jpg 768w, https:\/\/highxtar.com\/wp-content\/uploads\/2025\/09\/HIGHXTAR-GUCCI-THE-TIGER-Gucci_The-Tiger-Premiere_Front-Row_Agel-Akol-1-700x1050.jpg 700w, https:\/\/highxtar.com\/wp-content\/uploads\/2025\/09\/HIGHXTAR-GUCCI-THE-TIGER-Gucci_The-Tiger-Premiere_Front-Row_Agel-Akol-1-508x762.jpg 508w\" sizes=\"(max-width: 800px) 100vw, 800px\" \/><figcaption class=\"wp-element-caption\">MILAN, ITALY &#8211; SEPTEMBER 23: Agel Akol attends the Gucci Spring Summer 2026 photocall during the Milan Fashion Week at Palazzo Mezzanotte on September 23, 2025 in Milan, Italy. (Photo by Daniele Venturelli\/Getty Images for Gucci)<\/figcaption><\/figure>\n\n\n\n<figure class=\"wp-block-image size-full\"><img decoding=\"async\" width=\"800\" height=\"1200\" data-id=\"534505\" src=\"https:\/\/highxtar.com\/wp-content\/uploads\/2025\/09\/HIGHXTAR-GUCCI-THE-TIGER-Gucci_The-Tiger-Premiere_Front-Row_Alana-Champion-3.jpg\" alt=\"\" class=\"wp-image-534505\" srcset=\"https:\/\/highxtar.com\/wp-content\/uploads\/2025\/09\/HIGHXTAR-GUCCI-THE-TIGER-Gucci_The-Tiger-Premiere_Front-Row_Alana-Champion-3.jpg 800w, https:\/\/highxtar.com\/wp-content\/uploads\/2025\/09\/HIGHXTAR-GUCCI-THE-TIGER-Gucci_The-Tiger-Premiere_Front-Row_Alana-Champion-3-200x300.jpg 200w, https:\/\/highxtar.com\/wp-content\/uploads\/2025\/09\/HIGHXTAR-GUCCI-THE-TIGER-Gucci_The-Tiger-Premiere_Front-Row_Alana-Champion-3-683x1024.jpg 683w, https:\/\/highxtar.com\/wp-content\/uploads\/2025\/09\/HIGHXTAR-GUCCI-THE-TIGER-Gucci_The-Tiger-Premiere_Front-Row_Alana-Champion-3-768x1152.jpg 768w, https:\/\/highxtar.com\/wp-content\/uploads\/2025\/09\/HIGHXTAR-GUCCI-THE-TIGER-Gucci_The-Tiger-Premiere_Front-Row_Alana-Champion-3-700x1050.jpg 700w, https:\/\/highxtar.com\/wp-content\/uploads\/2025\/09\/HIGHXTAR-GUCCI-THE-TIGER-Gucci_The-Tiger-Premiere_Front-Row_Alana-Champion-3-508x762.jpg 508w\" sizes=\"(max-width: 800px) 100vw, 800px\" \/><figcaption class=\"wp-element-caption\">MILAN, ITALY &#8211; SEPTEMBER 23: Alana Champion attends the Gucci Spring Summer 2026 photocall during the Milan Fashion Week at Palazzo Mezzanotte on September 23, 2025 in Milan, Italy. (Photo by Daniele Venturelli\/Getty Images for Gucci)<\/figcaption><\/figure>\n\n\n\n<figure class=\"wp-block-image size-full\"><img decoding=\"async\" width=\"800\" height=\"1200\" data-id=\"534557\" src=\"https:\/\/highxtar.com\/wp-content\/uploads\/2025\/09\/HIGHXTAR-GUCCI-THE-TIGER-Gucci_The-Tiger-Premiere_Front-Row_Alex-Consani-3.jpg\" alt=\"\" class=\"wp-image-534557\" srcset=\"https:\/\/highxtar.com\/wp-content\/uploads\/2025\/09\/HIGHXTAR-GUCCI-THE-TIGER-Gucci_The-Tiger-Premiere_Front-Row_Alex-Consani-3.jpg 800w, https:\/\/highxtar.com\/wp-content\/uploads\/2025\/09\/HIGHXTAR-GUCCI-THE-TIGER-Gucci_The-Tiger-Premiere_Front-Row_Alex-Consani-3-200x300.jpg 200w, https:\/\/highxtar.com\/wp-content\/uploads\/2025\/09\/HIGHXTAR-GUCCI-THE-TIGER-Gucci_The-Tiger-Premiere_Front-Row_Alex-Consani-3-683x1024.jpg 683w, https:\/\/highxtar.com\/wp-content\/uploads\/2025\/09\/HIGHXTAR-GUCCI-THE-TIGER-Gucci_The-Tiger-Premiere_Front-Row_Alex-Consani-3-768x1152.jpg 768w, https:\/\/highxtar.com\/wp-content\/uploads\/2025\/09\/HIGHXTAR-GUCCI-THE-TIGER-Gucci_The-Tiger-Premiere_Front-Row_Alex-Consani-3-700x1050.jpg 700w, https:\/\/highxtar.com\/wp-content\/uploads\/2025\/09\/HIGHXTAR-GUCCI-THE-TIGER-Gucci_The-Tiger-Premiere_Front-Row_Alex-Consani-3-508x762.jpg 508w\" sizes=\"(max-width: 800px) 100vw, 800px\" \/><figcaption class=\"wp-element-caption\">MILAN, ITALY &#8211; SEPTEMBER 23: Alex Consani attends the Gucci Spring Summer 2026 photocall during the Milan Fashion Week at Palazzo Mezzanotte on September 23, 2025 in Milan, Italy. (Photo by Daniele Venturelli\/Getty Images for Gucci)<\/figcaption><\/figure>\n\n\n\n<figure class=\"wp-block-image size-full\"><img decoding=\"async\" width=\"800\" height=\"1200\" data-id=\"534530\" src=\"https:\/\/highxtar.com\/wp-content\/uploads\/2025\/09\/HIGHXTAR-GUCCI-THE-TIGER-Gucci_The-Tiger-Premiere_Front-Row_Alia-Shawkat.jpg\" alt=\"\" class=\"wp-image-534530\" srcset=\"https:\/\/highxtar.com\/wp-content\/uploads\/2025\/09\/HIGHXTAR-GUCCI-THE-TIGER-Gucci_The-Tiger-Premiere_Front-Row_Alia-Shawkat.jpg 800w, https:\/\/highxtar.com\/wp-content\/uploads\/2025\/09\/HIGHXTAR-GUCCI-THE-TIGER-Gucci_The-Tiger-Premiere_Front-Row_Alia-Shawkat-200x300.jpg 200w, https:\/\/highxtar.com\/wp-content\/uploads\/2025\/09\/HIGHXTAR-GUCCI-THE-TIGER-Gucci_The-Tiger-Premiere_Front-Row_Alia-Shawkat-683x1024.jpg 683w, https:\/\/highxtar.com\/wp-content\/uploads\/2025\/09\/HIGHXTAR-GUCCI-THE-TIGER-Gucci_The-Tiger-Premiere_Front-Row_Alia-Shawkat-768x1152.jpg 768w, https:\/\/highxtar.com\/wp-content\/uploads\/2025\/09\/HIGHXTAR-GUCCI-THE-TIGER-Gucci_The-Tiger-Premiere_Front-Row_Alia-Shawkat-700x1050.jpg 700w, https:\/\/highxtar.com\/wp-content\/uploads\/2025\/09\/HIGHXTAR-GUCCI-THE-TIGER-Gucci_The-Tiger-Premiere_Front-Row_Alia-Shawkat-508x762.jpg 508w\" sizes=\"(max-width: 800px) 100vw, 800px\" \/><figcaption class=\"wp-element-caption\">MILAN, ITALY &#8211; SEPTEMBER 23: Alia Shawkat attends the Gucci Spring Summer 2026 photocall during the Milan Fashion Week at Palazzo Mezzanotte on September 23, 2025 in Milan, Italy. (Photo by Daniele Venturelli\/Getty Images for Gucci)<\/figcaption><\/figure>\n\n\n\n<figure class=\"wp-block-image size-full\"><img decoding=\"async\" width=\"800\" height=\"1200\" data-id=\"534542\" src=\"https:\/\/highxtar.com\/wp-content\/uploads\/2025\/09\/HIGHXTAR-GUCCI-THE-TIGER-Gucci_The-Tiger-Premiere_Front-Row_Aliah-Bhatt-2.jpg\" alt=\"\" class=\"wp-image-534542\" srcset=\"https:\/\/highxtar.com\/wp-content\/uploads\/2025\/09\/HIGHXTAR-GUCCI-THE-TIGER-Gucci_The-Tiger-Premiere_Front-Row_Aliah-Bhatt-2.jpg 800w, https:\/\/highxtar.com\/wp-content\/uploads\/2025\/09\/HIGHXTAR-GUCCI-THE-TIGER-Gucci_The-Tiger-Premiere_Front-Row_Aliah-Bhatt-2-200x300.jpg 200w, https:\/\/highxtar.com\/wp-content\/uploads\/2025\/09\/HIGHXTAR-GUCCI-THE-TIGER-Gucci_The-Tiger-Premiere_Front-Row_Aliah-Bhatt-2-683x1024.jpg 683w, https:\/\/highxtar.com\/wp-content\/uploads\/2025\/09\/HIGHXTAR-GUCCI-THE-TIGER-Gucci_The-Tiger-Premiere_Front-Row_Aliah-Bhatt-2-768x1152.jpg 768w, https:\/\/highxtar.com\/wp-content\/uploads\/2025\/09\/HIGHXTAR-GUCCI-THE-TIGER-Gucci_The-Tiger-Premiere_Front-Row_Aliah-Bhatt-2-700x1050.jpg 700w, https:\/\/highxtar.com\/wp-content\/uploads\/2025\/09\/HIGHXTAR-GUCCI-THE-TIGER-Gucci_The-Tiger-Premiere_Front-Row_Aliah-Bhatt-2-508x762.jpg 508w\" sizes=\"(max-width: 800px) 100vw, 800px\" \/><figcaption class=\"wp-element-caption\">MILAN, ITALY &#8211; SEPTEMBER 23: Alia Bhat attends the Gucci Spring Summer 2026 photocall during the Milan Fashion Week at Palazzo Mezzanotte on September 23, 2025 in Milan, Italy. (Photo by Daniele Venturelli\/Getty Images for Gucci)<\/figcaption><\/figure>\n\n\n\n<figure class=\"wp-block-image size-full\"><img decoding=\"async\" width=\"800\" height=\"1200\" data-id=\"534545\" src=\"https:\/\/highxtar.com\/wp-content\/uploads\/2025\/09\/HIGHXTAR-GUCCI-THE-TIGER-Gucci_The-Tiger-Premiere_Front-Row_Anna-Ferzetti.jpg\" alt=\"\" class=\"wp-image-534545\" srcset=\"https:\/\/highxtar.com\/wp-content\/uploads\/2025\/09\/HIGHXTAR-GUCCI-THE-TIGER-Gucci_The-Tiger-Premiere_Front-Row_Anna-Ferzetti.jpg 800w, https:\/\/highxtar.com\/wp-content\/uploads\/2025\/09\/HIGHXTAR-GUCCI-THE-TIGER-Gucci_The-Tiger-Premiere_Front-Row_Anna-Ferzetti-200x300.jpg 200w, https:\/\/highxtar.com\/wp-content\/uploads\/2025\/09\/HIGHXTAR-GUCCI-THE-TIGER-Gucci_The-Tiger-Premiere_Front-Row_Anna-Ferzetti-683x1024.jpg 683w, https:\/\/highxtar.com\/wp-content\/uploads\/2025\/09\/HIGHXTAR-GUCCI-THE-TIGER-Gucci_The-Tiger-Premiere_Front-Row_Anna-Ferzetti-768x1152.jpg 768w, https:\/\/highxtar.com\/wp-content\/uploads\/2025\/09\/HIGHXTAR-GUCCI-THE-TIGER-Gucci_The-Tiger-Premiere_Front-Row_Anna-Ferzetti-700x1050.jpg 700w, https:\/\/highxtar.com\/wp-content\/uploads\/2025\/09\/HIGHXTAR-GUCCI-THE-TIGER-Gucci_The-Tiger-Premiere_Front-Row_Anna-Ferzetti-508x762.jpg 508w\" sizes=\"(max-width: 800px) 100vw, 800px\" \/><figcaption class=\"wp-element-caption\">MILAN, ITALY &#8211; SEPTEMBER 23: Anna Ferzetti attends the Gucci Spring Summer 2026 photocall during the Milan Fashion Week at Palazzo Mezzanotte on September 23, 2025 in Milan, Italy. (Photo by Daniele Venturelli\/Getty Images for Gucci)<\/figcaption><\/figure>\n\n\n\n<figure class=\"wp-block-image size-full\"><img decoding=\"async\" width=\"800\" height=\"1200\" data-id=\"534555\" src=\"https:\/\/highxtar.com\/wp-content\/uploads\/2025\/09\/HIGHXTAR-GUCCI-THE-TIGER-Gucci_The-Tiger-Premiere_Front-Row_Bella-Poarch-2.jpg\" alt=\"\" class=\"wp-image-534555\" srcset=\"https:\/\/highxtar.com\/wp-content\/uploads\/2025\/09\/HIGHXTAR-GUCCI-THE-TIGER-Gucci_The-Tiger-Premiere_Front-Row_Bella-Poarch-2.jpg 800w, https:\/\/highxtar.com\/wp-content\/uploads\/2025\/09\/HIGHXTAR-GUCCI-THE-TIGER-Gucci_The-Tiger-Premiere_Front-Row_Bella-Poarch-2-200x300.jpg 200w, https:\/\/highxtar.com\/wp-content\/uploads\/2025\/09\/HIGHXTAR-GUCCI-THE-TIGER-Gucci_The-Tiger-Premiere_Front-Row_Bella-Poarch-2-683x1024.jpg 683w, https:\/\/highxtar.com\/wp-content\/uploads\/2025\/09\/HIGHXTAR-GUCCI-THE-TIGER-Gucci_The-Tiger-Premiere_Front-Row_Bella-Poarch-2-768x1152.jpg 768w, https:\/\/highxtar.com\/wp-content\/uploads\/2025\/09\/HIGHXTAR-GUCCI-THE-TIGER-Gucci_The-Tiger-Premiere_Front-Row_Bella-Poarch-2-700x1050.jpg 700w, https:\/\/highxtar.com\/wp-content\/uploads\/2025\/09\/HIGHXTAR-GUCCI-THE-TIGER-Gucci_The-Tiger-Premiere_Front-Row_Bella-Poarch-2-508x762.jpg 508w\" sizes=\"(max-width: 800px) 100vw, 800px\" \/><figcaption class=\"wp-element-caption\">MILAN, ITALY &#8211; SEPTEMBER 23: Bella Poarch attends the Gucci Spring Summer 2026 photocall during the Milan Fashion Week at Palazzo Mezzanotte on September 23, 2025 in Milan, Italy. (Photo by Daniele Venturelli\/Getty Images for Gucci)<\/figcaption><\/figure>\n\n\n\n<figure class=\"wp-block-image size-full\"><img decoding=\"async\" width=\"800\" height=\"1200\" data-id=\"534535\" src=\"https:\/\/highxtar.com\/wp-content\/uploads\/2025\/09\/HIGHXTAR-GUCCI-THE-TIGER-Gucci_The-Tiger-Premiere_Front-Row_Bethann-Hardison.jpg\" alt=\"\" class=\"wp-image-534535\" srcset=\"https:\/\/highxtar.com\/wp-content\/uploads\/2025\/09\/HIGHXTAR-GUCCI-THE-TIGER-Gucci_The-Tiger-Premiere_Front-Row_Bethann-Hardison.jpg 800w, https:\/\/highxtar.com\/wp-content\/uploads\/2025\/09\/HIGHXTAR-GUCCI-THE-TIGER-Gucci_The-Tiger-Premiere_Front-Row_Bethann-Hardison-200x300.jpg 200w, https:\/\/highxtar.com\/wp-content\/uploads\/2025\/09\/HIGHXTAR-GUCCI-THE-TIGER-Gucci_The-Tiger-Premiere_Front-Row_Bethann-Hardison-683x1024.jpg 683w, https:\/\/highxtar.com\/wp-content\/uploads\/2025\/09\/HIGHXTAR-GUCCI-THE-TIGER-Gucci_The-Tiger-Premiere_Front-Row_Bethann-Hardison-768x1152.jpg 768w, https:\/\/highxtar.com\/wp-content\/uploads\/2025\/09\/HIGHXTAR-GUCCI-THE-TIGER-Gucci_The-Tiger-Premiere_Front-Row_Bethann-Hardison-700x1050.jpg 700w, https:\/\/highxtar.com\/wp-content\/uploads\/2025\/09\/HIGHXTAR-GUCCI-THE-TIGER-Gucci_The-Tiger-Premiere_Front-Row_Bethann-Hardison-508x762.jpg 508w\" sizes=\"(max-width: 800px) 100vw, 800px\" \/><figcaption class=\"wp-element-caption\">MILAN, ITALY &#8211; SEPTEMBER 23: Bethann Hardison attends the Gucci Spring Summer 2026 photocall during the Milan Fashion Week at Palazzo Mezzanotte on September 23, 2025 in Milan, Italy. (Photo by Daniele Venturelli\/Getty Images for Gucci)<\/figcaption><\/figure>\n\n\n\n<figure class=\"wp-block-image size-large\"><img decoding=\"async\" width=\"683\" height=\"1024\" data-id=\"534541\" src=\"https:\/\/highxtar.com\/wp-content\/uploads\/2025\/09\/HIGHXTAR-GUCCI-THE-TIGER-Gucci_The-Tiger-Premiere_Front-Row_Bianca-Huisman-683x1024.jpg\" alt=\"\" class=\"wp-image-534541\" srcset=\"https:\/\/highxtar.com\/wp-content\/uploads\/2025\/09\/HIGHXTAR-GUCCI-THE-TIGER-Gucci_The-Tiger-Premiere_Front-Row_Bianca-Huisman-683x1024.jpg 683w, https:\/\/highxtar.com\/wp-content\/uploads\/2025\/09\/HIGHXTAR-GUCCI-THE-TIGER-Gucci_The-Tiger-Premiere_Front-Row_Bianca-Huisman-200x300.jpg 200w, https:\/\/highxtar.com\/wp-content\/uploads\/2025\/09\/HIGHXTAR-GUCCI-THE-TIGER-Gucci_The-Tiger-Premiere_Front-Row_Bianca-Huisman-768x1152.jpg 768w, https:\/\/highxtar.com\/wp-content\/uploads\/2025\/09\/HIGHXTAR-GUCCI-THE-TIGER-Gucci_The-Tiger-Premiere_Front-Row_Bianca-Huisman-700x1050.jpg 700w, https:\/\/highxtar.com\/wp-content\/uploads\/2025\/09\/HIGHXTAR-GUCCI-THE-TIGER-Gucci_The-Tiger-Premiere_Front-Row_Bianca-Huisman-508x762.jpg 508w, https:\/\/highxtar.com\/wp-content\/uploads\/2025\/09\/HIGHXTAR-GUCCI-THE-TIGER-Gucci_The-Tiger-Premiere_Front-Row_Bianca-Huisman.jpg 800w\" sizes=\"(max-width: 683px) 100vw, 683px\" \/><figcaption class=\"wp-element-caption\">MILAN, ITALY &#8211; SEPTEMBER 23: Bianca Huisman attends the Gucci Spring Summer 2026 photocall during the Milan Fashion Week at Palazzo Mezzanotte on September 23, 2025 in Milan, Italy. (Photo by Daniele Venturelli\/Getty Images for Gucci)<\/figcaption><\/figure>\n\n\n\n<figure class=\"wp-block-image size-full\"><img decoding=\"async\" width=\"800\" height=\"1200\" data-id=\"534520\" src=\"https:\/\/highxtar.com\/wp-content\/uploads\/2025\/09\/HIGHXTAR-GUCCI-THE-TIGER-Gucci_The-Tiger-Premiere_Front-Row_David-Jonsson.jpg\" alt=\"\" class=\"wp-image-534520\" srcset=\"https:\/\/highxtar.com\/wp-content\/uploads\/2025\/09\/HIGHXTAR-GUCCI-THE-TIGER-Gucci_The-Tiger-Premiere_Front-Row_David-Jonsson.jpg 800w, https:\/\/highxtar.com\/wp-content\/uploads\/2025\/09\/HIGHXTAR-GUCCI-THE-TIGER-Gucci_The-Tiger-Premiere_Front-Row_David-Jonsson-200x300.jpg 200w, https:\/\/highxtar.com\/wp-content\/uploads\/2025\/09\/HIGHXTAR-GUCCI-THE-TIGER-Gucci_The-Tiger-Premiere_Front-Row_David-Jonsson-683x1024.jpg 683w, https:\/\/highxtar.com\/wp-content\/uploads\/2025\/09\/HIGHXTAR-GUCCI-THE-TIGER-Gucci_The-Tiger-Premiere_Front-Row_David-Jonsson-768x1152.jpg 768w, https:\/\/highxtar.com\/wp-content\/uploads\/2025\/09\/HIGHXTAR-GUCCI-THE-TIGER-Gucci_The-Tiger-Premiere_Front-Row_David-Jonsson-700x1050.jpg 700w, https:\/\/highxtar.com\/wp-content\/uploads\/2025\/09\/HIGHXTAR-GUCCI-THE-TIGER-Gucci_The-Tiger-Premiere_Front-Row_David-Jonsson-508x762.jpg 508w\" sizes=\"(max-width: 800px) 100vw, 800px\" \/><figcaption class=\"wp-element-caption\">MILAN, ITALY &#8211; SEPTEMBER 23: David Jonsson attends the Gucci Spring Summer 2026 photocall during the Milan Fashion Week at Palazzo Mezzanotte on September 23, 2025 in Milan, Italy. (Photo by Daniele Venturelli\/Getty Images for Gucci)<\/figcaption><\/figure>\n\n\n\n<figure class=\"wp-block-image size-full\"><img decoding=\"async\" width=\"800\" height=\"1200\" data-id=\"534565\" src=\"https:\/\/highxtar.com\/wp-content\/uploads\/2025\/09\/HIGHXTAR-GUCCI-THE-TIGER-Gucci_The-Tiger-Premiere_Front-Row_Davika-1.jpg\" alt=\"\" class=\"wp-image-534565\" srcset=\"https:\/\/highxtar.com\/wp-content\/uploads\/2025\/09\/HIGHXTAR-GUCCI-THE-TIGER-Gucci_The-Tiger-Premiere_Front-Row_Davika-1.jpg 800w, https:\/\/highxtar.com\/wp-content\/uploads\/2025\/09\/HIGHXTAR-GUCCI-THE-TIGER-Gucci_The-Tiger-Premiere_Front-Row_Davika-1-200x300.jpg 200w, https:\/\/highxtar.com\/wp-content\/uploads\/2025\/09\/HIGHXTAR-GUCCI-THE-TIGER-Gucci_The-Tiger-Premiere_Front-Row_Davika-1-683x1024.jpg 683w, https:\/\/highxtar.com\/wp-content\/uploads\/2025\/09\/HIGHXTAR-GUCCI-THE-TIGER-Gucci_The-Tiger-Premiere_Front-Row_Davika-1-768x1152.jpg 768w, https:\/\/highxtar.com\/wp-content\/uploads\/2025\/09\/HIGHXTAR-GUCCI-THE-TIGER-Gucci_The-Tiger-Premiere_Front-Row_Davika-1-700x1050.jpg 700w, https:\/\/highxtar.com\/wp-content\/uploads\/2025\/09\/HIGHXTAR-GUCCI-THE-TIGER-Gucci_The-Tiger-Premiere_Front-Row_Davika-1-508x762.jpg 508w\" sizes=\"(max-width: 800px) 100vw, 800px\" \/><figcaption class=\"wp-element-caption\">MILAN, ITALY &#8211; SEPTEMBER 23: Davika Hoorne attends the Gucci Spring Summer 2026 photocall during the Milan Fashion Week at Palazzo Mezzanotte on September 23, 2025 in Milan, Italy. (Photo by Daniele Venturelli\/Getty Images for Gucci)<\/figcaption><\/figure>\n\n\n\n<figure class=\"wp-block-image size-full\"><img decoding=\"async\" width=\"800\" height=\"1200\" data-id=\"534508\" src=\"https:\/\/highxtar.com\/wp-content\/uploads\/2025\/09\/HIGHXTAR-GUCCI-THE-TIGER-Gucci_The-Tiger-Premiere_Front-Row_Edward-Norton.jpg\" alt=\"\" class=\"wp-image-534508\" srcset=\"https:\/\/highxtar.com\/wp-content\/uploads\/2025\/09\/HIGHXTAR-GUCCI-THE-TIGER-Gucci_The-Tiger-Premiere_Front-Row_Edward-Norton.jpg 800w, https:\/\/highxtar.com\/wp-content\/uploads\/2025\/09\/HIGHXTAR-GUCCI-THE-TIGER-Gucci_The-Tiger-Premiere_Front-Row_Edward-Norton-200x300.jpg 200w, https:\/\/highxtar.com\/wp-content\/uploads\/2025\/09\/HIGHXTAR-GUCCI-THE-TIGER-Gucci_The-Tiger-Premiere_Front-Row_Edward-Norton-683x1024.jpg 683w, https:\/\/highxtar.com\/wp-content\/uploads\/2025\/09\/HIGHXTAR-GUCCI-THE-TIGER-Gucci_The-Tiger-Premiere_Front-Row_Edward-Norton-768x1152.jpg 768w, https:\/\/highxtar.com\/wp-content\/uploads\/2025\/09\/HIGHXTAR-GUCCI-THE-TIGER-Gucci_The-Tiger-Premiere_Front-Row_Edward-Norton-700x1050.jpg 700w, https:\/\/highxtar.com\/wp-content\/uploads\/2025\/09\/HIGHXTAR-GUCCI-THE-TIGER-Gucci_The-Tiger-Premiere_Front-Row_Edward-Norton-508x762.jpg 508w\" sizes=\"(max-width: 800px) 100vw, 800px\" \/><figcaption class=\"wp-element-caption\">MILAN, ITALY &#8211; SEPTEMBER 23: Edward Norton attends the Gucci Spring Summer 2026 event during the Milan Fashion Week at Palazzo Mezzanotte on September 23, 2025 in Milan, Italy. (Photo by Victor Boyko\/Getty Images for Gucci)<\/figcaption><\/figure>\n\n\n\n<figure class=\"wp-block-image size-full\"><img decoding=\"async\" width=\"800\" height=\"1200\" data-id=\"534502\" src=\"https:\/\/highxtar.com\/wp-content\/uploads\/2025\/09\/HIGHXTAR-GUCCI-THE-TIGER-Gucci_The-Tiger-Premiere_Front-Row_Elliot-Page.jpg\" alt=\"\" class=\"wp-image-534502\" srcset=\"https:\/\/highxtar.com\/wp-content\/uploads\/2025\/09\/HIGHXTAR-GUCCI-THE-TIGER-Gucci_The-Tiger-Premiere_Front-Row_Elliot-Page.jpg 800w, https:\/\/highxtar.com\/wp-content\/uploads\/2025\/09\/HIGHXTAR-GUCCI-THE-TIGER-Gucci_The-Tiger-Premiere_Front-Row_Elliot-Page-200x300.jpg 200w, https:\/\/highxtar.com\/wp-content\/uploads\/2025\/09\/HIGHXTAR-GUCCI-THE-TIGER-Gucci_The-Tiger-Premiere_Front-Row_Elliot-Page-683x1024.jpg 683w, https:\/\/highxtar.com\/wp-content\/uploads\/2025\/09\/HIGHXTAR-GUCCI-THE-TIGER-Gucci_The-Tiger-Premiere_Front-Row_Elliot-Page-768x1152.jpg 768w, https:\/\/highxtar.com\/wp-content\/uploads\/2025\/09\/HIGHXTAR-GUCCI-THE-TIGER-Gucci_The-Tiger-Premiere_Front-Row_Elliot-Page-700x1050.jpg 700w, https:\/\/highxtar.com\/wp-content\/uploads\/2025\/09\/HIGHXTAR-GUCCI-THE-TIGER-Gucci_The-Tiger-Premiere_Front-Row_Elliot-Page-508x762.jpg 508w\" sizes=\"(max-width: 800px) 100vw, 800px\" \/><figcaption class=\"wp-element-caption\">MILAN, ITALY &#8211; SEPTEMBER 23: Elliot Page attends the Gucci Spring Summer 2026 red carpet during the Milan Fashion Week at Palazzo Mezzanotte on September 23, 2025 in Milan, Italy. (Photo by Vittorio Zunino Celotto\/Getty Images for Gucci)<\/figcaption><\/figure>\n\n\n\n<figure class=\"wp-block-image size-full\"><img decoding=\"async\" width=\"800\" height=\"1200\" data-id=\"534529\" src=\"https:\/\/highxtar.com\/wp-content\/uploads\/2025\/09\/HIGHXTAR-GUCCI-THE-TIGER-Gucci_The-Tiger-Premiere_Front-Row_Erika-Toda-1.jpg\" alt=\"\" class=\"wp-image-534529\" srcset=\"https:\/\/highxtar.com\/wp-content\/uploads\/2025\/09\/HIGHXTAR-GUCCI-THE-TIGER-Gucci_The-Tiger-Premiere_Front-Row_Erika-Toda-1.jpg 800w, https:\/\/highxtar.com\/wp-content\/uploads\/2025\/09\/HIGHXTAR-GUCCI-THE-TIGER-Gucci_The-Tiger-Premiere_Front-Row_Erika-Toda-1-200x300.jpg 200w, https:\/\/highxtar.com\/wp-content\/uploads\/2025\/09\/HIGHXTAR-GUCCI-THE-TIGER-Gucci_The-Tiger-Premiere_Front-Row_Erika-Toda-1-683x1024.jpg 683w, https:\/\/highxtar.com\/wp-content\/uploads\/2025\/09\/HIGHXTAR-GUCCI-THE-TIGER-Gucci_The-Tiger-Premiere_Front-Row_Erika-Toda-1-768x1152.jpg 768w, https:\/\/highxtar.com\/wp-content\/uploads\/2025\/09\/HIGHXTAR-GUCCI-THE-TIGER-Gucci_The-Tiger-Premiere_Front-Row_Erika-Toda-1-700x1050.jpg 700w, https:\/\/highxtar.com\/wp-content\/uploads\/2025\/09\/HIGHXTAR-GUCCI-THE-TIGER-Gucci_The-Tiger-Premiere_Front-Row_Erika-Toda-1-508x762.jpg 508w\" sizes=\"(max-width: 800px) 100vw, 800px\" \/><figcaption class=\"wp-element-caption\">MILAN, ITALY &#8211; SEPTEMBER 23: Erika Toda attends the Gucci Spring Summer 2026 event during the Milan Fashion Week at Palazzo Mezzanotte on September 23, 2025 in Milan, Italy. (Photo by Daniele Venturelli\/Getty Images for Gucci)<\/figcaption><\/figure>\n\n\n\n<figure class=\"wp-block-image size-full\"><img decoding=\"async\" width=\"800\" height=\"1200\" data-id=\"534523\" src=\"https:\/\/highxtar.com\/wp-content\/uploads\/2025\/09\/HIGHXTAR-GUCCI-THE-TIGER-Gucci_The-Tiger-Premiere_Front-Row_Erika-Toda-3.jpg\" alt=\"\" class=\"wp-image-534523\" srcset=\"https:\/\/highxtar.com\/wp-content\/uploads\/2025\/09\/HIGHXTAR-GUCCI-THE-TIGER-Gucci_The-Tiger-Premiere_Front-Row_Erika-Toda-3.jpg 800w, https:\/\/highxtar.com\/wp-content\/uploads\/2025\/09\/HIGHXTAR-GUCCI-THE-TIGER-Gucci_The-Tiger-Premiere_Front-Row_Erika-Toda-3-200x300.jpg 200w, https:\/\/highxtar.com\/wp-content\/uploads\/2025\/09\/HIGHXTAR-GUCCI-THE-TIGER-Gucci_The-Tiger-Premiere_Front-Row_Erika-Toda-3-683x1024.jpg 683w, https:\/\/highxtar.com\/wp-content\/uploads\/2025\/09\/HIGHXTAR-GUCCI-THE-TIGER-Gucci_The-Tiger-Premiere_Front-Row_Erika-Toda-3-768x1152.jpg 768w, https:\/\/highxtar.com\/wp-content\/uploads\/2025\/09\/HIGHXTAR-GUCCI-THE-TIGER-Gucci_The-Tiger-Premiere_Front-Row_Erika-Toda-3-700x1050.jpg 700w, https:\/\/highxtar.com\/wp-content\/uploads\/2025\/09\/HIGHXTAR-GUCCI-THE-TIGER-Gucci_The-Tiger-Premiere_Front-Row_Erika-Toda-3-508x762.jpg 508w\" sizes=\"(max-width: 800px) 100vw, 800px\" \/><figcaption class=\"wp-element-caption\">MILAN, ITALY &#8211; SEPTEMBER 23: Erika Toda attends the Gucci Spring Summer 2026 event during the Milan Fashion Week at Palazzo Mezzanotte on September 23, 2025 in Milan, Italy. (Photo by Daniele Venturelli\/Getty Images for Gucci)<\/figcaption><\/figure>\n\n\n\n<figure class=\"wp-block-image size-full\"><img decoding=\"async\" width=\"800\" height=\"1200\" data-id=\"534532\" src=\"https:\/\/highxtar.com\/wp-content\/uploads\/2025\/09\/HIGHXTAR-GUCCI-THE-TIGER-Gucci_The-Tiger-Premiere_Front-Row_Freya-Nutter-2.jpg\" alt=\"\" class=\"wp-image-534532\" srcset=\"https:\/\/highxtar.com\/wp-content\/uploads\/2025\/09\/HIGHXTAR-GUCCI-THE-TIGER-Gucci_The-Tiger-Premiere_Front-Row_Freya-Nutter-2.jpg 800w, https:\/\/highxtar.com\/wp-content\/uploads\/2025\/09\/HIGHXTAR-GUCCI-THE-TIGER-Gucci_The-Tiger-Premiere_Front-Row_Freya-Nutter-2-200x300.jpg 200w, https:\/\/highxtar.com\/wp-content\/uploads\/2025\/09\/HIGHXTAR-GUCCI-THE-TIGER-Gucci_The-Tiger-Premiere_Front-Row_Freya-Nutter-2-683x1024.jpg 683w, https:\/\/highxtar.com\/wp-content\/uploads\/2025\/09\/HIGHXTAR-GUCCI-THE-TIGER-Gucci_The-Tiger-Premiere_Front-Row_Freya-Nutter-2-768x1152.jpg 768w, https:\/\/highxtar.com\/wp-content\/uploads\/2025\/09\/HIGHXTAR-GUCCI-THE-TIGER-Gucci_The-Tiger-Premiere_Front-Row_Freya-Nutter-2-700x1050.jpg 700w, https:\/\/highxtar.com\/wp-content\/uploads\/2025\/09\/HIGHXTAR-GUCCI-THE-TIGER-Gucci_The-Tiger-Premiere_Front-Row_Freya-Nutter-2-508x762.jpg 508w\" sizes=\"(max-width: 800px) 100vw, 800px\" \/><figcaption class=\"wp-element-caption\">MILAN, ITALY &#8211; SEPTEMBER 23: Freya Nutter attends the Gucci Spring Summer 2026 photocall during the Milan Fashion Week at Palazzo Mezzanotte on September 23, 2025 in Milan, Italy. (Photo by Daniele Venturelli\/Getty Images for Gucci)<\/figcaption><\/figure>\n\n\n\n<figure class=\"wp-block-image size-full\"><img decoding=\"async\" width=\"800\" height=\"1200\" data-id=\"534546\" src=\"https:\/\/highxtar.com\/wp-content\/uploads\/2025\/09\/HIGHXTAR-GUCCI-THE-TIGER-Gucci_The-Tiger-Premiere_Front-Row_Ghali-2.jpg\" alt=\"\" class=\"wp-image-534546\" srcset=\"https:\/\/highxtar.com\/wp-content\/uploads\/2025\/09\/HIGHXTAR-GUCCI-THE-TIGER-Gucci_The-Tiger-Premiere_Front-Row_Ghali-2.jpg 800w, https:\/\/highxtar.com\/wp-content\/uploads\/2025\/09\/HIGHXTAR-GUCCI-THE-TIGER-Gucci_The-Tiger-Premiere_Front-Row_Ghali-2-200x300.jpg 200w, https:\/\/highxtar.com\/wp-content\/uploads\/2025\/09\/HIGHXTAR-GUCCI-THE-TIGER-Gucci_The-Tiger-Premiere_Front-Row_Ghali-2-683x1024.jpg 683w, https:\/\/highxtar.com\/wp-content\/uploads\/2025\/09\/HIGHXTAR-GUCCI-THE-TIGER-Gucci_The-Tiger-Premiere_Front-Row_Ghali-2-768x1152.jpg 768w, https:\/\/highxtar.com\/wp-content\/uploads\/2025\/09\/HIGHXTAR-GUCCI-THE-TIGER-Gucci_The-Tiger-Premiere_Front-Row_Ghali-2-700x1050.jpg 700w, https:\/\/highxtar.com\/wp-content\/uploads\/2025\/09\/HIGHXTAR-GUCCI-THE-TIGER-Gucci_The-Tiger-Premiere_Front-Row_Ghali-2-508x762.jpg 508w\" sizes=\"(max-width: 800px) 100vw, 800px\" \/><figcaption class=\"wp-element-caption\">MILAN, ITALY &#8211; SEPTEMBER 23: Ghali attends the Gucci Spring Summer 2026 photocall during the Milan Fashion Week at Palazzo Mezzanotte on September 23, 2025 in Milan, Italy. (Photo by Daniele Venturelli\/Getty Images for Gucci)<\/figcaption><\/figure>\n\n\n\n<figure class=\"wp-block-image size-full\"><img decoding=\"async\" width=\"800\" height=\"1200\" data-id=\"534526\" src=\"https:\/\/highxtar.com\/wp-content\/uploads\/2025\/09\/HIGHXTAR-GUCCI-THE-TIGER-Gucci_The-Tiger-Premiere_Front-Row_He-Cong-2.jpg\" alt=\"\" class=\"wp-image-534526\" srcset=\"https:\/\/highxtar.com\/wp-content\/uploads\/2025\/09\/HIGHXTAR-GUCCI-THE-TIGER-Gucci_The-Tiger-Premiere_Front-Row_He-Cong-2.jpg 800w, https:\/\/highxtar.com\/wp-content\/uploads\/2025\/09\/HIGHXTAR-GUCCI-THE-TIGER-Gucci_The-Tiger-Premiere_Front-Row_He-Cong-2-200x300.jpg 200w, https:\/\/highxtar.com\/wp-content\/uploads\/2025\/09\/HIGHXTAR-GUCCI-THE-TIGER-Gucci_The-Tiger-Premiere_Front-Row_He-Cong-2-683x1024.jpg 683w, https:\/\/highxtar.com\/wp-content\/uploads\/2025\/09\/HIGHXTAR-GUCCI-THE-TIGER-Gucci_The-Tiger-Premiere_Front-Row_He-Cong-2-768x1152.jpg 768w, https:\/\/highxtar.com\/wp-content\/uploads\/2025\/09\/HIGHXTAR-GUCCI-THE-TIGER-Gucci_The-Tiger-Premiere_Front-Row_He-Cong-2-700x1050.jpg 700w, https:\/\/highxtar.com\/wp-content\/uploads\/2025\/09\/HIGHXTAR-GUCCI-THE-TIGER-Gucci_The-Tiger-Premiere_Front-Row_He-Cong-2-508x762.jpg 508w\" sizes=\"(max-width: 800px) 100vw, 800px\" \/><figcaption class=\"wp-element-caption\">MILAN, ITALY &#8211; SEPTEMBER 23: He Cong attends the Gucci Spring Summer 2026 photocall during the Milan Fashion Week at Palazzo Mezzanotte on September 23, 2025 in Milan, Italy. (Photo by Daniele Venturelli\/Getty Images for Gucci)<\/figcaption><\/figure>\n<\/figure>\n\n\n\n<p>A tens\u00e3o culmina numa cena em que Barbara, despojada dos seus artif\u00edcios, desmaia no jardim da fam\u00edlia. A c\u00e2mara det\u00e9m-se no vestido que ela usa \u2014 uma capa escultural em tafet\u00e3 preto com detalhes em cristal \u2014, enquanto os restantes personagens a observam sem se aproximarem. Nesse instante, a pe\u00e7a deixa de ser roupa e se torna um s\u00edmbolo de controle que se desintegra, do poder que n\u00e3o pode mais se sustentar, da marca que \u00e9 for\u00e7ada a se repensar.<\/p>\n\n\n\n<p>A escolha do Palazzo Mezzanotte como sede da estreia n\u00e3o foi aleat\u00f3ria. Historicamente sede da bolsa italiana, o edif\u00edcio encarna o sistema sobre o qual as casas de luxo constru\u00edram os seus imp\u00e9rios. Ao encerrar a proje\u00e7\u00e3o, um jantar \u00edntimo organizado por Massimo Bottura \u2014 com um menu concebido como uma refer\u00eancia ao \u00abbanquete familiar\u00bb \u2014 completou a noite. No centro do jardim, um tigre de gelo de dois metros derretia lentamente enquanto os convidados \u2014 figuras importantes da arte, da moda e do cinema \u2014 trocavam impress\u00f5es com uma mistura de admira\u00e7\u00e3o e perplexidade.<\/p>\n\n\n\n<figure class=\"wp-block-gallery has-nested-images columns-2 is-cropped is-style-galeria-normal wp-block-gallery-3 is-layout-flex wp-block-gallery-is-layout-flex\">\n<figure class=\"wp-block-image size-large\"><img decoding=\"async\" width=\"683\" height=\"1024\" data-id=\"534575\" src=\"https:\/\/highxtar.com\/wp-content\/uploads\/2025\/09\/Gucci_The-Tiger-Premiere_Front-Row_Valeria-Golino-2-683x1024.jpg\" alt=\"\" class=\"wp-image-534575\" srcset=\"https:\/\/highxtar.com\/wp-content\/uploads\/2025\/09\/Gucci_The-Tiger-Premiere_Front-Row_Valeria-Golino-2-683x1024.jpg 683w, https:\/\/highxtar.com\/wp-content\/uploads\/2025\/09\/Gucci_The-Tiger-Premiere_Front-Row_Valeria-Golino-2-200x300.jpg 200w, https:\/\/highxtar.com\/wp-content\/uploads\/2025\/09\/Gucci_The-Tiger-Premiere_Front-Row_Valeria-Golino-2-768x1152.jpg 768w, https:\/\/highxtar.com\/wp-content\/uploads\/2025\/09\/Gucci_The-Tiger-Premiere_Front-Row_Valeria-Golino-2-700x1050.jpg 700w, https:\/\/highxtar.com\/wp-content\/uploads\/2025\/09\/Gucci_The-Tiger-Premiere_Front-Row_Valeria-Golino-2-508x762.jpg 508w, https:\/\/highxtar.com\/wp-content\/uploads\/2025\/09\/Gucci_The-Tiger-Premiere_Front-Row_Valeria-Golino-2.jpg 800w\" sizes=\"(max-width: 683px) 100vw, 683px\" \/><figcaption class=\"wp-element-caption\">MILAN, ITALY &#8211; SEPTEMBER 23: Valeria Golino attends the Gucci Spring Summer 2026 photocall during the Milan Fashion Week at Palazzo Mezzanotte on September 23, 2025 in Milan, Italy. (Photo by Daniele Venturelli\/Getty Images for Gucci)<\/figcaption><\/figure>\n\n\n\n<figure class=\"wp-block-image size-full\"><img decoding=\"async\" width=\"800\" height=\"1200\" data-id=\"534581\" src=\"https:\/\/highxtar.com\/wp-content\/uploads\/2025\/09\/Gucci_The-Tiger-Premiere_Front-Row_Park-Gyu-young-2.jpg\" alt=\"\" class=\"wp-image-534581\" srcset=\"https:\/\/highxtar.com\/wp-content\/uploads\/2025\/09\/Gucci_The-Tiger-Premiere_Front-Row_Park-Gyu-young-2.jpg 800w, https:\/\/highxtar.com\/wp-content\/uploads\/2025\/09\/Gucci_The-Tiger-Premiere_Front-Row_Park-Gyu-young-2-200x300.jpg 200w, https:\/\/highxtar.com\/wp-content\/uploads\/2025\/09\/Gucci_The-Tiger-Premiere_Front-Row_Park-Gyu-young-2-683x1024.jpg 683w, https:\/\/highxtar.com\/wp-content\/uploads\/2025\/09\/Gucci_The-Tiger-Premiere_Front-Row_Park-Gyu-young-2-768x1152.jpg 768w, https:\/\/highxtar.com\/wp-content\/uploads\/2025\/09\/Gucci_The-Tiger-Premiere_Front-Row_Park-Gyu-young-2-700x1050.jpg 700w, https:\/\/highxtar.com\/wp-content\/uploads\/2025\/09\/Gucci_The-Tiger-Premiere_Front-Row_Park-Gyu-young-2-508x762.jpg 508w\" sizes=\"(max-width: 800px) 100vw, 800px\" \/><figcaption class=\"wp-element-caption\">MILAN, ITALY &#8211; SEPTEMBER 23: Park Gyu-young attends the Gucci Spring Summer 2026 photocall during the Milan Fashion Week at Palazzo Mezzanotte on September 23, 2025 in Milan, Italy. (Photo by Daniele Venturelli\/Getty Images for Gucci)<\/figcaption><\/figure>\n\n\n\n<figure class=\"wp-block-image size-full\"><img decoding=\"async\" width=\"800\" height=\"1200\" data-id=\"534608\" src=\"https:\/\/highxtar.com\/wp-content\/uploads\/2025\/09\/Gucci_The-Tiger-Premiere_Front-Row_Heather-Lawless-2.jpg\" alt=\"\" class=\"wp-image-534608\" srcset=\"https:\/\/highxtar.com\/wp-content\/uploads\/2025\/09\/Gucci_The-Tiger-Premiere_Front-Row_Heather-Lawless-2.jpg 800w, https:\/\/highxtar.com\/wp-content\/uploads\/2025\/09\/Gucci_The-Tiger-Premiere_Front-Row_Heather-Lawless-2-200x300.jpg 200w, https:\/\/highxtar.com\/wp-content\/uploads\/2025\/09\/Gucci_The-Tiger-Premiere_Front-Row_Heather-Lawless-2-683x1024.jpg 683w, https:\/\/highxtar.com\/wp-content\/uploads\/2025\/09\/Gucci_The-Tiger-Premiere_Front-Row_Heather-Lawless-2-768x1152.jpg 768w, https:\/\/highxtar.com\/wp-content\/uploads\/2025\/09\/Gucci_The-Tiger-Premiere_Front-Row_Heather-Lawless-2-700x1050.jpg 700w, https:\/\/highxtar.com\/wp-content\/uploads\/2025\/09\/Gucci_The-Tiger-Premiere_Front-Row_Heather-Lawless-2-508x762.jpg 508w\" sizes=\"(max-width: 800px) 100vw, 800px\" \/><figcaption class=\"wp-element-caption\">MILAN, ITALY &#8211; SEPTEMBER 23: Heather Lawless attends the Gucci Spring Summer 2026 photocall during the Milan Fashion Week at Palazzo Mezzanotte on September 23, 2025 in Milan, Italy. (Photo by Daniele Venturelli\/Getty Images for Gucci)<\/figcaption><\/figure>\n\n\n\n<figure class=\"wp-block-image size-full\"><img decoding=\"async\" width=\"800\" height=\"1200\" data-id=\"534605\" src=\"https:\/\/highxtar.com\/wp-content\/uploads\/2025\/09\/Gucci_The-Tiger-Premiere_Front-Row_Isabella-Ferrari-1.jpg\" alt=\"\" class=\"wp-image-534605\" srcset=\"https:\/\/highxtar.com\/wp-content\/uploads\/2025\/09\/Gucci_The-Tiger-Premiere_Front-Row_Isabella-Ferrari-1.jpg 800w, https:\/\/highxtar.com\/wp-content\/uploads\/2025\/09\/Gucci_The-Tiger-Premiere_Front-Row_Isabella-Ferrari-1-200x300.jpg 200w, https:\/\/highxtar.com\/wp-content\/uploads\/2025\/09\/Gucci_The-Tiger-Premiere_Front-Row_Isabella-Ferrari-1-683x1024.jpg 683w, https:\/\/highxtar.com\/wp-content\/uploads\/2025\/09\/Gucci_The-Tiger-Premiere_Front-Row_Isabella-Ferrari-1-768x1152.jpg 768w, https:\/\/highxtar.com\/wp-content\/uploads\/2025\/09\/Gucci_The-Tiger-Premiere_Front-Row_Isabella-Ferrari-1-700x1050.jpg 700w, https:\/\/highxtar.com\/wp-content\/uploads\/2025\/09\/Gucci_The-Tiger-Premiere_Front-Row_Isabella-Ferrari-1-508x762.jpg 508w\" sizes=\"(max-width: 800px) 100vw, 800px\" \/><figcaption class=\"wp-element-caption\">MILAN, ITALY &#8211; SEPTEMBER 23: Isabella Ferrari attends the Gucci Spring Summer 2026 photocall during the Milan Fashion Week at Palazzo Mezzanotte on September 23, 2025 in Milan, Italy. (Photo by Daniele Venturelli\/Getty Images for Gucci)<\/figcaption><\/figure>\n\n\n\n<figure class=\"wp-block-image size-full\"><img decoding=\"async\" width=\"800\" height=\"1200\" data-id=\"534602\" src=\"https:\/\/highxtar.com\/wp-content\/uploads\/2025\/09\/Gucci_The-Tiger-Premiere_Front-Row_Isabella-Ferrari-2.jpg\" alt=\"\" class=\"wp-image-534602\" srcset=\"https:\/\/highxtar.com\/wp-content\/uploads\/2025\/09\/Gucci_The-Tiger-Premiere_Front-Row_Isabella-Ferrari-2.jpg 800w, https:\/\/highxtar.com\/wp-content\/uploads\/2025\/09\/Gucci_The-Tiger-Premiere_Front-Row_Isabella-Ferrari-2-200x300.jpg 200w, https:\/\/highxtar.com\/wp-content\/uploads\/2025\/09\/Gucci_The-Tiger-Premiere_Front-Row_Isabella-Ferrari-2-683x1024.jpg 683w, https:\/\/highxtar.com\/wp-content\/uploads\/2025\/09\/Gucci_The-Tiger-Premiere_Front-Row_Isabella-Ferrari-2-768x1152.jpg 768w, https:\/\/highxtar.com\/wp-content\/uploads\/2025\/09\/Gucci_The-Tiger-Premiere_Front-Row_Isabella-Ferrari-2-700x1050.jpg 700w, https:\/\/highxtar.com\/wp-content\/uploads\/2025\/09\/Gucci_The-Tiger-Premiere_Front-Row_Isabella-Ferrari-2-508x762.jpg 508w\" sizes=\"(max-width: 800px) 100vw, 800px\" \/><figcaption class=\"wp-element-caption\">MILAN, ITALY &#8211; SEPTEMBER 23: Gwyneth Paltrow attends the Gucci Spring Summer 2026 event during the Milan Fashion Week at Palazzo Mezzanotte on September 23, 2025 in Milan, Italy. (Photo by Daniele Venturelli\/Getty Images for Gucci)<\/figcaption><\/figure>\n\n\n\n<figure class=\"wp-block-image size-full\"><img decoding=\"async\" width=\"800\" height=\"1200\" data-id=\"534599\" src=\"https:\/\/highxtar.com\/wp-content\/uploads\/2025\/09\/Gucci_The-Tiger-Premiere_Front-Row_Jin-2.jpg\" alt=\"\" class=\"wp-image-534599\" srcset=\"https:\/\/highxtar.com\/wp-content\/uploads\/2025\/09\/Gucci_The-Tiger-Premiere_Front-Row_Jin-2.jpg 800w, https:\/\/highxtar.com\/wp-content\/uploads\/2025\/09\/Gucci_The-Tiger-Premiere_Front-Row_Jin-2-200x300.jpg 200w, https:\/\/highxtar.com\/wp-content\/uploads\/2025\/09\/Gucci_The-Tiger-Premiere_Front-Row_Jin-2-683x1024.jpg 683w, https:\/\/highxtar.com\/wp-content\/uploads\/2025\/09\/Gucci_The-Tiger-Premiere_Front-Row_Jin-2-768x1152.jpg 768w, https:\/\/highxtar.com\/wp-content\/uploads\/2025\/09\/Gucci_The-Tiger-Premiere_Front-Row_Jin-2-700x1050.jpg 700w, https:\/\/highxtar.com\/wp-content\/uploads\/2025\/09\/Gucci_The-Tiger-Premiere_Front-Row_Jin-2-508x762.jpg 508w\" sizes=\"(max-width: 800px) 100vw, 800px\" \/><figcaption class=\"wp-element-caption\">MILAN, ITALY &#8211; SEPTEMBER 23: Jin\n attends the Gucci Spring Summer 2026 photocall during the Milan Fashion Week at Palazzo Mezzanotte on September 23, 2025 in Milan, Italy. (Photo by Daniele Venturelli\/Getty Images for Gucci)<\/figcaption><\/figure>\n\n\n\n<figure class=\"wp-block-image size-full\"><img decoding=\"async\" width=\"800\" height=\"1200\" data-id=\"534596\" src=\"https:\/\/highxtar.com\/wp-content\/uploads\/2025\/09\/Gucci_The-Tiger-Premiere_Front-Row_Kit-Butler-2.jpg\" alt=\"\" class=\"wp-image-534596\" srcset=\"https:\/\/highxtar.com\/wp-content\/uploads\/2025\/09\/Gucci_The-Tiger-Premiere_Front-Row_Kit-Butler-2.jpg 800w, https:\/\/highxtar.com\/wp-content\/uploads\/2025\/09\/Gucci_The-Tiger-Premiere_Front-Row_Kit-Butler-2-200x300.jpg 200w, https:\/\/highxtar.com\/wp-content\/uploads\/2025\/09\/Gucci_The-Tiger-Premiere_Front-Row_Kit-Butler-2-683x1024.jpg 683w, https:\/\/highxtar.com\/wp-content\/uploads\/2025\/09\/Gucci_The-Tiger-Premiere_Front-Row_Kit-Butler-2-768x1152.jpg 768w, https:\/\/highxtar.com\/wp-content\/uploads\/2025\/09\/Gucci_The-Tiger-Premiere_Front-Row_Kit-Butler-2-700x1050.jpg 700w, https:\/\/highxtar.com\/wp-content\/uploads\/2025\/09\/Gucci_The-Tiger-Premiere_Front-Row_Kit-Butler-2-508x762.jpg 508w\" sizes=\"(max-width: 800px) 100vw, 800px\" \/><figcaption class=\"wp-element-caption\">MILAN, ITALY &#8211; SEPTEMBER 23: Kit Butler attends the Gucci Spring Summer 2026 photocall during the Milan Fashion Week at Palazzo Mezzanotte on September 23, 2025 in Milan, Italy. (Photo by Daniele Venturelli\/Getty Images for Gucci)<\/figcaption><\/figure>\n\n\n\n<figure class=\"wp-block-image size-full\"><img decoding=\"async\" width=\"800\" height=\"1200\" data-id=\"534593\" src=\"https:\/\/highxtar.com\/wp-content\/uploads\/2025\/09\/Gucci_The-Tiger-Premiere_Front-Row_Maartje-Convens-2.jpg\" alt=\"\" class=\"wp-image-534593\" srcset=\"https:\/\/highxtar.com\/wp-content\/uploads\/2025\/09\/Gucci_The-Tiger-Premiere_Front-Row_Maartje-Convens-2.jpg 800w, https:\/\/highxtar.com\/wp-content\/uploads\/2025\/09\/Gucci_The-Tiger-Premiere_Front-Row_Maartje-Convens-2-200x300.jpg 200w, https:\/\/highxtar.com\/wp-content\/uploads\/2025\/09\/Gucci_The-Tiger-Premiere_Front-Row_Maartje-Convens-2-683x1024.jpg 683w, https:\/\/highxtar.com\/wp-content\/uploads\/2025\/09\/Gucci_The-Tiger-Premiere_Front-Row_Maartje-Convens-2-768x1152.jpg 768w, https:\/\/highxtar.com\/wp-content\/uploads\/2025\/09\/Gucci_The-Tiger-Premiere_Front-Row_Maartje-Convens-2-700x1050.jpg 700w, https:\/\/highxtar.com\/wp-content\/uploads\/2025\/09\/Gucci_The-Tiger-Premiere_Front-Row_Maartje-Convens-2-508x762.jpg 508w\" sizes=\"(max-width: 800px) 100vw, 800px\" \/><figcaption class=\"wp-element-caption\">MILAN, ITALY &#8211; SEPTEMBER 23: Maartje Convens attends the Gucci Spring Summer 2026 photocall during the Milan Fashion Week at Palazzo Mezzanotte on September 23, 2025 in Milan, Italy. (Photo by Daniele Venturelli\/Getty Images for Gucci)<\/figcaption><\/figure>\n\n\n\n<figure class=\"wp-block-image size-full\"><img decoding=\"async\" width=\"800\" height=\"1200\" data-id=\"534590\" src=\"https:\/\/highxtar.com\/wp-content\/uploads\/2025\/09\/Gucci_The-Tiger-Premiere_Front-Row_Mariacarla-Boscono.jpg\" alt=\"\" class=\"wp-image-534590\" srcset=\"https:\/\/highxtar.com\/wp-content\/uploads\/2025\/09\/Gucci_The-Tiger-Premiere_Front-Row_Mariacarla-Boscono.jpg 800w, https:\/\/highxtar.com\/wp-content\/uploads\/2025\/09\/Gucci_The-Tiger-Premiere_Front-Row_Mariacarla-Boscono-200x300.jpg 200w, https:\/\/highxtar.com\/wp-content\/uploads\/2025\/09\/Gucci_The-Tiger-Premiere_Front-Row_Mariacarla-Boscono-683x1024.jpg 683w, https:\/\/highxtar.com\/wp-content\/uploads\/2025\/09\/Gucci_The-Tiger-Premiere_Front-Row_Mariacarla-Boscono-768x1152.jpg 768w, https:\/\/highxtar.com\/wp-content\/uploads\/2025\/09\/Gucci_The-Tiger-Premiere_Front-Row_Mariacarla-Boscono-700x1050.jpg 700w, https:\/\/highxtar.com\/wp-content\/uploads\/2025\/09\/Gucci_The-Tiger-Premiere_Front-Row_Mariacarla-Boscono-508x762.jpg 508w\" sizes=\"(max-width: 800px) 100vw, 800px\" \/><figcaption class=\"wp-element-caption\">MILAN, ITALY &#8211; SEPTEMBER 23: Mariacarla Boscono attends the Gucci Spring Summer 2026 event during the Milan Fashion Week at Palazzo Mezzanotte on September 23, 2025 in Milan, Italy. (Photo by Victor Boyko\/Getty Images for Gucci)<\/figcaption><\/figure>\n\n\n\n<figure class=\"wp-block-image size-full\"><img decoding=\"async\" width=\"800\" height=\"1200\" data-id=\"534587\" src=\"https:\/\/highxtar.com\/wp-content\/uploads\/2025\/09\/Gucci_The-Tiger-Premiere_Front-Row_Nettspend-2.jpg\" alt=\"\" class=\"wp-image-534587\" srcset=\"https:\/\/highxtar.com\/wp-content\/uploads\/2025\/09\/Gucci_The-Tiger-Premiere_Front-Row_Nettspend-2.jpg 800w, https:\/\/highxtar.com\/wp-content\/uploads\/2025\/09\/Gucci_The-Tiger-Premiere_Front-Row_Nettspend-2-200x300.jpg 200w, https:\/\/highxtar.com\/wp-content\/uploads\/2025\/09\/Gucci_The-Tiger-Premiere_Front-Row_Nettspend-2-683x1024.jpg 683w, https:\/\/highxtar.com\/wp-content\/uploads\/2025\/09\/Gucci_The-Tiger-Premiere_Front-Row_Nettspend-2-768x1152.jpg 768w, https:\/\/highxtar.com\/wp-content\/uploads\/2025\/09\/Gucci_The-Tiger-Premiere_Front-Row_Nettspend-2-700x1050.jpg 700w, https:\/\/highxtar.com\/wp-content\/uploads\/2025\/09\/Gucci_The-Tiger-Premiere_Front-Row_Nettspend-2-508x762.jpg 508w\" sizes=\"(max-width: 800px) 100vw, 800px\" \/><figcaption class=\"wp-element-caption\">MILAN, ITALY &#8211; SEPTEMBER 23: Nettspend attends the Gucci Spring Summer 2026 event during the Milan Fashion Week at Palazzo Mezzanotte on September 23, 2025 in Milan, Italy. (Photo by Daniele Venturelli\/Getty Images for Gucci)<\/figcaption><\/figure>\n\n\n\n<figure class=\"wp-block-image size-full\"><img decoding=\"async\" width=\"800\" height=\"1200\" data-id=\"534584\" src=\"https:\/\/highxtar.com\/wp-content\/uploads\/2025\/09\/Gucci_The-Tiger-Premiere_Front-Row_Ni-Ni-1.jpg\" alt=\"\" class=\"wp-image-534584\" srcset=\"https:\/\/highxtar.com\/wp-content\/uploads\/2025\/09\/Gucci_The-Tiger-Premiere_Front-Row_Ni-Ni-1.jpg 800w, https:\/\/highxtar.com\/wp-content\/uploads\/2025\/09\/Gucci_The-Tiger-Premiere_Front-Row_Ni-Ni-1-200x300.jpg 200w, https:\/\/highxtar.com\/wp-content\/uploads\/2025\/09\/Gucci_The-Tiger-Premiere_Front-Row_Ni-Ni-1-683x1024.jpg 683w, https:\/\/highxtar.com\/wp-content\/uploads\/2025\/09\/Gucci_The-Tiger-Premiere_Front-Row_Ni-Ni-1-768x1152.jpg 768w, https:\/\/highxtar.com\/wp-content\/uploads\/2025\/09\/Gucci_The-Tiger-Premiere_Front-Row_Ni-Ni-1-700x1050.jpg 700w, https:\/\/highxtar.com\/wp-content\/uploads\/2025\/09\/Gucci_The-Tiger-Premiere_Front-Row_Ni-Ni-1-508x762.jpg 508w\" sizes=\"(max-width: 800px) 100vw, 800px\" \/><figcaption class=\"wp-element-caption\">MILAN, ITALY &#8211; SEPTEMBER 23: Ni Ni attends the Gucci Spring Summer 2026 photocall during the Milan Fashion Week at Palazzo Mezzanotte on September 23, 2025 in Milan, Italy. (Photo by Daniele Venturelli\/Getty Images for Gucci)<\/figcaption><\/figure>\n\n\n\n<figure class=\"wp-block-image size-full\"><img decoding=\"async\" width=\"800\" height=\"1200\" data-id=\"534578\" src=\"https:\/\/highxtar.com\/wp-content\/uploads\/2025\/09\/Gucci_The-Tiger-Premiere_Front-Row_Serena-Williams.jpg\" alt=\"\" class=\"wp-image-534578\" srcset=\"https:\/\/highxtar.com\/wp-content\/uploads\/2025\/09\/Gucci_The-Tiger-Premiere_Front-Row_Serena-Williams.jpg 800w, https:\/\/highxtar.com\/wp-content\/uploads\/2025\/09\/Gucci_The-Tiger-Premiere_Front-Row_Serena-Williams-200x300.jpg 200w, https:\/\/highxtar.com\/wp-content\/uploads\/2025\/09\/Gucci_The-Tiger-Premiere_Front-Row_Serena-Williams-683x1024.jpg 683w, https:\/\/highxtar.com\/wp-content\/uploads\/2025\/09\/Gucci_The-Tiger-Premiere_Front-Row_Serena-Williams-768x1152.jpg 768w, https:\/\/highxtar.com\/wp-content\/uploads\/2025\/09\/Gucci_The-Tiger-Premiere_Front-Row_Serena-Williams-700x1050.jpg 700w, https:\/\/highxtar.com\/wp-content\/uploads\/2025\/09\/Gucci_The-Tiger-Premiere_Front-Row_Serena-Williams-508x762.jpg 508w\" sizes=\"(max-width: 800px) 100vw, 800px\" \/><figcaption class=\"wp-element-caption\">MILAN, ITALY &#8211; SEPTEMBER 23: Serena Williams attends the Gucci Spring Summer 2026 photocall during the Milan Fashion Week at Palazzo Mezzanotte on September 23, 2025 in Milan, Italy. (Photo by Daniele Venturelli\/Getty Images for Gucci)<\/figcaption><\/figure>\n\n\n\n<figure class=\"wp-block-image size-full\"><img decoding=\"async\" width=\"800\" height=\"1200\" data-id=\"534574\" src=\"https:\/\/highxtar.com\/wp-content\/uploads\/2025\/09\/Gucci_The-Tiger-Premiere_Front-Row_Weilong-Song-4.jpg\" alt=\"\" class=\"wp-image-534574\" srcset=\"https:\/\/highxtar.com\/wp-content\/uploads\/2025\/09\/Gucci_The-Tiger-Premiere_Front-Row_Weilong-Song-4.jpg 800w, https:\/\/highxtar.com\/wp-content\/uploads\/2025\/09\/Gucci_The-Tiger-Premiere_Front-Row_Weilong-Song-4-200x300.jpg 200w, https:\/\/highxtar.com\/wp-content\/uploads\/2025\/09\/Gucci_The-Tiger-Premiere_Front-Row_Weilong-Song-4-683x1024.jpg 683w, https:\/\/highxtar.com\/wp-content\/uploads\/2025\/09\/Gucci_The-Tiger-Premiere_Front-Row_Weilong-Song-4-768x1152.jpg 768w, https:\/\/highxtar.com\/wp-content\/uploads\/2025\/09\/Gucci_The-Tiger-Premiere_Front-Row_Weilong-Song-4-700x1050.jpg 700w, https:\/\/highxtar.com\/wp-content\/uploads\/2025\/09\/Gucci_The-Tiger-Premiere_Front-Row_Weilong-Song-4-508x762.jpg 508w\" sizes=\"(max-width: 800px) 100vw, 800px\" \/><figcaption class=\"wp-element-caption\">MILAN, ITALY &#8211; SEPTEMBER 23: Weilong Song attends the Gucci Spring Summer 2026 photocall during the Milan Fashion Week at Palazzo Mezzanotte on September 23, 2025 in Milan, Italy. (Photo by Daniele Venturelli\/Getty Images for Gucci)<\/figcaption><\/figure>\n<\/figure>\n\n\n\n<p>The Tiger ser\u00e1 exibido novamente em Nova Iorque (Cinema Village, 24 de setembro) e retornar\u00e1 a Mil\u00e3o no dia 25.<\/p>\n\n\n\n<p><a href=\"https:\/\/highxtar.com\/pt-pt\/la-famiglia-uma-genealogia-estetica-para-a-nova-era-da-gucci\/\"><strong>La Famiglia: uma genealogia est\u00e9tica para a nova era da Gucci.<\/strong><\/a><\/p>\n","protected":false},"excerpt":{"rendered":"<p>Com \u00abThe Tiger\u00bb, a Gucci deixa entrever que aposta em reinventar-se a partir do desconfort\u00e1vel, do amb\u00edguo, do profundamente humano.<\/p>\n","protected":false},"author":22,"featured_media":534463,"comment_status":"open","ping_status":"closed","sticky":false,"template":"","format":"standard","meta":{"_acf_changed":false,"footnotes":""},"categories":[3737],"tags":[],"class_list":["post-534651","post","type-post","status-publish","format-standard","has-post-thumbnail","hentry","category-moda"],"acf":[],"yoast_head":"<!-- This site is optimized with the Yoast SEO Premium plugin  - https:\/\/yoast.com\/product\/yoast-seo-premium-wordpress\/ -->\n<title>Gucci apresenta \u00abThe Tiger\u00bb: uma fam\u00edlia, uma marca e o pre\u00e7o de sustentar tudo isso - HIGHXTAR.<\/title>\n<meta name=\"description\" content=\"Com \u00abThe Tiger\u00bb, a Gucci deixa entrever que aposta em reinventar-se a partir do desconfort\u00e1vel, do amb\u00edguo, do profundamente humano.\" \/>\n<meta name=\"robots\" content=\"index, follow, max-snippet:-1, max-image-preview:large, max-video-preview:-1\" \/>\n<link rel=\"canonical\" href=\"https:\/\/highxtar.com\/pt-pt\/gucci-apresenta-the-tiger-uma-familia-uma-marca-e-o-preco-de-sustentar-tudo-isso\/\" \/>\n<meta property=\"og:locale\" content=\"pt_PT\" \/>\n<meta property=\"og:type\" content=\"article\" \/>\n<meta property=\"og:title\" content=\"Gucci apresenta \u00abThe Tiger\u00bb: uma fam\u00edlia, uma marca e o pre\u00e7o de sustentar tudo isso\" \/>\n<meta property=\"og:description\" content=\"Com \u00abThe Tiger\u00bb, a Gucci deixa entrever que aposta em reinventar-se a partir do desconfort\u00e1vel, do amb\u00edguo, do profundamente humano.\" \/>\n<meta property=\"og:url\" content=\"https:\/\/highxtar.com\/pt-pt\/gucci-apresenta-the-tiger-uma-familia-uma-marca-e-o-preco-de-sustentar-tudo-isso\/\" \/>\n<meta property=\"og:site_name\" content=\"HIGHXTAR.\" \/>\n<meta property=\"article:publisher\" content=\"https:\/\/www.facebook.com\/highxtar\" \/>\n<meta property=\"article:published_time\" content=\"2025-09-24T09:16:40+00:00\" \/>\n<meta property=\"article:modified_time\" content=\"2025-09-24T09:16:41+00:00\" \/>\n<meta property=\"og:image\" content=\"https:\/\/highxtar.com\/wp-content\/uploads\/2025\/09\/HIGHXTAR-GUCCI-THE-TIGER-DESTACADA.jpg\" \/>\n\t<meta property=\"og:image:width\" content=\"1600\" \/>\n\t<meta property=\"og:image:height\" content=\"1200\" \/>\n\t<meta property=\"og:image:type\" content=\"image\/jpeg\" \/>\n<meta name=\"author\" content=\"Mar Piera\" \/>\n<meta name=\"twitter:card\" content=\"summary_large_image\" \/>\n<meta name=\"twitter:creator\" content=\"@highxtar_\" \/>\n<meta name=\"twitter:site\" content=\"@highxtar_\" \/>\n<meta name=\"twitter:label1\" content=\"Escrito por\" \/>\n\t<meta name=\"twitter:data1\" content=\"Mar Piera\" \/>\n\t<meta name=\"twitter:label2\" content=\"Tempo estimado de leitura\" \/>\n\t<meta name=\"twitter:data2\" content=\"18 minutos\" \/>\n<script type=\"application\/ld+json\" class=\"yoast-schema-graph\">{\"@context\":\"https:\\\/\\\/schema.org\",\"@graph\":[{\"@type\":\"Article\",\"@id\":\"https:\\\/\\\/highxtar.com\\\/pt-pt\\\/gucci-apresenta-the-tiger-uma-familia-uma-marca-e-o-preco-de-sustentar-tudo-isso\\\/#article\",\"isPartOf\":{\"@id\":\"https:\\\/\\\/highxtar.com\\\/pt-pt\\\/gucci-apresenta-the-tiger-uma-familia-uma-marca-e-o-preco-de-sustentar-tudo-isso\\\/\"},\"author\":{\"name\":\"Mar Piera\",\"@id\":\"https:\\\/\\\/highxtar.com\\\/#\\\/schema\\\/person\\\/861b5d1b459a894df367f295d952c789\"},\"headline\":\"Gucci apresenta \u00abThe Tiger\u00bb: uma fam\u00edlia, uma marca e o pre\u00e7o de sustentar tudo isso\",\"datePublished\":\"2025-09-24T09:16:40+00:00\",\"dateModified\":\"2025-09-24T09:16:41+00:00\",\"mainEntityOfPage\":{\"@id\":\"https:\\\/\\\/highxtar.com\\\/pt-pt\\\/gucci-apresenta-the-tiger-uma-familia-uma-marca-e-o-preco-de-sustentar-tudo-isso\\\/\"},\"wordCount\":1903,\"commentCount\":0,\"publisher\":{\"@id\":\"https:\\\/\\\/highxtar.com\\\/#organization\"},\"image\":{\"@id\":\"https:\\\/\\\/highxtar.com\\\/pt-pt\\\/gucci-apresenta-the-tiger-uma-familia-uma-marca-e-o-preco-de-sustentar-tudo-isso\\\/#primaryimage\"},\"thumbnailUrl\":\"https:\\\/\\\/highxtar.com\\\/wp-content\\\/uploads\\\/2025\\\/09\\\/HIGHXTAR-GUCCI-THE-TIGER-DESTACADA.jpg\",\"articleSection\":[\"Moda\"],\"inLanguage\":\"pt-PT\",\"potentialAction\":[{\"@type\":\"CommentAction\",\"name\":\"Comment\",\"target\":[\"https:\\\/\\\/highxtar.com\\\/pt-pt\\\/gucci-apresenta-the-tiger-uma-familia-uma-marca-e-o-preco-de-sustentar-tudo-isso\\\/#respond\"]}],\"copyrightYear\":\"2025\",\"copyrightHolder\":{\"@id\":\"https:\\\/\\\/highxtar.com\\\/#organization\"}},{\"@type\":\"WebPage\",\"@id\":\"https:\\\/\\\/highxtar.com\\\/pt-pt\\\/gucci-apresenta-the-tiger-uma-familia-uma-marca-e-o-preco-de-sustentar-tudo-isso\\\/\",\"url\":\"https:\\\/\\\/highxtar.com\\\/pt-pt\\\/gucci-apresenta-the-tiger-uma-familia-uma-marca-e-o-preco-de-sustentar-tudo-isso\\\/\",\"name\":\"Gucci apresenta \u00abThe Tiger\u00bb: uma fam\u00edlia, uma marca e o pre\u00e7o de sustentar tudo isso - HIGHXTAR.\",\"isPartOf\":{\"@id\":\"https:\\\/\\\/highxtar.com\\\/#website\"},\"primaryImageOfPage\":{\"@id\":\"https:\\\/\\\/highxtar.com\\\/pt-pt\\\/gucci-apresenta-the-tiger-uma-familia-uma-marca-e-o-preco-de-sustentar-tudo-isso\\\/#primaryimage\"},\"image\":{\"@id\":\"https:\\\/\\\/highxtar.com\\\/pt-pt\\\/gucci-apresenta-the-tiger-uma-familia-uma-marca-e-o-preco-de-sustentar-tudo-isso\\\/#primaryimage\"},\"thumbnailUrl\":\"https:\\\/\\\/highxtar.com\\\/wp-content\\\/uploads\\\/2025\\\/09\\\/HIGHXTAR-GUCCI-THE-TIGER-DESTACADA.jpg\",\"datePublished\":\"2025-09-24T09:16:40+00:00\",\"dateModified\":\"2025-09-24T09:16:41+00:00\",\"description\":\"Com \u00abThe Tiger\u00bb, a Gucci deixa entrever que aposta em reinventar-se a partir do desconfort\u00e1vel, do amb\u00edguo, do profundamente humano.\",\"breadcrumb\":{\"@id\":\"https:\\\/\\\/highxtar.com\\\/pt-pt\\\/gucci-apresenta-the-tiger-uma-familia-uma-marca-e-o-preco-de-sustentar-tudo-isso\\\/#breadcrumb\"},\"inLanguage\":\"pt-PT\",\"potentialAction\":[{\"@type\":\"ReadAction\",\"target\":[\"https:\\\/\\\/highxtar.com\\\/pt-pt\\\/gucci-apresenta-the-tiger-uma-familia-uma-marca-e-o-preco-de-sustentar-tudo-isso\\\/\"]}]},{\"@type\":\"ImageObject\",\"inLanguage\":\"pt-PT\",\"@id\":\"https:\\\/\\\/highxtar.com\\\/pt-pt\\\/gucci-apresenta-the-tiger-uma-familia-uma-marca-e-o-preco-de-sustentar-tudo-isso\\\/#primaryimage\",\"url\":\"https:\\\/\\\/highxtar.com\\\/wp-content\\\/uploads\\\/2025\\\/09\\\/HIGHXTAR-GUCCI-THE-TIGER-DESTACADA.jpg\",\"contentUrl\":\"https:\\\/\\\/highxtar.com\\\/wp-content\\\/uploads\\\/2025\\\/09\\\/HIGHXTAR-GUCCI-THE-TIGER-DESTACADA.jpg\",\"width\":1600,\"height\":1200},{\"@type\":\"BreadcrumbList\",\"@id\":\"https:\\\/\\\/highxtar.com\\\/pt-pt\\\/gucci-apresenta-the-tiger-uma-familia-uma-marca-e-o-preco-de-sustentar-tudo-isso\\\/#breadcrumb\",\"itemListElement\":[{\"@type\":\"ListItem\",\"position\":1,\"name\":\"Home\",\"item\":\"https:\\\/\\\/highxtar.com\\\/pt-pt\\\/\"},{\"@type\":\"ListItem\",\"position\":2,\"name\":\"Gucci apresenta \u00abThe Tiger\u00bb: uma fam\u00edlia, uma marca e o pre\u00e7o de sustentar tudo isso\"}]},{\"@type\":\"WebSite\",\"@id\":\"https:\\\/\\\/highxtar.com\\\/#website\",\"url\":\"https:\\\/\\\/highxtar.com\\\/\",\"name\":\"HIGHXTAR.\",\"description\":\"HIGHXTAR. es la voz latina de la moda y el streetwear. Devotos de las cosas que hacen la vida urbana excitante: Moda, M\u00fasica, Lifestyle, Arte &amp; Dise\u00f1o.\",\"publisher\":{\"@id\":\"https:\\\/\\\/highxtar.com\\\/#organization\"},\"potentialAction\":[{\"@type\":\"SearchAction\",\"target\":{\"@type\":\"EntryPoint\",\"urlTemplate\":\"https:\\\/\\\/highxtar.com\\\/?s={search_term_string}\"},\"query-input\":{\"@type\":\"PropertyValueSpecification\",\"valueRequired\":true,\"valueName\":\"search_term_string\"}}],\"inLanguage\":\"pt-PT\"},{\"@type\":\"Organization\",\"@id\":\"https:\\\/\\\/highxtar.com\\\/#organization\",\"name\":\"HIGHXTAR.\",\"url\":\"https:\\\/\\\/highxtar.com\\\/\",\"logo\":{\"@type\":\"ImageObject\",\"inLanguage\":\"pt-PT\",\"@id\":\"https:\\\/\\\/highxtar.com\\\/#\\\/schema\\\/logo\\\/image\\\/\",\"url\":\"https:\\\/\\\/highxtar.com\\\/wp-content\\\/uploads\\\/2016\\\/03\\\/HIGHXTAR_com_Favicon_2019.jpg\",\"contentUrl\":\"https:\\\/\\\/highxtar.com\\\/wp-content\\\/uploads\\\/2016\\\/03\\\/HIGHXTAR_com_Favicon_2019.jpg\",\"width\":1200,\"height\":1200,\"caption\":\"HIGHXTAR.\"},\"image\":{\"@id\":\"https:\\\/\\\/highxtar.com\\\/#\\\/schema\\\/logo\\\/image\\\/\"},\"sameAs\":[\"https:\\\/\\\/www.facebook.com\\\/highxtar\",\"https:\\\/\\\/x.com\\\/highxtar_\",\"https:\\\/\\\/www.instagram.com\\\/highxtar\",\"https:\\\/\\\/www.tiktok.com\\\/@highxtar\",\"https:\\\/\\\/www.youtube.com\\\/c\\\/highxtarofficial\",\"https:\\\/\\\/open.spotify.com\\\/user\\\/highxtar\"]},{\"@type\":\"Person\",\"@id\":\"https:\\\/\\\/highxtar.com\\\/#\\\/schema\\\/person\\\/861b5d1b459a894df367f295d952c789\",\"name\":\"Mar Piera\",\"description\":\"Editor &amp; Project Manager. m.piera@highxtar.com\",\"sameAs\":[\"https:\\\/\\\/www.instagram.com\\\/marpiera\\\/\"],\"url\":\"https:\\\/\\\/highxtar.com\\\/pt-pt\\\/author\\\/marpiera\\\/\"}]}<\/script>\n<!-- \/ Yoast SEO Premium plugin. -->","yoast_head_json":{"title":"Gucci apresenta \u00abThe Tiger\u00bb: uma fam\u00edlia, uma marca e o pre\u00e7o de sustentar tudo isso - HIGHXTAR.","description":"Com \u00abThe Tiger\u00bb, a Gucci deixa entrever que aposta em reinventar-se a partir do desconfort\u00e1vel, do amb\u00edguo, do profundamente humano.","robots":{"index":"index","follow":"follow","max-snippet":"max-snippet:-1","max-image-preview":"max-image-preview:large","max-video-preview":"max-video-preview:-1"},"canonical":"https:\/\/highxtar.com\/pt-pt\/gucci-apresenta-the-tiger-uma-familia-uma-marca-e-o-preco-de-sustentar-tudo-isso\/","og_locale":"pt_PT","og_type":"article","og_title":"Gucci apresenta \u00abThe Tiger\u00bb: uma fam\u00edlia, uma marca e o pre\u00e7o de sustentar tudo isso","og_description":"Com \u00abThe Tiger\u00bb, a Gucci deixa entrever que aposta em reinventar-se a partir do desconfort\u00e1vel, do amb\u00edguo, do profundamente humano.","og_url":"https:\/\/highxtar.com\/pt-pt\/gucci-apresenta-the-tiger-uma-familia-uma-marca-e-o-preco-de-sustentar-tudo-isso\/","og_site_name":"HIGHXTAR.","article_publisher":"https:\/\/www.facebook.com\/highxtar","article_published_time":"2025-09-24T09:16:40+00:00","article_modified_time":"2025-09-24T09:16:41+00:00","og_image":[{"width":1600,"height":1200,"url":"https:\/\/highxtar.com\/wp-content\/uploads\/2025\/09\/HIGHXTAR-GUCCI-THE-TIGER-DESTACADA.jpg","type":"image\/jpeg"}],"author":"Mar Piera","twitter_card":"summary_large_image","twitter_creator":"@highxtar_","twitter_site":"@highxtar_","twitter_misc":{"Escrito por":"Mar Piera","Tempo estimado de leitura":"18 minutos"},"schema":{"@context":"https:\/\/schema.org","@graph":[{"@type":"Article","@id":"https:\/\/highxtar.com\/pt-pt\/gucci-apresenta-the-tiger-uma-familia-uma-marca-e-o-preco-de-sustentar-tudo-isso\/#article","isPartOf":{"@id":"https:\/\/highxtar.com\/pt-pt\/gucci-apresenta-the-tiger-uma-familia-uma-marca-e-o-preco-de-sustentar-tudo-isso\/"},"author":{"name":"Mar Piera","@id":"https:\/\/highxtar.com\/#\/schema\/person\/861b5d1b459a894df367f295d952c789"},"headline":"Gucci apresenta \u00abThe Tiger\u00bb: uma fam\u00edlia, uma marca e o pre\u00e7o de sustentar tudo isso","datePublished":"2025-09-24T09:16:40+00:00","dateModified":"2025-09-24T09:16:41+00:00","mainEntityOfPage":{"@id":"https:\/\/highxtar.com\/pt-pt\/gucci-apresenta-the-tiger-uma-familia-uma-marca-e-o-preco-de-sustentar-tudo-isso\/"},"wordCount":1903,"commentCount":0,"publisher":{"@id":"https:\/\/highxtar.com\/#organization"},"image":{"@id":"https:\/\/highxtar.com\/pt-pt\/gucci-apresenta-the-tiger-uma-familia-uma-marca-e-o-preco-de-sustentar-tudo-isso\/#primaryimage"},"thumbnailUrl":"https:\/\/highxtar.com\/wp-content\/uploads\/2025\/09\/HIGHXTAR-GUCCI-THE-TIGER-DESTACADA.jpg","articleSection":["Moda"],"inLanguage":"pt-PT","potentialAction":[{"@type":"CommentAction","name":"Comment","target":["https:\/\/highxtar.com\/pt-pt\/gucci-apresenta-the-tiger-uma-familia-uma-marca-e-o-preco-de-sustentar-tudo-isso\/#respond"]}],"copyrightYear":"2025","copyrightHolder":{"@id":"https:\/\/highxtar.com\/#organization"}},{"@type":"WebPage","@id":"https:\/\/highxtar.com\/pt-pt\/gucci-apresenta-the-tiger-uma-familia-uma-marca-e-o-preco-de-sustentar-tudo-isso\/","url":"https:\/\/highxtar.com\/pt-pt\/gucci-apresenta-the-tiger-uma-familia-uma-marca-e-o-preco-de-sustentar-tudo-isso\/","name":"Gucci apresenta \u00abThe Tiger\u00bb: uma fam\u00edlia, uma marca e o pre\u00e7o de sustentar tudo isso - HIGHXTAR.","isPartOf":{"@id":"https:\/\/highxtar.com\/#website"},"primaryImageOfPage":{"@id":"https:\/\/highxtar.com\/pt-pt\/gucci-apresenta-the-tiger-uma-familia-uma-marca-e-o-preco-de-sustentar-tudo-isso\/#primaryimage"},"image":{"@id":"https:\/\/highxtar.com\/pt-pt\/gucci-apresenta-the-tiger-uma-familia-uma-marca-e-o-preco-de-sustentar-tudo-isso\/#primaryimage"},"thumbnailUrl":"https:\/\/highxtar.com\/wp-content\/uploads\/2025\/09\/HIGHXTAR-GUCCI-THE-TIGER-DESTACADA.jpg","datePublished":"2025-09-24T09:16:40+00:00","dateModified":"2025-09-24T09:16:41+00:00","description":"Com \u00abThe Tiger\u00bb, a Gucci deixa entrever que aposta em reinventar-se a partir do desconfort\u00e1vel, do amb\u00edguo, do profundamente humano.","breadcrumb":{"@id":"https:\/\/highxtar.com\/pt-pt\/gucci-apresenta-the-tiger-uma-familia-uma-marca-e-o-preco-de-sustentar-tudo-isso\/#breadcrumb"},"inLanguage":"pt-PT","potentialAction":[{"@type":"ReadAction","target":["https:\/\/highxtar.com\/pt-pt\/gucci-apresenta-the-tiger-uma-familia-uma-marca-e-o-preco-de-sustentar-tudo-isso\/"]}]},{"@type":"ImageObject","inLanguage":"pt-PT","@id":"https:\/\/highxtar.com\/pt-pt\/gucci-apresenta-the-tiger-uma-familia-uma-marca-e-o-preco-de-sustentar-tudo-isso\/#primaryimage","url":"https:\/\/highxtar.com\/wp-content\/uploads\/2025\/09\/HIGHXTAR-GUCCI-THE-TIGER-DESTACADA.jpg","contentUrl":"https:\/\/highxtar.com\/wp-content\/uploads\/2025\/09\/HIGHXTAR-GUCCI-THE-TIGER-DESTACADA.jpg","width":1600,"height":1200},{"@type":"BreadcrumbList","@id":"https:\/\/highxtar.com\/pt-pt\/gucci-apresenta-the-tiger-uma-familia-uma-marca-e-o-preco-de-sustentar-tudo-isso\/#breadcrumb","itemListElement":[{"@type":"ListItem","position":1,"name":"Home","item":"https:\/\/highxtar.com\/pt-pt\/"},{"@type":"ListItem","position":2,"name":"Gucci apresenta \u00abThe Tiger\u00bb: uma fam\u00edlia, uma marca e o pre\u00e7o de sustentar tudo isso"}]},{"@type":"WebSite","@id":"https:\/\/highxtar.com\/#website","url":"https:\/\/highxtar.com\/","name":"HIGHXTAR.","description":"HIGHXTAR. es la voz latina de la moda y el streetwear. Devotos de las cosas que hacen la vida urbana excitante: Moda, M\u00fasica, Lifestyle, Arte &amp; Dise\u00f1o.","publisher":{"@id":"https:\/\/highxtar.com\/#organization"},"potentialAction":[{"@type":"SearchAction","target":{"@type":"EntryPoint","urlTemplate":"https:\/\/highxtar.com\/?s={search_term_string}"},"query-input":{"@type":"PropertyValueSpecification","valueRequired":true,"valueName":"search_term_string"}}],"inLanguage":"pt-PT"},{"@type":"Organization","@id":"https:\/\/highxtar.com\/#organization","name":"HIGHXTAR.","url":"https:\/\/highxtar.com\/","logo":{"@type":"ImageObject","inLanguage":"pt-PT","@id":"https:\/\/highxtar.com\/#\/schema\/logo\/image\/","url":"https:\/\/highxtar.com\/wp-content\/uploads\/2016\/03\/HIGHXTAR_com_Favicon_2019.jpg","contentUrl":"https:\/\/highxtar.com\/wp-content\/uploads\/2016\/03\/HIGHXTAR_com_Favicon_2019.jpg","width":1200,"height":1200,"caption":"HIGHXTAR."},"image":{"@id":"https:\/\/highxtar.com\/#\/schema\/logo\/image\/"},"sameAs":["https:\/\/www.facebook.com\/highxtar","https:\/\/x.com\/highxtar_","https:\/\/www.instagram.com\/highxtar","https:\/\/www.tiktok.com\/@highxtar","https:\/\/www.youtube.com\/c\/highxtarofficial","https:\/\/open.spotify.com\/user\/highxtar"]},{"@type":"Person","@id":"https:\/\/highxtar.com\/#\/schema\/person\/861b5d1b459a894df367f295d952c789","name":"Mar Piera","description":"Editor &amp; Project Manager. m.piera@highxtar.com","sameAs":["https:\/\/www.instagram.com\/marpiera\/"],"url":"https:\/\/highxtar.com\/pt-pt\/author\/marpiera\/"}]}},"_links":{"self":[{"href":"https:\/\/highxtar.com\/pt-pt\/wp-json\/wp\/v2\/posts\/534651","targetHints":{"allow":["GET"]}}],"collection":[{"href":"https:\/\/highxtar.com\/pt-pt\/wp-json\/wp\/v2\/posts"}],"about":[{"href":"https:\/\/highxtar.com\/pt-pt\/wp-json\/wp\/v2\/types\/post"}],"author":[{"embeddable":true,"href":"https:\/\/highxtar.com\/pt-pt\/wp-json\/wp\/v2\/users\/22"}],"replies":[{"embeddable":true,"href":"https:\/\/highxtar.com\/pt-pt\/wp-json\/wp\/v2\/comments?post=534651"}],"version-history":[{"count":2,"href":"https:\/\/highxtar.com\/pt-pt\/wp-json\/wp\/v2\/posts\/534651\/revisions"}],"predecessor-version":[{"id":534655,"href":"https:\/\/highxtar.com\/pt-pt\/wp-json\/wp\/v2\/posts\/534651\/revisions\/534655"}],"wp:featuredmedia":[{"embeddable":true,"href":"https:\/\/highxtar.com\/pt-pt\/wp-json\/wp\/v2\/media\/534463"}],"wp:attachment":[{"href":"https:\/\/highxtar.com\/pt-pt\/wp-json\/wp\/v2\/media?parent=534651"}],"wp:term":[{"taxonomy":"category","embeddable":true,"href":"https:\/\/highxtar.com\/pt-pt\/wp-json\/wp\/v2\/categories?post=534651"},{"taxonomy":"post_tag","embeddable":true,"href":"https:\/\/highxtar.com\/pt-pt\/wp-json\/wp\/v2\/tags?post=534651"}],"curies":[{"name":"wp","href":"https:\/\/api.w.org\/{rel}","templated":true}]}}