{"id":537270,"date":"2025-10-01T10:44:46","date_gmt":"2025-10-01T08:44:46","guid":{"rendered":"https:\/\/highxtar.com\/?p=537270"},"modified":"2025-10-01T10:44:47","modified_gmt":"2025-10-01T08:44:47","slug":"oasis-live-25-opus-o-livro-que-celebra-a-reuniao-dos-oasis","status":"publish","type":"post","link":"https:\/\/highxtar.com\/pt-pt\/oasis-live-25-opus-o-livro-que-celebra-a-reuniao-dos-oasis\/","title":{"rendered":"OASIS LIVE \u201925 OPUS: o livro que celebra a reuni\u00e3o dos Oasis"},"content":{"rendered":"\n<p><em>OASIS LIVE \u201925 OPUS<\/em> \u00e9 um projeto editorial que <strong>une a banda aos irm\u00e3os Gallagher<\/strong> e ao fot\u00f3grafo Simon Emmett. Al\u00e9m disso, prop\u00f5e um relato visual e material de um acontecimento que<strong> transcende a m\u00fasica<\/strong>. Emmett, respons\u00e1vel por retratar oficialmente Liam e Noel para este reencontro, acompanhou o processo desde o in\u00edcio.<\/p>\n\n\n\n<p><strong>O volume de 400 p\u00e1ginas<\/strong> transforma-se num arquivo da primeira digress\u00e3o do grupo em 16 anos, ap\u00f3s a sua separa\u00e7\u00e3o em 2009. A colabora\u00e7\u00e3o oferece um acesso in\u00e9dito ao seu imagin\u00e1rio c\u00e9nico e \u00e0 constru\u00e7\u00e3o de um legado reinterpretado a partir do presente.<\/p>\n\n\n\n<p>O livro ser\u00e1 editado em v\u00e1rios formatos, entre eles a exclusiva <em><strong>Marquee Edition<\/strong><\/em>, limitada a 100 exemplares. Cada um ser\u00e1 impresso em papel de seda de 200gsm e encadernado \u00e0 m\u00e3o, guardado numa caixa revestida a seda. Al\u00e9m disso, ser\u00e3o lan\u00e7adas as edi\u00e7\u00f5es <em>Midi<\/em> e <em>Retail<\/em>, sem limite de c\u00f3pias de <em>OASIS LIVE \u201925 OPUS<\/em>, que permitir\u00e3o ampliar o acesso a esta pe\u00e7a que se situa entre o objeto de cole\u00e7\u00e3o e o testemunho cultural de um momento irrepet\u00edvel.<\/p>\n","protected":false},"excerpt":{"rendered":"<p>A Opus apresenta uma edi\u00e7\u00e3o limitada que celebra a t\u00e3o aguardada reuni\u00e3o dos Oasis no \u00e2mbito da sua digress\u00e3o Live \u201925.<\/p>\n","protected":false},"author":50,"featured_media":537257,"comment_status":"open","ping_status":"closed","sticky":false,"template":"","format":"standard","meta":{"_acf_changed":false,"footnotes":""},"categories":[3737],"tags":[],"class_list":["post-537270","post","type-post","status-publish","format-standard","has-post-thumbnail","hentry","category-moda"],"acf":[],"yoast_head":"<!-- This site is optimized with the Yoast SEO Premium plugin  - https:\/\/yoast.com\/product\/yoast-seo-premium-wordpress\/ -->\n<title>OASIS LIVE \u201925 OPUS: o livro que celebra a reuni\u00e3o dos Oasis - HIGHXTAR.<\/title>\n<meta name=\"description\" content=\"A Opus apresenta uma edi\u00e7\u00e3o limitada que celebra a t\u00e3o aguardada reuni\u00e3o dos Oasis no \u00e2mbito da sua digress\u00e3o Live \u201925.\" \/>\n<meta name=\"robots\" content=\"index, follow, max-snippet:-1, max-image-preview:large, max-video-preview:-1\" \/>\n<link rel=\"canonical\" href=\"https:\/\/highxtar.com\/pt-pt\/oasis-live-25-opus-o-livro-que-celebra-a-reuniao-dos-oasis\/\" \/>\n<meta property=\"og:locale\" content=\"pt_PT\" \/>\n<meta property=\"og:type\" content=\"article\" \/>\n<meta property=\"og:title\" content=\"OASIS LIVE \u201925 OPUS: o livro que celebra a reuni\u00e3o dos Oasis\" \/>\n<meta property=\"og:description\" content=\"A Opus apresenta uma edi\u00e7\u00e3o limitada que celebra a t\u00e3o aguardada reuni\u00e3o dos Oasis no \u00e2mbito da sua digress\u00e3o Live \u201925.\" \/>\n<meta property=\"og:url\" content=\"https:\/\/highxtar.com\/pt-pt\/oasis-live-25-opus-o-livro-que-celebra-a-reuniao-dos-oasis\/\" \/>\n<meta property=\"og:site_name\" content=\"HIGHXTAR.\" \/>\n<meta property=\"article:publisher\" content=\"https:\/\/www.facebook.com\/highxtar\" \/>\n<meta property=\"article:published_time\" content=\"2025-10-01T08:44:46+00:00\" \/>\n<meta property=\"article:modified_time\" content=\"2025-10-01T08:44:47+00:00\" \/>\n<meta property=\"og:image\" content=\"https:\/\/highxtar.com\/wp-content\/uploads\/2025\/10\/Thumb-OASIS-LIVE-25.png\" \/>\n\t<meta property=\"og:image:width\" content=\"1600\" \/>\n\t<meta property=\"og:image:height\" content=\"1200\" \/>\n\t<meta property=\"og:image:type\" content=\"image\/png\" \/>\n<meta name=\"author\" content=\"Alejandro Ventura\" \/>\n<meta name=\"twitter:card\" content=\"summary_large_image\" \/>\n<meta name=\"twitter:creator\" content=\"@highxtar_\" \/>\n<meta name=\"twitter:site\" content=\"@highxtar_\" \/>\n<meta name=\"twitter:label1\" content=\"Escrito por\" \/>\n\t<meta name=\"twitter:data1\" content=\"Alejandro Ventura\" \/>\n\t<meta name=\"twitter:label2\" content=\"Tempo estimado de leitura\" \/>\n\t<meta name=\"twitter:data2\" content=\"1 minuto\" \/>\n<script type=\"application\/ld+json\" class=\"yoast-schema-graph\">{\"@context\":\"https:\\\/\\\/schema.org\",\"@graph\":[{\"@type\":\"Article\",\"@id\":\"https:\\\/\\\/highxtar.com\\\/pt-pt\\\/oasis-live-25-opus-o-livro-que-celebra-a-reuniao-dos-oasis\\\/#article\",\"isPartOf\":{\"@id\":\"https:\\\/\\\/highxtar.com\\\/pt-pt\\\/oasis-live-25-opus-o-livro-que-celebra-a-reuniao-dos-oasis\\\/\"},\"author\":{\"name\":\"Alejandro Ventura\",\"@id\":\"https:\\\/\\\/highxtar.com\\\/#\\\/schema\\\/person\\\/aa0ea1a0bf59bf7b780d9de744057f3f\"},\"headline\":\"OASIS LIVE \u201925 OPUS: o livro que celebra a reuni\u00e3o dos Oasis\",\"datePublished\":\"2025-10-01T08:44:46+00:00\",\"dateModified\":\"2025-10-01T08:44:47+00:00\",\"mainEntityOfPage\":{\"@id\":\"https:\\\/\\\/highxtar.com\\\/pt-pt\\\/oasis-live-25-opus-o-livro-que-celebra-a-reuniao-dos-oasis\\\/\"},\"wordCount\":204,\"commentCount\":0,\"publisher\":{\"@id\":\"https:\\\/\\\/highxtar.com\\\/#organization\"},\"image\":{\"@id\":\"https:\\\/\\\/highxtar.com\\\/pt-pt\\\/oasis-live-25-opus-o-livro-que-celebra-a-reuniao-dos-oasis\\\/#primaryimage\"},\"thumbnailUrl\":\"https:\\\/\\\/highxtar.com\\\/wp-content\\\/uploads\\\/2025\\\/10\\\/Thumb-OASIS-LIVE-25.png\",\"articleSection\":[\"Moda\"],\"inLanguage\":\"pt-PT\",\"potentialAction\":[{\"@type\":\"CommentAction\",\"name\":\"Comment\",\"target\":[\"https:\\\/\\\/highxtar.com\\\/pt-pt\\\/oasis-live-25-opus-o-livro-que-celebra-a-reuniao-dos-oasis\\\/#respond\"]}],\"copyrightYear\":\"2025\",\"copyrightHolder\":{\"@id\":\"https:\\\/\\\/highxtar.com\\\/#organization\"}},{\"@type\":\"WebPage\",\"@id\":\"https:\\\/\\\/highxtar.com\\\/pt-pt\\\/oasis-live-25-opus-o-livro-que-celebra-a-reuniao-dos-oasis\\\/\",\"url\":\"https:\\\/\\\/highxtar.com\\\/pt-pt\\\/oasis-live-25-opus-o-livro-que-celebra-a-reuniao-dos-oasis\\\/\",\"name\":\"OASIS LIVE \u201925 OPUS: o livro que celebra a reuni\u00e3o dos Oasis - HIGHXTAR.\",\"isPartOf\":{\"@id\":\"https:\\\/\\\/highxtar.com\\\/#website\"},\"primaryImageOfPage\":{\"@id\":\"https:\\\/\\\/highxtar.com\\\/pt-pt\\\/oasis-live-25-opus-o-livro-que-celebra-a-reuniao-dos-oasis\\\/#primaryimage\"},\"image\":{\"@id\":\"https:\\\/\\\/highxtar.com\\\/pt-pt\\\/oasis-live-25-opus-o-livro-que-celebra-a-reuniao-dos-oasis\\\/#primaryimage\"},\"thumbnailUrl\":\"https:\\\/\\\/highxtar.com\\\/wp-content\\\/uploads\\\/2025\\\/10\\\/Thumb-OASIS-LIVE-25.png\",\"datePublished\":\"2025-10-01T08:44:46+00:00\",\"dateModified\":\"2025-10-01T08:44:47+00:00\",\"description\":\"A Opus apresenta uma edi\u00e7\u00e3o limitada que celebra a t\u00e3o aguardada reuni\u00e3o dos Oasis no \u00e2mbito da sua digress\u00e3o Live \u201925.\",\"breadcrumb\":{\"@id\":\"https:\\\/\\\/highxtar.com\\\/pt-pt\\\/oasis-live-25-opus-o-livro-que-celebra-a-reuniao-dos-oasis\\\/#breadcrumb\"},\"inLanguage\":\"pt-PT\",\"potentialAction\":[{\"@type\":\"ReadAction\",\"target\":[\"https:\\\/\\\/highxtar.com\\\/pt-pt\\\/oasis-live-25-opus-o-livro-que-celebra-a-reuniao-dos-oasis\\\/\"]}]},{\"@type\":\"ImageObject\",\"inLanguage\":\"pt-PT\",\"@id\":\"https:\\\/\\\/highxtar.com\\\/pt-pt\\\/oasis-live-25-opus-o-livro-que-celebra-a-reuniao-dos-oasis\\\/#primaryimage\",\"url\":\"https:\\\/\\\/highxtar.com\\\/wp-content\\\/uploads\\\/2025\\\/10\\\/Thumb-OASIS-LIVE-25.png\",\"contentUrl\":\"https:\\\/\\\/highxtar.com\\\/wp-content\\\/uploads\\\/2025\\\/10\\\/Thumb-OASIS-LIVE-25.png\",\"width\":1600,\"height\":1200,\"caption\":\"Opus\\\/Simon Emmett\"},{\"@type\":\"BreadcrumbList\",\"@id\":\"https:\\\/\\\/highxtar.com\\\/pt-pt\\\/oasis-live-25-opus-o-livro-que-celebra-a-reuniao-dos-oasis\\\/#breadcrumb\",\"itemListElement\":[{\"@type\":\"ListItem\",\"position\":1,\"name\":\"Home\",\"item\":\"https:\\\/\\\/highxtar.com\\\/pt-pt\\\/\"},{\"@type\":\"ListItem\",\"position\":2,\"name\":\"OASIS LIVE \u201925 OPUS: o livro que celebra a reuni\u00e3o dos Oasis\"}]},{\"@type\":\"WebSite\",\"@id\":\"https:\\\/\\\/highxtar.com\\\/#website\",\"url\":\"https:\\\/\\\/highxtar.com\\\/\",\"name\":\"HIGHXTAR.\",\"description\":\"HIGHXTAR. es la voz latina de la moda y el streetwear. Devotos de las cosas que hacen la vida urbana excitante: Moda, M\u00fasica, Lifestyle, Arte &amp; Dise\u00f1o.\",\"publisher\":{\"@id\":\"https:\\\/\\\/highxtar.com\\\/#organization\"},\"potentialAction\":[{\"@type\":\"SearchAction\",\"target\":{\"@type\":\"EntryPoint\",\"urlTemplate\":\"https:\\\/\\\/highxtar.com\\\/?s={search_term_string}\"},\"query-input\":{\"@type\":\"PropertyValueSpecification\",\"valueRequired\":true,\"valueName\":\"search_term_string\"}}],\"inLanguage\":\"pt-PT\"},{\"@type\":\"Organization\",\"@id\":\"https:\\\/\\\/highxtar.com\\\/#organization\",\"name\":\"HIGHXTAR.\",\"url\":\"https:\\\/\\\/highxtar.com\\\/\",\"logo\":{\"@type\":\"ImageObject\",\"inLanguage\":\"pt-PT\",\"@id\":\"https:\\\/\\\/highxtar.com\\\/#\\\/schema\\\/logo\\\/image\\\/\",\"url\":\"https:\\\/\\\/highxtar.com\\\/wp-content\\\/uploads\\\/2016\\\/03\\\/HIGHXTAR_com_Favicon_2019.jpg\",\"contentUrl\":\"https:\\\/\\\/highxtar.com\\\/wp-content\\\/uploads\\\/2016\\\/03\\\/HIGHXTAR_com_Favicon_2019.jpg\",\"width\":1200,\"height\":1200,\"caption\":\"HIGHXTAR.\"},\"image\":{\"@id\":\"https:\\\/\\\/highxtar.com\\\/#\\\/schema\\\/logo\\\/image\\\/\"},\"sameAs\":[\"https:\\\/\\\/www.facebook.com\\\/highxtar\",\"https:\\\/\\\/x.com\\\/highxtar_\",\"https:\\\/\\\/www.instagram.com\\\/highxtar\",\"https:\\\/\\\/www.tiktok.com\\\/@highxtar\",\"https:\\\/\\\/www.youtube.com\\\/c\\\/highxtarofficial\",\"https:\\\/\\\/open.spotify.com\\\/user\\\/highxtar\"]},{\"@type\":\"Person\",\"@id\":\"https:\\\/\\\/highxtar.com\\\/#\\\/schema\\\/person\\\/aa0ea1a0bf59bf7b780d9de744057f3f\",\"name\":\"Alejandro Ventura\",\"url\":\"https:\\\/\\\/highxtar.com\\\/pt-pt\\\/author\\\/alejandroventura\\\/\"}]}<\/script>\n<!-- \/ Yoast SEO Premium plugin. -->","yoast_head_json":{"title":"OASIS LIVE \u201925 OPUS: o livro que celebra a reuni\u00e3o dos Oasis - HIGHXTAR.","description":"A Opus apresenta uma edi\u00e7\u00e3o limitada que celebra a t\u00e3o aguardada reuni\u00e3o dos Oasis no \u00e2mbito da sua digress\u00e3o Live \u201925.","robots":{"index":"index","follow":"follow","max-snippet":"max-snippet:-1","max-image-preview":"max-image-preview:large","max-video-preview":"max-video-preview:-1"},"canonical":"https:\/\/highxtar.com\/pt-pt\/oasis-live-25-opus-o-livro-que-celebra-a-reuniao-dos-oasis\/","og_locale":"pt_PT","og_type":"article","og_title":"OASIS LIVE \u201925 OPUS: o livro que celebra a reuni\u00e3o dos Oasis","og_description":"A Opus apresenta uma edi\u00e7\u00e3o limitada que celebra a t\u00e3o aguardada reuni\u00e3o dos Oasis no \u00e2mbito da sua digress\u00e3o Live \u201925.","og_url":"https:\/\/highxtar.com\/pt-pt\/oasis-live-25-opus-o-livro-que-celebra-a-reuniao-dos-oasis\/","og_site_name":"HIGHXTAR.","article_publisher":"https:\/\/www.facebook.com\/highxtar","article_published_time":"2025-10-01T08:44:46+00:00","article_modified_time":"2025-10-01T08:44:47+00:00","og_image":[{"width":1600,"height":1200,"url":"https:\/\/highxtar.com\/wp-content\/uploads\/2025\/10\/Thumb-OASIS-LIVE-25.png","type":"image\/png"}],"author":"Alejandro Ventura","twitter_card":"summary_large_image","twitter_creator":"@highxtar_","twitter_site":"@highxtar_","twitter_misc":{"Escrito por":"Alejandro Ventura","Tempo estimado de leitura":"1 minuto"},"schema":{"@context":"https:\/\/schema.org","@graph":[{"@type":"Article","@id":"https:\/\/highxtar.com\/pt-pt\/oasis-live-25-opus-o-livro-que-celebra-a-reuniao-dos-oasis\/#article","isPartOf":{"@id":"https:\/\/highxtar.com\/pt-pt\/oasis-live-25-opus-o-livro-que-celebra-a-reuniao-dos-oasis\/"},"author":{"name":"Alejandro Ventura","@id":"https:\/\/highxtar.com\/#\/schema\/person\/aa0ea1a0bf59bf7b780d9de744057f3f"},"headline":"OASIS LIVE \u201925 OPUS: o livro que celebra a reuni\u00e3o dos Oasis","datePublished":"2025-10-01T08:44:46+00:00","dateModified":"2025-10-01T08:44:47+00:00","mainEntityOfPage":{"@id":"https:\/\/highxtar.com\/pt-pt\/oasis-live-25-opus-o-livro-que-celebra-a-reuniao-dos-oasis\/"},"wordCount":204,"commentCount":0,"publisher":{"@id":"https:\/\/highxtar.com\/#organization"},"image":{"@id":"https:\/\/highxtar.com\/pt-pt\/oasis-live-25-opus-o-livro-que-celebra-a-reuniao-dos-oasis\/#primaryimage"},"thumbnailUrl":"https:\/\/highxtar.com\/wp-content\/uploads\/2025\/10\/Thumb-OASIS-LIVE-25.png","articleSection":["Moda"],"inLanguage":"pt-PT","potentialAction":[{"@type":"CommentAction","name":"Comment","target":["https:\/\/highxtar.com\/pt-pt\/oasis-live-25-opus-o-livro-que-celebra-a-reuniao-dos-oasis\/#respond"]}],"copyrightYear":"2025","copyrightHolder":{"@id":"https:\/\/highxtar.com\/#organization"}},{"@type":"WebPage","@id":"https:\/\/highxtar.com\/pt-pt\/oasis-live-25-opus-o-livro-que-celebra-a-reuniao-dos-oasis\/","url":"https:\/\/highxtar.com\/pt-pt\/oasis-live-25-opus-o-livro-que-celebra-a-reuniao-dos-oasis\/","name":"OASIS LIVE \u201925 OPUS: o livro que celebra a reuni\u00e3o dos Oasis - HIGHXTAR.","isPartOf":{"@id":"https:\/\/highxtar.com\/#website"},"primaryImageOfPage":{"@id":"https:\/\/highxtar.com\/pt-pt\/oasis-live-25-opus-o-livro-que-celebra-a-reuniao-dos-oasis\/#primaryimage"},"image":{"@id":"https:\/\/highxtar.com\/pt-pt\/oasis-live-25-opus-o-livro-que-celebra-a-reuniao-dos-oasis\/#primaryimage"},"thumbnailUrl":"https:\/\/highxtar.com\/wp-content\/uploads\/2025\/10\/Thumb-OASIS-LIVE-25.png","datePublished":"2025-10-01T08:44:46+00:00","dateModified":"2025-10-01T08:44:47+00:00","description":"A Opus apresenta uma edi\u00e7\u00e3o limitada que celebra a t\u00e3o aguardada reuni\u00e3o dos Oasis no \u00e2mbito da sua digress\u00e3o Live \u201925.","breadcrumb":{"@id":"https:\/\/highxtar.com\/pt-pt\/oasis-live-25-opus-o-livro-que-celebra-a-reuniao-dos-oasis\/#breadcrumb"},"inLanguage":"pt-PT","potentialAction":[{"@type":"ReadAction","target":["https:\/\/highxtar.com\/pt-pt\/oasis-live-25-opus-o-livro-que-celebra-a-reuniao-dos-oasis\/"]}]},{"@type":"ImageObject","inLanguage":"pt-PT","@id":"https:\/\/highxtar.com\/pt-pt\/oasis-live-25-opus-o-livro-que-celebra-a-reuniao-dos-oasis\/#primaryimage","url":"https:\/\/highxtar.com\/wp-content\/uploads\/2025\/10\/Thumb-OASIS-LIVE-25.png","contentUrl":"https:\/\/highxtar.com\/wp-content\/uploads\/2025\/10\/Thumb-OASIS-LIVE-25.png","width":1600,"height":1200,"caption":"Opus\/Simon Emmett"},{"@type":"BreadcrumbList","@id":"https:\/\/highxtar.com\/pt-pt\/oasis-live-25-opus-o-livro-que-celebra-a-reuniao-dos-oasis\/#breadcrumb","itemListElement":[{"@type":"ListItem","position":1,"name":"Home","item":"https:\/\/highxtar.com\/pt-pt\/"},{"@type":"ListItem","position":2,"name":"OASIS LIVE \u201925 OPUS: o livro que celebra a reuni\u00e3o dos Oasis"}]},{"@type":"WebSite","@id":"https:\/\/highxtar.com\/#website","url":"https:\/\/highxtar.com\/","name":"HIGHXTAR.","description":"HIGHXTAR. es la voz latina de la moda y el streetwear. Devotos de las cosas que hacen la vida urbana excitante: Moda, M\u00fasica, Lifestyle, Arte &amp; Dise\u00f1o.","publisher":{"@id":"https:\/\/highxtar.com\/#organization"},"potentialAction":[{"@type":"SearchAction","target":{"@type":"EntryPoint","urlTemplate":"https:\/\/highxtar.com\/?s={search_term_string}"},"query-input":{"@type":"PropertyValueSpecification","valueRequired":true,"valueName":"search_term_string"}}],"inLanguage":"pt-PT"},{"@type":"Organization","@id":"https:\/\/highxtar.com\/#organization","name":"HIGHXTAR.","url":"https:\/\/highxtar.com\/","logo":{"@type":"ImageObject","inLanguage":"pt-PT","@id":"https:\/\/highxtar.com\/#\/schema\/logo\/image\/","url":"https:\/\/highxtar.com\/wp-content\/uploads\/2016\/03\/HIGHXTAR_com_Favicon_2019.jpg","contentUrl":"https:\/\/highxtar.com\/wp-content\/uploads\/2016\/03\/HIGHXTAR_com_Favicon_2019.jpg","width":1200,"height":1200,"caption":"HIGHXTAR."},"image":{"@id":"https:\/\/highxtar.com\/#\/schema\/logo\/image\/"},"sameAs":["https:\/\/www.facebook.com\/highxtar","https:\/\/x.com\/highxtar_","https:\/\/www.instagram.com\/highxtar","https:\/\/www.tiktok.com\/@highxtar","https:\/\/www.youtube.com\/c\/highxtarofficial","https:\/\/open.spotify.com\/user\/highxtar"]},{"@type":"Person","@id":"https:\/\/highxtar.com\/#\/schema\/person\/aa0ea1a0bf59bf7b780d9de744057f3f","name":"Alejandro Ventura","url":"https:\/\/highxtar.com\/pt-pt\/author\/alejandroventura\/"}]}},"_links":{"self":[{"href":"https:\/\/highxtar.com\/pt-pt\/wp-json\/wp\/v2\/posts\/537270","targetHints":{"allow":["GET"]}}],"collection":[{"href":"https:\/\/highxtar.com\/pt-pt\/wp-json\/wp\/v2\/posts"}],"about":[{"href":"https:\/\/highxtar.com\/pt-pt\/wp-json\/wp\/v2\/types\/post"}],"author":[{"embeddable":true,"href":"https:\/\/highxtar.com\/pt-pt\/wp-json\/wp\/v2\/users\/50"}],"replies":[{"embeddable":true,"href":"https:\/\/highxtar.com\/pt-pt\/wp-json\/wp\/v2\/comments?post=537270"}],"version-history":[{"count":1,"href":"https:\/\/highxtar.com\/pt-pt\/wp-json\/wp\/v2\/posts\/537270\/revisions"}],"predecessor-version":[{"id":537272,"href":"https:\/\/highxtar.com\/pt-pt\/wp-json\/wp\/v2\/posts\/537270\/revisions\/537272"}],"wp:featuredmedia":[{"embeddable":true,"href":"https:\/\/highxtar.com\/pt-pt\/wp-json\/wp\/v2\/media\/537257"}],"wp:attachment":[{"href":"https:\/\/highxtar.com\/pt-pt\/wp-json\/wp\/v2\/media?parent=537270"}],"wp:term":[{"taxonomy":"category","embeddable":true,"href":"https:\/\/highxtar.com\/pt-pt\/wp-json\/wp\/v2\/categories?post=537270"},{"taxonomy":"post_tag","embeddable":true,"href":"https:\/\/highxtar.com\/pt-pt\/wp-json\/wp\/v2\/tags?post=537270"}],"curies":[{"name":"wp","href":"https:\/\/api.w.org\/{rel}","templated":true}]}}