{"id":539629,"date":"2025-10-06T11:03:28","date_gmt":"2025-10-06T09:03:28","guid":{"rendered":"https:\/\/highxtar.com\/?p=539629"},"modified":"2025-10-06T11:03:28","modified_gmt":"2025-10-06T09:03:28","slug":"ayo-edebiri-nova-embaixadora-da-chanel-sob-matthieu-blazy","status":"publish","type":"post","link":"https:\/\/highxtar.com\/pt-pt\/ayo-edebiri-nova-embaixadora-da-chanel-sob-matthieu-blazy\/","title":{"rendered":"Ayo Edebiri, nova embaixadora da Chanel sob Matthieu Blazy"},"content":{"rendered":"\n<p>A Chanel nomeou <strong>Ayo Edebiri <\/strong>como a sua <strong>primeira embaixadora sob a dire\u00e7\u00e3o criativa de Matthieu Blazy,<\/strong> pouco antes da sua estreia \u00e0 frente da casa durante a <strong>Paris Fashion Week SS26.<\/strong> Uma parceria que soa t\u00e3o natural quanto poderosa: talento, intelig\u00eancia e car\u00e1cter frente \u00e0 heran\u00e7a de um \u00edcone.<\/p>\n\n\n\n<p>Edebiri, actriz, realizadora e argumentista, consolidou-se como <strong>uma das vozes mais interessantes da sua gera\u00e7\u00e3o<\/strong>. O seu trabalho em <strong><em>The Bear<\/em> <\/strong>e <em>After the Hunt<\/em> demonstra uma vis\u00e3o agu\u00e7ada e uma forma de compreender a narrativa desde o visceral e o humano. Agora, essa mesma energia \u00e9 transferida para o universo Chanel, numa liga\u00e7\u00e3o que nasce \u2014 dizem \u2014 da admira\u00e7\u00e3o m\u00fatua entre Blazy e a artista.<\/p>\n\n\n\n<p>A liga\u00e7\u00e3o ser\u00e1 oficializada a <strong>6 de outubro<\/strong>, quando Ayo Edebiri assistir ao <strong>desfile de primavera\/ver\u00e3o 2026<\/strong> no <a href=\"https:\/\/www.grandpalais.fr\/en\" target=\"_blank\" rel=\"noreferrer noopener\">Grand Palais<\/a>, em Paris, marcando o in\u00edcio de uma nova era para a Chanel.<\/p>\n\n\n\n<p>Em tempos em que a moda procura autenticidade e discurso, a alian\u00e7a entre Edebiri e Blazy representa mais do que uma colabora\u00e7\u00e3o. A Chanel abre-se ao presente, com Ayo Edebiri como uma embaixadora que personifica o que significa ser moderna sem renunciar \u00e0 ess\u00eancia.<\/p>\n","protected":false},"excerpt":{"rendered":"<p>Ayo Edebiri torna-se a primeira embaixadora da Chanel sob Matthieu Blazy, marcando uma nova era na maison.<\/p>\n","protected":false},"author":50,"featured_media":539625,"comment_status":"open","ping_status":"closed","sticky":false,"template":"","format":"standard","meta":{"_acf_changed":false,"footnotes":""},"categories":[3737],"tags":[3839],"class_list":["post-539629","post","type-post","status-publish","format-standard","has-post-thumbnail","hentry","category-moda","tag-chanel-2"],"acf":[],"yoast_head":"<!-- This site is optimized with the Yoast SEO Premium plugin  - https:\/\/yoast.com\/product\/yoast-seo-premium-wordpress\/ -->\n<title>Ayo Edebiri, nova embaixadora da Chanel sob Matthieu Blazy - HIGHXTAR.<\/title>\n<meta name=\"description\" content=\"Ayo Edebiri torna-se a primeira embaixadora da Chanel sob Matthieu Blazy, marcando uma nova era na maison.\" \/>\n<meta name=\"robots\" content=\"index, follow, max-snippet:-1, max-image-preview:large, max-video-preview:-1\" \/>\n<link rel=\"canonical\" href=\"https:\/\/highxtar.com\/pt-pt\/ayo-edebiri-nova-embaixadora-da-chanel-sob-matthieu-blazy\/\" \/>\n<meta property=\"og:locale\" content=\"pt_PT\" \/>\n<meta property=\"og:type\" content=\"article\" \/>\n<meta property=\"og:title\" content=\"Ayo Edebiri, nova embaixadora da Chanel sob Matthieu Blazy\" \/>\n<meta property=\"og:description\" content=\"Ayo Edebiri torna-se a primeira embaixadora da Chanel sob Matthieu Blazy, marcando uma nova era na maison.\" \/>\n<meta property=\"og:url\" content=\"https:\/\/highxtar.com\/pt-pt\/ayo-edebiri-nova-embaixadora-da-chanel-sob-matthieu-blazy\/\" \/>\n<meta property=\"og:site_name\" content=\"HIGHXTAR.\" \/>\n<meta property=\"article:publisher\" content=\"https:\/\/www.facebook.com\/highxtar\" \/>\n<meta property=\"article:published_time\" content=\"2025-10-06T09:03:28+00:00\" \/>\n<meta property=\"og:image\" content=\"https:\/\/highxtar.com\/wp-content\/uploads\/2025\/10\/Thumb-Ayo-Edebiri-Chanel.png\" \/>\n\t<meta property=\"og:image:width\" content=\"1600\" \/>\n\t<meta property=\"og:image:height\" content=\"1200\" \/>\n\t<meta property=\"og:image:type\" content=\"image\/png\" \/>\n<meta name=\"author\" content=\"Alejandro Ventura\" \/>\n<meta name=\"twitter:card\" content=\"summary_large_image\" \/>\n<meta name=\"twitter:creator\" content=\"@highxtar_\" \/>\n<meta name=\"twitter:site\" content=\"@highxtar_\" \/>\n<meta name=\"twitter:label1\" content=\"Escrito por\" \/>\n\t<meta name=\"twitter:data1\" content=\"Alejandro Ventura\" \/>\n\t<meta name=\"twitter:label2\" content=\"Tempo estimado de leitura\" \/>\n\t<meta name=\"twitter:data2\" content=\"2 minutos\" \/>\n<script type=\"application\/ld+json\" class=\"yoast-schema-graph\">{\"@context\":\"https:\\\/\\\/schema.org\",\"@graph\":[{\"@type\":\"Article\",\"@id\":\"https:\\\/\\\/highxtar.com\\\/pt-pt\\\/ayo-edebiri-nova-embaixadora-da-chanel-sob-matthieu-blazy\\\/#article\",\"isPartOf\":{\"@id\":\"https:\\\/\\\/highxtar.com\\\/pt-pt\\\/ayo-edebiri-nova-embaixadora-da-chanel-sob-matthieu-blazy\\\/\"},\"author\":{\"name\":\"Alejandro Ventura\",\"@id\":\"https:\\\/\\\/highxtar.com\\\/#\\\/schema\\\/person\\\/aa0ea1a0bf59bf7b780d9de744057f3f\"},\"headline\":\"Ayo Edebiri, nova embaixadora da Chanel sob Matthieu Blazy\",\"datePublished\":\"2025-10-06T09:03:28+00:00\",\"mainEntityOfPage\":{\"@id\":\"https:\\\/\\\/highxtar.com\\\/pt-pt\\\/ayo-edebiri-nova-embaixadora-da-chanel-sob-matthieu-blazy\\\/\"},\"wordCount\":212,\"commentCount\":0,\"publisher\":{\"@id\":\"https:\\\/\\\/highxtar.com\\\/#organization\"},\"image\":{\"@id\":\"https:\\\/\\\/highxtar.com\\\/pt-pt\\\/ayo-edebiri-nova-embaixadora-da-chanel-sob-matthieu-blazy\\\/#primaryimage\"},\"thumbnailUrl\":\"https:\\\/\\\/highxtar.com\\\/wp-content\\\/uploads\\\/2025\\\/10\\\/Thumb-Ayo-Edebiri-Chanel.png\",\"keywords\":[\"Chanel\"],\"articleSection\":[\"Moda\"],\"inLanguage\":\"pt-PT\",\"potentialAction\":[{\"@type\":\"CommentAction\",\"name\":\"Comment\",\"target\":[\"https:\\\/\\\/highxtar.com\\\/pt-pt\\\/ayo-edebiri-nova-embaixadora-da-chanel-sob-matthieu-blazy\\\/#respond\"]}],\"copyrightYear\":\"2025\",\"copyrightHolder\":{\"@id\":\"https:\\\/\\\/highxtar.com\\\/#organization\"}},{\"@type\":\"WebPage\",\"@id\":\"https:\\\/\\\/highxtar.com\\\/pt-pt\\\/ayo-edebiri-nova-embaixadora-da-chanel-sob-matthieu-blazy\\\/\",\"url\":\"https:\\\/\\\/highxtar.com\\\/pt-pt\\\/ayo-edebiri-nova-embaixadora-da-chanel-sob-matthieu-blazy\\\/\",\"name\":\"Ayo Edebiri, nova embaixadora da Chanel sob Matthieu Blazy - HIGHXTAR.\",\"isPartOf\":{\"@id\":\"https:\\\/\\\/highxtar.com\\\/#website\"},\"primaryImageOfPage\":{\"@id\":\"https:\\\/\\\/highxtar.com\\\/pt-pt\\\/ayo-edebiri-nova-embaixadora-da-chanel-sob-matthieu-blazy\\\/#primaryimage\"},\"image\":{\"@id\":\"https:\\\/\\\/highxtar.com\\\/pt-pt\\\/ayo-edebiri-nova-embaixadora-da-chanel-sob-matthieu-blazy\\\/#primaryimage\"},\"thumbnailUrl\":\"https:\\\/\\\/highxtar.com\\\/wp-content\\\/uploads\\\/2025\\\/10\\\/Thumb-Ayo-Edebiri-Chanel.png\",\"datePublished\":\"2025-10-06T09:03:28+00:00\",\"description\":\"Ayo Edebiri torna-se a primeira embaixadora da Chanel sob Matthieu Blazy, marcando uma nova era na maison.\",\"breadcrumb\":{\"@id\":\"https:\\\/\\\/highxtar.com\\\/pt-pt\\\/ayo-edebiri-nova-embaixadora-da-chanel-sob-matthieu-blazy\\\/#breadcrumb\"},\"inLanguage\":\"pt-PT\",\"potentialAction\":[{\"@type\":\"ReadAction\",\"target\":[\"https:\\\/\\\/highxtar.com\\\/pt-pt\\\/ayo-edebiri-nova-embaixadora-da-chanel-sob-matthieu-blazy\\\/\"]}]},{\"@type\":\"ImageObject\",\"inLanguage\":\"pt-PT\",\"@id\":\"https:\\\/\\\/highxtar.com\\\/pt-pt\\\/ayo-edebiri-nova-embaixadora-da-chanel-sob-matthieu-blazy\\\/#primaryimage\",\"url\":\"https:\\\/\\\/highxtar.com\\\/wp-content\\\/uploads\\\/2025\\\/10\\\/Thumb-Ayo-Edebiri-Chanel.png\",\"contentUrl\":\"https:\\\/\\\/highxtar.com\\\/wp-content\\\/uploads\\\/2025\\\/10\\\/Thumb-Ayo-Edebiri-Chanel.png\",\"width\":1600,\"height\":1200,\"caption\":\"Getty Images\"},{\"@type\":\"BreadcrumbList\",\"@id\":\"https:\\\/\\\/highxtar.com\\\/pt-pt\\\/ayo-edebiri-nova-embaixadora-da-chanel-sob-matthieu-blazy\\\/#breadcrumb\",\"itemListElement\":[{\"@type\":\"ListItem\",\"position\":1,\"name\":\"Home\",\"item\":\"https:\\\/\\\/highxtar.com\\\/pt-pt\\\/\"},{\"@type\":\"ListItem\",\"position\":2,\"name\":\"Ayo Edebiri, nova embaixadora da Chanel sob Matthieu Blazy\"}]},{\"@type\":\"WebSite\",\"@id\":\"https:\\\/\\\/highxtar.com\\\/#website\",\"url\":\"https:\\\/\\\/highxtar.com\\\/\",\"name\":\"HIGHXTAR.\",\"description\":\"HIGHXTAR. es la voz latina de la moda y el streetwear. Devotos de las cosas que hacen la vida urbana excitante: Moda, M\u00fasica, Lifestyle, Arte &amp; Dise\u00f1o.\",\"publisher\":{\"@id\":\"https:\\\/\\\/highxtar.com\\\/#organization\"},\"potentialAction\":[{\"@type\":\"SearchAction\",\"target\":{\"@type\":\"EntryPoint\",\"urlTemplate\":\"https:\\\/\\\/highxtar.com\\\/?s={search_term_string}\"},\"query-input\":{\"@type\":\"PropertyValueSpecification\",\"valueRequired\":true,\"valueName\":\"search_term_string\"}}],\"inLanguage\":\"pt-PT\"},{\"@type\":\"Organization\",\"@id\":\"https:\\\/\\\/highxtar.com\\\/#organization\",\"name\":\"HIGHXTAR.\",\"url\":\"https:\\\/\\\/highxtar.com\\\/\",\"logo\":{\"@type\":\"ImageObject\",\"inLanguage\":\"pt-PT\",\"@id\":\"https:\\\/\\\/highxtar.com\\\/#\\\/schema\\\/logo\\\/image\\\/\",\"url\":\"https:\\\/\\\/highxtar.com\\\/wp-content\\\/uploads\\\/2016\\\/03\\\/HIGHXTAR_com_Favicon_2019.jpg\",\"contentUrl\":\"https:\\\/\\\/highxtar.com\\\/wp-content\\\/uploads\\\/2016\\\/03\\\/HIGHXTAR_com_Favicon_2019.jpg\",\"width\":1200,\"height\":1200,\"caption\":\"HIGHXTAR.\"},\"image\":{\"@id\":\"https:\\\/\\\/highxtar.com\\\/#\\\/schema\\\/logo\\\/image\\\/\"},\"sameAs\":[\"https:\\\/\\\/www.facebook.com\\\/highxtar\",\"https:\\\/\\\/x.com\\\/highxtar_\",\"https:\\\/\\\/www.instagram.com\\\/highxtar\",\"https:\\\/\\\/www.tiktok.com\\\/@highxtar\",\"https:\\\/\\\/www.youtube.com\\\/c\\\/highxtarofficial\",\"https:\\\/\\\/open.spotify.com\\\/user\\\/highxtar\"]},{\"@type\":\"Person\",\"@id\":\"https:\\\/\\\/highxtar.com\\\/#\\\/schema\\\/person\\\/aa0ea1a0bf59bf7b780d9de744057f3f\",\"name\":\"Alejandro Ventura\",\"url\":\"https:\\\/\\\/highxtar.com\\\/pt-pt\\\/author\\\/alejandroventura\\\/\"}]}<\/script>\n<!-- \/ Yoast SEO Premium plugin. -->","yoast_head_json":{"title":"Ayo Edebiri, nova embaixadora da Chanel sob Matthieu Blazy - HIGHXTAR.","description":"Ayo Edebiri torna-se a primeira embaixadora da Chanel sob Matthieu Blazy, marcando uma nova era na maison.","robots":{"index":"index","follow":"follow","max-snippet":"max-snippet:-1","max-image-preview":"max-image-preview:large","max-video-preview":"max-video-preview:-1"},"canonical":"https:\/\/highxtar.com\/pt-pt\/ayo-edebiri-nova-embaixadora-da-chanel-sob-matthieu-blazy\/","og_locale":"pt_PT","og_type":"article","og_title":"Ayo Edebiri, nova embaixadora da Chanel sob Matthieu Blazy","og_description":"Ayo Edebiri torna-se a primeira embaixadora da Chanel sob Matthieu Blazy, marcando uma nova era na maison.","og_url":"https:\/\/highxtar.com\/pt-pt\/ayo-edebiri-nova-embaixadora-da-chanel-sob-matthieu-blazy\/","og_site_name":"HIGHXTAR.","article_publisher":"https:\/\/www.facebook.com\/highxtar","article_published_time":"2025-10-06T09:03:28+00:00","og_image":[{"width":1600,"height":1200,"url":"https:\/\/highxtar.com\/wp-content\/uploads\/2025\/10\/Thumb-Ayo-Edebiri-Chanel.png","type":"image\/png"}],"author":"Alejandro Ventura","twitter_card":"summary_large_image","twitter_creator":"@highxtar_","twitter_site":"@highxtar_","twitter_misc":{"Escrito por":"Alejandro Ventura","Tempo estimado de leitura":"2 minutos"},"schema":{"@context":"https:\/\/schema.org","@graph":[{"@type":"Article","@id":"https:\/\/highxtar.com\/pt-pt\/ayo-edebiri-nova-embaixadora-da-chanel-sob-matthieu-blazy\/#article","isPartOf":{"@id":"https:\/\/highxtar.com\/pt-pt\/ayo-edebiri-nova-embaixadora-da-chanel-sob-matthieu-blazy\/"},"author":{"name":"Alejandro Ventura","@id":"https:\/\/highxtar.com\/#\/schema\/person\/aa0ea1a0bf59bf7b780d9de744057f3f"},"headline":"Ayo Edebiri, nova embaixadora da Chanel sob Matthieu Blazy","datePublished":"2025-10-06T09:03:28+00:00","mainEntityOfPage":{"@id":"https:\/\/highxtar.com\/pt-pt\/ayo-edebiri-nova-embaixadora-da-chanel-sob-matthieu-blazy\/"},"wordCount":212,"commentCount":0,"publisher":{"@id":"https:\/\/highxtar.com\/#organization"},"image":{"@id":"https:\/\/highxtar.com\/pt-pt\/ayo-edebiri-nova-embaixadora-da-chanel-sob-matthieu-blazy\/#primaryimage"},"thumbnailUrl":"https:\/\/highxtar.com\/wp-content\/uploads\/2025\/10\/Thumb-Ayo-Edebiri-Chanel.png","keywords":["Chanel"],"articleSection":["Moda"],"inLanguage":"pt-PT","potentialAction":[{"@type":"CommentAction","name":"Comment","target":["https:\/\/highxtar.com\/pt-pt\/ayo-edebiri-nova-embaixadora-da-chanel-sob-matthieu-blazy\/#respond"]}],"copyrightYear":"2025","copyrightHolder":{"@id":"https:\/\/highxtar.com\/#organization"}},{"@type":"WebPage","@id":"https:\/\/highxtar.com\/pt-pt\/ayo-edebiri-nova-embaixadora-da-chanel-sob-matthieu-blazy\/","url":"https:\/\/highxtar.com\/pt-pt\/ayo-edebiri-nova-embaixadora-da-chanel-sob-matthieu-blazy\/","name":"Ayo Edebiri, nova embaixadora da Chanel sob Matthieu Blazy - HIGHXTAR.","isPartOf":{"@id":"https:\/\/highxtar.com\/#website"},"primaryImageOfPage":{"@id":"https:\/\/highxtar.com\/pt-pt\/ayo-edebiri-nova-embaixadora-da-chanel-sob-matthieu-blazy\/#primaryimage"},"image":{"@id":"https:\/\/highxtar.com\/pt-pt\/ayo-edebiri-nova-embaixadora-da-chanel-sob-matthieu-blazy\/#primaryimage"},"thumbnailUrl":"https:\/\/highxtar.com\/wp-content\/uploads\/2025\/10\/Thumb-Ayo-Edebiri-Chanel.png","datePublished":"2025-10-06T09:03:28+00:00","description":"Ayo Edebiri torna-se a primeira embaixadora da Chanel sob Matthieu Blazy, marcando uma nova era na maison.","breadcrumb":{"@id":"https:\/\/highxtar.com\/pt-pt\/ayo-edebiri-nova-embaixadora-da-chanel-sob-matthieu-blazy\/#breadcrumb"},"inLanguage":"pt-PT","potentialAction":[{"@type":"ReadAction","target":["https:\/\/highxtar.com\/pt-pt\/ayo-edebiri-nova-embaixadora-da-chanel-sob-matthieu-blazy\/"]}]},{"@type":"ImageObject","inLanguage":"pt-PT","@id":"https:\/\/highxtar.com\/pt-pt\/ayo-edebiri-nova-embaixadora-da-chanel-sob-matthieu-blazy\/#primaryimage","url":"https:\/\/highxtar.com\/wp-content\/uploads\/2025\/10\/Thumb-Ayo-Edebiri-Chanel.png","contentUrl":"https:\/\/highxtar.com\/wp-content\/uploads\/2025\/10\/Thumb-Ayo-Edebiri-Chanel.png","width":1600,"height":1200,"caption":"Getty Images"},{"@type":"BreadcrumbList","@id":"https:\/\/highxtar.com\/pt-pt\/ayo-edebiri-nova-embaixadora-da-chanel-sob-matthieu-blazy\/#breadcrumb","itemListElement":[{"@type":"ListItem","position":1,"name":"Home","item":"https:\/\/highxtar.com\/pt-pt\/"},{"@type":"ListItem","position":2,"name":"Ayo Edebiri, nova embaixadora da Chanel sob Matthieu Blazy"}]},{"@type":"WebSite","@id":"https:\/\/highxtar.com\/#website","url":"https:\/\/highxtar.com\/","name":"HIGHXTAR.","description":"HIGHXTAR. es la voz latina de la moda y el streetwear. Devotos de las cosas que hacen la vida urbana excitante: Moda, M\u00fasica, Lifestyle, Arte &amp; Dise\u00f1o.","publisher":{"@id":"https:\/\/highxtar.com\/#organization"},"potentialAction":[{"@type":"SearchAction","target":{"@type":"EntryPoint","urlTemplate":"https:\/\/highxtar.com\/?s={search_term_string}"},"query-input":{"@type":"PropertyValueSpecification","valueRequired":true,"valueName":"search_term_string"}}],"inLanguage":"pt-PT"},{"@type":"Organization","@id":"https:\/\/highxtar.com\/#organization","name":"HIGHXTAR.","url":"https:\/\/highxtar.com\/","logo":{"@type":"ImageObject","inLanguage":"pt-PT","@id":"https:\/\/highxtar.com\/#\/schema\/logo\/image\/","url":"https:\/\/highxtar.com\/wp-content\/uploads\/2016\/03\/HIGHXTAR_com_Favicon_2019.jpg","contentUrl":"https:\/\/highxtar.com\/wp-content\/uploads\/2016\/03\/HIGHXTAR_com_Favicon_2019.jpg","width":1200,"height":1200,"caption":"HIGHXTAR."},"image":{"@id":"https:\/\/highxtar.com\/#\/schema\/logo\/image\/"},"sameAs":["https:\/\/www.facebook.com\/highxtar","https:\/\/x.com\/highxtar_","https:\/\/www.instagram.com\/highxtar","https:\/\/www.tiktok.com\/@highxtar","https:\/\/www.youtube.com\/c\/highxtarofficial","https:\/\/open.spotify.com\/user\/highxtar"]},{"@type":"Person","@id":"https:\/\/highxtar.com\/#\/schema\/person\/aa0ea1a0bf59bf7b780d9de744057f3f","name":"Alejandro Ventura","url":"https:\/\/highxtar.com\/pt-pt\/author\/alejandroventura\/"}]}},"_links":{"self":[{"href":"https:\/\/highxtar.com\/pt-pt\/wp-json\/wp\/v2\/posts\/539629","targetHints":{"allow":["GET"]}}],"collection":[{"href":"https:\/\/highxtar.com\/pt-pt\/wp-json\/wp\/v2\/posts"}],"about":[{"href":"https:\/\/highxtar.com\/pt-pt\/wp-json\/wp\/v2\/types\/post"}],"author":[{"embeddable":true,"href":"https:\/\/highxtar.com\/pt-pt\/wp-json\/wp\/v2\/users\/50"}],"replies":[{"embeddable":true,"href":"https:\/\/highxtar.com\/pt-pt\/wp-json\/wp\/v2\/comments?post=539629"}],"version-history":[{"count":1,"href":"https:\/\/highxtar.com\/pt-pt\/wp-json\/wp\/v2\/posts\/539629\/revisions"}],"predecessor-version":[{"id":539631,"href":"https:\/\/highxtar.com\/pt-pt\/wp-json\/wp\/v2\/posts\/539629\/revisions\/539631"}],"wp:featuredmedia":[{"embeddable":true,"href":"https:\/\/highxtar.com\/pt-pt\/wp-json\/wp\/v2\/media\/539625"}],"wp:attachment":[{"href":"https:\/\/highxtar.com\/pt-pt\/wp-json\/wp\/v2\/media?parent=539629"}],"wp:term":[{"taxonomy":"category","embeddable":true,"href":"https:\/\/highxtar.com\/pt-pt\/wp-json\/wp\/v2\/categories?post=539629"},{"taxonomy":"post_tag","embeddable":true,"href":"https:\/\/highxtar.com\/pt-pt\/wp-json\/wp\/v2\/tags?post=539629"}],"curies":[{"name":"wp","href":"https:\/\/api.w.org\/{rel}","templated":true}]}}