{"id":552265,"date":"2025-11-24T10:10:05","date_gmt":"2025-11-24T09:10:05","guid":{"rendered":"https:\/\/highxtar.com\/?p=552265"},"modified":"2025-11-24T10:10:06","modified_gmt":"2025-11-24T09:10:06","slug":"bizarrap-inaugura-a-flagship-da-jd-em-barcelona","status":"publish","type":"post","link":"https:\/\/highxtar.com\/pt-pt\/bizarrap-inaugura-a-flagship-da-jd-em-barcelona\/","title":{"rendered":"Bizarrap inaugura a flagship da JD em Barcelona"},"content":{"rendered":"\n<p>A JD escolheu Barcelona para dar um dos passos mais ambiciosos da sua hist\u00f3ria na Europa. A marca brit\u00e2nica, uma refer\u00eancia global na moda urbana, abriu<strong> <a href=\"\/pt-pt\/?p=551700\" target=\"_blank\" rel=\"noreferrer noopener\">a sua maior loja do continente<\/a><\/strong> na Portal del \u00c0ngel. Al\u00e9m disso, a JD fez-no acompanhada por Bizarrap, uma figura que marca o ritmo cultural da sua gera\u00e7\u00e3o.<\/p>\n\n\n\n<p>O produtor e artista argentino \u2014 tornado um fen\u00f3meno global gra\u00e7as \u00e0s suas BZRP Music Sessions com artistas como<strong> Shakira, Quevedo, Nicky Jam ou Daddy Yankee<\/strong> \u2014 foi quem cortou a fita simb\u00f3lica do novo espa\u00e7o. A inaugura\u00e7\u00e3o transformou-se num verdadeiro acontecimento urbano. Por isso, centenas de f\u00e3s e dezenas de criadores de conte\u00fado marcaram presen\u00e7a. Entre eles estavam <strong>\u00c1lex Keny, Clau Juanals, Ainara Cobo, Awa, Mar\u00eda M, Giannito Rodr\u00edguez e Macas del Castillo.<\/strong><\/p>\n\n\n<div class=\"wp-block-image\">\n<figure class=\"aligncenter size-large\"><img decoding=\"async\" width=\"786\" height=\"1024\" src=\"https:\/\/highxtar.com\/wp-content\/uploads\/2025\/11\/highxtar-bizarrap-2-786x1024.png\" alt=\"\" class=\"wp-image-552257\" srcset=\"https:\/\/highxtar.com\/wp-content\/uploads\/2025\/11\/highxtar-bizarrap-2-786x1024.png 786w, https:\/\/highxtar.com\/wp-content\/uploads\/2025\/11\/highxtar-bizarrap-2-230x300.png 230w, https:\/\/highxtar.com\/wp-content\/uploads\/2025\/11\/highxtar-bizarrap-2-768x1000.png 768w, https:\/\/highxtar.com\/wp-content\/uploads\/2025\/11\/highxtar-bizarrap-2-700x911.png 700w, https:\/\/highxtar.com\/wp-content\/uploads\/2025\/11\/highxtar-bizarrap-2-508x661.png 508w, https:\/\/highxtar.com\/wp-content\/uploads\/2025\/11\/highxtar-bizarrap-2.png 861w\" sizes=\"(max-width: 786px) 100vw, 786px\" \/><\/figure>\n<\/div>\n\n\n<h3 class=\"wp-block-heading has-text-align-center\" id=\"h-um-lancamento-cheio-de-cultura-sneaker\">Um lan\u00e7amento cheio de cultura sneaker<\/h3>\n\n\n\n<p>Como embaixador mundial da Adidas Originals, e primeiro artista argentino a ocupar este cargo, Bizarrap apresentou pela primeira vez em Espanha a sua cole\u00e7\u00e3o com a marca. Personalizou ainda, ao vivo, um dos pares juntamente com <strong>Tito Customs<\/strong>, artista de Madrid conhecido por trabalhar t\u00e9nis para figuras como Carlos Sainz Jr., Marcelo Vieira, Jaime Lorente ou Rauw Alejandro.<\/p>\n\n\n\n<p>No final, o artista ofereceu pares exclusivos dos novos <em>Forum2000 Adidas x BZRP<\/em> aos presentes.<\/p>\n\n\n\n<h3 class=\"wp-block-heading has-text-align-center\" id=\"h-um-espaco-pensado-para-a-nova-geracao-urbana\">Um espa\u00e7o pensado para a nova gera\u00e7\u00e3o urbana<\/h3>\n\n\n\n<p>A nova flagship da JD tem 1.420 metros quadrados distribu\u00eddos por dois pisos. Por este motivo, torna-se a maior loja da marca na Europa. O espa\u00e7o n\u00e3o s\u00f3 refor\u00e7a a presen\u00e7a da JD na cidade, como tamb\u00e9m redefine o conceito de loja f\u00edsica como ponto onde <strong>m\u00fasica, streetwear e cultura urbana convergem.<\/strong><\/p>\n\n\n\n<p>Durante o evento, Gema de la Morena, Associate Marketing Director Europe da JD, destacou a import\u00e2ncia de contar com Bizarrap num momento t\u00e3o relevante. Como explicou: \u201cBizarrap \u00e9 um s\u00edmbolo da sua gera\u00e7\u00e3o. T\u00ea-lo na nossa inaugura\u00e7\u00e3o mais importante encaixa perfeitamente no nosso esp\u00edrito <em>Forever Forward<\/em>.\u201d<\/p>\n\n\n\n<p><strong><a href=\"https:\/\/highxtar.com\/pt-pt\/assim-foi-a-inauguracao-em-barcelona-da-maior-loja-da-jd-sports-na-europa\/\" target=\"_blank\" rel=\"noreferrer noopener\">Assim foi a inaugura\u00e7\u00e3o da maior loja da JD Sports na Europa, em Barcelona.<\/a><\/strong><\/p>\n","protected":false},"excerpt":{"rendered":"<p>A abertura da nova flagship da JD em Barcelona, com Bizarrap, refor\u00e7a o papel da cidade como ponto chave do streetwear europeu.<\/p>\n","protected":false},"author":50,"featured_media":552253,"comment_status":"open","ping_status":"closed","sticky":false,"template":"","format":"standard","meta":{"_acf_changed":false,"footnotes":""},"categories":[3737],"tags":[],"class_list":["post-552265","post","type-post","status-publish","format-standard","has-post-thumbnail","hentry","category-moda"],"acf":[],"yoast_head":"<!-- This site is optimized with the Yoast SEO Premium plugin  - https:\/\/yoast.com\/product\/yoast-seo-premium-wordpress\/ -->\n<title>Bizarrap inaugura a flagship da JD em Barcelona - HIGHXTAR.<\/title>\n<meta name=\"description\" content=\"A abertura da nova flagship da JD em Barcelona, com Bizarrap, refor\u00e7a o papel da cidade como ponto chave do streetwear europeu.\" \/>\n<meta name=\"robots\" content=\"index, follow, max-snippet:-1, max-image-preview:large, max-video-preview:-1\" \/>\n<link rel=\"canonical\" href=\"https:\/\/highxtar.com\/pt-pt\/bizarrap-inaugura-a-flagship-da-jd-em-barcelona\/\" \/>\n<meta property=\"og:locale\" content=\"pt_PT\" \/>\n<meta property=\"og:type\" content=\"article\" \/>\n<meta property=\"og:title\" content=\"Bizarrap inaugura a flagship da JD em Barcelona\" \/>\n<meta property=\"og:description\" content=\"A abertura da nova flagship da JD em Barcelona, com Bizarrap, refor\u00e7a o papel da cidade como ponto chave do streetwear europeu.\" \/>\n<meta property=\"og:url\" content=\"https:\/\/highxtar.com\/pt-pt\/bizarrap-inaugura-a-flagship-da-jd-em-barcelona\/\" \/>\n<meta property=\"og:site_name\" content=\"HIGHXTAR.\" \/>\n<meta property=\"article:publisher\" content=\"https:\/\/www.facebook.com\/highxtar\" \/>\n<meta property=\"article:published_time\" content=\"2025-11-24T09:10:05+00:00\" \/>\n<meta property=\"article:modified_time\" content=\"2025-11-24T09:10:06+00:00\" \/>\n<meta property=\"og:image\" content=\"https:\/\/highxtar.com\/wp-content\/uploads\/2025\/11\/Thumb-BIZARRAP-JD.png\" \/>\n\t<meta property=\"og:image:width\" content=\"1600\" \/>\n\t<meta property=\"og:image:height\" content=\"1200\" \/>\n\t<meta property=\"og:image:type\" content=\"image\/png\" \/>\n<meta name=\"author\" content=\"Alejandro Ventura\" \/>\n<meta name=\"twitter:card\" content=\"summary_large_image\" \/>\n<meta name=\"twitter:creator\" content=\"@highxtar_\" \/>\n<meta name=\"twitter:site\" content=\"@highxtar_\" \/>\n<meta name=\"twitter:label1\" content=\"Escrito por\" \/>\n\t<meta name=\"twitter:data1\" content=\"Alejandro Ventura\" \/>\n\t<meta name=\"twitter:label2\" content=\"Tempo estimado de leitura\" \/>\n\t<meta name=\"twitter:data2\" content=\"2 minutos\" \/>\n<script type=\"application\/ld+json\" class=\"yoast-schema-graph\">{\"@context\":\"https:\\\/\\\/schema.org\",\"@graph\":[{\"@type\":\"Article\",\"@id\":\"https:\\\/\\\/highxtar.com\\\/pt-pt\\\/bizarrap-inaugura-a-flagship-da-jd-em-barcelona\\\/#article\",\"isPartOf\":{\"@id\":\"https:\\\/\\\/highxtar.com\\\/pt-pt\\\/bizarrap-inaugura-a-flagship-da-jd-em-barcelona\\\/\"},\"author\":{\"name\":\"Alejandro Ventura\",\"@id\":\"https:\\\/\\\/highxtar.com\\\/#\\\/schema\\\/person\\\/aa0ea1a0bf59bf7b780d9de744057f3f\"},\"headline\":\"Bizarrap inaugura a flagship da JD em Barcelona\",\"datePublished\":\"2025-11-24T09:10:05+00:00\",\"dateModified\":\"2025-11-24T09:10:06+00:00\",\"mainEntityOfPage\":{\"@id\":\"https:\\\/\\\/highxtar.com\\\/pt-pt\\\/bizarrap-inaugura-a-flagship-da-jd-em-barcelona\\\/\"},\"wordCount\":367,\"commentCount\":0,\"publisher\":{\"@id\":\"https:\\\/\\\/highxtar.com\\\/#organization\"},\"image\":{\"@id\":\"https:\\\/\\\/highxtar.com\\\/pt-pt\\\/bizarrap-inaugura-a-flagship-da-jd-em-barcelona\\\/#primaryimage\"},\"thumbnailUrl\":\"https:\\\/\\\/highxtar.com\\\/wp-content\\\/uploads\\\/2025\\\/11\\\/Thumb-BIZARRAP-JD.png\",\"articleSection\":[\"Moda\"],\"inLanguage\":\"pt-PT\",\"potentialAction\":[{\"@type\":\"CommentAction\",\"name\":\"Comment\",\"target\":[\"https:\\\/\\\/highxtar.com\\\/pt-pt\\\/bizarrap-inaugura-a-flagship-da-jd-em-barcelona\\\/#respond\"]}],\"copyrightYear\":\"2025\",\"copyrightHolder\":{\"@id\":\"https:\\\/\\\/highxtar.com\\\/#organization\"}},{\"@type\":\"WebPage\",\"@id\":\"https:\\\/\\\/highxtar.com\\\/pt-pt\\\/bizarrap-inaugura-a-flagship-da-jd-em-barcelona\\\/\",\"url\":\"https:\\\/\\\/highxtar.com\\\/pt-pt\\\/bizarrap-inaugura-a-flagship-da-jd-em-barcelona\\\/\",\"name\":\"Bizarrap inaugura a flagship da JD em Barcelona - HIGHXTAR.\",\"isPartOf\":{\"@id\":\"https:\\\/\\\/highxtar.com\\\/#website\"},\"primaryImageOfPage\":{\"@id\":\"https:\\\/\\\/highxtar.com\\\/pt-pt\\\/bizarrap-inaugura-a-flagship-da-jd-em-barcelona\\\/#primaryimage\"},\"image\":{\"@id\":\"https:\\\/\\\/highxtar.com\\\/pt-pt\\\/bizarrap-inaugura-a-flagship-da-jd-em-barcelona\\\/#primaryimage\"},\"thumbnailUrl\":\"https:\\\/\\\/highxtar.com\\\/wp-content\\\/uploads\\\/2025\\\/11\\\/Thumb-BIZARRAP-JD.png\",\"datePublished\":\"2025-11-24T09:10:05+00:00\",\"dateModified\":\"2025-11-24T09:10:06+00:00\",\"description\":\"A abertura da nova flagship da JD em Barcelona, com Bizarrap, refor\u00e7a o papel da cidade como ponto chave do streetwear europeu.\",\"breadcrumb\":{\"@id\":\"https:\\\/\\\/highxtar.com\\\/pt-pt\\\/bizarrap-inaugura-a-flagship-da-jd-em-barcelona\\\/#breadcrumb\"},\"inLanguage\":\"pt-PT\",\"potentialAction\":[{\"@type\":\"ReadAction\",\"target\":[\"https:\\\/\\\/highxtar.com\\\/pt-pt\\\/bizarrap-inaugura-a-flagship-da-jd-em-barcelona\\\/\"]}]},{\"@type\":\"ImageObject\",\"inLanguage\":\"pt-PT\",\"@id\":\"https:\\\/\\\/highxtar.com\\\/pt-pt\\\/bizarrap-inaugura-a-flagship-da-jd-em-barcelona\\\/#primaryimage\",\"url\":\"https:\\\/\\\/highxtar.com\\\/wp-content\\\/uploads\\\/2025\\\/11\\\/Thumb-BIZARRAP-JD.png\",\"contentUrl\":\"https:\\\/\\\/highxtar.com\\\/wp-content\\\/uploads\\\/2025\\\/11\\\/Thumb-BIZARRAP-JD.png\",\"width\":1600,\"height\":1200},{\"@type\":\"BreadcrumbList\",\"@id\":\"https:\\\/\\\/highxtar.com\\\/pt-pt\\\/bizarrap-inaugura-a-flagship-da-jd-em-barcelona\\\/#breadcrumb\",\"itemListElement\":[{\"@type\":\"ListItem\",\"position\":1,\"name\":\"Home\",\"item\":\"https:\\\/\\\/highxtar.com\\\/pt-pt\\\/\"},{\"@type\":\"ListItem\",\"position\":2,\"name\":\"Bizarrap inaugura a flagship da JD em Barcelona\"}]},{\"@type\":\"WebSite\",\"@id\":\"https:\\\/\\\/highxtar.com\\\/#website\",\"url\":\"https:\\\/\\\/highxtar.com\\\/\",\"name\":\"HIGHXTAR.\",\"description\":\"HIGHXTAR. es la voz latina de la moda y el streetwear. Devotos de las cosas que hacen la vida urbana excitante: Moda, M\u00fasica, Lifestyle, Arte &amp; Dise\u00f1o.\",\"publisher\":{\"@id\":\"https:\\\/\\\/highxtar.com\\\/#organization\"},\"potentialAction\":[{\"@type\":\"SearchAction\",\"target\":{\"@type\":\"EntryPoint\",\"urlTemplate\":\"https:\\\/\\\/highxtar.com\\\/?s={search_term_string}\"},\"query-input\":{\"@type\":\"PropertyValueSpecification\",\"valueRequired\":true,\"valueName\":\"search_term_string\"}}],\"inLanguage\":\"pt-PT\"},{\"@type\":\"Organization\",\"@id\":\"https:\\\/\\\/highxtar.com\\\/#organization\",\"name\":\"HIGHXTAR.\",\"url\":\"https:\\\/\\\/highxtar.com\\\/\",\"logo\":{\"@type\":\"ImageObject\",\"inLanguage\":\"pt-PT\",\"@id\":\"https:\\\/\\\/highxtar.com\\\/#\\\/schema\\\/logo\\\/image\\\/\",\"url\":\"https:\\\/\\\/highxtar.com\\\/wp-content\\\/uploads\\\/2016\\\/03\\\/HIGHXTAR_com_Favicon_2019.jpg\",\"contentUrl\":\"https:\\\/\\\/highxtar.com\\\/wp-content\\\/uploads\\\/2016\\\/03\\\/HIGHXTAR_com_Favicon_2019.jpg\",\"width\":1200,\"height\":1200,\"caption\":\"HIGHXTAR.\"},\"image\":{\"@id\":\"https:\\\/\\\/highxtar.com\\\/#\\\/schema\\\/logo\\\/image\\\/\"},\"sameAs\":[\"https:\\\/\\\/www.facebook.com\\\/highxtar\",\"https:\\\/\\\/x.com\\\/highxtar_\",\"https:\\\/\\\/www.instagram.com\\\/highxtar\",\"https:\\\/\\\/www.tiktok.com\\\/@highxtar\",\"https:\\\/\\\/www.youtube.com\\\/c\\\/highxtarofficial\",\"https:\\\/\\\/open.spotify.com\\\/user\\\/highxtar\"]},{\"@type\":\"Person\",\"@id\":\"https:\\\/\\\/highxtar.com\\\/#\\\/schema\\\/person\\\/aa0ea1a0bf59bf7b780d9de744057f3f\",\"name\":\"Alejandro Ventura\",\"url\":\"https:\\\/\\\/highxtar.com\\\/pt-pt\\\/author\\\/alejandroventura\\\/\"}]}<\/script>\n<!-- \/ Yoast SEO Premium plugin. -->","yoast_head_json":{"title":"Bizarrap inaugura a flagship da JD em Barcelona - HIGHXTAR.","description":"A abertura da nova flagship da JD em Barcelona, com Bizarrap, refor\u00e7a o papel da cidade como ponto chave do streetwear europeu.","robots":{"index":"index","follow":"follow","max-snippet":"max-snippet:-1","max-image-preview":"max-image-preview:large","max-video-preview":"max-video-preview:-1"},"canonical":"https:\/\/highxtar.com\/pt-pt\/bizarrap-inaugura-a-flagship-da-jd-em-barcelona\/","og_locale":"pt_PT","og_type":"article","og_title":"Bizarrap inaugura a flagship da JD em Barcelona","og_description":"A abertura da nova flagship da JD em Barcelona, com Bizarrap, refor\u00e7a o papel da cidade como ponto chave do streetwear europeu.","og_url":"https:\/\/highxtar.com\/pt-pt\/bizarrap-inaugura-a-flagship-da-jd-em-barcelona\/","og_site_name":"HIGHXTAR.","article_publisher":"https:\/\/www.facebook.com\/highxtar","article_published_time":"2025-11-24T09:10:05+00:00","article_modified_time":"2025-11-24T09:10:06+00:00","og_image":[{"width":1600,"height":1200,"url":"https:\/\/highxtar.com\/wp-content\/uploads\/2025\/11\/Thumb-BIZARRAP-JD.png","type":"image\/png"}],"author":"Alejandro Ventura","twitter_card":"summary_large_image","twitter_creator":"@highxtar_","twitter_site":"@highxtar_","twitter_misc":{"Escrito por":"Alejandro Ventura","Tempo estimado de leitura":"2 minutos"},"schema":{"@context":"https:\/\/schema.org","@graph":[{"@type":"Article","@id":"https:\/\/highxtar.com\/pt-pt\/bizarrap-inaugura-a-flagship-da-jd-em-barcelona\/#article","isPartOf":{"@id":"https:\/\/highxtar.com\/pt-pt\/bizarrap-inaugura-a-flagship-da-jd-em-barcelona\/"},"author":{"name":"Alejandro Ventura","@id":"https:\/\/highxtar.com\/#\/schema\/person\/aa0ea1a0bf59bf7b780d9de744057f3f"},"headline":"Bizarrap inaugura a flagship da JD em Barcelona","datePublished":"2025-11-24T09:10:05+00:00","dateModified":"2025-11-24T09:10:06+00:00","mainEntityOfPage":{"@id":"https:\/\/highxtar.com\/pt-pt\/bizarrap-inaugura-a-flagship-da-jd-em-barcelona\/"},"wordCount":367,"commentCount":0,"publisher":{"@id":"https:\/\/highxtar.com\/#organization"},"image":{"@id":"https:\/\/highxtar.com\/pt-pt\/bizarrap-inaugura-a-flagship-da-jd-em-barcelona\/#primaryimage"},"thumbnailUrl":"https:\/\/highxtar.com\/wp-content\/uploads\/2025\/11\/Thumb-BIZARRAP-JD.png","articleSection":["Moda"],"inLanguage":"pt-PT","potentialAction":[{"@type":"CommentAction","name":"Comment","target":["https:\/\/highxtar.com\/pt-pt\/bizarrap-inaugura-a-flagship-da-jd-em-barcelona\/#respond"]}],"copyrightYear":"2025","copyrightHolder":{"@id":"https:\/\/highxtar.com\/#organization"}},{"@type":"WebPage","@id":"https:\/\/highxtar.com\/pt-pt\/bizarrap-inaugura-a-flagship-da-jd-em-barcelona\/","url":"https:\/\/highxtar.com\/pt-pt\/bizarrap-inaugura-a-flagship-da-jd-em-barcelona\/","name":"Bizarrap inaugura a flagship da JD em Barcelona - HIGHXTAR.","isPartOf":{"@id":"https:\/\/highxtar.com\/#website"},"primaryImageOfPage":{"@id":"https:\/\/highxtar.com\/pt-pt\/bizarrap-inaugura-a-flagship-da-jd-em-barcelona\/#primaryimage"},"image":{"@id":"https:\/\/highxtar.com\/pt-pt\/bizarrap-inaugura-a-flagship-da-jd-em-barcelona\/#primaryimage"},"thumbnailUrl":"https:\/\/highxtar.com\/wp-content\/uploads\/2025\/11\/Thumb-BIZARRAP-JD.png","datePublished":"2025-11-24T09:10:05+00:00","dateModified":"2025-11-24T09:10:06+00:00","description":"A abertura da nova flagship da JD em Barcelona, com Bizarrap, refor\u00e7a o papel da cidade como ponto chave do streetwear europeu.","breadcrumb":{"@id":"https:\/\/highxtar.com\/pt-pt\/bizarrap-inaugura-a-flagship-da-jd-em-barcelona\/#breadcrumb"},"inLanguage":"pt-PT","potentialAction":[{"@type":"ReadAction","target":["https:\/\/highxtar.com\/pt-pt\/bizarrap-inaugura-a-flagship-da-jd-em-barcelona\/"]}]},{"@type":"ImageObject","inLanguage":"pt-PT","@id":"https:\/\/highxtar.com\/pt-pt\/bizarrap-inaugura-a-flagship-da-jd-em-barcelona\/#primaryimage","url":"https:\/\/highxtar.com\/wp-content\/uploads\/2025\/11\/Thumb-BIZARRAP-JD.png","contentUrl":"https:\/\/highxtar.com\/wp-content\/uploads\/2025\/11\/Thumb-BIZARRAP-JD.png","width":1600,"height":1200},{"@type":"BreadcrumbList","@id":"https:\/\/highxtar.com\/pt-pt\/bizarrap-inaugura-a-flagship-da-jd-em-barcelona\/#breadcrumb","itemListElement":[{"@type":"ListItem","position":1,"name":"Home","item":"https:\/\/highxtar.com\/pt-pt\/"},{"@type":"ListItem","position":2,"name":"Bizarrap inaugura a flagship da JD em Barcelona"}]},{"@type":"WebSite","@id":"https:\/\/highxtar.com\/#website","url":"https:\/\/highxtar.com\/","name":"HIGHXTAR.","description":"HIGHXTAR. es la voz latina de la moda y el streetwear. Devotos de las cosas que hacen la vida urbana excitante: Moda, M\u00fasica, Lifestyle, Arte &amp; Dise\u00f1o.","publisher":{"@id":"https:\/\/highxtar.com\/#organization"},"potentialAction":[{"@type":"SearchAction","target":{"@type":"EntryPoint","urlTemplate":"https:\/\/highxtar.com\/?s={search_term_string}"},"query-input":{"@type":"PropertyValueSpecification","valueRequired":true,"valueName":"search_term_string"}}],"inLanguage":"pt-PT"},{"@type":"Organization","@id":"https:\/\/highxtar.com\/#organization","name":"HIGHXTAR.","url":"https:\/\/highxtar.com\/","logo":{"@type":"ImageObject","inLanguage":"pt-PT","@id":"https:\/\/highxtar.com\/#\/schema\/logo\/image\/","url":"https:\/\/highxtar.com\/wp-content\/uploads\/2016\/03\/HIGHXTAR_com_Favicon_2019.jpg","contentUrl":"https:\/\/highxtar.com\/wp-content\/uploads\/2016\/03\/HIGHXTAR_com_Favicon_2019.jpg","width":1200,"height":1200,"caption":"HIGHXTAR."},"image":{"@id":"https:\/\/highxtar.com\/#\/schema\/logo\/image\/"},"sameAs":["https:\/\/www.facebook.com\/highxtar","https:\/\/x.com\/highxtar_","https:\/\/www.instagram.com\/highxtar","https:\/\/www.tiktok.com\/@highxtar","https:\/\/www.youtube.com\/c\/highxtarofficial","https:\/\/open.spotify.com\/user\/highxtar"]},{"@type":"Person","@id":"https:\/\/highxtar.com\/#\/schema\/person\/aa0ea1a0bf59bf7b780d9de744057f3f","name":"Alejandro Ventura","url":"https:\/\/highxtar.com\/pt-pt\/author\/alejandroventura\/"}]}},"_links":{"self":[{"href":"https:\/\/highxtar.com\/pt-pt\/wp-json\/wp\/v2\/posts\/552265","targetHints":{"allow":["GET"]}}],"collection":[{"href":"https:\/\/highxtar.com\/pt-pt\/wp-json\/wp\/v2\/posts"}],"about":[{"href":"https:\/\/highxtar.com\/pt-pt\/wp-json\/wp\/v2\/types\/post"}],"author":[{"embeddable":true,"href":"https:\/\/highxtar.com\/pt-pt\/wp-json\/wp\/v2\/users\/50"}],"replies":[{"embeddable":true,"href":"https:\/\/highxtar.com\/pt-pt\/wp-json\/wp\/v2\/comments?post=552265"}],"version-history":[{"count":2,"href":"https:\/\/highxtar.com\/pt-pt\/wp-json\/wp\/v2\/posts\/552265\/revisions"}],"predecessor-version":[{"id":552268,"href":"https:\/\/highxtar.com\/pt-pt\/wp-json\/wp\/v2\/posts\/552265\/revisions\/552268"}],"wp:featuredmedia":[{"embeddable":true,"href":"https:\/\/highxtar.com\/pt-pt\/wp-json\/wp\/v2\/media\/552253"}],"wp:attachment":[{"href":"https:\/\/highxtar.com\/pt-pt\/wp-json\/wp\/v2\/media?parent=552265"}],"wp:term":[{"taxonomy":"category","embeddable":true,"href":"https:\/\/highxtar.com\/pt-pt\/wp-json\/wp\/v2\/categories?post=552265"},{"taxonomy":"post_tag","embeddable":true,"href":"https:\/\/highxtar.com\/pt-pt\/wp-json\/wp\/v2\/tags?post=552265"}],"curies":[{"name":"wp","href":"https:\/\/api.w.org\/{rel}","templated":true}]}}