{"id":552557,"date":"2025-11-25T12:09:13","date_gmt":"2025-11-25T11:09:13","guid":{"rendered":"https:\/\/highxtar.com\/?p=552557"},"modified":"2025-11-25T12:09:14","modified_gmt":"2025-11-25T11:09:14","slug":"a-jd-reforca-a-sua-presenca-em-madrid-com-a-ampliacao-da-sua-loja-no-westfield-parquesur","status":"publish","type":"post","link":"https:\/\/highxtar.com\/pt-pt\/a-jd-reforca-a-sua-presenca-em-madrid-com-a-ampliacao-da-sua-loja-no-westfield-parquesur\/","title":{"rendered":"A JD refor\u00e7a a sua presen\u00e7a em Madrid com a amplia\u00e7\u00e3o da sua loja no Westfield Parquesur"},"content":{"rendered":"\n<p>A <strong><a href=\"https:\/\/www.jdsports.es\/?utm_source=google&amp;utm_medium=cpc&amp;utm_campaign=es_brand_em&amp;gad_source=1&amp;gad_campaignid=9718895882&amp;gbraid=0AAAAAqnhh_owlih4hissPUrb4lfbGiIbA&amp;gclid=Cj0KCQiAxJXJBhD_ARIsAH_JGjjynlCICXB4Ae0AgwdG7fyRrRxR7ToI8GKk1AAfrWmqsWD3IsrVgm0aAkx2EALw_wcB\" target=\"_blank\" rel=\"noreferrer noopener\">JD<\/a><\/strong> refor\u00e7a a sua presen\u00e7a em Madrid com a amplia\u00e7\u00e3o da sua loja no Westfield Parquesur. A marca continua a consolidar a sua posi\u00e7\u00e3o como uma das grandes refer\u00eancias do retail urbano em Espanha. A empresa brit\u00e2nica reabrir\u00e1 a sua loja no Westfield Parquesur (Legan\u00e9s) no pr\u00f3ximo <strong>27 de novembro<\/strong>, agora com um espa\u00e7o ampliado que atinge <strong>462 m\u00b2<\/strong>. Esta \u00e9 a <strong>segunda amplia\u00e7\u00e3o<\/strong> do ponto de venda, um movimento que sublinha a import\u00e2ncia estrat\u00e9gica de Parquesur dentro da Comunidade de Madrid.<\/p>\n\n\n\n<p>A reabertura incluir\u00e1 uma programa\u00e7\u00e3o especial. Contar\u00e1 com a presen\u00e7a de <strong>Hoodrich<\/strong> e <strong>Crep Protect<\/strong>, al\u00e9m de nomes como o grupo de rap <strong>Hijos de la Ruina<\/strong> e o streamer <strong>DjMaRiiO<\/strong>, que participar\u00e3o em diversas ativa\u00e7\u00f5es.<\/p>\n\n\n\n<h3 class=\"wp-block-heading has-text-align-center\" id=\"h-um-espaco-chave-dentro-da-rede-jd\">Um espa\u00e7o-chave dentro da rede JD<\/h3>\n\n\n\n<p>A loja de Parquesur tornou-se um dos pontos de venda mais fortes da marca. Tem ocupado regularmente posi\u00e7\u00f5es de <strong>top vendas<\/strong> tanto a n\u00edvel regional como nacional. Com esta amplia\u00e7\u00e3o, a JD aposta numa experi\u00eancia de compra refor\u00e7ada num ambiente que re\u00fane grandes nomes do panorama internacional.<\/p>\n\n\n\n<p>No interior, os visitantes encontrar\u00e3o novidades da <strong>Nike, adidas, New Balance, The North Face, Puma<\/strong> e outras marcas essenciais no universo streetwear e sportswear.<\/p>\n\n\n\n<h3 class=\"wp-block-heading has-text-align-center\" id=\"h-criacao-de-emprego-e-consolidacao-regional\">Cria\u00e7\u00e3o de emprego e consolida\u00e7\u00e3o regional<\/h3>\n\n\n\n<p>A amplia\u00e7\u00e3o representa tamb\u00e9m um impulso em termos laborais. O espa\u00e7o contar\u00e1 com <strong>43 novos colaboradores<\/strong>, e a equipa poder\u00e1 chegar a cerca de <strong>100 pessoas<\/strong> em per\u00edodos de elevada procura, como <strong>Black Friday<\/strong>, <strong>Natal<\/strong> ou <strong>\u00e9poca de saldos<\/strong>. Com estas contrata\u00e7\u00f5es, a JD passa a ter <strong>370 trabalhadores<\/strong> nas suas lojas da Comunidade de Madrid, refor\u00e7ando assim o seu compromisso com a economia local.<\/p>\n\n\n\n<h3 class=\"wp-block-heading has-text-align-center\" id=\"h-ativacoes-e-experiencias\">Ativa\u00e7\u00f5es e experi\u00eancias<\/h3>\n\n\n\n<p>A reabertura ser\u00e1 acompanhada por v\u00e1rias a\u00e7\u00f5es especiais. Entre <strong>6 e 8 de dezembro<\/strong>, a <strong>Crep Protect<\/strong> liderar\u00e1 uma ativa\u00e7\u00e3o na loja. A isto juntar-se-\u00e3o atividades com <strong>Hijos de la Ruina<\/strong> e <strong>DjMaRiiO<\/strong>, focadas em ligar-se ao p\u00fablico jovem.<\/p>\n\n\n\n<p>No <strong>18 de janeiro<\/strong>, a pra\u00e7a principal do Westfield Parquesur receber\u00e1 um <strong>campo de basquetebol<\/strong> criado em colabora\u00e7\u00e3o com a <strong>Hoodrich<\/strong>, com pr\u00e9mios, DJ ao vivo e mais surpresas para os participantes.<\/p>\n\n\n\n<p>Em <strong>fevereiro<\/strong>, as ativa\u00e7\u00f5es continuar\u00e3o com op\u00e7\u00f5es de <strong>customiza\u00e7\u00e3o de produtos<\/strong>, um <strong>photobooth<\/strong> e novas experi\u00eancias pensadas para aumentar a intera\u00e7\u00e3o com os consumidores.<\/p>\n\n\n\n<p><strong><a href=\"https:\/\/highxtar.com\/pt-pt\/bizarrap-inaugura-a-flagship-da-jd-em-barcelona\/\" target=\"_blank\" rel=\"noreferrer noopener\">Bizarrap inaugura a flagship da JD em Barcelona.<\/a><\/strong><\/p>\n","protected":false},"excerpt":{"rendered":"<p>A JD continua a refor\u00e7ar a sua presen\u00e7a na Comunidade de Madrid com a amplia\u00e7\u00e3o da sua loja no Westfield Parquesur.<\/p>\n","protected":false},"author":50,"featured_media":552551,"comment_status":"open","ping_status":"closed","sticky":false,"template":"","format":"standard","meta":{"_acf_changed":false,"footnotes":""},"categories":[3737],"tags":[],"class_list":["post-552557","post","type-post","status-publish","format-standard","has-post-thumbnail","hentry","category-moda"],"acf":[],"yoast_head":"<!-- This site is optimized with the Yoast SEO Premium plugin  - https:\/\/yoast.com\/product\/yoast-seo-premium-wordpress\/ -->\n<title>A JD refor\u00e7a a sua presen\u00e7a em Madrid com a amplia\u00e7\u00e3o da sua loja no Westfield Parquesur - HIGHXTAR.<\/title>\n<meta name=\"description\" content=\"A JD continua a refor\u00e7ar a sua presen\u00e7a na Comunidade de Madrid com a amplia\u00e7\u00e3o da sua loja no Westfield Parquesur.\" \/>\n<meta name=\"robots\" content=\"index, follow, max-snippet:-1, max-image-preview:large, max-video-preview:-1\" \/>\n<link rel=\"canonical\" href=\"https:\/\/highxtar.com\/pt-pt\/a-jd-reforca-a-sua-presenca-em-madrid-com-a-ampliacao-da-sua-loja-no-westfield-parquesur\/\" \/>\n<meta property=\"og:locale\" content=\"pt_PT\" \/>\n<meta property=\"og:type\" content=\"article\" \/>\n<meta property=\"og:title\" content=\"A JD refor\u00e7a a sua presen\u00e7a em Madrid com a amplia\u00e7\u00e3o da sua loja no Westfield Parquesur\" \/>\n<meta property=\"og:description\" content=\"A JD continua a refor\u00e7ar a sua presen\u00e7a na Comunidade de Madrid com a amplia\u00e7\u00e3o da sua loja no Westfield Parquesur.\" \/>\n<meta property=\"og:url\" content=\"https:\/\/highxtar.com\/pt-pt\/a-jd-reforca-a-sua-presenca-em-madrid-com-a-ampliacao-da-sua-loja-no-westfield-parquesur\/\" \/>\n<meta property=\"og:site_name\" content=\"HIGHXTAR.\" \/>\n<meta property=\"article:publisher\" content=\"https:\/\/www.facebook.com\/highxtar\" \/>\n<meta property=\"article:published_time\" content=\"2025-11-25T11:09:13+00:00\" \/>\n<meta property=\"article:modified_time\" content=\"2025-11-25T11:09:14+00:00\" \/>\n<meta property=\"og:image\" content=\"https:\/\/highxtar.com\/wp-content\/uploads\/2025\/11\/Thumb-JD-Parquesur.png\" \/>\n\t<meta property=\"og:image:width\" content=\"1600\" \/>\n\t<meta property=\"og:image:height\" content=\"1200\" \/>\n\t<meta property=\"og:image:type\" content=\"image\/png\" \/>\n<meta name=\"author\" content=\"Alejandro Ventura\" \/>\n<meta name=\"twitter:card\" content=\"summary_large_image\" \/>\n<meta name=\"twitter:creator\" content=\"@highxtar_\" \/>\n<meta name=\"twitter:site\" content=\"@highxtar_\" \/>\n<meta name=\"twitter:label1\" content=\"Escrito por\" \/>\n\t<meta name=\"twitter:data1\" content=\"Alejandro Ventura\" \/>\n\t<meta name=\"twitter:label2\" content=\"Tempo estimado de leitura\" \/>\n\t<meta name=\"twitter:data2\" content=\"2 minutos\" \/>\n<script type=\"application\/ld+json\" class=\"yoast-schema-graph\">{\"@context\":\"https:\\\/\\\/schema.org\",\"@graph\":[{\"@type\":\"Article\",\"@id\":\"https:\\\/\\\/highxtar.com\\\/pt-pt\\\/a-jd-reforca-a-sua-presenca-em-madrid-com-a-ampliacao-da-sua-loja-no-westfield-parquesur\\\/#article\",\"isPartOf\":{\"@id\":\"https:\\\/\\\/highxtar.com\\\/pt-pt\\\/a-jd-reforca-a-sua-presenca-em-madrid-com-a-ampliacao-da-sua-loja-no-westfield-parquesur\\\/\"},\"author\":{\"name\":\"Alejandro Ventura\",\"@id\":\"https:\\\/\\\/highxtar.com\\\/#\\\/schema\\\/person\\\/aa0ea1a0bf59bf7b780d9de744057f3f\"},\"headline\":\"A JD refor\u00e7a a sua presen\u00e7a em Madrid com a amplia\u00e7\u00e3o da sua loja no Westfield Parquesur\",\"datePublished\":\"2025-11-25T11:09:13+00:00\",\"dateModified\":\"2025-11-25T11:09:14+00:00\",\"mainEntityOfPage\":{\"@id\":\"https:\\\/\\\/highxtar.com\\\/pt-pt\\\/a-jd-reforca-a-sua-presenca-em-madrid-com-a-ampliacao-da-sua-loja-no-westfield-parquesur\\\/\"},\"wordCount\":433,\"commentCount\":0,\"publisher\":{\"@id\":\"https:\\\/\\\/highxtar.com\\\/#organization\"},\"image\":{\"@id\":\"https:\\\/\\\/highxtar.com\\\/pt-pt\\\/a-jd-reforca-a-sua-presenca-em-madrid-com-a-ampliacao-da-sua-loja-no-westfield-parquesur\\\/#primaryimage\"},\"thumbnailUrl\":\"https:\\\/\\\/highxtar.com\\\/wp-content\\\/uploads\\\/2025\\\/11\\\/Thumb-JD-Parquesur.png\",\"articleSection\":[\"Moda\"],\"inLanguage\":\"pt-PT\",\"potentialAction\":[{\"@type\":\"CommentAction\",\"name\":\"Comment\",\"target\":[\"https:\\\/\\\/highxtar.com\\\/pt-pt\\\/a-jd-reforca-a-sua-presenca-em-madrid-com-a-ampliacao-da-sua-loja-no-westfield-parquesur\\\/#respond\"]}],\"copyrightYear\":\"2025\",\"copyrightHolder\":{\"@id\":\"https:\\\/\\\/highxtar.com\\\/#organization\"}},{\"@type\":\"WebPage\",\"@id\":\"https:\\\/\\\/highxtar.com\\\/pt-pt\\\/a-jd-reforca-a-sua-presenca-em-madrid-com-a-ampliacao-da-sua-loja-no-westfield-parquesur\\\/\",\"url\":\"https:\\\/\\\/highxtar.com\\\/pt-pt\\\/a-jd-reforca-a-sua-presenca-em-madrid-com-a-ampliacao-da-sua-loja-no-westfield-parquesur\\\/\",\"name\":\"A JD refor\u00e7a a sua presen\u00e7a em Madrid com a amplia\u00e7\u00e3o da sua loja no Westfield Parquesur - HIGHXTAR.\",\"isPartOf\":{\"@id\":\"https:\\\/\\\/highxtar.com\\\/#website\"},\"primaryImageOfPage\":{\"@id\":\"https:\\\/\\\/highxtar.com\\\/pt-pt\\\/a-jd-reforca-a-sua-presenca-em-madrid-com-a-ampliacao-da-sua-loja-no-westfield-parquesur\\\/#primaryimage\"},\"image\":{\"@id\":\"https:\\\/\\\/highxtar.com\\\/pt-pt\\\/a-jd-reforca-a-sua-presenca-em-madrid-com-a-ampliacao-da-sua-loja-no-westfield-parquesur\\\/#primaryimage\"},\"thumbnailUrl\":\"https:\\\/\\\/highxtar.com\\\/wp-content\\\/uploads\\\/2025\\\/11\\\/Thumb-JD-Parquesur.png\",\"datePublished\":\"2025-11-25T11:09:13+00:00\",\"dateModified\":\"2025-11-25T11:09:14+00:00\",\"description\":\"A JD continua a refor\u00e7ar a sua presen\u00e7a na Comunidade de Madrid com a amplia\u00e7\u00e3o da sua loja no Westfield Parquesur.\",\"breadcrumb\":{\"@id\":\"https:\\\/\\\/highxtar.com\\\/pt-pt\\\/a-jd-reforca-a-sua-presenca-em-madrid-com-a-ampliacao-da-sua-loja-no-westfield-parquesur\\\/#breadcrumb\"},\"inLanguage\":\"pt-PT\",\"potentialAction\":[{\"@type\":\"ReadAction\",\"target\":[\"https:\\\/\\\/highxtar.com\\\/pt-pt\\\/a-jd-reforca-a-sua-presenca-em-madrid-com-a-ampliacao-da-sua-loja-no-westfield-parquesur\\\/\"]}]},{\"@type\":\"ImageObject\",\"inLanguage\":\"pt-PT\",\"@id\":\"https:\\\/\\\/highxtar.com\\\/pt-pt\\\/a-jd-reforca-a-sua-presenca-em-madrid-com-a-ampliacao-da-sua-loja-no-westfield-parquesur\\\/#primaryimage\",\"url\":\"https:\\\/\\\/highxtar.com\\\/wp-content\\\/uploads\\\/2025\\\/11\\\/Thumb-JD-Parquesur.png\",\"contentUrl\":\"https:\\\/\\\/highxtar.com\\\/wp-content\\\/uploads\\\/2025\\\/11\\\/Thumb-JD-Parquesur.png\",\"width\":1600,\"height\":1200},{\"@type\":\"BreadcrumbList\",\"@id\":\"https:\\\/\\\/highxtar.com\\\/pt-pt\\\/a-jd-reforca-a-sua-presenca-em-madrid-com-a-ampliacao-da-sua-loja-no-westfield-parquesur\\\/#breadcrumb\",\"itemListElement\":[{\"@type\":\"ListItem\",\"position\":1,\"name\":\"Home\",\"item\":\"https:\\\/\\\/highxtar.com\\\/pt-pt\\\/\"},{\"@type\":\"ListItem\",\"position\":2,\"name\":\"A JD refor\u00e7a a sua presen\u00e7a em Madrid com a amplia\u00e7\u00e3o da sua loja no Westfield Parquesur\"}]},{\"@type\":\"WebSite\",\"@id\":\"https:\\\/\\\/highxtar.com\\\/#website\",\"url\":\"https:\\\/\\\/highxtar.com\\\/\",\"name\":\"HIGHXTAR.\",\"description\":\"HIGHXTAR. es la voz latina de la moda y el streetwear. Devotos de las cosas que hacen la vida urbana excitante: Moda, M\u00fasica, Lifestyle, Arte &amp; Dise\u00f1o.\",\"publisher\":{\"@id\":\"https:\\\/\\\/highxtar.com\\\/#organization\"},\"potentialAction\":[{\"@type\":\"SearchAction\",\"target\":{\"@type\":\"EntryPoint\",\"urlTemplate\":\"https:\\\/\\\/highxtar.com\\\/?s={search_term_string}\"},\"query-input\":{\"@type\":\"PropertyValueSpecification\",\"valueRequired\":true,\"valueName\":\"search_term_string\"}}],\"inLanguage\":\"pt-PT\"},{\"@type\":\"Organization\",\"@id\":\"https:\\\/\\\/highxtar.com\\\/#organization\",\"name\":\"HIGHXTAR.\",\"url\":\"https:\\\/\\\/highxtar.com\\\/\",\"logo\":{\"@type\":\"ImageObject\",\"inLanguage\":\"pt-PT\",\"@id\":\"https:\\\/\\\/highxtar.com\\\/#\\\/schema\\\/logo\\\/image\\\/\",\"url\":\"https:\\\/\\\/highxtar.com\\\/wp-content\\\/uploads\\\/2016\\\/03\\\/HIGHXTAR_com_Favicon_2019.jpg\",\"contentUrl\":\"https:\\\/\\\/highxtar.com\\\/wp-content\\\/uploads\\\/2016\\\/03\\\/HIGHXTAR_com_Favicon_2019.jpg\",\"width\":1200,\"height\":1200,\"caption\":\"HIGHXTAR.\"},\"image\":{\"@id\":\"https:\\\/\\\/highxtar.com\\\/#\\\/schema\\\/logo\\\/image\\\/\"},\"sameAs\":[\"https:\\\/\\\/www.facebook.com\\\/highxtar\",\"https:\\\/\\\/x.com\\\/highxtar_\",\"https:\\\/\\\/www.instagram.com\\\/highxtar\",\"https:\\\/\\\/www.tiktok.com\\\/@highxtar\",\"https:\\\/\\\/www.youtube.com\\\/c\\\/highxtarofficial\",\"https:\\\/\\\/open.spotify.com\\\/user\\\/highxtar\"]},{\"@type\":\"Person\",\"@id\":\"https:\\\/\\\/highxtar.com\\\/#\\\/schema\\\/person\\\/aa0ea1a0bf59bf7b780d9de744057f3f\",\"name\":\"Alejandro Ventura\",\"url\":\"https:\\\/\\\/highxtar.com\\\/pt-pt\\\/author\\\/alejandroventura\\\/\"}]}<\/script>\n<!-- \/ Yoast SEO Premium plugin. -->","yoast_head_json":{"title":"A JD refor\u00e7a a sua presen\u00e7a em Madrid com a amplia\u00e7\u00e3o da sua loja no Westfield Parquesur - HIGHXTAR.","description":"A JD continua a refor\u00e7ar a sua presen\u00e7a na Comunidade de Madrid com a amplia\u00e7\u00e3o da sua loja no Westfield Parquesur.","robots":{"index":"index","follow":"follow","max-snippet":"max-snippet:-1","max-image-preview":"max-image-preview:large","max-video-preview":"max-video-preview:-1"},"canonical":"https:\/\/highxtar.com\/pt-pt\/a-jd-reforca-a-sua-presenca-em-madrid-com-a-ampliacao-da-sua-loja-no-westfield-parquesur\/","og_locale":"pt_PT","og_type":"article","og_title":"A JD refor\u00e7a a sua presen\u00e7a em Madrid com a amplia\u00e7\u00e3o da sua loja no Westfield Parquesur","og_description":"A JD continua a refor\u00e7ar a sua presen\u00e7a na Comunidade de Madrid com a amplia\u00e7\u00e3o da sua loja no Westfield Parquesur.","og_url":"https:\/\/highxtar.com\/pt-pt\/a-jd-reforca-a-sua-presenca-em-madrid-com-a-ampliacao-da-sua-loja-no-westfield-parquesur\/","og_site_name":"HIGHXTAR.","article_publisher":"https:\/\/www.facebook.com\/highxtar","article_published_time":"2025-11-25T11:09:13+00:00","article_modified_time":"2025-11-25T11:09:14+00:00","og_image":[{"width":1600,"height":1200,"url":"https:\/\/highxtar.com\/wp-content\/uploads\/2025\/11\/Thumb-JD-Parquesur.png","type":"image\/png"}],"author":"Alejandro Ventura","twitter_card":"summary_large_image","twitter_creator":"@highxtar_","twitter_site":"@highxtar_","twitter_misc":{"Escrito por":"Alejandro Ventura","Tempo estimado de leitura":"2 minutos"},"schema":{"@context":"https:\/\/schema.org","@graph":[{"@type":"Article","@id":"https:\/\/highxtar.com\/pt-pt\/a-jd-reforca-a-sua-presenca-em-madrid-com-a-ampliacao-da-sua-loja-no-westfield-parquesur\/#article","isPartOf":{"@id":"https:\/\/highxtar.com\/pt-pt\/a-jd-reforca-a-sua-presenca-em-madrid-com-a-ampliacao-da-sua-loja-no-westfield-parquesur\/"},"author":{"name":"Alejandro Ventura","@id":"https:\/\/highxtar.com\/#\/schema\/person\/aa0ea1a0bf59bf7b780d9de744057f3f"},"headline":"A JD refor\u00e7a a sua presen\u00e7a em Madrid com a amplia\u00e7\u00e3o da sua loja no Westfield Parquesur","datePublished":"2025-11-25T11:09:13+00:00","dateModified":"2025-11-25T11:09:14+00:00","mainEntityOfPage":{"@id":"https:\/\/highxtar.com\/pt-pt\/a-jd-reforca-a-sua-presenca-em-madrid-com-a-ampliacao-da-sua-loja-no-westfield-parquesur\/"},"wordCount":433,"commentCount":0,"publisher":{"@id":"https:\/\/highxtar.com\/#organization"},"image":{"@id":"https:\/\/highxtar.com\/pt-pt\/a-jd-reforca-a-sua-presenca-em-madrid-com-a-ampliacao-da-sua-loja-no-westfield-parquesur\/#primaryimage"},"thumbnailUrl":"https:\/\/highxtar.com\/wp-content\/uploads\/2025\/11\/Thumb-JD-Parquesur.png","articleSection":["Moda"],"inLanguage":"pt-PT","potentialAction":[{"@type":"CommentAction","name":"Comment","target":["https:\/\/highxtar.com\/pt-pt\/a-jd-reforca-a-sua-presenca-em-madrid-com-a-ampliacao-da-sua-loja-no-westfield-parquesur\/#respond"]}],"copyrightYear":"2025","copyrightHolder":{"@id":"https:\/\/highxtar.com\/#organization"}},{"@type":"WebPage","@id":"https:\/\/highxtar.com\/pt-pt\/a-jd-reforca-a-sua-presenca-em-madrid-com-a-ampliacao-da-sua-loja-no-westfield-parquesur\/","url":"https:\/\/highxtar.com\/pt-pt\/a-jd-reforca-a-sua-presenca-em-madrid-com-a-ampliacao-da-sua-loja-no-westfield-parquesur\/","name":"A JD refor\u00e7a a sua presen\u00e7a em Madrid com a amplia\u00e7\u00e3o da sua loja no Westfield Parquesur - HIGHXTAR.","isPartOf":{"@id":"https:\/\/highxtar.com\/#website"},"primaryImageOfPage":{"@id":"https:\/\/highxtar.com\/pt-pt\/a-jd-reforca-a-sua-presenca-em-madrid-com-a-ampliacao-da-sua-loja-no-westfield-parquesur\/#primaryimage"},"image":{"@id":"https:\/\/highxtar.com\/pt-pt\/a-jd-reforca-a-sua-presenca-em-madrid-com-a-ampliacao-da-sua-loja-no-westfield-parquesur\/#primaryimage"},"thumbnailUrl":"https:\/\/highxtar.com\/wp-content\/uploads\/2025\/11\/Thumb-JD-Parquesur.png","datePublished":"2025-11-25T11:09:13+00:00","dateModified":"2025-11-25T11:09:14+00:00","description":"A JD continua a refor\u00e7ar a sua presen\u00e7a na Comunidade de Madrid com a amplia\u00e7\u00e3o da sua loja no Westfield Parquesur.","breadcrumb":{"@id":"https:\/\/highxtar.com\/pt-pt\/a-jd-reforca-a-sua-presenca-em-madrid-com-a-ampliacao-da-sua-loja-no-westfield-parquesur\/#breadcrumb"},"inLanguage":"pt-PT","potentialAction":[{"@type":"ReadAction","target":["https:\/\/highxtar.com\/pt-pt\/a-jd-reforca-a-sua-presenca-em-madrid-com-a-ampliacao-da-sua-loja-no-westfield-parquesur\/"]}]},{"@type":"ImageObject","inLanguage":"pt-PT","@id":"https:\/\/highxtar.com\/pt-pt\/a-jd-reforca-a-sua-presenca-em-madrid-com-a-ampliacao-da-sua-loja-no-westfield-parquesur\/#primaryimage","url":"https:\/\/highxtar.com\/wp-content\/uploads\/2025\/11\/Thumb-JD-Parquesur.png","contentUrl":"https:\/\/highxtar.com\/wp-content\/uploads\/2025\/11\/Thumb-JD-Parquesur.png","width":1600,"height":1200},{"@type":"BreadcrumbList","@id":"https:\/\/highxtar.com\/pt-pt\/a-jd-reforca-a-sua-presenca-em-madrid-com-a-ampliacao-da-sua-loja-no-westfield-parquesur\/#breadcrumb","itemListElement":[{"@type":"ListItem","position":1,"name":"Home","item":"https:\/\/highxtar.com\/pt-pt\/"},{"@type":"ListItem","position":2,"name":"A JD refor\u00e7a a sua presen\u00e7a em Madrid com a amplia\u00e7\u00e3o da sua loja no Westfield Parquesur"}]},{"@type":"WebSite","@id":"https:\/\/highxtar.com\/#website","url":"https:\/\/highxtar.com\/","name":"HIGHXTAR.","description":"HIGHXTAR. es la voz latina de la moda y el streetwear. Devotos de las cosas que hacen la vida urbana excitante: Moda, M\u00fasica, Lifestyle, Arte &amp; Dise\u00f1o.","publisher":{"@id":"https:\/\/highxtar.com\/#organization"},"potentialAction":[{"@type":"SearchAction","target":{"@type":"EntryPoint","urlTemplate":"https:\/\/highxtar.com\/?s={search_term_string}"},"query-input":{"@type":"PropertyValueSpecification","valueRequired":true,"valueName":"search_term_string"}}],"inLanguage":"pt-PT"},{"@type":"Organization","@id":"https:\/\/highxtar.com\/#organization","name":"HIGHXTAR.","url":"https:\/\/highxtar.com\/","logo":{"@type":"ImageObject","inLanguage":"pt-PT","@id":"https:\/\/highxtar.com\/#\/schema\/logo\/image\/","url":"https:\/\/highxtar.com\/wp-content\/uploads\/2016\/03\/HIGHXTAR_com_Favicon_2019.jpg","contentUrl":"https:\/\/highxtar.com\/wp-content\/uploads\/2016\/03\/HIGHXTAR_com_Favicon_2019.jpg","width":1200,"height":1200,"caption":"HIGHXTAR."},"image":{"@id":"https:\/\/highxtar.com\/#\/schema\/logo\/image\/"},"sameAs":["https:\/\/www.facebook.com\/highxtar","https:\/\/x.com\/highxtar_","https:\/\/www.instagram.com\/highxtar","https:\/\/www.tiktok.com\/@highxtar","https:\/\/www.youtube.com\/c\/highxtarofficial","https:\/\/open.spotify.com\/user\/highxtar"]},{"@type":"Person","@id":"https:\/\/highxtar.com\/#\/schema\/person\/aa0ea1a0bf59bf7b780d9de744057f3f","name":"Alejandro Ventura","url":"https:\/\/highxtar.com\/pt-pt\/author\/alejandroventura\/"}]}},"_links":{"self":[{"href":"https:\/\/highxtar.com\/pt-pt\/wp-json\/wp\/v2\/posts\/552557","targetHints":{"allow":["GET"]}}],"collection":[{"href":"https:\/\/highxtar.com\/pt-pt\/wp-json\/wp\/v2\/posts"}],"about":[{"href":"https:\/\/highxtar.com\/pt-pt\/wp-json\/wp\/v2\/types\/post"}],"author":[{"embeddable":true,"href":"https:\/\/highxtar.com\/pt-pt\/wp-json\/wp\/v2\/users\/50"}],"replies":[{"embeddable":true,"href":"https:\/\/highxtar.com\/pt-pt\/wp-json\/wp\/v2\/comments?post=552557"}],"version-history":[{"count":1,"href":"https:\/\/highxtar.com\/pt-pt\/wp-json\/wp\/v2\/posts\/552557\/revisions"}],"predecessor-version":[{"id":552560,"href":"https:\/\/highxtar.com\/pt-pt\/wp-json\/wp\/v2\/posts\/552557\/revisions\/552560"}],"wp:featuredmedia":[{"embeddable":true,"href":"https:\/\/highxtar.com\/pt-pt\/wp-json\/wp\/v2\/media\/552551"}],"wp:attachment":[{"href":"https:\/\/highxtar.com\/pt-pt\/wp-json\/wp\/v2\/media?parent=552557"}],"wp:term":[{"taxonomy":"category","embeddable":true,"href":"https:\/\/highxtar.com\/pt-pt\/wp-json\/wp\/v2\/categories?post=552557"},{"taxonomy":"post_tag","embeddable":true,"href":"https:\/\/highxtar.com\/pt-pt\/wp-json\/wp\/v2\/tags?post=552557"}],"curies":[{"name":"wp","href":"https:\/\/api.w.org\/{rel}","templated":true}]}}